
{"id":7749,"date":"2019-02-15T00:43:21","date_gmt":"2019-02-15T02:43:21","guid":{"rendered":"http:\/\/www.oarcanjo.net\/site\/?p=7749"},"modified":"2019-02-12T17:59:38","modified_gmt":"2019-02-12T19:59:38","slug":"sao-claudio-colombiere","status":"publish","type":"post","link":"https:\/\/www.oarcanjo.net\/site\/sao-claudio-colombiere\/","title":{"rendered":"S\u00e3o Cl\u00e1udio Colombiere"},"content":{"rendered":"<p><img loading=\"lazy\" decoding=\"async\" class=\"alignnone wp-image-69119\" src=\"http:\/\/www.oarcanjo.net\/site\/wp-content\/uploads\/Sao-Claudio-Colombiere.jpg\" alt=\"S\u00e3o Cl\u00e1udio Colombiere\" width=\"266\" height=\"416\" srcset=\"https:\/\/www.oarcanjo.net\/site\/wp-content\/uploads\/Sao-Claudio-Colombiere.jpg 320w, https:\/\/www.oarcanjo.net\/site\/wp-content\/uploads\/Sao-Claudio-Colombiere-192x300.jpg 192w\" sizes=\"(max-width: 266px) 100vw, 266px\" \/><\/p>\n<p>15 de Fevereiro<\/p>\n<p>Cl\u00e1udio Colombiere nasceu pr\u00f3ximo de Lion, na Fran\u00e7a, no dia 02 de fevereiro de 1641. Seus pais faziam parte da nobreza reinante, com a fam\u00edlia muito bem posicionada financeiramente e planejavam dedic\u00e1-lo ao servi\u00e7o de Deus, mas ele era totalmente avesso a essa id\u00e9ia.<\/p>\n<p>Com o passar do tempo acaba por se render ao modo de vida e filosofia dos jesu\u00edtas de Lion, onde segue com seus estudos. De l\u00e1 passa a Avinhon e depois a Paris e, tr\u00eas anos depois, \u00e9 ordenado sacerdote. Em 1675, emite os votos solenes da Companhia de Jesus e vai dirigir a pequena comunidade da Ordem, em Parai-le-Monial.<\/p>\n<p>Padre Cl\u00e1udio foi nomeado confessor do mosteiro da Visita\u00e7\u00e3o onde encontra uma irm\u00e3 de vinte e oito anos, presa ao leito devido \u00e0s fortes dores reum\u00e1ticas. A doente era Margarida Maria Alacoque, uma figura de enorme poder espiritual, que influenciava a todos que se aproximavam. Margarida Alacoque revelava o incr\u00edvel poder e a venera\u00e7\u00e3o ao Sagrado Cora\u00e7\u00e3o de Jesus, s\u00edmbolo da Humanidade e do amor infinito do Cristo. Os devotos do Sagrado Cora\u00e7\u00e3o s\u00e3o tomados como adoradores de \u00eddolos e atacados, de v\u00e1rios lados, com duras palavras e amea\u00e7as.<\/p>\n<p>Nesta cidade, padre Cl\u00e1udio \u00e9 um precioso guia para tantos crist\u00e3os desorientados. Mas, em 1674 \u00e9 enviado a Londres como capel\u00e3o de Maria Beatriz D&#8217;Este, mulher de Carlos II, duque de York e futuro rei da Inglaterra. Naquela \u00e9poca, a Igreja Cat\u00f3lica era perseguida e considerada fora da lei na Inglaterra. Entretanto, como padre Cl\u00e1udio celebrava a Eucaristia numa pequena capela, acaba sendo procurado por muitos crist\u00e3os, irm\u00e3s clandestinas e padres exilados, todos desejosos de escutar seus conselhos.<\/p>\n<p>Outro acontecimento muda completamente a sua vida. Ele \u00e9 enviado como mission\u00e1rio \u00e0s col\u00f4nias inglesas da Am\u00e9rica. Depois de dezoito meses de sua chegada, foi acusado de querer restaurar a Igreja de Roma no reino e vai preso. Por\u00e9m, como \u00e9 um protegido do rei da Fran\u00e7a, n\u00e3o permanece no c\u00e1rcere e \u00e9 expulso.<\/p>\n<p>Mais uma vez padre Cl\u00e1udio Colombiere retorna \u00e0 Fran\u00e7a, em 1681. Entretanto, j\u00e1 se encontrava muito doente. Seu irm\u00e3o ainda tentaria lev\u00e1-lo a regi\u00f5es onde o ar seria mais saud\u00e1vel. Mas ele n\u00e3o desejava partir, pois havia recebido um bilhete de Margarida Alacoque que dizia: &#8220;O Senhor me disse que sua vida findar\u00e1 aqui&#8221;. Tr\u00eas dias depois ele morre em Parai-le-Monial e seu corpo fica sepultado na Companhia de Jesus, sob a guarda dos padres jesu\u00edtas. Era o dia 15 de fevereiro de 1683.<\/p>\n<p>O Papa Pio IX o beatifica em 1929, e \u00e9 proclamado Santo Cl\u00e1udio Colombiere em 1992, pelo Papa Jo\u00e3o Paulo II, em Roma.<\/p>\n<div id=\"themify_builder_content-7749\" data-postid=\"7749\" class=\"themify_builder_content themify_builder_content-7749 themify_builder themify_builder_front\">\n\t<\/div>\n<!-- \/themify_builder_content -->","protected":false},"excerpt":{"rendered":"<p>15 de Fevereiro Cl\u00e1udio Colombiere nasceu pr\u00f3ximo de Lion, na Fran\u00e7a, no dia 02 de fevereiro de 1641. Seus pais faziam parte da nobreza reinante, com a fam\u00edlia muito bem posicionada financeiramente e planejavam dedic\u00e1-lo ao servi\u00e7o de Deus, mas ele era totalmente avesso a essa id\u00e9ia. Com o passar do tempo acaba por se [&hellip;]<\/p>\n","protected":false},"author":14,"featured_media":0,"comment_status":"open","ping_status":"open","sticky":false,"template":"","format":"standard","meta":{"ngg_post_thumbnail":0,"footnotes":""},"categories":[186],"tags":[],"yoast_head":"<!-- This site is optimized with the Yoast SEO plugin v23.5 - https:\/\/yoast.com\/wordpress\/plugins\/seo\/ -->\n<title>S\u00e3o Cl\u00e1udio Colombiere - O Arcanjo no ar<\/title>\n<meta name=\"robots\" content=\"index, follow, max-snippet:-1, max-image-preview:large, max-video-preview:-1\" \/>\n<link rel=\"canonical\" href=\"https:\/\/www.oarcanjo.net\/site\/sao-claudio-colombiere\/\" \/>\n<meta property=\"og:locale\" content=\"pt_BR\" \/>\n<meta property=\"og:type\" content=\"article\" \/>\n<meta property=\"og:title\" content=\"S\u00e3o Cl\u00e1udio Colombiere - O Arcanjo no ar\" \/>\n<meta property=\"og:description\" content=\"15 de Fevereiro Cl\u00e1udio Colombiere nasceu pr\u00f3ximo de Lion, na Fran\u00e7a, no dia 02 de fevereiro de 1641. Seus pais faziam parte da nobreza reinante, com a fam\u00edlia muito bem posicionada financeiramente e planejavam dedic\u00e1-lo ao servi\u00e7o de Deus, mas ele era totalmente avesso a essa id\u00e9ia. Com o passar do tempo acaba por se [&hellip;]\" \/>\n<meta property=\"og:url\" content=\"https:\/\/www.oarcanjo.net\/site\/sao-claudio-colombiere\/\" \/>\n<meta property=\"og:site_name\" content=\"O Arcanjo no ar\" \/>\n<meta property=\"article:publisher\" content=\"https:\/\/www.facebook.com\/OArcanjoNoAr\/\" \/>\n<meta property=\"article:published_time\" content=\"2019-02-15T02:43:21+00:00\" \/>\n<meta property=\"article:modified_time\" content=\"2019-02-12T19:59:38+00:00\" \/>\n<meta property=\"og:image\" content=\"http:\/\/www.oarcanjo.net\/site\/wp-content\/uploads\/Sao-Claudio-Colombiere.jpg\" \/>\n<meta name=\"author\" content=\"danilo\" \/>\n<meta name=\"twitter:card\" content=\"summary_large_image\" \/>\n<meta name=\"twitter:label1\" content=\"Escrito por\" \/>\n\t<meta name=\"twitter:data1\" content=\"danilo\" \/>\n\t<meta name=\"twitter:label2\" content=\"Est. tempo de leitura\" \/>\n\t<meta name=\"twitter:data2\" content=\"2 minutos\" \/>\n<script type=\"application\/ld+json\" class=\"yoast-schema-graph\">{\"@context\":\"https:\/\/schema.org\",\"@graph\":[{\"@type\":\"Article\",\"@id\":\"https:\/\/www.oarcanjo.net\/site\/sao-claudio-colombiere\/#article\",\"isPartOf\":{\"@id\":\"https:\/\/www.oarcanjo.net\/site\/sao-claudio-colombiere\/\"},\"author\":{\"name\":\"danilo\",\"@id\":\"https:\/\/www.oarcanjo.net\/site\/#\/schema\/person\/5eb9480bedd2f3c97e430ce128c29c6c\"},\"headline\":\"S\u00e3o Cl\u00e1udio Colombiere\",\"datePublished\":\"2019-02-15T02:43:21+00:00\",\"dateModified\":\"2019-02-12T19:59:38+00:00\",\"mainEntityOfPage\":{\"@id\":\"https:\/\/www.oarcanjo.net\/site\/sao-claudio-colombiere\/\"},\"wordCount\":467,\"commentCount\":0,\"publisher\":{\"@id\":\"https:\/\/www.oarcanjo.net\/site\/#organization\"},\"image\":{\"@id\":\"https:\/\/www.oarcanjo.net\/site\/sao-claudio-colombiere\/#primaryimage\"},\"thumbnailUrl\":\"http:\/\/www.oarcanjo.net\/site\/wp-content\/uploads\/Sao-Claudio-Colombiere.jpg\",\"articleSection\":[\"Testemunhos\"],\"inLanguage\":\"pt-BR\",\"potentialAction\":[{\"@type\":\"CommentAction\",\"name\":\"Comment\",\"target\":[\"https:\/\/www.oarcanjo.net\/site\/sao-claudio-colombiere\/#respond\"]}]},{\"@type\":\"WebPage\",\"@id\":\"https:\/\/www.oarcanjo.net\/site\/sao-claudio-colombiere\/\",\"url\":\"https:\/\/www.oarcanjo.net\/site\/sao-claudio-colombiere\/\",\"name\":\"S\u00e3o Cl\u00e1udio Colombiere - O Arcanjo no ar\",\"isPartOf\":{\"@id\":\"https:\/\/www.oarcanjo.net\/site\/#website\"},\"primaryImageOfPage\":{\"@id\":\"https:\/\/www.oarcanjo.net\/site\/sao-claudio-colombiere\/#primaryimage\"},\"image\":{\"@id\":\"https:\/\/www.oarcanjo.net\/site\/sao-claudio-colombiere\/#primaryimage\"},\"thumbnailUrl\":\"http:\/\/www.oarcanjo.net\/site\/wp-content\/uploads\/Sao-Claudio-Colombiere.jpg\",\"datePublished\":\"2019-02-15T02:43:21+00:00\",\"dateModified\":\"2019-02-12T19:59:38+00:00\",\"breadcrumb\":{\"@id\":\"https:\/\/www.oarcanjo.net\/site\/sao-claudio-colombiere\/#breadcrumb\"},\"inLanguage\":\"pt-BR\",\"potentialAction\":[{\"@type\":\"ReadAction\",\"target\":[\"https:\/\/www.oarcanjo.net\/site\/sao-claudio-colombiere\/\"]}]},{\"@type\":\"ImageObject\",\"inLanguage\":\"pt-BR\",\"@id\":\"https:\/\/www.oarcanjo.net\/site\/sao-claudio-colombiere\/#primaryimage\",\"url\":\"https:\/\/www.oarcanjo.net\/site\/wp-content\/uploads\/Sao-Claudio-Colombiere.jpg\",\"contentUrl\":\"https:\/\/www.oarcanjo.net\/site\/wp-content\/uploads\/Sao-Claudio-Colombiere.jpg\",\"width\":320,\"height\":500,\"caption\":\"S\u00e3o Cl\u00e1udio Colombiere\"},{\"@type\":\"BreadcrumbList\",\"@id\":\"https:\/\/www.oarcanjo.net\/site\/sao-claudio-colombiere\/#breadcrumb\",\"itemListElement\":[{\"@type\":\"ListItem\",\"position\":1,\"name\":\"In\u00edcio\",\"item\":\"https:\/\/www.oarcanjo.net\/site\/\"},{\"@type\":\"ListItem\",\"position\":2,\"name\":\"S\u00e3o Cl\u00e1udio Colombiere\"}]},{\"@type\":\"WebSite\",\"@id\":\"https:\/\/www.oarcanjo.net\/site\/#website\",\"url\":\"https:\/\/www.oarcanjo.net\/site\/\",\"name\":\"O Arcanjo no ar\",\"description\":\"Site da Par\u00f3quia S\u00e3o Miguel Arcanjo (Arquidiocese de SP)\",\"publisher\":{\"@id\":\"https:\/\/www.oarcanjo.net\/site\/#organization\"},\"potentialAction\":[{\"@type\":\"SearchAction\",\"target\":{\"@type\":\"EntryPoint\",\"urlTemplate\":\"https:\/\/www.oarcanjo.net\/site\/?s={search_term_string}\"},\"query-input\":{\"@type\":\"PropertyValueSpecification\",\"valueRequired\":true,\"valueName\":\"search_term_string\"}}],\"inLanguage\":\"pt-BR\"},{\"@type\":\"Organization\",\"@id\":\"https:\/\/www.oarcanjo.net\/site\/#organization\",\"name\":\"Par\u00f3quia S\u00e3o Miguel Arcanjo\",\"url\":\"https:\/\/www.oarcanjo.net\/site\/\",\"logo\":{\"@type\":\"ImageObject\",\"inLanguage\":\"pt-BR\",\"@id\":\"https:\/\/www.oarcanjo.net\/site\/#\/schema\/logo\/image\/\",\"url\":\"https:\/\/www.oarcanjo.net\/site\/wp-content\/uploads\/LogoOArcanjo.png\",\"contentUrl\":\"https:\/\/www.oarcanjo.net\/site\/wp-content\/uploads\/LogoOArcanjo.png\",\"width\":319,\"height\":99,\"caption\":\"Par\u00f3quia S\u00e3o Miguel Arcanjo\"},\"image\":{\"@id\":\"https:\/\/www.oarcanjo.net\/site\/#\/schema\/logo\/image\/\"},\"sameAs\":[\"https:\/\/www.facebook.com\/OArcanjoNoAr\/\"]},{\"@type\":\"Person\",\"@id\":\"https:\/\/www.oarcanjo.net\/site\/#\/schema\/person\/5eb9480bedd2f3c97e430ce128c29c6c\",\"name\":\"danilo\"}]}<\/script>\n<!-- \/ Yoast SEO plugin. -->","yoast_head_json":{"title":"S\u00e3o Cl\u00e1udio Colombiere - O Arcanjo no ar","robots":{"index":"index","follow":"follow","max-snippet":"max-snippet:-1","max-image-preview":"max-image-preview:large","max-video-preview":"max-video-preview:-1"},"canonical":"https:\/\/www.oarcanjo.net\/site\/sao-claudio-colombiere\/","og_locale":"pt_BR","og_type":"article","og_title":"S\u00e3o Cl\u00e1udio Colombiere - O Arcanjo no ar","og_description":"15 de Fevereiro Cl\u00e1udio Colombiere nasceu pr\u00f3ximo de Lion, na Fran\u00e7a, no dia 02 de fevereiro de 1641. Seus pais faziam parte da nobreza reinante, com a fam\u00edlia muito bem posicionada financeiramente e planejavam dedic\u00e1-lo ao servi\u00e7o de Deus, mas ele era totalmente avesso a essa id\u00e9ia. Com o passar do tempo acaba por se [&hellip;]","og_url":"https:\/\/www.oarcanjo.net\/site\/sao-claudio-colombiere\/","og_site_name":"O Arcanjo no ar","article_publisher":"https:\/\/www.facebook.com\/OArcanjoNoAr\/","article_published_time":"2019-02-15T02:43:21+00:00","article_modified_time":"2019-02-12T19:59:38+00:00","og_image":[{"url":"http:\/\/www.oarcanjo.net\/site\/wp-content\/uploads\/Sao-Claudio-Colombiere.jpg"}],"author":"danilo","twitter_card":"summary_large_image","twitter_misc":{"Escrito por":"danilo","Est. tempo de leitura":"2 minutos"},"schema":{"@context":"https:\/\/schema.org","@graph":[{"@type":"Article","@id":"https:\/\/www.oarcanjo.net\/site\/sao-claudio-colombiere\/#article","isPartOf":{"@id":"https:\/\/www.oarcanjo.net\/site\/sao-claudio-colombiere\/"},"author":{"name":"danilo","@id":"https:\/\/www.oarcanjo.net\/site\/#\/schema\/person\/5eb9480bedd2f3c97e430ce128c29c6c"},"headline":"S\u00e3o Cl\u00e1udio Colombiere","datePublished":"2019-02-15T02:43:21+00:00","dateModified":"2019-02-12T19:59:38+00:00","mainEntityOfPage":{"@id":"https:\/\/www.oarcanjo.net\/site\/sao-claudio-colombiere\/"},"wordCount":467,"commentCount":0,"publisher":{"@id":"https:\/\/www.oarcanjo.net\/site\/#organization"},"image":{"@id":"https:\/\/www.oarcanjo.net\/site\/sao-claudio-colombiere\/#primaryimage"},"thumbnailUrl":"http:\/\/www.oarcanjo.net\/site\/wp-content\/uploads\/Sao-Claudio-Colombiere.jpg","articleSection":["Testemunhos"],"inLanguage":"pt-BR","potentialAction":[{"@type":"CommentAction","name":"Comment","target":["https:\/\/www.oarcanjo.net\/site\/sao-claudio-colombiere\/#respond"]}]},{"@type":"WebPage","@id":"https:\/\/www.oarcanjo.net\/site\/sao-claudio-colombiere\/","url":"https:\/\/www.oarcanjo.net\/site\/sao-claudio-colombiere\/","name":"S\u00e3o Cl\u00e1udio Colombiere - O Arcanjo no ar","isPartOf":{"@id":"https:\/\/www.oarcanjo.net\/site\/#website"},"primaryImageOfPage":{"@id":"https:\/\/www.oarcanjo.net\/site\/sao-claudio-colombiere\/#primaryimage"},"image":{"@id":"https:\/\/www.oarcanjo.net\/site\/sao-claudio-colombiere\/#primaryimage"},"thumbnailUrl":"http:\/\/www.oarcanjo.net\/site\/wp-content\/uploads\/Sao-Claudio-Colombiere.jpg","datePublished":"2019-02-15T02:43:21+00:00","dateModified":"2019-02-12T19:59:38+00:00","breadcrumb":{"@id":"https:\/\/www.oarcanjo.net\/site\/sao-claudio-colombiere\/#breadcrumb"},"inLanguage":"pt-BR","potentialAction":[{"@type":"ReadAction","target":["https:\/\/www.oarcanjo.net\/site\/sao-claudio-colombiere\/"]}]},{"@type":"ImageObject","inLanguage":"pt-BR","@id":"https:\/\/www.oarcanjo.net\/site\/sao-claudio-colombiere\/#primaryimage","url":"https:\/\/www.oarcanjo.net\/site\/wp-content\/uploads\/Sao-Claudio-Colombiere.jpg","contentUrl":"https:\/\/www.oarcanjo.net\/site\/wp-content\/uploads\/Sao-Claudio-Colombiere.jpg","width":320,"height":500,"caption":"S\u00e3o Cl\u00e1udio Colombiere"},{"@type":"BreadcrumbList","@id":"https:\/\/www.oarcanjo.net\/site\/sao-claudio-colombiere\/#breadcrumb","itemListElement":[{"@type":"ListItem","position":1,"name":"In\u00edcio","item":"https:\/\/www.oarcanjo.net\/site\/"},{"@type":"ListItem","position":2,"name":"S\u00e3o Cl\u00e1udio Colombiere"}]},{"@type":"WebSite","@id":"https:\/\/www.oarcanjo.net\/site\/#website","url":"https:\/\/www.oarcanjo.net\/site\/","name":"O Arcanjo no ar","description":"Site da Par\u00f3quia S\u00e3o Miguel Arcanjo (Arquidiocese de SP)","publisher":{"@id":"https:\/\/www.oarcanjo.net\/site\/#organization"},"potentialAction":[{"@type":"SearchAction","target":{"@type":"EntryPoint","urlTemplate":"https:\/\/www.oarcanjo.net\/site\/?s={search_term_string}"},"query-input":{"@type":"PropertyValueSpecification","valueRequired":true,"valueName":"search_term_string"}}],"inLanguage":"pt-BR"},{"@type":"Organization","@id":"https:\/\/www.oarcanjo.net\/site\/#organization","name":"Par\u00f3quia S\u00e3o Miguel Arcanjo","url":"https:\/\/www.oarcanjo.net\/site\/","logo":{"@type":"ImageObject","inLanguage":"pt-BR","@id":"https:\/\/www.oarcanjo.net\/site\/#\/schema\/logo\/image\/","url":"https:\/\/www.oarcanjo.net\/site\/wp-content\/uploads\/LogoOArcanjo.png","contentUrl":"https:\/\/www.oarcanjo.net\/site\/wp-content\/uploads\/LogoOArcanjo.png","width":319,"height":99,"caption":"Par\u00f3quia S\u00e3o Miguel Arcanjo"},"image":{"@id":"https:\/\/www.oarcanjo.net\/site\/#\/schema\/logo\/image\/"},"sameAs":["https:\/\/www.facebook.com\/OArcanjoNoAr\/"]},{"@type":"Person","@id":"https:\/\/www.oarcanjo.net\/site\/#\/schema\/person\/5eb9480bedd2f3c97e430ce128c29c6c","name":"danilo"}]}},"publishpress_future_action":{"enabled":false,"date":"2026-05-08 02:47:29","action":"category","newStatus":"draft","terms":[],"taxonomy":"category"},"publishpress_future_workflow_manual_trigger":{"enabledWorkflows":[]},"_links":{"self":[{"href":"https:\/\/www.oarcanjo.net\/site\/wp-json\/wp\/v2\/posts\/7749"}],"collection":[{"href":"https:\/\/www.oarcanjo.net\/site\/wp-json\/wp\/v2\/posts"}],"about":[{"href":"https:\/\/www.oarcanjo.net\/site\/wp-json\/wp\/v2\/types\/post"}],"author":[{"embeddable":true,"href":"https:\/\/www.oarcanjo.net\/site\/wp-json\/wp\/v2\/users\/14"}],"replies":[{"embeddable":true,"href":"https:\/\/www.oarcanjo.net\/site\/wp-json\/wp\/v2\/comments?post=7749"}],"version-history":[{"count":1,"href":"https:\/\/www.oarcanjo.net\/site\/wp-json\/wp\/v2\/posts\/7749\/revisions"}],"predecessor-version":[{"id":92810,"href":"https:\/\/www.oarcanjo.net\/site\/wp-json\/wp\/v2\/posts\/7749\/revisions\/92810"}],"wp:attachment":[{"href":"https:\/\/www.oarcanjo.net\/site\/wp-json\/wp\/v2\/media?parent=7749"}],"wp:term":[{"taxonomy":"category","embeddable":true,"href":"https:\/\/www.oarcanjo.net\/site\/wp-json\/wp\/v2\/categories?post=7749"},{"taxonomy":"post_tag","embeddable":true,"href":"https:\/\/www.oarcanjo.net\/site\/wp-json\/wp\/v2\/tags?post=7749"}],"curies":[{"name":"wp","href":"https:\/\/api.w.org\/{rel}","templated":true}]}}