
{"id":7751,"date":"2019-02-15T00:47:35","date_gmt":"2019-02-15T02:47:35","guid":{"rendered":"http:\/\/www.oarcanjo.net\/site\/?p=7751"},"modified":"2019-02-12T17:59:42","modified_gmt":"2019-02-12T19:59:42","slug":"santos-faustino-e-jovita","status":"publish","type":"post","link":"https:\/\/www.oarcanjo.net\/site\/santos-faustino-e-jovita\/","title":{"rendered":"Santos Faustino e Jovita"},"content":{"rendered":"<p><img loading=\"lazy\" decoding=\"async\" class=\"alignnone wp-image-69118 size-medium\" src=\"http:\/\/www.oarcanjo.net\/site\/wp-content\/uploads\/Santos-Faustino-e-Jovita-159x300.jpg\" alt=\"Santos Faustino e Jovita\" width=\"159\" height=\"300\" srcset=\"https:\/\/www.oarcanjo.net\/site\/wp-content\/uploads\/Santos-Faustino-e-Jovita-159x300.jpg 159w, https:\/\/www.oarcanjo.net\/site\/wp-content\/uploads\/Santos-Faustino-e-Jovita.jpg 371w\" sizes=\"(max-width: 159px) 100vw, 159px\" \/><\/p>\n<p>15 de Fevereiro<\/p>\n<p>Faustino nasceu em 90, Jovita em 96, na cidade e Br\u00e9scia, na Lombardia, It\u00e1lia. Eram crist\u00e3os e foram martirizados no s\u00e9culo II, durante os tempos sangrentos das persegui\u00e7\u00f5es. Os outros dados sobre eles nos foram transmitidos pela tradi\u00e7\u00e3o, pois quase todos os registros eram queimados ou confiscados durante as in\u00fameras persegui\u00e7\u00f5es contra a Igreja dos primeiros s\u00e9culos.<\/p>\n<p>Segundo os devotos eles eram irm\u00e3os e pregavam livremente a religi\u00e3o apesar das persegui\u00e7\u00f5es decretadas pelos imperadores: Trajano e Adriano. As pris\u00f5es estavam repletas de crist\u00e3os que se n\u00e3o renegassem a f\u00e9 publicamente eram martirizados. E na Lombardia a situa\u00e7\u00e3o n\u00e3o era diferente. Isto preocupava o bispo Apol\u00f4nio da Br\u00e9scia, que precisava de confessores e sacerdotes que exortassem o animo e a f\u00e9 dos crist\u00e3os, para se manterem firmes nas ora\u00e7\u00f5es.<\/p>\n<p>Secretamente, o bispo ordenou Faustino sacerdote e Jovita di\u00e1cono, que continuaram no meio da comunidade operando milagres, convertendo pag\u00e3o e destruindo os \u00eddolos. Acusados pelo prefeito, foram espancados, submetidos a atrozes torturas, mas sobreviveram a tudo. Foram ent\u00e3o levados para Roma, julgados e condenados a morrer na cidade natal. Em 15 de fevereiro de 146 foram decapitados.<\/p>\n<p>Mas, existia uma tradi\u00e7\u00e3o que dizia que Jovita, era a irm\u00e3 virgem de Faustino, por isto n\u00e3o era sacerdote como ele. A Igreja comprovou entretanto que eram dois m\u00e1rtires homens, porque pela origem da palavra, que significa jovem, se tratava de um termo na \u00e9poca usado somente para o g\u00eanero masculino.<\/p>\n<p>O primeiro testemunho sobre o culto destes dois santos m\u00e1rtires foi encontrado no livro dos &#8220;Di\u00e1logos&#8221; de S\u00e3o Greg\u00f3rio Magno. Entre 720 e 730 houve a transla\u00e7\u00e3o dos corpos dos Santos Faustino e Jovita do cemit\u00e9rio de S\u00e3o Latino, para a igreja de Santa Maria, depois chamada de S\u00e3o Faustino e Jovita. Outra particularidade hist\u00f3rica e religiosa foi a troca de rel\u00edquias feita entre os monges beneditinos de Monte Cassino e o bispo de Br\u00e9scia. Eles ficaram com uma de Faustino e a Catedral de Br\u00e9scia recebeu uma de S\u00e3o Bento.<\/p>\n<p>Enquanto isso a tradi\u00e7\u00e3o continuava a se enriquecer, tanto que nas pinturas tradicionais S\u00e3o Faustino e Jovita s\u00e3o representados vestidos de guerreiros. Em 1438, a cidade de Br\u00e9scia foi salva, da invas\u00e3o das tropas do comandante milan\u00eas Nicolau Picinino, pelos dois santos que apareceram vestidos de guerreiros para lutar ao lado da popula\u00e7\u00e3o bresciana. No dia 10 de janeiro de 1439, o bispo de Br\u00e9scia escrevia ao amigo, bispo de Vicenza a narra\u00e7\u00e3o desta tremenda invas\u00e3o. Esta carta se encontra na Biblioteca de S\u00e3o Marco, no Vaticano.<\/p>\n<p>Uma das maiores festas que acontece na Lombardia \u00e9 a de S\u00e3o Faustino e Jovita, na Br\u00e9scia, quando a popula\u00e7\u00e3o reverencia seus Patronos no dia 15 de fevereiro, come\u00e7ando pela celebra\u00e7\u00e3o lit\u00fargica.<\/p>\n<div id=\"themify_builder_content-7751\" data-postid=\"7751\" class=\"themify_builder_content themify_builder_content-7751 themify_builder themify_builder_front\">\n\t<\/div>\n<!-- \/themify_builder_content -->","protected":false},"excerpt":{"rendered":"<p>15 de Fevereiro Faustino nasceu em 90, Jovita em 96, na cidade e Br\u00e9scia, na Lombardia, It\u00e1lia. Eram crist\u00e3os e foram martirizados no s\u00e9culo II, durante os tempos sangrentos das persegui\u00e7\u00f5es. Os outros dados sobre eles nos foram transmitidos pela tradi\u00e7\u00e3o, pois quase todos os registros eram queimados ou confiscados durante as in\u00fameras persegui\u00e7\u00f5es contra [&hellip;]<\/p>\n","protected":false},"author":14,"featured_media":0,"comment_status":"open","ping_status":"open","sticky":false,"template":"","format":"standard","meta":{"ngg_post_thumbnail":0,"footnotes":""},"categories":[186],"tags":[],"yoast_head":"<!-- This site is optimized with the Yoast SEO plugin v23.5 - https:\/\/yoast.com\/wordpress\/plugins\/seo\/ -->\n<title>Santos Faustino e Jovita - O Arcanjo no ar<\/title>\n<meta name=\"robots\" content=\"index, follow, max-snippet:-1, max-image-preview:large, max-video-preview:-1\" \/>\n<link rel=\"canonical\" href=\"https:\/\/www.oarcanjo.net\/site\/santos-faustino-e-jovita\/\" \/>\n<meta property=\"og:locale\" content=\"pt_BR\" \/>\n<meta property=\"og:type\" content=\"article\" \/>\n<meta property=\"og:title\" content=\"Santos Faustino e Jovita - O Arcanjo no ar\" \/>\n<meta property=\"og:description\" content=\"15 de Fevereiro Faustino nasceu em 90, Jovita em 96, na cidade e Br\u00e9scia, na Lombardia, It\u00e1lia. Eram crist\u00e3os e foram martirizados no s\u00e9culo II, durante os tempos sangrentos das persegui\u00e7\u00f5es. Os outros dados sobre eles nos foram transmitidos pela tradi\u00e7\u00e3o, pois quase todos os registros eram queimados ou confiscados durante as in\u00fameras persegui\u00e7\u00f5es contra [&hellip;]\" \/>\n<meta property=\"og:url\" content=\"https:\/\/www.oarcanjo.net\/site\/santos-faustino-e-jovita\/\" \/>\n<meta property=\"og:site_name\" content=\"O Arcanjo no ar\" \/>\n<meta property=\"article:publisher\" content=\"https:\/\/www.facebook.com\/OArcanjoNoAr\/\" \/>\n<meta property=\"article:published_time\" content=\"2019-02-15T02:47:35+00:00\" \/>\n<meta property=\"article:modified_time\" content=\"2019-02-12T19:59:42+00:00\" \/>\n<meta property=\"og:image\" content=\"http:\/\/www.oarcanjo.net\/site\/wp-content\/uploads\/Santos-Faustino-e-Jovita-159x300.jpg\" \/>\n<meta name=\"author\" content=\"danilo\" \/>\n<meta name=\"twitter:card\" content=\"summary_large_image\" \/>\n<meta name=\"twitter:label1\" content=\"Escrito por\" \/>\n\t<meta name=\"twitter:data1\" content=\"danilo\" \/>\n\t<meta name=\"twitter:label2\" content=\"Est. tempo de leitura\" \/>\n\t<meta name=\"twitter:data2\" content=\"2 minutos\" \/>\n<script type=\"application\/ld+json\" class=\"yoast-schema-graph\">{\"@context\":\"https:\/\/schema.org\",\"@graph\":[{\"@type\":\"Article\",\"@id\":\"https:\/\/www.oarcanjo.net\/site\/santos-faustino-e-jovita\/#article\",\"isPartOf\":{\"@id\":\"https:\/\/www.oarcanjo.net\/site\/santos-faustino-e-jovita\/\"},\"author\":{\"name\":\"danilo\",\"@id\":\"https:\/\/www.oarcanjo.net\/site\/#\/schema\/person\/5eb9480bedd2f3c97e430ce128c29c6c\"},\"headline\":\"Santos Faustino e Jovita\",\"datePublished\":\"2019-02-15T02:47:35+00:00\",\"dateModified\":\"2019-02-12T19:59:42+00:00\",\"mainEntityOfPage\":{\"@id\":\"https:\/\/www.oarcanjo.net\/site\/santos-faustino-e-jovita\/\"},\"wordCount\":499,\"commentCount\":1,\"publisher\":{\"@id\":\"https:\/\/www.oarcanjo.net\/site\/#organization\"},\"image\":{\"@id\":\"https:\/\/www.oarcanjo.net\/site\/santos-faustino-e-jovita\/#primaryimage\"},\"thumbnailUrl\":\"http:\/\/www.oarcanjo.net\/site\/wp-content\/uploads\/Santos-Faustino-e-Jovita-159x300.jpg\",\"articleSection\":[\"Testemunhos\"],\"inLanguage\":\"pt-BR\",\"potentialAction\":[{\"@type\":\"CommentAction\",\"name\":\"Comment\",\"target\":[\"https:\/\/www.oarcanjo.net\/site\/santos-faustino-e-jovita\/#respond\"]}]},{\"@type\":\"WebPage\",\"@id\":\"https:\/\/www.oarcanjo.net\/site\/santos-faustino-e-jovita\/\",\"url\":\"https:\/\/www.oarcanjo.net\/site\/santos-faustino-e-jovita\/\",\"name\":\"Santos Faustino e Jovita - O Arcanjo no ar\",\"isPartOf\":{\"@id\":\"https:\/\/www.oarcanjo.net\/site\/#website\"},\"primaryImageOfPage\":{\"@id\":\"https:\/\/www.oarcanjo.net\/site\/santos-faustino-e-jovita\/#primaryimage\"},\"image\":{\"@id\":\"https:\/\/www.oarcanjo.net\/site\/santos-faustino-e-jovita\/#primaryimage\"},\"thumbnailUrl\":\"http:\/\/www.oarcanjo.net\/site\/wp-content\/uploads\/Santos-Faustino-e-Jovita-159x300.jpg\",\"datePublished\":\"2019-02-15T02:47:35+00:00\",\"dateModified\":\"2019-02-12T19:59:42+00:00\",\"breadcrumb\":{\"@id\":\"https:\/\/www.oarcanjo.net\/site\/santos-faustino-e-jovita\/#breadcrumb\"},\"inLanguage\":\"pt-BR\",\"potentialAction\":[{\"@type\":\"ReadAction\",\"target\":[\"https:\/\/www.oarcanjo.net\/site\/santos-faustino-e-jovita\/\"]}]},{\"@type\":\"ImageObject\",\"inLanguage\":\"pt-BR\",\"@id\":\"https:\/\/www.oarcanjo.net\/site\/santos-faustino-e-jovita\/#primaryimage\",\"url\":\"https:\/\/www.oarcanjo.net\/site\/wp-content\/uploads\/Santos-Faustino-e-Jovita.jpg\",\"contentUrl\":\"https:\/\/www.oarcanjo.net\/site\/wp-content\/uploads\/Santos-Faustino-e-Jovita.jpg\",\"width\":371,\"height\":700,\"caption\":\"Santos Faustino e Jovita\"},{\"@type\":\"BreadcrumbList\",\"@id\":\"https:\/\/www.oarcanjo.net\/site\/santos-faustino-e-jovita\/#breadcrumb\",\"itemListElement\":[{\"@type\":\"ListItem\",\"position\":1,\"name\":\"In\u00edcio\",\"item\":\"https:\/\/www.oarcanjo.net\/site\/\"},{\"@type\":\"ListItem\",\"position\":2,\"name\":\"Santos Faustino e Jovita\"}]},{\"@type\":\"WebSite\",\"@id\":\"https:\/\/www.oarcanjo.net\/site\/#website\",\"url\":\"https:\/\/www.oarcanjo.net\/site\/\",\"name\":\"O Arcanjo no ar\",\"description\":\"Site da Par\u00f3quia S\u00e3o Miguel Arcanjo (Arquidiocese de SP)\",\"publisher\":{\"@id\":\"https:\/\/www.oarcanjo.net\/site\/#organization\"},\"potentialAction\":[{\"@type\":\"SearchAction\",\"target\":{\"@type\":\"EntryPoint\",\"urlTemplate\":\"https:\/\/www.oarcanjo.net\/site\/?s={search_term_string}\"},\"query-input\":{\"@type\":\"PropertyValueSpecification\",\"valueRequired\":true,\"valueName\":\"search_term_string\"}}],\"inLanguage\":\"pt-BR\"},{\"@type\":\"Organization\",\"@id\":\"https:\/\/www.oarcanjo.net\/site\/#organization\",\"name\":\"Par\u00f3quia S\u00e3o Miguel Arcanjo\",\"url\":\"https:\/\/www.oarcanjo.net\/site\/\",\"logo\":{\"@type\":\"ImageObject\",\"inLanguage\":\"pt-BR\",\"@id\":\"https:\/\/www.oarcanjo.net\/site\/#\/schema\/logo\/image\/\",\"url\":\"https:\/\/www.oarcanjo.net\/site\/wp-content\/uploads\/LogoOArcanjo.png\",\"contentUrl\":\"https:\/\/www.oarcanjo.net\/site\/wp-content\/uploads\/LogoOArcanjo.png\",\"width\":319,\"height\":99,\"caption\":\"Par\u00f3quia S\u00e3o Miguel Arcanjo\"},\"image\":{\"@id\":\"https:\/\/www.oarcanjo.net\/site\/#\/schema\/logo\/image\/\"},\"sameAs\":[\"https:\/\/www.facebook.com\/OArcanjoNoAr\/\"]},{\"@type\":\"Person\",\"@id\":\"https:\/\/www.oarcanjo.net\/site\/#\/schema\/person\/5eb9480bedd2f3c97e430ce128c29c6c\",\"name\":\"danilo\"}]}<\/script>\n<!-- \/ Yoast SEO plugin. -->","yoast_head_json":{"title":"Santos Faustino e Jovita - O Arcanjo no ar","robots":{"index":"index","follow":"follow","max-snippet":"max-snippet:-1","max-image-preview":"max-image-preview:large","max-video-preview":"max-video-preview:-1"},"canonical":"https:\/\/www.oarcanjo.net\/site\/santos-faustino-e-jovita\/","og_locale":"pt_BR","og_type":"article","og_title":"Santos Faustino e Jovita - O Arcanjo no ar","og_description":"15 de Fevereiro Faustino nasceu em 90, Jovita em 96, na cidade e Br\u00e9scia, na Lombardia, It\u00e1lia. Eram crist\u00e3os e foram martirizados no s\u00e9culo II, durante os tempos sangrentos das persegui\u00e7\u00f5es. Os outros dados sobre eles nos foram transmitidos pela tradi\u00e7\u00e3o, pois quase todos os registros eram queimados ou confiscados durante as in\u00fameras persegui\u00e7\u00f5es contra [&hellip;]","og_url":"https:\/\/www.oarcanjo.net\/site\/santos-faustino-e-jovita\/","og_site_name":"O Arcanjo no ar","article_publisher":"https:\/\/www.facebook.com\/OArcanjoNoAr\/","article_published_time":"2019-02-15T02:47:35+00:00","article_modified_time":"2019-02-12T19:59:42+00:00","og_image":[{"url":"http:\/\/www.oarcanjo.net\/site\/wp-content\/uploads\/Santos-Faustino-e-Jovita-159x300.jpg"}],"author":"danilo","twitter_card":"summary_large_image","twitter_misc":{"Escrito por":"danilo","Est. tempo de leitura":"2 minutos"},"schema":{"@context":"https:\/\/schema.org","@graph":[{"@type":"Article","@id":"https:\/\/www.oarcanjo.net\/site\/santos-faustino-e-jovita\/#article","isPartOf":{"@id":"https:\/\/www.oarcanjo.net\/site\/santos-faustino-e-jovita\/"},"author":{"name":"danilo","@id":"https:\/\/www.oarcanjo.net\/site\/#\/schema\/person\/5eb9480bedd2f3c97e430ce128c29c6c"},"headline":"Santos Faustino e Jovita","datePublished":"2019-02-15T02:47:35+00:00","dateModified":"2019-02-12T19:59:42+00:00","mainEntityOfPage":{"@id":"https:\/\/www.oarcanjo.net\/site\/santos-faustino-e-jovita\/"},"wordCount":499,"commentCount":1,"publisher":{"@id":"https:\/\/www.oarcanjo.net\/site\/#organization"},"image":{"@id":"https:\/\/www.oarcanjo.net\/site\/santos-faustino-e-jovita\/#primaryimage"},"thumbnailUrl":"http:\/\/www.oarcanjo.net\/site\/wp-content\/uploads\/Santos-Faustino-e-Jovita-159x300.jpg","articleSection":["Testemunhos"],"inLanguage":"pt-BR","potentialAction":[{"@type":"CommentAction","name":"Comment","target":["https:\/\/www.oarcanjo.net\/site\/santos-faustino-e-jovita\/#respond"]}]},{"@type":"WebPage","@id":"https:\/\/www.oarcanjo.net\/site\/santos-faustino-e-jovita\/","url":"https:\/\/www.oarcanjo.net\/site\/santos-faustino-e-jovita\/","name":"Santos Faustino e Jovita - O Arcanjo no ar","isPartOf":{"@id":"https:\/\/www.oarcanjo.net\/site\/#website"},"primaryImageOfPage":{"@id":"https:\/\/www.oarcanjo.net\/site\/santos-faustino-e-jovita\/#primaryimage"},"image":{"@id":"https:\/\/www.oarcanjo.net\/site\/santos-faustino-e-jovita\/#primaryimage"},"thumbnailUrl":"http:\/\/www.oarcanjo.net\/site\/wp-content\/uploads\/Santos-Faustino-e-Jovita-159x300.jpg","datePublished":"2019-02-15T02:47:35+00:00","dateModified":"2019-02-12T19:59:42+00:00","breadcrumb":{"@id":"https:\/\/www.oarcanjo.net\/site\/santos-faustino-e-jovita\/#breadcrumb"},"inLanguage":"pt-BR","potentialAction":[{"@type":"ReadAction","target":["https:\/\/www.oarcanjo.net\/site\/santos-faustino-e-jovita\/"]}]},{"@type":"ImageObject","inLanguage":"pt-BR","@id":"https:\/\/www.oarcanjo.net\/site\/santos-faustino-e-jovita\/#primaryimage","url":"https:\/\/www.oarcanjo.net\/site\/wp-content\/uploads\/Santos-Faustino-e-Jovita.jpg","contentUrl":"https:\/\/www.oarcanjo.net\/site\/wp-content\/uploads\/Santos-Faustino-e-Jovita.jpg","width":371,"height":700,"caption":"Santos Faustino e Jovita"},{"@type":"BreadcrumbList","@id":"https:\/\/www.oarcanjo.net\/site\/santos-faustino-e-jovita\/#breadcrumb","itemListElement":[{"@type":"ListItem","position":1,"name":"In\u00edcio","item":"https:\/\/www.oarcanjo.net\/site\/"},{"@type":"ListItem","position":2,"name":"Santos Faustino e Jovita"}]},{"@type":"WebSite","@id":"https:\/\/www.oarcanjo.net\/site\/#website","url":"https:\/\/www.oarcanjo.net\/site\/","name":"O Arcanjo no ar","description":"Site da Par\u00f3quia S\u00e3o Miguel Arcanjo (Arquidiocese de SP)","publisher":{"@id":"https:\/\/www.oarcanjo.net\/site\/#organization"},"potentialAction":[{"@type":"SearchAction","target":{"@type":"EntryPoint","urlTemplate":"https:\/\/www.oarcanjo.net\/site\/?s={search_term_string}"},"query-input":{"@type":"PropertyValueSpecification","valueRequired":true,"valueName":"search_term_string"}}],"inLanguage":"pt-BR"},{"@type":"Organization","@id":"https:\/\/www.oarcanjo.net\/site\/#organization","name":"Par\u00f3quia S\u00e3o Miguel Arcanjo","url":"https:\/\/www.oarcanjo.net\/site\/","logo":{"@type":"ImageObject","inLanguage":"pt-BR","@id":"https:\/\/www.oarcanjo.net\/site\/#\/schema\/logo\/image\/","url":"https:\/\/www.oarcanjo.net\/site\/wp-content\/uploads\/LogoOArcanjo.png","contentUrl":"https:\/\/www.oarcanjo.net\/site\/wp-content\/uploads\/LogoOArcanjo.png","width":319,"height":99,"caption":"Par\u00f3quia S\u00e3o Miguel Arcanjo"},"image":{"@id":"https:\/\/www.oarcanjo.net\/site\/#\/schema\/logo\/image\/"},"sameAs":["https:\/\/www.facebook.com\/OArcanjoNoAr\/"]},{"@type":"Person","@id":"https:\/\/www.oarcanjo.net\/site\/#\/schema\/person\/5eb9480bedd2f3c97e430ce128c29c6c","name":"danilo"}]}},"publishpress_future_action":{"enabled":false,"date":"2026-05-08 02:53:44","action":"category","newStatus":"draft","terms":[],"taxonomy":"category"},"publishpress_future_workflow_manual_trigger":{"enabledWorkflows":[]},"_links":{"self":[{"href":"https:\/\/www.oarcanjo.net\/site\/wp-json\/wp\/v2\/posts\/7751"}],"collection":[{"href":"https:\/\/www.oarcanjo.net\/site\/wp-json\/wp\/v2\/posts"}],"about":[{"href":"https:\/\/www.oarcanjo.net\/site\/wp-json\/wp\/v2\/types\/post"}],"author":[{"embeddable":true,"href":"https:\/\/www.oarcanjo.net\/site\/wp-json\/wp\/v2\/users\/14"}],"replies":[{"embeddable":true,"href":"https:\/\/www.oarcanjo.net\/site\/wp-json\/wp\/v2\/comments?post=7751"}],"version-history":[{"count":1,"href":"https:\/\/www.oarcanjo.net\/site\/wp-json\/wp\/v2\/posts\/7751\/revisions"}],"predecessor-version":[{"id":92811,"href":"https:\/\/www.oarcanjo.net\/site\/wp-json\/wp\/v2\/posts\/7751\/revisions\/92811"}],"wp:attachment":[{"href":"https:\/\/www.oarcanjo.net\/site\/wp-json\/wp\/v2\/media?parent=7751"}],"wp:term":[{"taxonomy":"category","embeddable":true,"href":"https:\/\/www.oarcanjo.net\/site\/wp-json\/wp\/v2\/categories?post=7751"},{"taxonomy":"post_tag","embeddable":true,"href":"https:\/\/www.oarcanjo.net\/site\/wp-json\/wp\/v2\/tags?post=7751"}],"curies":[{"name":"wp","href":"https:\/\/api.w.org\/{rel}","templated":true}]}}