
{"id":7753,"date":"2019-02-15T00:01:29","date_gmt":"2019-02-15T02:01:29","guid":{"rendered":"http:\/\/www.oarcanjo.net\/site\/?p=7753"},"modified":"2019-02-09T10:34:41","modified_gmt":"2019-02-09T12:34:41","slug":"sao-teotonio","status":"publish","type":"post","link":"https:\/\/www.oarcanjo.net\/site\/sao-teotonio\/","title":{"rendered":"S\u00e3o Teot\u00f4nio"},"content":{"rendered":"<p><img loading=\"lazy\" decoding=\"async\" class=\"alignnone size-full wp-image-69120\" src=\"http:\/\/www.oarcanjo.net\/site\/wp-content\/uploads\/Sao-Teotonio.jpg\" alt=\"S\u00e3o Teot\u00f4nio\" width=\"242\" height=\"315\" srcset=\"https:\/\/www.oarcanjo.net\/site\/wp-content\/uploads\/Sao-Teotonio.jpg 242w, https:\/\/www.oarcanjo.net\/site\/wp-content\/uploads\/Sao-Teotonio-230x300.jpg 230w\" sizes=\"(max-width: 242px) 100vw, 242px\" \/><\/p>\n<p>15 de Fevereiro<\/p>\n<p>Teot\u00f4nio nasceu em 1082, na aldeia de Tartinhade, em Ganfei, pr\u00f3xima a Valen\u00e7a do Minho, Portugal. Na inf\u00e2ncia estudou no mosteiro beneditino de Ganfei.<\/p>\n<p>Aos dez anos, mostrando inclina\u00e7\u00e3o religiosa, foi entregue ao tio, bispo de Coimbra, que assumiu sua educa\u00e7\u00e3o. Na capital, o bispo o colocou no col\u00e9gio anexo \u00e0 sua Catedral designando o diretor padre Telo para orientador espiritual do sobrinho. Teot\u00f4nio se formou em teologia e filosofia. Quando seu tio morreu , padre Telo o enviou aos cuidados de um outro tio, que era o prior do mosteiro em Viseu, para completar sua forma\u00e7\u00e3o eclesi\u00e1stica.<\/p>\n<p>Em Viseu, ele tomou a ordem sacerdotal e sucedeu seu tio, como prior do mosteiro, em 1112. Teot\u00f4nio fez ent\u00e3o sua primeira peregrina\u00e7\u00e3o a Jerusal\u00e9m e, ao voltar, recusou ser o bispo de Viseu. Preferiu continuar um simples mission\u00e1rio e voltou para a Terra Santa, pela segunda vez, onde pretendia ficar. Entretanto padre Telo, seu antigo orientador, mandou cham\u00e1-lo, porque precisava de sua ajuda para criar uma comunidade religiosa, sendo prontamente atendido.<\/p>\n<p>Assim, Teot\u00f4nio foi o co-fundador, junto com onze religiosos, e primeiro superior do mosteiro da Santa Cruz de Coimbra, sede da nova Ordem, criada em 1131, sob a Regra de Santo Agostinho. Todos os fundadores receberam o h\u00e1bito agostiniano. Depois, pediram ao papa Inoc\u00eancio II que tomasse sob sua prote\u00e7\u00e3o o mosteiro da Santa Cruz de Coimbra. Ele aceitou o pedido pela Bula Desiderium quod, de 26 de maio de 1135.<\/p>\n<p>Sua atua\u00e7\u00e3o foi marcada por uma din\u00e2mica mission\u00e1ria relevante durante a reconquista crist\u00e3 no territ\u00f3rio portugu\u00eas. Cedo compreendeu que as na\u00e7\u00f5es n\u00e3o se forjam nos campos de batalhas, mas nas escolas de forma\u00e7\u00e3o de sua juventude. Era um mission\u00e1rio not\u00e1vel e um homem de vis\u00e3o moderna para o seu tempo. Foi conselheiro espiritual do rei Afonso Henrique, que o estimava e muito auxiliou a Ordem. Manteve contatos amistosos com personagens importantes do seu tempo, como S\u00e3o Bernardo.<\/p>\n<p>Aos setenta anos Teot\u00f4nio renunciou ao cargo de prior, voltando a ser um simples religioso. Um ano depois o papa Anast\u00e1sio IV quis consagr\u00e1-lo bispo de Coimbra, mas ele recusou, consagrando seus \u00faltimos anos \u00e0 ora\u00e7\u00e3o. Morreu em 18 de fevereiro de 1162. Seu corpo repousa numa capela da igreja do mosteiro que fundou. Um ano depois, no anivers\u00e1rio de sua morte o papa Alexandre III o canonizou.<\/p>\n<p>S\u00e3o Teot\u00f4nio se tornou o primeiro santo da na\u00e7\u00e3o portuguesa a ser canonizado, sendo celebrado pela Igreja como o reformador da vida religiosa em Portugal. O seu culto celebrado no dia 18 de fevereiro foi difundido pelos agostinianos espalhados no mundo todo. Em 1602, foi proclamado Padroeiro da cidade e diocese de Viseu.<\/p>\n<div id=\"themify_builder_content-7753\" data-postid=\"7753\" class=\"themify_builder_content themify_builder_content-7753 themify_builder themify_builder_front\">\n\t<\/div>\n<!-- \/themify_builder_content -->","protected":false},"excerpt":{"rendered":"<p>15 de Fevereiro Teot\u00f4nio nasceu em 1082, na aldeia de Tartinhade, em Ganfei, pr\u00f3xima a Valen\u00e7a do Minho, Portugal. Na inf\u00e2ncia estudou no mosteiro beneditino de Ganfei. Aos dez anos, mostrando inclina\u00e7\u00e3o religiosa, foi entregue ao tio, bispo de Coimbra, que assumiu sua educa\u00e7\u00e3o. Na capital, o bispo o colocou no col\u00e9gio anexo \u00e0 sua [&hellip;]<\/p>\n","protected":false},"author":14,"featured_media":0,"comment_status":"open","ping_status":"open","sticky":false,"template":"","format":"standard","meta":{"ngg_post_thumbnail":0,"footnotes":""},"categories":[186],"tags":[],"yoast_head":"<!-- This site is optimized with the Yoast SEO plugin v23.5 - https:\/\/yoast.com\/wordpress\/plugins\/seo\/ -->\n<title>S\u00e3o Teot\u00f4nio - O Arcanjo no ar<\/title>\n<meta name=\"robots\" content=\"index, follow, max-snippet:-1, max-image-preview:large, max-video-preview:-1\" \/>\n<link rel=\"canonical\" href=\"https:\/\/www.oarcanjo.net\/site\/sao-teotonio\/\" \/>\n<meta property=\"og:locale\" content=\"pt_BR\" \/>\n<meta property=\"og:type\" content=\"article\" \/>\n<meta property=\"og:title\" content=\"S\u00e3o Teot\u00f4nio - O Arcanjo no ar\" \/>\n<meta property=\"og:description\" content=\"15 de Fevereiro Teot\u00f4nio nasceu em 1082, na aldeia de Tartinhade, em Ganfei, pr\u00f3xima a Valen\u00e7a do Minho, Portugal. Na inf\u00e2ncia estudou no mosteiro beneditino de Ganfei. Aos dez anos, mostrando inclina\u00e7\u00e3o religiosa, foi entregue ao tio, bispo de Coimbra, que assumiu sua educa\u00e7\u00e3o. Na capital, o bispo o colocou no col\u00e9gio anexo \u00e0 sua [&hellip;]\" \/>\n<meta property=\"og:url\" content=\"https:\/\/www.oarcanjo.net\/site\/sao-teotonio\/\" \/>\n<meta property=\"og:site_name\" content=\"O Arcanjo no ar\" \/>\n<meta property=\"article:publisher\" content=\"https:\/\/www.facebook.com\/OArcanjoNoAr\/\" \/>\n<meta property=\"article:published_time\" content=\"2019-02-15T02:01:29+00:00\" \/>\n<meta property=\"article:modified_time\" content=\"2019-02-09T12:34:41+00:00\" \/>\n<meta property=\"og:image\" content=\"http:\/\/www.oarcanjo.net\/site\/wp-content\/uploads\/Sao-Teotonio.jpg\" \/>\n<meta name=\"author\" content=\"danilo\" \/>\n<meta name=\"twitter:card\" content=\"summary_large_image\" \/>\n<meta name=\"twitter:label1\" content=\"Escrito por\" \/>\n\t<meta name=\"twitter:data1\" content=\"danilo\" \/>\n\t<meta name=\"twitter:label2\" content=\"Est. tempo de leitura\" \/>\n\t<meta name=\"twitter:data2\" content=\"2 minutos\" \/>\n<script type=\"application\/ld+json\" class=\"yoast-schema-graph\">{\"@context\":\"https:\/\/schema.org\",\"@graph\":[{\"@type\":\"Article\",\"@id\":\"https:\/\/www.oarcanjo.net\/site\/sao-teotonio\/#article\",\"isPartOf\":{\"@id\":\"https:\/\/www.oarcanjo.net\/site\/sao-teotonio\/\"},\"author\":{\"name\":\"danilo\",\"@id\":\"https:\/\/www.oarcanjo.net\/site\/#\/schema\/person\/5eb9480bedd2f3c97e430ce128c29c6c\"},\"headline\":\"S\u00e3o Teot\u00f4nio\",\"datePublished\":\"2019-02-15T02:01:29+00:00\",\"dateModified\":\"2019-02-09T12:34:41+00:00\",\"mainEntityOfPage\":{\"@id\":\"https:\/\/www.oarcanjo.net\/site\/sao-teotonio\/\"},\"wordCount\":473,\"commentCount\":0,\"publisher\":{\"@id\":\"https:\/\/www.oarcanjo.net\/site\/#organization\"},\"image\":{\"@id\":\"https:\/\/www.oarcanjo.net\/site\/sao-teotonio\/#primaryimage\"},\"thumbnailUrl\":\"http:\/\/www.oarcanjo.net\/site\/wp-content\/uploads\/Sao-Teotonio.jpg\",\"articleSection\":[\"Testemunhos\"],\"inLanguage\":\"pt-BR\",\"potentialAction\":[{\"@type\":\"CommentAction\",\"name\":\"Comment\",\"target\":[\"https:\/\/www.oarcanjo.net\/site\/sao-teotonio\/#respond\"]}]},{\"@type\":\"WebPage\",\"@id\":\"https:\/\/www.oarcanjo.net\/site\/sao-teotonio\/\",\"url\":\"https:\/\/www.oarcanjo.net\/site\/sao-teotonio\/\",\"name\":\"S\u00e3o Teot\u00f4nio - O Arcanjo no ar\",\"isPartOf\":{\"@id\":\"https:\/\/www.oarcanjo.net\/site\/#website\"},\"primaryImageOfPage\":{\"@id\":\"https:\/\/www.oarcanjo.net\/site\/sao-teotonio\/#primaryimage\"},\"image\":{\"@id\":\"https:\/\/www.oarcanjo.net\/site\/sao-teotonio\/#primaryimage\"},\"thumbnailUrl\":\"http:\/\/www.oarcanjo.net\/site\/wp-content\/uploads\/Sao-Teotonio.jpg\",\"datePublished\":\"2019-02-15T02:01:29+00:00\",\"dateModified\":\"2019-02-09T12:34:41+00:00\",\"breadcrumb\":{\"@id\":\"https:\/\/www.oarcanjo.net\/site\/sao-teotonio\/#breadcrumb\"},\"inLanguage\":\"pt-BR\",\"potentialAction\":[{\"@type\":\"ReadAction\",\"target\":[\"https:\/\/www.oarcanjo.net\/site\/sao-teotonio\/\"]}]},{\"@type\":\"ImageObject\",\"inLanguage\":\"pt-BR\",\"@id\":\"https:\/\/www.oarcanjo.net\/site\/sao-teotonio\/#primaryimage\",\"url\":\"https:\/\/www.oarcanjo.net\/site\/wp-content\/uploads\/Sao-Teotonio.jpg\",\"contentUrl\":\"https:\/\/www.oarcanjo.net\/site\/wp-content\/uploads\/Sao-Teotonio.jpg\",\"width\":242,\"height\":315,\"caption\":\"S\u00e3o Teot\u00f4nio\"},{\"@type\":\"BreadcrumbList\",\"@id\":\"https:\/\/www.oarcanjo.net\/site\/sao-teotonio\/#breadcrumb\",\"itemListElement\":[{\"@type\":\"ListItem\",\"position\":1,\"name\":\"In\u00edcio\",\"item\":\"https:\/\/www.oarcanjo.net\/site\/\"},{\"@type\":\"ListItem\",\"position\":2,\"name\":\"S\u00e3o Teot\u00f4nio\"}]},{\"@type\":\"WebSite\",\"@id\":\"https:\/\/www.oarcanjo.net\/site\/#website\",\"url\":\"https:\/\/www.oarcanjo.net\/site\/\",\"name\":\"O Arcanjo no ar\",\"description\":\"Site da Par\u00f3quia S\u00e3o Miguel Arcanjo (Arquidiocese de SP)\",\"publisher\":{\"@id\":\"https:\/\/www.oarcanjo.net\/site\/#organization\"},\"potentialAction\":[{\"@type\":\"SearchAction\",\"target\":{\"@type\":\"EntryPoint\",\"urlTemplate\":\"https:\/\/www.oarcanjo.net\/site\/?s={search_term_string}\"},\"query-input\":{\"@type\":\"PropertyValueSpecification\",\"valueRequired\":true,\"valueName\":\"search_term_string\"}}],\"inLanguage\":\"pt-BR\"},{\"@type\":\"Organization\",\"@id\":\"https:\/\/www.oarcanjo.net\/site\/#organization\",\"name\":\"Par\u00f3quia S\u00e3o Miguel Arcanjo\",\"url\":\"https:\/\/www.oarcanjo.net\/site\/\",\"logo\":{\"@type\":\"ImageObject\",\"inLanguage\":\"pt-BR\",\"@id\":\"https:\/\/www.oarcanjo.net\/site\/#\/schema\/logo\/image\/\",\"url\":\"https:\/\/www.oarcanjo.net\/site\/wp-content\/uploads\/LogoOArcanjo.png\",\"contentUrl\":\"https:\/\/www.oarcanjo.net\/site\/wp-content\/uploads\/LogoOArcanjo.png\",\"width\":319,\"height\":99,\"caption\":\"Par\u00f3quia S\u00e3o Miguel Arcanjo\"},\"image\":{\"@id\":\"https:\/\/www.oarcanjo.net\/site\/#\/schema\/logo\/image\/\"},\"sameAs\":[\"https:\/\/www.facebook.com\/OArcanjoNoAr\/\"]},{\"@type\":\"Person\",\"@id\":\"https:\/\/www.oarcanjo.net\/site\/#\/schema\/person\/5eb9480bedd2f3c97e430ce128c29c6c\",\"name\":\"danilo\"}]}<\/script>\n<!-- \/ Yoast SEO plugin. -->","yoast_head_json":{"title":"S\u00e3o Teot\u00f4nio - O Arcanjo no ar","robots":{"index":"index","follow":"follow","max-snippet":"max-snippet:-1","max-image-preview":"max-image-preview:large","max-video-preview":"max-video-preview:-1"},"canonical":"https:\/\/www.oarcanjo.net\/site\/sao-teotonio\/","og_locale":"pt_BR","og_type":"article","og_title":"S\u00e3o Teot\u00f4nio - O Arcanjo no ar","og_description":"15 de Fevereiro Teot\u00f4nio nasceu em 1082, na aldeia de Tartinhade, em Ganfei, pr\u00f3xima a Valen\u00e7a do Minho, Portugal. Na inf\u00e2ncia estudou no mosteiro beneditino de Ganfei. Aos dez anos, mostrando inclina\u00e7\u00e3o religiosa, foi entregue ao tio, bispo de Coimbra, que assumiu sua educa\u00e7\u00e3o. Na capital, o bispo o colocou no col\u00e9gio anexo \u00e0 sua [&hellip;]","og_url":"https:\/\/www.oarcanjo.net\/site\/sao-teotonio\/","og_site_name":"O Arcanjo no ar","article_publisher":"https:\/\/www.facebook.com\/OArcanjoNoAr\/","article_published_time":"2019-02-15T02:01:29+00:00","article_modified_time":"2019-02-09T12:34:41+00:00","og_image":[{"url":"http:\/\/www.oarcanjo.net\/site\/wp-content\/uploads\/Sao-Teotonio.jpg"}],"author":"danilo","twitter_card":"summary_large_image","twitter_misc":{"Escrito por":"danilo","Est. tempo de leitura":"2 minutos"},"schema":{"@context":"https:\/\/schema.org","@graph":[{"@type":"Article","@id":"https:\/\/www.oarcanjo.net\/site\/sao-teotonio\/#article","isPartOf":{"@id":"https:\/\/www.oarcanjo.net\/site\/sao-teotonio\/"},"author":{"name":"danilo","@id":"https:\/\/www.oarcanjo.net\/site\/#\/schema\/person\/5eb9480bedd2f3c97e430ce128c29c6c"},"headline":"S\u00e3o Teot\u00f4nio","datePublished":"2019-02-15T02:01:29+00:00","dateModified":"2019-02-09T12:34:41+00:00","mainEntityOfPage":{"@id":"https:\/\/www.oarcanjo.net\/site\/sao-teotonio\/"},"wordCount":473,"commentCount":0,"publisher":{"@id":"https:\/\/www.oarcanjo.net\/site\/#organization"},"image":{"@id":"https:\/\/www.oarcanjo.net\/site\/sao-teotonio\/#primaryimage"},"thumbnailUrl":"http:\/\/www.oarcanjo.net\/site\/wp-content\/uploads\/Sao-Teotonio.jpg","articleSection":["Testemunhos"],"inLanguage":"pt-BR","potentialAction":[{"@type":"CommentAction","name":"Comment","target":["https:\/\/www.oarcanjo.net\/site\/sao-teotonio\/#respond"]}]},{"@type":"WebPage","@id":"https:\/\/www.oarcanjo.net\/site\/sao-teotonio\/","url":"https:\/\/www.oarcanjo.net\/site\/sao-teotonio\/","name":"S\u00e3o Teot\u00f4nio - O Arcanjo no ar","isPartOf":{"@id":"https:\/\/www.oarcanjo.net\/site\/#website"},"primaryImageOfPage":{"@id":"https:\/\/www.oarcanjo.net\/site\/sao-teotonio\/#primaryimage"},"image":{"@id":"https:\/\/www.oarcanjo.net\/site\/sao-teotonio\/#primaryimage"},"thumbnailUrl":"http:\/\/www.oarcanjo.net\/site\/wp-content\/uploads\/Sao-Teotonio.jpg","datePublished":"2019-02-15T02:01:29+00:00","dateModified":"2019-02-09T12:34:41+00:00","breadcrumb":{"@id":"https:\/\/www.oarcanjo.net\/site\/sao-teotonio\/#breadcrumb"},"inLanguage":"pt-BR","potentialAction":[{"@type":"ReadAction","target":["https:\/\/www.oarcanjo.net\/site\/sao-teotonio\/"]}]},{"@type":"ImageObject","inLanguage":"pt-BR","@id":"https:\/\/www.oarcanjo.net\/site\/sao-teotonio\/#primaryimage","url":"https:\/\/www.oarcanjo.net\/site\/wp-content\/uploads\/Sao-Teotonio.jpg","contentUrl":"https:\/\/www.oarcanjo.net\/site\/wp-content\/uploads\/Sao-Teotonio.jpg","width":242,"height":315,"caption":"S\u00e3o Teot\u00f4nio"},{"@type":"BreadcrumbList","@id":"https:\/\/www.oarcanjo.net\/site\/sao-teotonio\/#breadcrumb","itemListElement":[{"@type":"ListItem","position":1,"name":"In\u00edcio","item":"https:\/\/www.oarcanjo.net\/site\/"},{"@type":"ListItem","position":2,"name":"S\u00e3o Teot\u00f4nio"}]},{"@type":"WebSite","@id":"https:\/\/www.oarcanjo.net\/site\/#website","url":"https:\/\/www.oarcanjo.net\/site\/","name":"O Arcanjo no ar","description":"Site da Par\u00f3quia S\u00e3o Miguel Arcanjo (Arquidiocese de SP)","publisher":{"@id":"https:\/\/www.oarcanjo.net\/site\/#organization"},"potentialAction":[{"@type":"SearchAction","target":{"@type":"EntryPoint","urlTemplate":"https:\/\/www.oarcanjo.net\/site\/?s={search_term_string}"},"query-input":{"@type":"PropertyValueSpecification","valueRequired":true,"valueName":"search_term_string"}}],"inLanguage":"pt-BR"},{"@type":"Organization","@id":"https:\/\/www.oarcanjo.net\/site\/#organization","name":"Par\u00f3quia S\u00e3o Miguel Arcanjo","url":"https:\/\/www.oarcanjo.net\/site\/","logo":{"@type":"ImageObject","inLanguage":"pt-BR","@id":"https:\/\/www.oarcanjo.net\/site\/#\/schema\/logo\/image\/","url":"https:\/\/www.oarcanjo.net\/site\/wp-content\/uploads\/LogoOArcanjo.png","contentUrl":"https:\/\/www.oarcanjo.net\/site\/wp-content\/uploads\/LogoOArcanjo.png","width":319,"height":99,"caption":"Par\u00f3quia S\u00e3o Miguel Arcanjo"},"image":{"@id":"https:\/\/www.oarcanjo.net\/site\/#\/schema\/logo\/image\/"},"sameAs":["https:\/\/www.facebook.com\/OArcanjoNoAr\/"]},{"@type":"Person","@id":"https:\/\/www.oarcanjo.net\/site\/#\/schema\/person\/5eb9480bedd2f3c97e430ce128c29c6c","name":"danilo"}]}},"publishpress_future_action":{"enabled":false,"date":"2026-05-08 02:47:40","action":"category","newStatus":"draft","terms":[],"taxonomy":"category"},"publishpress_future_workflow_manual_trigger":{"enabledWorkflows":[]},"_links":{"self":[{"href":"https:\/\/www.oarcanjo.net\/site\/wp-json\/wp\/v2\/posts\/7753"}],"collection":[{"href":"https:\/\/www.oarcanjo.net\/site\/wp-json\/wp\/v2\/posts"}],"about":[{"href":"https:\/\/www.oarcanjo.net\/site\/wp-json\/wp\/v2\/types\/post"}],"author":[{"embeddable":true,"href":"https:\/\/www.oarcanjo.net\/site\/wp-json\/wp\/v2\/users\/14"}],"replies":[{"embeddable":true,"href":"https:\/\/www.oarcanjo.net\/site\/wp-json\/wp\/v2\/comments?post=7753"}],"version-history":[{"count":1,"href":"https:\/\/www.oarcanjo.net\/site\/wp-json\/wp\/v2\/posts\/7753\/revisions"}],"predecessor-version":[{"id":92778,"href":"https:\/\/www.oarcanjo.net\/site\/wp-json\/wp\/v2\/posts\/7753\/revisions\/92778"}],"wp:attachment":[{"href":"https:\/\/www.oarcanjo.net\/site\/wp-json\/wp\/v2\/media?parent=7753"}],"wp:term":[{"taxonomy":"category","embeddable":true,"href":"https:\/\/www.oarcanjo.net\/site\/wp-json\/wp\/v2\/categories?post=7753"},{"taxonomy":"post_tag","embeddable":true,"href":"https:\/\/www.oarcanjo.net\/site\/wp-json\/wp\/v2\/tags?post=7753"}],"curies":[{"name":"wp","href":"https:\/\/api.w.org\/{rel}","templated":true}]}}