
{"id":7786,"date":"2019-02-16T00:10:29","date_gmt":"2019-02-16T02:10:29","guid":{"rendered":"http:\/\/www.oarcanjo.net\/site\/?p=7786"},"modified":"2019-02-12T17:59:50","modified_gmt":"2019-02-12T19:59:50","slug":"bem-aventurado-jose-allamano","status":"publish","type":"post","link":"https:\/\/www.oarcanjo.net\/site\/bem-aventurado-jose-allamano\/","title":{"rendered":"Bem Aventurado Jos\u00e9 Allamano"},"content":{"rendered":"<p><img loading=\"lazy\" decoding=\"async\" class=\"alignnone size-full wp-image-69133\" src=\"http:\/\/www.oarcanjo.net\/site\/wp-content\/uploads\/Bem-Aventurado-Jose-Allamano.jpg\" alt=\"Bem Aventurado Jos\u00e9 Allamano\" width=\"240\" height=\"300\" \/><\/p>\n<p>16 de Fevereiro<\/p>\n<p>Fundou o Instituto Miss\u00f5es Consolata e o Instituto das Irm\u00e3s Mission\u00e1rias da Consolata<\/p>\n<p>Jos\u00e9 Allamano nasce em 21\/01\/1851 em Castelnuovo D&#8217;Asti, ao norte da It\u00e1lia. A pequena cidade dedicava-se \u00e0 agricultura e ao cultivo de vinhedo que cobriam as colinas e campos. Allamano encerra sua vida em Turim aos 16\/02\/1926 junto ao Santu\u00e1rio de <span style=\"color: #990000\">Nossa Senhora Consolata<\/span><\/p>\n<p><span style=\"color: #000000\">Jos\u00e9 Allamano, o quarto de cinco filhos, perde o pai quando ainda crian\u00e7a, aos tr\u00eas anos de idade. Como estudante foi um \u00f3timo aluno, exemplar, e muito aplicado&#8230;<\/span><\/p>\n<p>Jos\u00e9 Allamano passa sua vida em Turim, e \u00e9 ali que inicia seus estudos ginasiais no Orat\u00f3rio de Dom Bosco, sendo o melhor da turma. Dom Bosco, descobre no garoto, de apenas onze anos, excelentes qualidades para torn\u00e1-lo um membro da Sociedade Salesiana, mas o jovem Allamano tem outro ideal: <em><strong>&#8220;Deus me chama agora&#8230; n\u00e3o sei se me chamar\u00e1 outra vez, dentro de tr\u00eas ou quatro anos!&#8221;<\/strong><\/em> diz aos seus irm\u00e3os &#8211; e ingressa no Semin\u00e1rio Diocesano de Turim. Apesar da constitui\u00e7\u00e3o f\u00edsica fraca, \u00e9 espiritualmente forte e dedica-se com entusiasmo ao estudo e \u00e0 ora\u00e7\u00e3o. Pede sempre ao Senhor: <strong><em>&#8220;Torna-me santo e n\u00e3o somente bom&#8221;<\/em><\/strong>.<\/p>\n<p>Em 20 de setembro de 1873 \u00e9 ordenado sacerdote na Catedral de Turim, com apenas vinte e dois anos de idade. Desempenha com muita fidelidade sua fun\u00e7\u00e3o sacerdotal como Professor de Teologia, Reitor do Col\u00e9gio Eclesi\u00e1stico e Reitor do Santu\u00e1rio de Nossa Senhora Consolata em Turim, pelo per\u00edodo de quarenta e seis anos. Tinha projetos para o mundo. Com sa\u00fade fr\u00e1gil, impossibilitado de partir as Miss\u00f5es envia outros em nome da Consolata. Em 1900 Pe. Jos\u00e9 Allamano toma a decis\u00e3o de criar um instituto mission\u00e1rio, que obteve aprova\u00e7\u00e3o em 29 de Janeiro de 1901 &#8211; o Instituto Miss\u00f5es Consolata dos padres, Irm\u00e3os.<\/p>\n<p>Em 29 de Janeiro de 1910 nasce em Turim outro instituto para as Miss\u00f5es, o das Irm\u00e3s Mission\u00e1rias da Consolata. Com a funda\u00e7\u00e3o das Irm\u00e3s, o trabalho mission\u00e1rio se estende a outros pa\u00edses africanos: em 1916 para Eti\u00f3pia; em 1922 para a Tanz\u00e2nia; em 1924 para Som\u00e1lia; em 1925 Mo\u00e7ambique; em 1946 para o Brasil e assim, sucessivamente em outros pa\u00edses da Europa, \u00c1frica, Am\u00e9rica e \u00c1sia. Pe. Allamano dizia que seus mission\u00e1rios eram portadores de esperan\u00e7a: <strong><em>&#8220;Esta \u00e9 realmente obra do Senhor&#8221;<\/em><\/strong>. Os mission\u00e1rios e as mission\u00e1rias da Consolata est\u00e3o hoje presentes em 26 pa\u00edses do mundo.<\/p>\n<p>Pe. Jos\u00e9 Allamano \u00e9 uma das figuras mais marcantes da Igreja de Turim, no final do s\u00e9culo passado e come\u00e7o deste. Um sacerdote que soube doar tudo de si no servi\u00e7o \u00e0 Igreja e soube tamb\u00e9m abra\u00e7ar o mundo com seu amor filial a <span style=\"color: #990000\">Nossa Senhora Consolata<\/span><br \/>\nEm 07 de Outubro de 1990 suas virtudes her\u00f3icas foram reconhecidas pela Igreja Cat\u00f3lica Apost\u00f3lica Romana, que o declarou Bem-Aventurado Jos\u00e9 Allamano.<\/p>\n<p><img loading=\"lazy\" decoding=\"async\" class=\"alignleft\" src=\"http:\/\/consolata.pt\/site\/images\/stories\/imagens_links\/allamano.png\" alt=\"\" width=\"300\" height=\"393\" align=\"right\" \/><\/p>\n<div id=\"themify_builder_content-7786\" data-postid=\"7786\" class=\"themify_builder_content themify_builder_content-7786 themify_builder themify_builder_front\">\n\t<\/div>\n<!-- \/themify_builder_content -->","protected":false},"excerpt":{"rendered":"<p>16 de Fevereiro Fundou o Instituto Miss\u00f5es Consolata e o Instituto das Irm\u00e3s Mission\u00e1rias da Consolata Jos\u00e9 Allamano nasce em 21\/01\/1851 em Castelnuovo D&#8217;Asti, ao norte da It\u00e1lia. A pequena cidade dedicava-se \u00e0 agricultura e ao cultivo de vinhedo que cobriam as colinas e campos. Allamano encerra sua vida em Turim aos 16\/02\/1926 junto ao [&hellip;]<\/p>\n","protected":false},"author":14,"featured_media":0,"comment_status":"open","ping_status":"open","sticky":false,"template":"","format":"standard","meta":{"ngg_post_thumbnail":0,"footnotes":""},"categories":[186],"tags":[],"yoast_head":"<!-- This site is optimized with the Yoast SEO plugin v23.5 - https:\/\/yoast.com\/wordpress\/plugins\/seo\/ -->\n<title>Bem Aventurado Jos\u00e9 Allamano - O Arcanjo no ar<\/title>\n<meta name=\"robots\" content=\"index, follow, max-snippet:-1, max-image-preview:large, max-video-preview:-1\" \/>\n<link rel=\"canonical\" href=\"https:\/\/www.oarcanjo.net\/site\/bem-aventurado-jose-allamano\/\" \/>\n<meta property=\"og:locale\" content=\"pt_BR\" \/>\n<meta property=\"og:type\" content=\"article\" \/>\n<meta property=\"og:title\" content=\"Bem Aventurado Jos\u00e9 Allamano - O Arcanjo no ar\" \/>\n<meta property=\"og:description\" content=\"16 de Fevereiro Fundou o Instituto Miss\u00f5es Consolata e o Instituto das Irm\u00e3s Mission\u00e1rias da Consolata Jos\u00e9 Allamano nasce em 21\/01\/1851 em Castelnuovo D&#8217;Asti, ao norte da It\u00e1lia. A pequena cidade dedicava-se \u00e0 agricultura e ao cultivo de vinhedo que cobriam as colinas e campos. Allamano encerra sua vida em Turim aos 16\/02\/1926 junto ao [&hellip;]\" \/>\n<meta property=\"og:url\" content=\"https:\/\/www.oarcanjo.net\/site\/bem-aventurado-jose-allamano\/\" \/>\n<meta property=\"og:site_name\" content=\"O Arcanjo no ar\" \/>\n<meta property=\"article:publisher\" content=\"https:\/\/www.facebook.com\/OArcanjoNoAr\/\" \/>\n<meta property=\"article:published_time\" content=\"2019-02-16T02:10:29+00:00\" \/>\n<meta property=\"article:modified_time\" content=\"2019-02-12T19:59:50+00:00\" \/>\n<meta property=\"og:image\" content=\"http:\/\/www.oarcanjo.net\/site\/wp-content\/uploads\/Bem-Aventurado-Jose-Allamano.jpg\" \/>\n<meta name=\"author\" content=\"danilo\" \/>\n<meta name=\"twitter:card\" content=\"summary_large_image\" \/>\n<meta name=\"twitter:label1\" content=\"Escrito por\" \/>\n\t<meta name=\"twitter:data1\" content=\"danilo\" \/>\n\t<meta name=\"twitter:label2\" content=\"Est. tempo de leitura\" \/>\n\t<meta name=\"twitter:data2\" content=\"2 minutos\" \/>\n<script type=\"application\/ld+json\" class=\"yoast-schema-graph\">{\"@context\":\"https:\/\/schema.org\",\"@graph\":[{\"@type\":\"Article\",\"@id\":\"https:\/\/www.oarcanjo.net\/site\/bem-aventurado-jose-allamano\/#article\",\"isPartOf\":{\"@id\":\"https:\/\/www.oarcanjo.net\/site\/bem-aventurado-jose-allamano\/\"},\"author\":{\"name\":\"danilo\",\"@id\":\"https:\/\/www.oarcanjo.net\/site\/#\/schema\/person\/5eb9480bedd2f3c97e430ce128c29c6c\"},\"headline\":\"Bem Aventurado Jos\u00e9 Allamano\",\"datePublished\":\"2019-02-16T02:10:29+00:00\",\"dateModified\":\"2019-02-12T19:59:50+00:00\",\"mainEntityOfPage\":{\"@id\":\"https:\/\/www.oarcanjo.net\/site\/bem-aventurado-jose-allamano\/\"},\"wordCount\":498,\"commentCount\":0,\"publisher\":{\"@id\":\"https:\/\/www.oarcanjo.net\/site\/#organization\"},\"image\":{\"@id\":\"https:\/\/www.oarcanjo.net\/site\/bem-aventurado-jose-allamano\/#primaryimage\"},\"thumbnailUrl\":\"http:\/\/www.oarcanjo.net\/site\/wp-content\/uploads\/Bem-Aventurado-Jose-Allamano.jpg\",\"articleSection\":[\"Testemunhos\"],\"inLanguage\":\"pt-BR\",\"potentialAction\":[{\"@type\":\"CommentAction\",\"name\":\"Comment\",\"target\":[\"https:\/\/www.oarcanjo.net\/site\/bem-aventurado-jose-allamano\/#respond\"]}]},{\"@type\":\"WebPage\",\"@id\":\"https:\/\/www.oarcanjo.net\/site\/bem-aventurado-jose-allamano\/\",\"url\":\"https:\/\/www.oarcanjo.net\/site\/bem-aventurado-jose-allamano\/\",\"name\":\"Bem Aventurado Jos\u00e9 Allamano - O Arcanjo no ar\",\"isPartOf\":{\"@id\":\"https:\/\/www.oarcanjo.net\/site\/#website\"},\"primaryImageOfPage\":{\"@id\":\"https:\/\/www.oarcanjo.net\/site\/bem-aventurado-jose-allamano\/#primaryimage\"},\"image\":{\"@id\":\"https:\/\/www.oarcanjo.net\/site\/bem-aventurado-jose-allamano\/#primaryimage\"},\"thumbnailUrl\":\"http:\/\/www.oarcanjo.net\/site\/wp-content\/uploads\/Bem-Aventurado-Jose-Allamano.jpg\",\"datePublished\":\"2019-02-16T02:10:29+00:00\",\"dateModified\":\"2019-02-12T19:59:50+00:00\",\"breadcrumb\":{\"@id\":\"https:\/\/www.oarcanjo.net\/site\/bem-aventurado-jose-allamano\/#breadcrumb\"},\"inLanguage\":\"pt-BR\",\"potentialAction\":[{\"@type\":\"ReadAction\",\"target\":[\"https:\/\/www.oarcanjo.net\/site\/bem-aventurado-jose-allamano\/\"]}]},{\"@type\":\"ImageObject\",\"inLanguage\":\"pt-BR\",\"@id\":\"https:\/\/www.oarcanjo.net\/site\/bem-aventurado-jose-allamano\/#primaryimage\",\"url\":\"https:\/\/www.oarcanjo.net\/site\/wp-content\/uploads\/Bem-Aventurado-Jose-Allamano.jpg\",\"contentUrl\":\"https:\/\/www.oarcanjo.net\/site\/wp-content\/uploads\/Bem-Aventurado-Jose-Allamano.jpg\",\"width\":240,\"height\":300,\"caption\":\"Bem Aventurado Jos\u00e9 Allamano\"},{\"@type\":\"BreadcrumbList\",\"@id\":\"https:\/\/www.oarcanjo.net\/site\/bem-aventurado-jose-allamano\/#breadcrumb\",\"itemListElement\":[{\"@type\":\"ListItem\",\"position\":1,\"name\":\"In\u00edcio\",\"item\":\"https:\/\/www.oarcanjo.net\/site\/\"},{\"@type\":\"ListItem\",\"position\":2,\"name\":\"Bem Aventurado Jos\u00e9 Allamano\"}]},{\"@type\":\"WebSite\",\"@id\":\"https:\/\/www.oarcanjo.net\/site\/#website\",\"url\":\"https:\/\/www.oarcanjo.net\/site\/\",\"name\":\"O Arcanjo no ar\",\"description\":\"Site da Par\u00f3quia S\u00e3o Miguel Arcanjo (Arquidiocese de SP)\",\"publisher\":{\"@id\":\"https:\/\/www.oarcanjo.net\/site\/#organization\"},\"potentialAction\":[{\"@type\":\"SearchAction\",\"target\":{\"@type\":\"EntryPoint\",\"urlTemplate\":\"https:\/\/www.oarcanjo.net\/site\/?s={search_term_string}\"},\"query-input\":{\"@type\":\"PropertyValueSpecification\",\"valueRequired\":true,\"valueName\":\"search_term_string\"}}],\"inLanguage\":\"pt-BR\"},{\"@type\":\"Organization\",\"@id\":\"https:\/\/www.oarcanjo.net\/site\/#organization\",\"name\":\"Par\u00f3quia S\u00e3o Miguel Arcanjo\",\"url\":\"https:\/\/www.oarcanjo.net\/site\/\",\"logo\":{\"@type\":\"ImageObject\",\"inLanguage\":\"pt-BR\",\"@id\":\"https:\/\/www.oarcanjo.net\/site\/#\/schema\/logo\/image\/\",\"url\":\"https:\/\/www.oarcanjo.net\/site\/wp-content\/uploads\/LogoOArcanjo.png\",\"contentUrl\":\"https:\/\/www.oarcanjo.net\/site\/wp-content\/uploads\/LogoOArcanjo.png\",\"width\":319,\"height\":99,\"caption\":\"Par\u00f3quia S\u00e3o Miguel Arcanjo\"},\"image\":{\"@id\":\"https:\/\/www.oarcanjo.net\/site\/#\/schema\/logo\/image\/\"},\"sameAs\":[\"https:\/\/www.facebook.com\/OArcanjoNoAr\/\"]},{\"@type\":\"Person\",\"@id\":\"https:\/\/www.oarcanjo.net\/site\/#\/schema\/person\/5eb9480bedd2f3c97e430ce128c29c6c\",\"name\":\"danilo\"}]}<\/script>\n<!-- \/ Yoast SEO plugin. -->","yoast_head_json":{"title":"Bem Aventurado Jos\u00e9 Allamano - O Arcanjo no ar","robots":{"index":"index","follow":"follow","max-snippet":"max-snippet:-1","max-image-preview":"max-image-preview:large","max-video-preview":"max-video-preview:-1"},"canonical":"https:\/\/www.oarcanjo.net\/site\/bem-aventurado-jose-allamano\/","og_locale":"pt_BR","og_type":"article","og_title":"Bem Aventurado Jos\u00e9 Allamano - O Arcanjo no ar","og_description":"16 de Fevereiro Fundou o Instituto Miss\u00f5es Consolata e o Instituto das Irm\u00e3s Mission\u00e1rias da Consolata Jos\u00e9 Allamano nasce em 21\/01\/1851 em Castelnuovo D&#8217;Asti, ao norte da It\u00e1lia. A pequena cidade dedicava-se \u00e0 agricultura e ao cultivo de vinhedo que cobriam as colinas e campos. Allamano encerra sua vida em Turim aos 16\/02\/1926 junto ao [&hellip;]","og_url":"https:\/\/www.oarcanjo.net\/site\/bem-aventurado-jose-allamano\/","og_site_name":"O Arcanjo no ar","article_publisher":"https:\/\/www.facebook.com\/OArcanjoNoAr\/","article_published_time":"2019-02-16T02:10:29+00:00","article_modified_time":"2019-02-12T19:59:50+00:00","og_image":[{"url":"http:\/\/www.oarcanjo.net\/site\/wp-content\/uploads\/Bem-Aventurado-Jose-Allamano.jpg"}],"author":"danilo","twitter_card":"summary_large_image","twitter_misc":{"Escrito por":"danilo","Est. tempo de leitura":"2 minutos"},"schema":{"@context":"https:\/\/schema.org","@graph":[{"@type":"Article","@id":"https:\/\/www.oarcanjo.net\/site\/bem-aventurado-jose-allamano\/#article","isPartOf":{"@id":"https:\/\/www.oarcanjo.net\/site\/bem-aventurado-jose-allamano\/"},"author":{"name":"danilo","@id":"https:\/\/www.oarcanjo.net\/site\/#\/schema\/person\/5eb9480bedd2f3c97e430ce128c29c6c"},"headline":"Bem Aventurado Jos\u00e9 Allamano","datePublished":"2019-02-16T02:10:29+00:00","dateModified":"2019-02-12T19:59:50+00:00","mainEntityOfPage":{"@id":"https:\/\/www.oarcanjo.net\/site\/bem-aventurado-jose-allamano\/"},"wordCount":498,"commentCount":0,"publisher":{"@id":"https:\/\/www.oarcanjo.net\/site\/#organization"},"image":{"@id":"https:\/\/www.oarcanjo.net\/site\/bem-aventurado-jose-allamano\/#primaryimage"},"thumbnailUrl":"http:\/\/www.oarcanjo.net\/site\/wp-content\/uploads\/Bem-Aventurado-Jose-Allamano.jpg","articleSection":["Testemunhos"],"inLanguage":"pt-BR","potentialAction":[{"@type":"CommentAction","name":"Comment","target":["https:\/\/www.oarcanjo.net\/site\/bem-aventurado-jose-allamano\/#respond"]}]},{"@type":"WebPage","@id":"https:\/\/www.oarcanjo.net\/site\/bem-aventurado-jose-allamano\/","url":"https:\/\/www.oarcanjo.net\/site\/bem-aventurado-jose-allamano\/","name":"Bem Aventurado Jos\u00e9 Allamano - O Arcanjo no ar","isPartOf":{"@id":"https:\/\/www.oarcanjo.net\/site\/#website"},"primaryImageOfPage":{"@id":"https:\/\/www.oarcanjo.net\/site\/bem-aventurado-jose-allamano\/#primaryimage"},"image":{"@id":"https:\/\/www.oarcanjo.net\/site\/bem-aventurado-jose-allamano\/#primaryimage"},"thumbnailUrl":"http:\/\/www.oarcanjo.net\/site\/wp-content\/uploads\/Bem-Aventurado-Jose-Allamano.jpg","datePublished":"2019-02-16T02:10:29+00:00","dateModified":"2019-02-12T19:59:50+00:00","breadcrumb":{"@id":"https:\/\/www.oarcanjo.net\/site\/bem-aventurado-jose-allamano\/#breadcrumb"},"inLanguage":"pt-BR","potentialAction":[{"@type":"ReadAction","target":["https:\/\/www.oarcanjo.net\/site\/bem-aventurado-jose-allamano\/"]}]},{"@type":"ImageObject","inLanguage":"pt-BR","@id":"https:\/\/www.oarcanjo.net\/site\/bem-aventurado-jose-allamano\/#primaryimage","url":"https:\/\/www.oarcanjo.net\/site\/wp-content\/uploads\/Bem-Aventurado-Jose-Allamano.jpg","contentUrl":"https:\/\/www.oarcanjo.net\/site\/wp-content\/uploads\/Bem-Aventurado-Jose-Allamano.jpg","width":240,"height":300,"caption":"Bem Aventurado Jos\u00e9 Allamano"},{"@type":"BreadcrumbList","@id":"https:\/\/www.oarcanjo.net\/site\/bem-aventurado-jose-allamano\/#breadcrumb","itemListElement":[{"@type":"ListItem","position":1,"name":"In\u00edcio","item":"https:\/\/www.oarcanjo.net\/site\/"},{"@type":"ListItem","position":2,"name":"Bem Aventurado Jos\u00e9 Allamano"}]},{"@type":"WebSite","@id":"https:\/\/www.oarcanjo.net\/site\/#website","url":"https:\/\/www.oarcanjo.net\/site\/","name":"O Arcanjo no ar","description":"Site da Par\u00f3quia S\u00e3o Miguel Arcanjo (Arquidiocese de SP)","publisher":{"@id":"https:\/\/www.oarcanjo.net\/site\/#organization"},"potentialAction":[{"@type":"SearchAction","target":{"@type":"EntryPoint","urlTemplate":"https:\/\/www.oarcanjo.net\/site\/?s={search_term_string}"},"query-input":{"@type":"PropertyValueSpecification","valueRequired":true,"valueName":"search_term_string"}}],"inLanguage":"pt-BR"},{"@type":"Organization","@id":"https:\/\/www.oarcanjo.net\/site\/#organization","name":"Par\u00f3quia S\u00e3o Miguel Arcanjo","url":"https:\/\/www.oarcanjo.net\/site\/","logo":{"@type":"ImageObject","inLanguage":"pt-BR","@id":"https:\/\/www.oarcanjo.net\/site\/#\/schema\/logo\/image\/","url":"https:\/\/www.oarcanjo.net\/site\/wp-content\/uploads\/LogoOArcanjo.png","contentUrl":"https:\/\/www.oarcanjo.net\/site\/wp-content\/uploads\/LogoOArcanjo.png","width":319,"height":99,"caption":"Par\u00f3quia S\u00e3o Miguel Arcanjo"},"image":{"@id":"https:\/\/www.oarcanjo.net\/site\/#\/schema\/logo\/image\/"},"sameAs":["https:\/\/www.facebook.com\/OArcanjoNoAr\/"]},{"@type":"Person","@id":"https:\/\/www.oarcanjo.net\/site\/#\/schema\/person\/5eb9480bedd2f3c97e430ce128c29c6c","name":"danilo"}]}},"publishpress_future_action":{"enabled":false,"date":"2026-05-08 02:47:03","action":"category","newStatus":"draft","terms":[],"taxonomy":"category"},"publishpress_future_workflow_manual_trigger":{"enabledWorkflows":[]},"_links":{"self":[{"href":"https:\/\/www.oarcanjo.net\/site\/wp-json\/wp\/v2\/posts\/7786"}],"collection":[{"href":"https:\/\/www.oarcanjo.net\/site\/wp-json\/wp\/v2\/posts"}],"about":[{"href":"https:\/\/www.oarcanjo.net\/site\/wp-json\/wp\/v2\/types\/post"}],"author":[{"embeddable":true,"href":"https:\/\/www.oarcanjo.net\/site\/wp-json\/wp\/v2\/users\/14"}],"replies":[{"embeddable":true,"href":"https:\/\/www.oarcanjo.net\/site\/wp-json\/wp\/v2\/comments?post=7786"}],"version-history":[{"count":1,"href":"https:\/\/www.oarcanjo.net\/site\/wp-json\/wp\/v2\/posts\/7786\/revisions"}],"predecessor-version":[{"id":92812,"href":"https:\/\/www.oarcanjo.net\/site\/wp-json\/wp\/v2\/posts\/7786\/revisions\/92812"}],"wp:attachment":[{"href":"https:\/\/www.oarcanjo.net\/site\/wp-json\/wp\/v2\/media?parent=7786"}],"wp:term":[{"taxonomy":"category","embeddable":true,"href":"https:\/\/www.oarcanjo.net\/site\/wp-json\/wp\/v2\/categories?post=7786"},{"taxonomy":"post_tag","embeddable":true,"href":"https:\/\/www.oarcanjo.net\/site\/wp-json\/wp\/v2\/tags?post=7786"}],"curies":[{"name":"wp","href":"https:\/\/api.w.org\/{rel}","templated":true}]}}