
{"id":7789,"date":"2019-02-16T00:04:45","date_gmt":"2019-02-16T02:04:45","guid":{"rendered":"http:\/\/www.oarcanjo.net\/site\/?p=7789"},"modified":"2019-02-12T18:00:27","modified_gmt":"2019-02-12T20:00:27","slug":"sao-onesimo","status":"publish","type":"post","link":"https:\/\/www.oarcanjo.net\/site\/sao-onesimo\/","title":{"rendered":"S\u00e3o On\u00e9simo"},"content":{"rendered":"<p><img loading=\"lazy\" decoding=\"async\" class=\"alignnone wp-image-69130 size-medium\" src=\"http:\/\/www.oarcanjo.net\/site\/wp-content\/uploads\/Sao-Onesimo-222x300.jpg\" alt=\"S\u00e3o On\u00e9simo\" width=\"222\" height=\"300\" srcset=\"https:\/\/www.oarcanjo.net\/site\/wp-content\/uploads\/Sao-Onesimo-222x300.jpg 222w, https:\/\/www.oarcanjo.net\/site\/wp-content\/uploads\/Sao-Onesimo.jpg 428w\" sizes=\"(max-width: 222px) 100vw, 222px\" \/><\/p>\n<p>16 de Fevereiro<\/p>\n<p>On\u00e9simo era o nome do escravo de um importante e rico cidad\u00e3o chamado Filemon que viveu na Fr\u00edgia, atual Turquia, na \u00c1sia Menor. Filemon, sua esposa e filho, em certa ocasi\u00e3o ouvindo o ap\u00f3stolo Paulo se converteram, tocados pela palavra de Cristo. Paulo batizou a toda a fam\u00edlia e os dois se tornaram amigos. Este escravo, cujo nome em grego significa \u00fatil, roubou dinheiro de seu amo. Assim, temendo ser castigado resolveu fugir.<\/p>\n<p>O castigo para os escravos recapturados era ter a letra &#8220;F&#8221; marcada em brasa na testa e para os ladr\u00f5es era a morte. Por isto foi para Roma onde deve ter cometido alguma infra\u00e7\u00e3o, pois foi preso e algum tempo depois libertado. No c\u00e1rcere conheceu o ap\u00f3stolo Paulo que mais uma vez era prisioneiro dos romanos. Ouvindo sua palavra, o escravo foi tocado pela Paix\u00e3o de Cristo e se arrependeu. Procurando o apostolo, confessou sua culpa e foi perdoado. Assim, On\u00e9simo se converteu e recebeu o batismo do pr\u00f3prio Paulo, que o enviou de volta para o tamb\u00e9m amigo Filemon com uma carta.<\/p>\n<p>Nela, o santo ap\u00f3stolo explicou que estaria disposto a pagar em dinheiro pelo erro do escravo, caso Filemon n\u00e3o o perdoasse, pois estava convencido de que On\u00e9simo estava mudado e se emendara completamente. Narrou a sua convers\u00e3o e, inspirado pelo Esp\u00edrito Santo escreveu: &#8220;Venho suplicar-te por On\u00e9simo, meu filho, que eu gerei na pris\u00e3o. Ele outrora n\u00e3o te foi de grande utilidade, mas agora ser\u00e1 muito \u00fatil, tanto a mim como a ti. Eu envio-o a ti como se fosse o meu pr\u00f3prio cora\u00e7\u00e3o&#8230;.Portanto, se me consideras teu irm\u00e3o na f\u00e9, recebe-o como a mim pr\u00f3prio&#8221;. (Fm 18 e 19)<\/p>\n<p>Sabedor da sinceridade e do poder que Paulo tinha para fazer pessoas se converterem \u00e0 vida crist\u00e3, para dali em diante viverem na honestidade e na caridade, Filemon perdoou On\u00e9simo. Depois, deu total apoio ao seu ex-escravo que passou a trabalhar com a palavra e tamb\u00e9m com seu pr\u00f3prio exemplo.<\/p>\n<p>On\u00e9simo ficou muito ligado ao ap\u00f3stolo Paulo, que o enviou \u00e0 cidade de Colossos como evangelizador. Depois foi consagrado bispo de Efeso, onde substituiu Tim\u00f3teo. Durante sua miss\u00e3o episcopal, a fama de suas virtudes ultrapassou os limites de sua diocese. Segundo uma tradi\u00e7\u00e3o antiga, na \u00e9poca do imperador Domiciano foi preso e levado a Roma, onde morreu apedrejado, como m\u00e1rtir crist\u00e3o.<\/p>\n<p>Embora este acontecimento n\u00e3o tenha total comprova\u00e7\u00e3o, a Igreja incluiu Santo On\u00e9simo entre seus santos, porque s\u00e3o fortes os ind\u00edcios de que seja realmente um m\u00e1rtir do cristianismo dos primeiros tempos.<\/p>\n<div id=\"themify_builder_content-7789\" data-postid=\"7789\" class=\"themify_builder_content themify_builder_content-7789 themify_builder themify_builder_front\">\n\t<\/div>\n<!-- \/themify_builder_content -->","protected":false},"excerpt":{"rendered":"<p>16 de Fevereiro On\u00e9simo era o nome do escravo de um importante e rico cidad\u00e3o chamado Filemon que viveu na Fr\u00edgia, atual Turquia, na \u00c1sia Menor. Filemon, sua esposa e filho, em certa ocasi\u00e3o ouvindo o ap\u00f3stolo Paulo se converteram, tocados pela palavra de Cristo. Paulo batizou a toda a fam\u00edlia e os dois se [&hellip;]<\/p>\n","protected":false},"author":14,"featured_media":0,"comment_status":"open","ping_status":"open","sticky":false,"template":"","format":"standard","meta":{"ngg_post_thumbnail":0,"footnotes":""},"categories":[186],"tags":[],"yoast_head":"<!-- This site is optimized with the Yoast SEO plugin v23.5 - https:\/\/yoast.com\/wordpress\/plugins\/seo\/ -->\n<title>S\u00e3o On\u00e9simo - O Arcanjo no ar<\/title>\n<meta name=\"robots\" content=\"index, follow, max-snippet:-1, max-image-preview:large, max-video-preview:-1\" \/>\n<link rel=\"canonical\" href=\"https:\/\/www.oarcanjo.net\/site\/sao-onesimo\/\" \/>\n<meta property=\"og:locale\" content=\"pt_BR\" \/>\n<meta property=\"og:type\" content=\"article\" \/>\n<meta property=\"og:title\" content=\"S\u00e3o On\u00e9simo - O Arcanjo no ar\" \/>\n<meta property=\"og:description\" content=\"16 de Fevereiro On\u00e9simo era o nome do escravo de um importante e rico cidad\u00e3o chamado Filemon que viveu na Fr\u00edgia, atual Turquia, na \u00c1sia Menor. Filemon, sua esposa e filho, em certa ocasi\u00e3o ouvindo o ap\u00f3stolo Paulo se converteram, tocados pela palavra de Cristo. Paulo batizou a toda a fam\u00edlia e os dois se [&hellip;]\" \/>\n<meta property=\"og:url\" content=\"https:\/\/www.oarcanjo.net\/site\/sao-onesimo\/\" \/>\n<meta property=\"og:site_name\" content=\"O Arcanjo no ar\" \/>\n<meta property=\"article:publisher\" content=\"https:\/\/www.facebook.com\/OArcanjoNoAr\/\" \/>\n<meta property=\"article:published_time\" content=\"2019-02-16T02:04:45+00:00\" \/>\n<meta property=\"article:modified_time\" content=\"2019-02-12T20:00:27+00:00\" \/>\n<meta property=\"og:image\" content=\"http:\/\/www.oarcanjo.net\/site\/wp-content\/uploads\/Sao-Onesimo-222x300.jpg\" \/>\n<meta name=\"author\" content=\"danilo\" \/>\n<meta name=\"twitter:card\" content=\"summary_large_image\" \/>\n<meta name=\"twitter:label1\" content=\"Escrito por\" \/>\n\t<meta name=\"twitter:data1\" content=\"danilo\" \/>\n\t<meta name=\"twitter:label2\" content=\"Est. tempo de leitura\" \/>\n\t<meta name=\"twitter:data2\" content=\"2 minutos\" \/>\n<script type=\"application\/ld+json\" class=\"yoast-schema-graph\">{\"@context\":\"https:\/\/schema.org\",\"@graph\":[{\"@type\":\"Article\",\"@id\":\"https:\/\/www.oarcanjo.net\/site\/sao-onesimo\/#article\",\"isPartOf\":{\"@id\":\"https:\/\/www.oarcanjo.net\/site\/sao-onesimo\/\"},\"author\":{\"name\":\"danilo\",\"@id\":\"https:\/\/www.oarcanjo.net\/site\/#\/schema\/person\/5eb9480bedd2f3c97e430ce128c29c6c\"},\"headline\":\"S\u00e3o On\u00e9simo\",\"datePublished\":\"2019-02-16T02:04:45+00:00\",\"dateModified\":\"2019-02-12T20:00:27+00:00\",\"mainEntityOfPage\":{\"@id\":\"https:\/\/www.oarcanjo.net\/site\/sao-onesimo\/\"},\"wordCount\":463,\"commentCount\":1,\"publisher\":{\"@id\":\"https:\/\/www.oarcanjo.net\/site\/#organization\"},\"image\":{\"@id\":\"https:\/\/www.oarcanjo.net\/site\/sao-onesimo\/#primaryimage\"},\"thumbnailUrl\":\"http:\/\/www.oarcanjo.net\/site\/wp-content\/uploads\/Sao-Onesimo-222x300.jpg\",\"articleSection\":[\"Testemunhos\"],\"inLanguage\":\"pt-BR\",\"potentialAction\":[{\"@type\":\"CommentAction\",\"name\":\"Comment\",\"target\":[\"https:\/\/www.oarcanjo.net\/site\/sao-onesimo\/#respond\"]}]},{\"@type\":\"WebPage\",\"@id\":\"https:\/\/www.oarcanjo.net\/site\/sao-onesimo\/\",\"url\":\"https:\/\/www.oarcanjo.net\/site\/sao-onesimo\/\",\"name\":\"S\u00e3o On\u00e9simo - O Arcanjo no ar\",\"isPartOf\":{\"@id\":\"https:\/\/www.oarcanjo.net\/site\/#website\"},\"primaryImageOfPage\":{\"@id\":\"https:\/\/www.oarcanjo.net\/site\/sao-onesimo\/#primaryimage\"},\"image\":{\"@id\":\"https:\/\/www.oarcanjo.net\/site\/sao-onesimo\/#primaryimage\"},\"thumbnailUrl\":\"http:\/\/www.oarcanjo.net\/site\/wp-content\/uploads\/Sao-Onesimo-222x300.jpg\",\"datePublished\":\"2019-02-16T02:04:45+00:00\",\"dateModified\":\"2019-02-12T20:00:27+00:00\",\"breadcrumb\":{\"@id\":\"https:\/\/www.oarcanjo.net\/site\/sao-onesimo\/#breadcrumb\"},\"inLanguage\":\"pt-BR\",\"potentialAction\":[{\"@type\":\"ReadAction\",\"target\":[\"https:\/\/www.oarcanjo.net\/site\/sao-onesimo\/\"]}]},{\"@type\":\"ImageObject\",\"inLanguage\":\"pt-BR\",\"@id\":\"https:\/\/www.oarcanjo.net\/site\/sao-onesimo\/#primaryimage\",\"url\":\"https:\/\/www.oarcanjo.net\/site\/wp-content\/uploads\/Sao-Onesimo.jpg\",\"contentUrl\":\"https:\/\/www.oarcanjo.net\/site\/wp-content\/uploads\/Sao-Onesimo.jpg\",\"width\":428,\"height\":578,\"caption\":\"S\u00e3o On\u00e9simo\"},{\"@type\":\"BreadcrumbList\",\"@id\":\"https:\/\/www.oarcanjo.net\/site\/sao-onesimo\/#breadcrumb\",\"itemListElement\":[{\"@type\":\"ListItem\",\"position\":1,\"name\":\"In\u00edcio\",\"item\":\"https:\/\/www.oarcanjo.net\/site\/\"},{\"@type\":\"ListItem\",\"position\":2,\"name\":\"S\u00e3o On\u00e9simo\"}]},{\"@type\":\"WebSite\",\"@id\":\"https:\/\/www.oarcanjo.net\/site\/#website\",\"url\":\"https:\/\/www.oarcanjo.net\/site\/\",\"name\":\"O Arcanjo no ar\",\"description\":\"Site da Par\u00f3quia S\u00e3o Miguel Arcanjo (Arquidiocese de SP)\",\"publisher\":{\"@id\":\"https:\/\/www.oarcanjo.net\/site\/#organization\"},\"potentialAction\":[{\"@type\":\"SearchAction\",\"target\":{\"@type\":\"EntryPoint\",\"urlTemplate\":\"https:\/\/www.oarcanjo.net\/site\/?s={search_term_string}\"},\"query-input\":{\"@type\":\"PropertyValueSpecification\",\"valueRequired\":true,\"valueName\":\"search_term_string\"}}],\"inLanguage\":\"pt-BR\"},{\"@type\":\"Organization\",\"@id\":\"https:\/\/www.oarcanjo.net\/site\/#organization\",\"name\":\"Par\u00f3quia S\u00e3o Miguel Arcanjo\",\"url\":\"https:\/\/www.oarcanjo.net\/site\/\",\"logo\":{\"@type\":\"ImageObject\",\"inLanguage\":\"pt-BR\",\"@id\":\"https:\/\/www.oarcanjo.net\/site\/#\/schema\/logo\/image\/\",\"url\":\"https:\/\/www.oarcanjo.net\/site\/wp-content\/uploads\/LogoOArcanjo.png\",\"contentUrl\":\"https:\/\/www.oarcanjo.net\/site\/wp-content\/uploads\/LogoOArcanjo.png\",\"width\":319,\"height\":99,\"caption\":\"Par\u00f3quia S\u00e3o Miguel Arcanjo\"},\"image\":{\"@id\":\"https:\/\/www.oarcanjo.net\/site\/#\/schema\/logo\/image\/\"},\"sameAs\":[\"https:\/\/www.facebook.com\/OArcanjoNoAr\/\"]},{\"@type\":\"Person\",\"@id\":\"https:\/\/www.oarcanjo.net\/site\/#\/schema\/person\/5eb9480bedd2f3c97e430ce128c29c6c\",\"name\":\"danilo\"}]}<\/script>\n<!-- \/ Yoast SEO plugin. -->","yoast_head_json":{"title":"S\u00e3o On\u00e9simo - O Arcanjo no ar","robots":{"index":"index","follow":"follow","max-snippet":"max-snippet:-1","max-image-preview":"max-image-preview:large","max-video-preview":"max-video-preview:-1"},"canonical":"https:\/\/www.oarcanjo.net\/site\/sao-onesimo\/","og_locale":"pt_BR","og_type":"article","og_title":"S\u00e3o On\u00e9simo - O Arcanjo no ar","og_description":"16 de Fevereiro On\u00e9simo era o nome do escravo de um importante e rico cidad\u00e3o chamado Filemon que viveu na Fr\u00edgia, atual Turquia, na \u00c1sia Menor. Filemon, sua esposa e filho, em certa ocasi\u00e3o ouvindo o ap\u00f3stolo Paulo se converteram, tocados pela palavra de Cristo. Paulo batizou a toda a fam\u00edlia e os dois se [&hellip;]","og_url":"https:\/\/www.oarcanjo.net\/site\/sao-onesimo\/","og_site_name":"O Arcanjo no ar","article_publisher":"https:\/\/www.facebook.com\/OArcanjoNoAr\/","article_published_time":"2019-02-16T02:04:45+00:00","article_modified_time":"2019-02-12T20:00:27+00:00","og_image":[{"url":"http:\/\/www.oarcanjo.net\/site\/wp-content\/uploads\/Sao-Onesimo-222x300.jpg"}],"author":"danilo","twitter_card":"summary_large_image","twitter_misc":{"Escrito por":"danilo","Est. tempo de leitura":"2 minutos"},"schema":{"@context":"https:\/\/schema.org","@graph":[{"@type":"Article","@id":"https:\/\/www.oarcanjo.net\/site\/sao-onesimo\/#article","isPartOf":{"@id":"https:\/\/www.oarcanjo.net\/site\/sao-onesimo\/"},"author":{"name":"danilo","@id":"https:\/\/www.oarcanjo.net\/site\/#\/schema\/person\/5eb9480bedd2f3c97e430ce128c29c6c"},"headline":"S\u00e3o On\u00e9simo","datePublished":"2019-02-16T02:04:45+00:00","dateModified":"2019-02-12T20:00:27+00:00","mainEntityOfPage":{"@id":"https:\/\/www.oarcanjo.net\/site\/sao-onesimo\/"},"wordCount":463,"commentCount":1,"publisher":{"@id":"https:\/\/www.oarcanjo.net\/site\/#organization"},"image":{"@id":"https:\/\/www.oarcanjo.net\/site\/sao-onesimo\/#primaryimage"},"thumbnailUrl":"http:\/\/www.oarcanjo.net\/site\/wp-content\/uploads\/Sao-Onesimo-222x300.jpg","articleSection":["Testemunhos"],"inLanguage":"pt-BR","potentialAction":[{"@type":"CommentAction","name":"Comment","target":["https:\/\/www.oarcanjo.net\/site\/sao-onesimo\/#respond"]}]},{"@type":"WebPage","@id":"https:\/\/www.oarcanjo.net\/site\/sao-onesimo\/","url":"https:\/\/www.oarcanjo.net\/site\/sao-onesimo\/","name":"S\u00e3o On\u00e9simo - O Arcanjo no ar","isPartOf":{"@id":"https:\/\/www.oarcanjo.net\/site\/#website"},"primaryImageOfPage":{"@id":"https:\/\/www.oarcanjo.net\/site\/sao-onesimo\/#primaryimage"},"image":{"@id":"https:\/\/www.oarcanjo.net\/site\/sao-onesimo\/#primaryimage"},"thumbnailUrl":"http:\/\/www.oarcanjo.net\/site\/wp-content\/uploads\/Sao-Onesimo-222x300.jpg","datePublished":"2019-02-16T02:04:45+00:00","dateModified":"2019-02-12T20:00:27+00:00","breadcrumb":{"@id":"https:\/\/www.oarcanjo.net\/site\/sao-onesimo\/#breadcrumb"},"inLanguage":"pt-BR","potentialAction":[{"@type":"ReadAction","target":["https:\/\/www.oarcanjo.net\/site\/sao-onesimo\/"]}]},{"@type":"ImageObject","inLanguage":"pt-BR","@id":"https:\/\/www.oarcanjo.net\/site\/sao-onesimo\/#primaryimage","url":"https:\/\/www.oarcanjo.net\/site\/wp-content\/uploads\/Sao-Onesimo.jpg","contentUrl":"https:\/\/www.oarcanjo.net\/site\/wp-content\/uploads\/Sao-Onesimo.jpg","width":428,"height":578,"caption":"S\u00e3o On\u00e9simo"},{"@type":"BreadcrumbList","@id":"https:\/\/www.oarcanjo.net\/site\/sao-onesimo\/#breadcrumb","itemListElement":[{"@type":"ListItem","position":1,"name":"In\u00edcio","item":"https:\/\/www.oarcanjo.net\/site\/"},{"@type":"ListItem","position":2,"name":"S\u00e3o On\u00e9simo"}]},{"@type":"WebSite","@id":"https:\/\/www.oarcanjo.net\/site\/#website","url":"https:\/\/www.oarcanjo.net\/site\/","name":"O Arcanjo no ar","description":"Site da Par\u00f3quia S\u00e3o Miguel Arcanjo (Arquidiocese de SP)","publisher":{"@id":"https:\/\/www.oarcanjo.net\/site\/#organization"},"potentialAction":[{"@type":"SearchAction","target":{"@type":"EntryPoint","urlTemplate":"https:\/\/www.oarcanjo.net\/site\/?s={search_term_string}"},"query-input":{"@type":"PropertyValueSpecification","valueRequired":true,"valueName":"search_term_string"}}],"inLanguage":"pt-BR"},{"@type":"Organization","@id":"https:\/\/www.oarcanjo.net\/site\/#organization","name":"Par\u00f3quia S\u00e3o Miguel Arcanjo","url":"https:\/\/www.oarcanjo.net\/site\/","logo":{"@type":"ImageObject","inLanguage":"pt-BR","@id":"https:\/\/www.oarcanjo.net\/site\/#\/schema\/logo\/image\/","url":"https:\/\/www.oarcanjo.net\/site\/wp-content\/uploads\/LogoOArcanjo.png","contentUrl":"https:\/\/www.oarcanjo.net\/site\/wp-content\/uploads\/LogoOArcanjo.png","width":319,"height":99,"caption":"Par\u00f3quia S\u00e3o Miguel Arcanjo"},"image":{"@id":"https:\/\/www.oarcanjo.net\/site\/#\/schema\/logo\/image\/"},"sameAs":["https:\/\/www.facebook.com\/OArcanjoNoAr\/"]},{"@type":"Person","@id":"https:\/\/www.oarcanjo.net\/site\/#\/schema\/person\/5eb9480bedd2f3c97e430ce128c29c6c","name":"danilo"}]}},"publishpress_future_action":{"enabled":false,"date":"2026-05-08 02:47:41","action":"category","newStatus":"draft","terms":[],"taxonomy":"category"},"publishpress_future_workflow_manual_trigger":{"enabledWorkflows":[]},"_links":{"self":[{"href":"https:\/\/www.oarcanjo.net\/site\/wp-json\/wp\/v2\/posts\/7789"}],"collection":[{"href":"https:\/\/www.oarcanjo.net\/site\/wp-json\/wp\/v2\/posts"}],"about":[{"href":"https:\/\/www.oarcanjo.net\/site\/wp-json\/wp\/v2\/types\/post"}],"author":[{"embeddable":true,"href":"https:\/\/www.oarcanjo.net\/site\/wp-json\/wp\/v2\/users\/14"}],"replies":[{"embeddable":true,"href":"https:\/\/www.oarcanjo.net\/site\/wp-json\/wp\/v2\/comments?post=7789"}],"version-history":[{"count":1,"href":"https:\/\/www.oarcanjo.net\/site\/wp-json\/wp\/v2\/posts\/7789\/revisions"}],"predecessor-version":[{"id":92816,"href":"https:\/\/www.oarcanjo.net\/site\/wp-json\/wp\/v2\/posts\/7789\/revisions\/92816"}],"wp:attachment":[{"href":"https:\/\/www.oarcanjo.net\/site\/wp-json\/wp\/v2\/media?parent=7789"}],"wp:term":[{"taxonomy":"category","embeddable":true,"href":"https:\/\/www.oarcanjo.net\/site\/wp-json\/wp\/v2\/categories?post=7789"},{"taxonomy":"post_tag","embeddable":true,"href":"https:\/\/www.oarcanjo.net\/site\/wp-json\/wp\/v2\/tags?post=7789"}],"curies":[{"name":"wp","href":"https:\/\/api.w.org\/{rel}","templated":true}]}}