
{"id":7791,"date":"2019-02-16T00:30:10","date_gmt":"2019-02-16T02:30:10","guid":{"rendered":"http:\/\/www.oarcanjo.net\/site\/?p=7791"},"modified":"2019-02-12T17:59:54","modified_gmt":"2019-02-12T19:59:54","slug":"bem-aventurada-felipa-mareri","status":"publish","type":"post","link":"https:\/\/www.oarcanjo.net\/site\/bem-aventurada-felipa-mareri\/","title":{"rendered":"Bem Aventurada Felipa Mareri"},"content":{"rendered":"<p><img loading=\"lazy\" decoding=\"async\" class=\"alignnone size-full wp-image-69127\" src=\"http:\/\/www.oarcanjo.net\/site\/wp-content\/uploads\/Bem-Aventurada-Felipa-Mareri.jpg\" alt=\"Bem Aventurada Felipa Mareri\" width=\"214\" height=\"300\" \/><\/p>\n<p>16 de Fevereiro<\/p>\n<p>Felipa pertenceu \u00e0 nobre fam\u00edlia dos Mareri. Nasceu em 1200, no castelo situado no povoado de S\u00e3o Pedro do Molito, nos arredores de Rieti, em N\u00e1polis, It\u00e1lia. Este pequeno burgo, no per\u00edodo medieval, foi passagem obrigat\u00f3ria da estrada que de Assis levava a Roma. Certo dia, neste castelo, a baronesa Felipa Mareri se encontrou com Francisco de Assis, que com o ardor da sua palavra a convenceu, como tinha acontecido algum tempo antes com Clara de Assis, a abandonar as riquezas da casa de sua fam\u00edlia, para se dedicar inteiramente ao Senhor.<\/p>\n<p>Durante quatro anos, Felipa fez do iluminado irm\u00e3o Francisco o seu orientador espiritual. Depois deste per\u00edodo, tomou a resolu\u00e7\u00e3o de se consagrar a Deus, com tanta determina\u00e7\u00e3o que nem as press\u00f5es dos parentes, nem as amea\u00e7as do irm\u00e3o Tom\u00e1s, nem os pedidos dos pretendentes, a fizeram mudar de id\u00e9ia. Inclusive, teve de seguir o exemplo de Clara de Assis e fugiu de casa. Com algumas companheiras se refugiou numa gruta nas proximidades da propriedade dos Mareri, hoje chamada &#8220;Gruta de Santa Felipa&#8221;.<\/p>\n<p>Ap\u00f3s tr\u00eas anos, esta pequena comunidade de &#8220;religiosas da gruta&#8221; ganhou fama devido a dedica\u00e7\u00e3o e seriedade das religiosas, que al\u00e9m da atividade espiritual se dedicavam ao atendimento dos doentes pobres, que lhes pediam aux\u00edlio. Nesta ocasi\u00e3o, seus dois irm\u00e3os, Tom\u00e1s e Gentil, foram ao seu encontro e lhe doaram o castelo de S\u00e3o Pedro de Molito e as terras onde estava constru\u00edda a pequena igreja do povoado.<\/p>\n<p>Felipa foi para l\u00e1 com suas seguidoras, criando assim uma nova ordem religiosa, que ficou sob sua dire\u00e7\u00e3o. A vida da nova Ordem foi organizada segundo o programa tra\u00e7ado por S\u00e3o Francisco para as Clarissas de S\u00e3o Dami\u00e3o. A observ\u00e2ncia espiritual do mosteiro foi confiada ao beato Rugero de Todi, pelo pr\u00f3prio S\u00e3o Francisco.<\/p>\n<p>Sob esta dire\u00e7\u00e3o o mosteiro se tornou uma escola de santidade e a fundadora o exemplo da vida espiritual. A ocupa\u00e7\u00e3o principal da comunidade era o culto e o louvor a Deus, a vida lit\u00fargica, a literatura e o estudo da B\u00edblia. Mas ao lado destas atividades espirituais, o trabalho de assist\u00eancia aos doentes foi assumido como meta do apostolado comunit\u00e1rio. No mosteiro eram feitos os medicamentos para serem distribu\u00eddos gratuitamente aos pobres.<\/p>\n<p>Felipa com o seu estilo de vida, fez reviver algumas p\u00e1ginas do Evangelho, num mundo que as tinha esquecido. Ela morreu com fama de santidade no dia 16 de fevereiro de 1236. A sua sepultura se tornou meta de peregrina\u00e7\u00e3o e logo come\u00e7ou a registrar gra\u00e7as e favores celestiais, concedidos por Deus, pela intercess\u00e3o desta sua serva.<\/p>\n<p>O Papa Inoc\u00eancio IV, em 1247, beatificou a irm\u00e3 Felipa Mareri, que se tornou a primeira religiosa da Segunda Ordem Franciscana, sendo festejada no dia de sua morte. Em 1706, os seus restos mortais foram trasladados para a Cripta da capela da igreja do mosteiro e o seu cora\u00e7\u00e3o que estava incorrupto, colocado num relic\u00e1rio de prata, onde se mant\u00e9m at\u00e9 hoje.<\/p>\n<div id=\"themify_builder_content-7791\" data-postid=\"7791\" class=\"themify_builder_content themify_builder_content-7791 themify_builder themify_builder_front\">\n\t<\/div>\n<!-- \/themify_builder_content -->","protected":false},"excerpt":{"rendered":"<p>16 de Fevereiro Felipa pertenceu \u00e0 nobre fam\u00edlia dos Mareri. Nasceu em 1200, no castelo situado no povoado de S\u00e3o Pedro do Molito, nos arredores de Rieti, em N\u00e1polis, It\u00e1lia. Este pequeno burgo, no per\u00edodo medieval, foi passagem obrigat\u00f3ria da estrada que de Assis levava a Roma. Certo dia, neste castelo, a baronesa Felipa Mareri [&hellip;]<\/p>\n","protected":false},"author":14,"featured_media":0,"comment_status":"open","ping_status":"open","sticky":false,"template":"","format":"standard","meta":{"ngg_post_thumbnail":0,"footnotes":""},"categories":[186],"tags":[],"yoast_head":"<!-- This site is optimized with the Yoast SEO plugin v23.5 - https:\/\/yoast.com\/wordpress\/plugins\/seo\/ -->\n<title>Bem Aventurada Felipa Mareri - O Arcanjo no ar<\/title>\n<meta name=\"robots\" content=\"index, follow, max-snippet:-1, max-image-preview:large, max-video-preview:-1\" \/>\n<link rel=\"canonical\" href=\"https:\/\/www.oarcanjo.net\/site\/bem-aventurada-felipa-mareri\/\" \/>\n<meta property=\"og:locale\" content=\"pt_BR\" \/>\n<meta property=\"og:type\" content=\"article\" \/>\n<meta property=\"og:title\" content=\"Bem Aventurada Felipa Mareri - O Arcanjo no ar\" \/>\n<meta property=\"og:description\" content=\"16 de Fevereiro Felipa pertenceu \u00e0 nobre fam\u00edlia dos Mareri. Nasceu em 1200, no castelo situado no povoado de S\u00e3o Pedro do Molito, nos arredores de Rieti, em N\u00e1polis, It\u00e1lia. Este pequeno burgo, no per\u00edodo medieval, foi passagem obrigat\u00f3ria da estrada que de Assis levava a Roma. Certo dia, neste castelo, a baronesa Felipa Mareri [&hellip;]\" \/>\n<meta property=\"og:url\" content=\"https:\/\/www.oarcanjo.net\/site\/bem-aventurada-felipa-mareri\/\" \/>\n<meta property=\"og:site_name\" content=\"O Arcanjo no ar\" \/>\n<meta property=\"article:publisher\" content=\"https:\/\/www.facebook.com\/OArcanjoNoAr\/\" \/>\n<meta property=\"article:published_time\" content=\"2019-02-16T02:30:10+00:00\" \/>\n<meta property=\"article:modified_time\" content=\"2019-02-12T19:59:54+00:00\" \/>\n<meta property=\"og:image\" content=\"http:\/\/www.oarcanjo.net\/site\/wp-content\/uploads\/Bem-Aventurada-Felipa-Mareri.jpg\" \/>\n<meta name=\"author\" content=\"danilo\" \/>\n<meta name=\"twitter:card\" content=\"summary_large_image\" \/>\n<meta name=\"twitter:label1\" content=\"Escrito por\" \/>\n\t<meta name=\"twitter:data1\" content=\"danilo\" \/>\n\t<meta name=\"twitter:label2\" content=\"Est. tempo de leitura\" \/>\n\t<meta name=\"twitter:data2\" content=\"3 minutos\" \/>\n<script type=\"application\/ld+json\" class=\"yoast-schema-graph\">{\"@context\":\"https:\/\/schema.org\",\"@graph\":[{\"@type\":\"Article\",\"@id\":\"https:\/\/www.oarcanjo.net\/site\/bem-aventurada-felipa-mareri\/#article\",\"isPartOf\":{\"@id\":\"https:\/\/www.oarcanjo.net\/site\/bem-aventurada-felipa-mareri\/\"},\"author\":{\"name\":\"danilo\",\"@id\":\"https:\/\/www.oarcanjo.net\/site\/#\/schema\/person\/5eb9480bedd2f3c97e430ce128c29c6c\"},\"headline\":\"Bem Aventurada Felipa Mareri\",\"datePublished\":\"2019-02-16T02:30:10+00:00\",\"dateModified\":\"2019-02-12T19:59:54+00:00\",\"mainEntityOfPage\":{\"@id\":\"https:\/\/www.oarcanjo.net\/site\/bem-aventurada-felipa-mareri\/\"},\"wordCount\":538,\"commentCount\":0,\"publisher\":{\"@id\":\"https:\/\/www.oarcanjo.net\/site\/#organization\"},\"image\":{\"@id\":\"https:\/\/www.oarcanjo.net\/site\/bem-aventurada-felipa-mareri\/#primaryimage\"},\"thumbnailUrl\":\"http:\/\/www.oarcanjo.net\/site\/wp-content\/uploads\/Bem-Aventurada-Felipa-Mareri.jpg\",\"articleSection\":[\"Testemunhos\"],\"inLanguage\":\"pt-BR\",\"potentialAction\":[{\"@type\":\"CommentAction\",\"name\":\"Comment\",\"target\":[\"https:\/\/www.oarcanjo.net\/site\/bem-aventurada-felipa-mareri\/#respond\"]}]},{\"@type\":\"WebPage\",\"@id\":\"https:\/\/www.oarcanjo.net\/site\/bem-aventurada-felipa-mareri\/\",\"url\":\"https:\/\/www.oarcanjo.net\/site\/bem-aventurada-felipa-mareri\/\",\"name\":\"Bem Aventurada Felipa Mareri - O Arcanjo no ar\",\"isPartOf\":{\"@id\":\"https:\/\/www.oarcanjo.net\/site\/#website\"},\"primaryImageOfPage\":{\"@id\":\"https:\/\/www.oarcanjo.net\/site\/bem-aventurada-felipa-mareri\/#primaryimage\"},\"image\":{\"@id\":\"https:\/\/www.oarcanjo.net\/site\/bem-aventurada-felipa-mareri\/#primaryimage\"},\"thumbnailUrl\":\"http:\/\/www.oarcanjo.net\/site\/wp-content\/uploads\/Bem-Aventurada-Felipa-Mareri.jpg\",\"datePublished\":\"2019-02-16T02:30:10+00:00\",\"dateModified\":\"2019-02-12T19:59:54+00:00\",\"breadcrumb\":{\"@id\":\"https:\/\/www.oarcanjo.net\/site\/bem-aventurada-felipa-mareri\/#breadcrumb\"},\"inLanguage\":\"pt-BR\",\"potentialAction\":[{\"@type\":\"ReadAction\",\"target\":[\"https:\/\/www.oarcanjo.net\/site\/bem-aventurada-felipa-mareri\/\"]}]},{\"@type\":\"ImageObject\",\"inLanguage\":\"pt-BR\",\"@id\":\"https:\/\/www.oarcanjo.net\/site\/bem-aventurada-felipa-mareri\/#primaryimage\",\"url\":\"https:\/\/www.oarcanjo.net\/site\/wp-content\/uploads\/Bem-Aventurada-Felipa-Mareri.jpg\",\"contentUrl\":\"https:\/\/www.oarcanjo.net\/site\/wp-content\/uploads\/Bem-Aventurada-Felipa-Mareri.jpg\",\"width\":214,\"height\":300,\"caption\":\"Bem Aventurada Felipa Mareri\"},{\"@type\":\"BreadcrumbList\",\"@id\":\"https:\/\/www.oarcanjo.net\/site\/bem-aventurada-felipa-mareri\/#breadcrumb\",\"itemListElement\":[{\"@type\":\"ListItem\",\"position\":1,\"name\":\"In\u00edcio\",\"item\":\"https:\/\/www.oarcanjo.net\/site\/\"},{\"@type\":\"ListItem\",\"position\":2,\"name\":\"Bem Aventurada Felipa Mareri\"}]},{\"@type\":\"WebSite\",\"@id\":\"https:\/\/www.oarcanjo.net\/site\/#website\",\"url\":\"https:\/\/www.oarcanjo.net\/site\/\",\"name\":\"O Arcanjo no ar\",\"description\":\"Site da Par\u00f3quia S\u00e3o Miguel Arcanjo (Arquidiocese de SP)\",\"publisher\":{\"@id\":\"https:\/\/www.oarcanjo.net\/site\/#organization\"},\"potentialAction\":[{\"@type\":\"SearchAction\",\"target\":{\"@type\":\"EntryPoint\",\"urlTemplate\":\"https:\/\/www.oarcanjo.net\/site\/?s={search_term_string}\"},\"query-input\":{\"@type\":\"PropertyValueSpecification\",\"valueRequired\":true,\"valueName\":\"search_term_string\"}}],\"inLanguage\":\"pt-BR\"},{\"@type\":\"Organization\",\"@id\":\"https:\/\/www.oarcanjo.net\/site\/#organization\",\"name\":\"Par\u00f3quia S\u00e3o Miguel Arcanjo\",\"url\":\"https:\/\/www.oarcanjo.net\/site\/\",\"logo\":{\"@type\":\"ImageObject\",\"inLanguage\":\"pt-BR\",\"@id\":\"https:\/\/www.oarcanjo.net\/site\/#\/schema\/logo\/image\/\",\"url\":\"https:\/\/www.oarcanjo.net\/site\/wp-content\/uploads\/LogoOArcanjo.png\",\"contentUrl\":\"https:\/\/www.oarcanjo.net\/site\/wp-content\/uploads\/LogoOArcanjo.png\",\"width\":319,\"height\":99,\"caption\":\"Par\u00f3quia S\u00e3o Miguel Arcanjo\"},\"image\":{\"@id\":\"https:\/\/www.oarcanjo.net\/site\/#\/schema\/logo\/image\/\"},\"sameAs\":[\"https:\/\/www.facebook.com\/OArcanjoNoAr\/\"]},{\"@type\":\"Person\",\"@id\":\"https:\/\/www.oarcanjo.net\/site\/#\/schema\/person\/5eb9480bedd2f3c97e430ce128c29c6c\",\"name\":\"danilo\"}]}<\/script>\n<!-- \/ Yoast SEO plugin. -->","yoast_head_json":{"title":"Bem Aventurada Felipa Mareri - O Arcanjo no ar","robots":{"index":"index","follow":"follow","max-snippet":"max-snippet:-1","max-image-preview":"max-image-preview:large","max-video-preview":"max-video-preview:-1"},"canonical":"https:\/\/www.oarcanjo.net\/site\/bem-aventurada-felipa-mareri\/","og_locale":"pt_BR","og_type":"article","og_title":"Bem Aventurada Felipa Mareri - O Arcanjo no ar","og_description":"16 de Fevereiro Felipa pertenceu \u00e0 nobre fam\u00edlia dos Mareri. Nasceu em 1200, no castelo situado no povoado de S\u00e3o Pedro do Molito, nos arredores de Rieti, em N\u00e1polis, It\u00e1lia. Este pequeno burgo, no per\u00edodo medieval, foi passagem obrigat\u00f3ria da estrada que de Assis levava a Roma. Certo dia, neste castelo, a baronesa Felipa Mareri [&hellip;]","og_url":"https:\/\/www.oarcanjo.net\/site\/bem-aventurada-felipa-mareri\/","og_site_name":"O Arcanjo no ar","article_publisher":"https:\/\/www.facebook.com\/OArcanjoNoAr\/","article_published_time":"2019-02-16T02:30:10+00:00","article_modified_time":"2019-02-12T19:59:54+00:00","og_image":[{"url":"http:\/\/www.oarcanjo.net\/site\/wp-content\/uploads\/Bem-Aventurada-Felipa-Mareri.jpg"}],"author":"danilo","twitter_card":"summary_large_image","twitter_misc":{"Escrito por":"danilo","Est. tempo de leitura":"3 minutos"},"schema":{"@context":"https:\/\/schema.org","@graph":[{"@type":"Article","@id":"https:\/\/www.oarcanjo.net\/site\/bem-aventurada-felipa-mareri\/#article","isPartOf":{"@id":"https:\/\/www.oarcanjo.net\/site\/bem-aventurada-felipa-mareri\/"},"author":{"name":"danilo","@id":"https:\/\/www.oarcanjo.net\/site\/#\/schema\/person\/5eb9480bedd2f3c97e430ce128c29c6c"},"headline":"Bem Aventurada Felipa Mareri","datePublished":"2019-02-16T02:30:10+00:00","dateModified":"2019-02-12T19:59:54+00:00","mainEntityOfPage":{"@id":"https:\/\/www.oarcanjo.net\/site\/bem-aventurada-felipa-mareri\/"},"wordCount":538,"commentCount":0,"publisher":{"@id":"https:\/\/www.oarcanjo.net\/site\/#organization"},"image":{"@id":"https:\/\/www.oarcanjo.net\/site\/bem-aventurada-felipa-mareri\/#primaryimage"},"thumbnailUrl":"http:\/\/www.oarcanjo.net\/site\/wp-content\/uploads\/Bem-Aventurada-Felipa-Mareri.jpg","articleSection":["Testemunhos"],"inLanguage":"pt-BR","potentialAction":[{"@type":"CommentAction","name":"Comment","target":["https:\/\/www.oarcanjo.net\/site\/bem-aventurada-felipa-mareri\/#respond"]}]},{"@type":"WebPage","@id":"https:\/\/www.oarcanjo.net\/site\/bem-aventurada-felipa-mareri\/","url":"https:\/\/www.oarcanjo.net\/site\/bem-aventurada-felipa-mareri\/","name":"Bem Aventurada Felipa Mareri - O Arcanjo no ar","isPartOf":{"@id":"https:\/\/www.oarcanjo.net\/site\/#website"},"primaryImageOfPage":{"@id":"https:\/\/www.oarcanjo.net\/site\/bem-aventurada-felipa-mareri\/#primaryimage"},"image":{"@id":"https:\/\/www.oarcanjo.net\/site\/bem-aventurada-felipa-mareri\/#primaryimage"},"thumbnailUrl":"http:\/\/www.oarcanjo.net\/site\/wp-content\/uploads\/Bem-Aventurada-Felipa-Mareri.jpg","datePublished":"2019-02-16T02:30:10+00:00","dateModified":"2019-02-12T19:59:54+00:00","breadcrumb":{"@id":"https:\/\/www.oarcanjo.net\/site\/bem-aventurada-felipa-mareri\/#breadcrumb"},"inLanguage":"pt-BR","potentialAction":[{"@type":"ReadAction","target":["https:\/\/www.oarcanjo.net\/site\/bem-aventurada-felipa-mareri\/"]}]},{"@type":"ImageObject","inLanguage":"pt-BR","@id":"https:\/\/www.oarcanjo.net\/site\/bem-aventurada-felipa-mareri\/#primaryimage","url":"https:\/\/www.oarcanjo.net\/site\/wp-content\/uploads\/Bem-Aventurada-Felipa-Mareri.jpg","contentUrl":"https:\/\/www.oarcanjo.net\/site\/wp-content\/uploads\/Bem-Aventurada-Felipa-Mareri.jpg","width":214,"height":300,"caption":"Bem Aventurada Felipa Mareri"},{"@type":"BreadcrumbList","@id":"https:\/\/www.oarcanjo.net\/site\/bem-aventurada-felipa-mareri\/#breadcrumb","itemListElement":[{"@type":"ListItem","position":1,"name":"In\u00edcio","item":"https:\/\/www.oarcanjo.net\/site\/"},{"@type":"ListItem","position":2,"name":"Bem Aventurada Felipa Mareri"}]},{"@type":"WebSite","@id":"https:\/\/www.oarcanjo.net\/site\/#website","url":"https:\/\/www.oarcanjo.net\/site\/","name":"O Arcanjo no ar","description":"Site da Par\u00f3quia S\u00e3o Miguel Arcanjo (Arquidiocese de SP)","publisher":{"@id":"https:\/\/www.oarcanjo.net\/site\/#organization"},"potentialAction":[{"@type":"SearchAction","target":{"@type":"EntryPoint","urlTemplate":"https:\/\/www.oarcanjo.net\/site\/?s={search_term_string}"},"query-input":{"@type":"PropertyValueSpecification","valueRequired":true,"valueName":"search_term_string"}}],"inLanguage":"pt-BR"},{"@type":"Organization","@id":"https:\/\/www.oarcanjo.net\/site\/#organization","name":"Par\u00f3quia S\u00e3o Miguel Arcanjo","url":"https:\/\/www.oarcanjo.net\/site\/","logo":{"@type":"ImageObject","inLanguage":"pt-BR","@id":"https:\/\/www.oarcanjo.net\/site\/#\/schema\/logo\/image\/","url":"https:\/\/www.oarcanjo.net\/site\/wp-content\/uploads\/LogoOArcanjo.png","contentUrl":"https:\/\/www.oarcanjo.net\/site\/wp-content\/uploads\/LogoOArcanjo.png","width":319,"height":99,"caption":"Par\u00f3quia S\u00e3o Miguel Arcanjo"},"image":{"@id":"https:\/\/www.oarcanjo.net\/site\/#\/schema\/logo\/image\/"},"sameAs":["https:\/\/www.facebook.com\/OArcanjoNoAr\/"]},{"@type":"Person","@id":"https:\/\/www.oarcanjo.net\/site\/#\/schema\/person\/5eb9480bedd2f3c97e430ce128c29c6c","name":"danilo"}]}},"publishpress_future_action":{"enabled":false,"date":"2026-05-08 02:48:36","action":"category","newStatus":"draft","terms":[],"taxonomy":"category"},"publishpress_future_workflow_manual_trigger":{"enabledWorkflows":[]},"_links":{"self":[{"href":"https:\/\/www.oarcanjo.net\/site\/wp-json\/wp\/v2\/posts\/7791"}],"collection":[{"href":"https:\/\/www.oarcanjo.net\/site\/wp-json\/wp\/v2\/posts"}],"about":[{"href":"https:\/\/www.oarcanjo.net\/site\/wp-json\/wp\/v2\/types\/post"}],"author":[{"embeddable":true,"href":"https:\/\/www.oarcanjo.net\/site\/wp-json\/wp\/v2\/users\/14"}],"replies":[{"embeddable":true,"href":"https:\/\/www.oarcanjo.net\/site\/wp-json\/wp\/v2\/comments?post=7791"}],"version-history":[{"count":1,"href":"https:\/\/www.oarcanjo.net\/site\/wp-json\/wp\/v2\/posts\/7791\/revisions"}],"predecessor-version":[{"id":92813,"href":"https:\/\/www.oarcanjo.net\/site\/wp-json\/wp\/v2\/posts\/7791\/revisions\/92813"}],"wp:attachment":[{"href":"https:\/\/www.oarcanjo.net\/site\/wp-json\/wp\/v2\/media?parent=7791"}],"wp:term":[{"taxonomy":"category","embeddable":true,"href":"https:\/\/www.oarcanjo.net\/site\/wp-json\/wp\/v2\/categories?post=7791"},{"taxonomy":"post_tag","embeddable":true,"href":"https:\/\/www.oarcanjo.net\/site\/wp-json\/wp\/v2\/tags?post=7791"}],"curies":[{"name":"wp","href":"https:\/\/api.w.org\/{rel}","templated":true}]}}