
{"id":77932,"date":"2016-11-12T18:45:17","date_gmt":"2016-11-12T20:45:17","guid":{"rendered":"http:\/\/www.oarcanjo.net\/site\/?p=77932"},"modified":"2016-11-12T18:45:18","modified_gmt":"2016-11-12T20:45:18","slug":"os-estudantes-querem-um-outro-brasil-e-um-outro-tipo-de-politica","status":"publish","type":"post","link":"https:\/\/www.oarcanjo.net\/site\/os-estudantes-querem-um-outro-brasil-e-um-outro-tipo-de-politica\/","title":{"rendered":"Os estudantes querem um outro Brasil e um outro tipo de\u00a0pol\u00edtica"},"content":{"rendered":"<p><em>Leonardo Boff<\/em><\/p>\n<p>Seria ing\u00eanuo pensar que o movimento dos estudantes ocupando escolas e universidades se esgota na cr\u00edtica de um dos mais vergonhosos projetos j\u00e1 havidos, da reforma do ensino m\u00e9dio, ou no protesto contra a PEC 241 da C\u00e2mara e agora PEC 55 do Senado, PEC da brutaliza\u00e7\u00e3o contra os mais vulner\u00e1veis da na\u00e7\u00e3o. O que se esconde atr\u00e1s das cr\u00edticas \u00e9 algo mais profundo: a rejei\u00e7\u00e3o do tipo de Brasil que at\u00e9 agora constru\u00edmos e de pol\u00edtica corrupta feita por parlamentares em proveito pr\u00f3prio. Junto vem o lado mais positivo: a demanda por uma outra forma de construir o Brasil e de reinventar uma democracia, n\u00e3o de costas para o povo, mas com ele participando nas discuss\u00f5es e decis\u00f5es das grandes quest\u00f5es nacionais.<\/p>\n<p>J\u00e1 abordei neste espa\u00e7o este tema, a prop\u00f3sito do movimento dos jovens de 2013. Este movimento retorna com mais vigor e mais capacidade de se impor aos respons\u00e1veis pelos destinos de nosso\u00a0 pa\u00eds. Tr\u00eas autores continuam a nos inspirar, pois sempre lutaram por um outro Brasil e sempre foram derrotados.<\/p>\n<p>O primeiro \u00e9 Darcy Ribeiro num texto de 1998 como pref\u00e1cio ao meu livro <em>O caminhar da Igreja com os oprimidos<\/em>: &#8220;N\u00f3s brasileiros surgimos de um empreendimento colonial que n\u00e3o tinha nenhum prop\u00f3sito de fundar um povo. Queria t\u00e3o-somente gerar lucros empresariais export\u00e1veis com pr\u00f3digo desgaste de gentes&#8221;. Esta l\u00f3gica do ultraliberalismo atual se radicalizou no Brasil.<\/p>\n<p>O segundo \u00e9 de Luiz Gonzaga de Souza Lima na mais recente e criativa interpreta\u00e7\u00e3o do Brasil, <em>A refunda\u00e7\u00e3o do Brasil: rumo \u00e0 sociedade biocentrada<\/em> (S\u00e3o Carlos 2011): &#8220;Quando se chega ao fim, l\u00e1 onde acabam os caminhos, \u00e9 porque chegou a hora de inventar outros rumos; \u00e9 hora de outra procura; \u00e9 hora de o Brasil se refundar; a refunda\u00e7\u00e3o \u00e9 o caminho novo e, de todos os poss\u00edveis, \u00e9 aquele que mais vale a pena, j\u00e1 que \u00e9 pr\u00f3prio do ser humano n\u00e3o economizar sonhos e esperan\u00e7as; o Brasil foi fundado como empresa. \u00c9 hora de se refundar como sociedade&#8221;(contra-capa). Essa hora chegou.<\/p>\n<p>O terceiro \u00e9 um escritor franc\u00eas Fran\u00e7ois-Ren\u00e9 de Chateaubriand (1768-1848): &#8220;Nada \u00e9 mais forte do que uma ideia quando chegou o momento de sua realiza\u00e7\u00e3o&#8221;. Tudo indica que este momento de realiza\u00e7\u00e3o est\u00e1 a caminho.<\/p>\n<p>Os jovens que est\u00e3o ocupando os lugares de ensino est\u00e3o revelando mais intelig\u00eancia, a exemplo da jovem Ana J\u00falia Ribeiro, falando na C\u00e2mara Legislativa do Paran\u00e1, do que a maioria dos representantes sentados em nossas casas parlamentares, interessados mais em seus neg\u00f3cios e na pr\u00f3pria reelei\u00e7\u00e3o do que no destino do povo brasileiro.<\/p>\n<p>Sem defini\u00e7\u00e3o partid\u00e1ria, com seus cartazes incisivos ,os estudantes nos querem dizer: <em>estamos cansados do tipo de Brasil que voc\u00eas nos apresentam, com democracia de baixa intensidade, que faz pol\u00edticas ricas para os ricos e pobres para os pobres, na qual as grandes maiorias s\u00e3o feitas invis\u00edveis e jogadas nas periferias, sem estudo, sem sa\u00fade, sem seguran\u00e7a e sem lazer Queremos outro Brasil que esteja \u00e0 altura da nossa consci\u00eancia, feito de povo misturado e junto, alegre, sincr\u00e9tico e tolerante<\/em>.<\/p>\n<p>Efetivamente, at\u00e9 hoje o Brasil foi e continua sendo um ap\u00eandice do grande jogo econ\u00f4mico e pol\u00edtico do mundo. Mesmo politicamente libertados, continuamos sendo recolonizados, esta \u00e9 a palavra exata, recolonizados, pois as pot\u00eancias centrais antes colonizadoras, nos querem manter colonizados, condenando-nos a ser uma grande empresa neocolonial que exporta commodities: gr\u00e3os, carnes, min\u00e9rios. Desta forma nos impedem de realizarmos nosso projeto de na\u00e7\u00e3o independente, soberana e altiva.<\/p>\n<p>Diz com fina sensibilidade social Souza Lima: &#8220;Ainda que nunca tenha existido na realidade, h\u00e1 um Brasil no imagin\u00e1rio e no sonho do povo brasileiro. O Brasil vivido dentro de cada um \u00e9 uma produ\u00e7\u00e3o cultural. A sociedade construiu um Brasil diferente do real hist\u00f3rico, o tal pa\u00eds do futuro, soberano, livre, justo, forte mas sobretudo alegre e feliz&#8221;(p.235). No movimento atual renasce este sonho exuberante de Brasil.<\/p>\n<p>Caio Prado J\u00fanior em sua <em>A revolu\u00e7\u00e3o brasileira<\/em> (Brasiliense 1966) acertadamente escreveu:\u00a0&#8220;O Brasil se encontra num daqueles momentos em que se imp\u00f5em de pronto reformas e transforma\u00e7\u00f5es capazes de reestruturarem a vida do pa\u00eds de maneira consent\u00e2nea com suas necessidades mais gerais e profundas e as aspira\u00e7\u00f5es da grande massa de sua popula\u00e7\u00e3o que, no estado atual, n\u00e3o s\u00e3o devidamente atendidas&#8221;(p. 2).<\/p>\n<p>Com os personagens que est\u00e3o a\u00ed na cena pol\u00edtica, grande parte acusada de corrup\u00e7\u00e3o ou feita r\u00e9u ou condenada, n\u00e3o podemos esperar nada sen\u00e3o mais do mesmo. Devem ser democraticamente alijados da hist\u00f3ria para termos campo limpo para o novo.<\/p>\n<p>Sobre que bases se far\u00e1 a Refunda\u00e7\u00e3o do Brasil? Souza Lima nos diz que \u00e9 sobre aquilo que de mais fecundo e original que temos: a cultura nacional tomada no seu sentido mais amplo que envolve o econ\u00f4mico, o pol\u00edtico e o especificamente cultural: &#8220;\u00c9 atrav\u00e9s de nossa cultura que o povo brasileiro passar\u00e1 a ver suas infinitas possibilidades hist\u00f3ricas. \u00c9 como se a cultura, impulsionada por um poderoso fluxo criativo, tivesse se constitu\u00eddo o suficiente para escapar dos constrangimentos estruturais da depend\u00eancia, da subordina\u00e7\u00e3o e dos limites acanhados da estrutura socioecon\u00f4mica e pol\u00edtica da empresa Brasil e do Estado que ela criou s\u00f3 para si. A cultura brasileira ent\u00e3o escapa da mediocridade da condi\u00e7\u00e3o perif\u00e9rica e se prop\u00f5e a si mesma com pari dignidade em rela\u00e7\u00e3o a todas as culturas, apresentando ao mundo seus conte\u00fados e suas val\u00eancias universais&#8221;(p.127).<\/p>\n<p>Por este texto,\u00a0 Souza Lima se livra da cr\u00edtica justa de Jess\u00e9 Souza, feita \u00e0 maioria de nossos int\u00e9rpretes do status quo hist\u00f3rico: <em>A tolice da intelig\u00eancia brasileira <\/em>(Leya 2015), completada com <em>A readiografia do golpe <\/em>(Leya 2016).<\/p>\n<p>A maioria destes cl\u00e1ssicos int\u00e9rpretes olhou para tr\u00e1s e tentou mostrar como se construiu o Brasil que temos. Souza Lima, como os jovens de hoje, olha para frente e tenta mostrar como podemos refundar um Brasil na nova fase planet\u00e1ria, ecoz\u00f3ica, rumo ao que ele chama &#8220;uma sociedade biocentrada&#8221;.<\/p>\n<p>Ou o Brasil diferente nascer\u00e1 destes jovens estudantes, ou corremos o risco de perdermos novamente o carro da hist\u00f3ria. Eles podem ser os protagonistas daquilo que deve nascer.<\/p>\n<div id=\"themify_builder_content-77932\" data-postid=\"77932\" class=\"themify_builder_content themify_builder_content-77932 themify_builder themify_builder_front\">\n\t<\/div>\n<!-- \/themify_builder_content -->","protected":false},"excerpt":{"rendered":"<p>Leonardo Boff Seria ing\u00eanuo pensar que o movimento dos estudantes ocupando escolas e universidades se esgota na cr\u00edtica de um dos mais vergonhosos projetos j\u00e1 havidos, da reforma do ensino m\u00e9dio, ou no protesto contra a PEC 241 da C\u00e2mara e agora PEC 55 do Senado, PEC da brutaliza\u00e7\u00e3o contra os mais vulner\u00e1veis da na\u00e7\u00e3o. [&hellip;]<\/p>\n","protected":false},"author":5,"featured_media":0,"comment_status":"open","ping_status":"open","sticky":false,"template":"","format":"standard","meta":{"ngg_post_thumbnail":0,"footnotes":""},"categories":[9],"tags":[],"yoast_head":"<!-- This site is optimized with the Yoast SEO plugin v23.5 - https:\/\/yoast.com\/wordpress\/plugins\/seo\/ -->\n<title>Os estudantes querem um outro Brasil e um outro tipo de\u00a0pol\u00edtica - O Arcanjo no ar<\/title>\n<meta name=\"robots\" content=\"index, follow, max-snippet:-1, max-image-preview:large, max-video-preview:-1\" \/>\n<link rel=\"canonical\" href=\"https:\/\/www.oarcanjo.net\/site\/os-estudantes-querem-um-outro-brasil-e-um-outro-tipo-de-politica\/\" \/>\n<meta property=\"og:locale\" content=\"pt_BR\" \/>\n<meta property=\"og:type\" content=\"article\" \/>\n<meta property=\"og:title\" content=\"Os estudantes querem um outro Brasil e um outro tipo de\u00a0pol\u00edtica - O Arcanjo no ar\" \/>\n<meta property=\"og:description\" content=\"Leonardo Boff Seria ing\u00eanuo pensar que o movimento dos estudantes ocupando escolas e universidades se esgota na cr\u00edtica de um dos mais vergonhosos projetos j\u00e1 havidos, da reforma do ensino m\u00e9dio, ou no protesto contra a PEC 241 da C\u00e2mara e agora PEC 55 do Senado, PEC da brutaliza\u00e7\u00e3o contra os mais vulner\u00e1veis da na\u00e7\u00e3o. [&hellip;]\" \/>\n<meta property=\"og:url\" content=\"https:\/\/www.oarcanjo.net\/site\/os-estudantes-querem-um-outro-brasil-e-um-outro-tipo-de-politica\/\" \/>\n<meta property=\"og:site_name\" content=\"O Arcanjo no ar\" \/>\n<meta property=\"article:publisher\" content=\"https:\/\/www.facebook.com\/OArcanjoNoAr\/\" \/>\n<meta property=\"article:published_time\" content=\"2016-11-12T20:45:17+00:00\" \/>\n<meta property=\"article:modified_time\" content=\"2016-11-12T20:45:18+00:00\" \/>\n<meta property=\"og:image\" content=\"https:\/\/www.oarcanjo.net\/site\/wp-content\/uploads\/logo-o-arcanjo-no-ar-facebook.png\" \/>\n\t<meta property=\"og:image:width\" content=\"300\" \/>\n\t<meta property=\"og:image:height\" content=\"300\" \/>\n\t<meta property=\"og:image:type\" content=\"image\/png\" \/>\n<meta name=\"author\" content=\"editor\" \/>\n<meta name=\"twitter:card\" content=\"summary_large_image\" \/>\n<meta name=\"twitter:label1\" content=\"Escrito por\" \/>\n\t<meta name=\"twitter:data1\" content=\"editor\" \/>\n\t<meta name=\"twitter:label2\" content=\"Est. tempo de leitura\" \/>\n\t<meta name=\"twitter:data2\" content=\"5 minutos\" \/>\n<script type=\"application\/ld+json\" class=\"yoast-schema-graph\">{\"@context\":\"https:\/\/schema.org\",\"@graph\":[{\"@type\":\"Article\",\"@id\":\"https:\/\/www.oarcanjo.net\/site\/os-estudantes-querem-um-outro-brasil-e-um-outro-tipo-de-politica\/#article\",\"isPartOf\":{\"@id\":\"https:\/\/www.oarcanjo.net\/site\/os-estudantes-querem-um-outro-brasil-e-um-outro-tipo-de-politica\/\"},\"author\":{\"name\":\"editor\",\"@id\":\"https:\/\/www.oarcanjo.net\/site\/#\/schema\/person\/f7024d007863202483a31326673a0838\"},\"headline\":\"Os estudantes querem um outro Brasil e um outro tipo de\u00a0pol\u00edtica\",\"datePublished\":\"2016-11-12T20:45:17+00:00\",\"dateModified\":\"2016-11-12T20:45:18+00:00\",\"mainEntityOfPage\":{\"@id\":\"https:\/\/www.oarcanjo.net\/site\/os-estudantes-querem-um-outro-brasil-e-um-outro-tipo-de-politica\/\"},\"wordCount\":1102,\"commentCount\":0,\"publisher\":{\"@id\":\"https:\/\/www.oarcanjo.net\/site\/#organization\"},\"articleSection\":[\"Reflex\u00f5es\"],\"inLanguage\":\"pt-BR\",\"potentialAction\":[{\"@type\":\"CommentAction\",\"name\":\"Comment\",\"target\":[\"https:\/\/www.oarcanjo.net\/site\/os-estudantes-querem-um-outro-brasil-e-um-outro-tipo-de-politica\/#respond\"]}]},{\"@type\":\"WebPage\",\"@id\":\"https:\/\/www.oarcanjo.net\/site\/os-estudantes-querem-um-outro-brasil-e-um-outro-tipo-de-politica\/\",\"url\":\"https:\/\/www.oarcanjo.net\/site\/os-estudantes-querem-um-outro-brasil-e-um-outro-tipo-de-politica\/\",\"name\":\"Os estudantes querem um outro Brasil e um outro tipo de\u00a0pol\u00edtica - O Arcanjo no ar\",\"isPartOf\":{\"@id\":\"https:\/\/www.oarcanjo.net\/site\/#website\"},\"datePublished\":\"2016-11-12T20:45:17+00:00\",\"dateModified\":\"2016-11-12T20:45:18+00:00\",\"breadcrumb\":{\"@id\":\"https:\/\/www.oarcanjo.net\/site\/os-estudantes-querem-um-outro-brasil-e-um-outro-tipo-de-politica\/#breadcrumb\"},\"inLanguage\":\"pt-BR\",\"potentialAction\":[{\"@type\":\"ReadAction\",\"target\":[\"https:\/\/www.oarcanjo.net\/site\/os-estudantes-querem-um-outro-brasil-e-um-outro-tipo-de-politica\/\"]}]},{\"@type\":\"BreadcrumbList\",\"@id\":\"https:\/\/www.oarcanjo.net\/site\/os-estudantes-querem-um-outro-brasil-e-um-outro-tipo-de-politica\/#breadcrumb\",\"itemListElement\":[{\"@type\":\"ListItem\",\"position\":1,\"name\":\"In\u00edcio\",\"item\":\"https:\/\/www.oarcanjo.net\/site\/\"},{\"@type\":\"ListItem\",\"position\":2,\"name\":\"Os estudantes querem um outro Brasil e um outro tipo de\u00a0pol\u00edtica\"}]},{\"@type\":\"WebSite\",\"@id\":\"https:\/\/www.oarcanjo.net\/site\/#website\",\"url\":\"https:\/\/www.oarcanjo.net\/site\/\",\"name\":\"O Arcanjo no ar\",\"description\":\"Site da Par\u00f3quia S\u00e3o Miguel Arcanjo (Arquidiocese de SP)\",\"publisher\":{\"@id\":\"https:\/\/www.oarcanjo.net\/site\/#organization\"},\"potentialAction\":[{\"@type\":\"SearchAction\",\"target\":{\"@type\":\"EntryPoint\",\"urlTemplate\":\"https:\/\/www.oarcanjo.net\/site\/?s={search_term_string}\"},\"query-input\":{\"@type\":\"PropertyValueSpecification\",\"valueRequired\":true,\"valueName\":\"search_term_string\"}}],\"inLanguage\":\"pt-BR\"},{\"@type\":\"Organization\",\"@id\":\"https:\/\/www.oarcanjo.net\/site\/#organization\",\"name\":\"Par\u00f3quia S\u00e3o Miguel Arcanjo\",\"url\":\"https:\/\/www.oarcanjo.net\/site\/\",\"logo\":{\"@type\":\"ImageObject\",\"inLanguage\":\"pt-BR\",\"@id\":\"https:\/\/www.oarcanjo.net\/site\/#\/schema\/logo\/image\/\",\"url\":\"https:\/\/www.oarcanjo.net\/site\/wp-content\/uploads\/LogoOArcanjo.png\",\"contentUrl\":\"https:\/\/www.oarcanjo.net\/site\/wp-content\/uploads\/LogoOArcanjo.png\",\"width\":319,\"height\":99,\"caption\":\"Par\u00f3quia S\u00e3o Miguel Arcanjo\"},\"image\":{\"@id\":\"https:\/\/www.oarcanjo.net\/site\/#\/schema\/logo\/image\/\"},\"sameAs\":[\"https:\/\/www.facebook.com\/OArcanjoNoAr\/\"]},{\"@type\":\"Person\",\"@id\":\"https:\/\/www.oarcanjo.net\/site\/#\/schema\/person\/f7024d007863202483a31326673a0838\",\"name\":\"editor\",\"sameAs\":[\"http:\/\/www.oarcanjo.net\"]}]}<\/script>\n<!-- \/ Yoast SEO plugin. -->","yoast_head_json":{"title":"Os estudantes querem um outro Brasil e um outro tipo de\u00a0pol\u00edtica - O Arcanjo no ar","robots":{"index":"index","follow":"follow","max-snippet":"max-snippet:-1","max-image-preview":"max-image-preview:large","max-video-preview":"max-video-preview:-1"},"canonical":"https:\/\/www.oarcanjo.net\/site\/os-estudantes-querem-um-outro-brasil-e-um-outro-tipo-de-politica\/","og_locale":"pt_BR","og_type":"article","og_title":"Os estudantes querem um outro Brasil e um outro tipo de\u00a0pol\u00edtica - O Arcanjo no ar","og_description":"Leonardo Boff Seria ing\u00eanuo pensar que o movimento dos estudantes ocupando escolas e universidades se esgota na cr\u00edtica de um dos mais vergonhosos projetos j\u00e1 havidos, da reforma do ensino m\u00e9dio, ou no protesto contra a PEC 241 da C\u00e2mara e agora PEC 55 do Senado, PEC da brutaliza\u00e7\u00e3o contra os mais vulner\u00e1veis da na\u00e7\u00e3o. [&hellip;]","og_url":"https:\/\/www.oarcanjo.net\/site\/os-estudantes-querem-um-outro-brasil-e-um-outro-tipo-de-politica\/","og_site_name":"O Arcanjo no ar","article_publisher":"https:\/\/www.facebook.com\/OArcanjoNoAr\/","article_published_time":"2016-11-12T20:45:17+00:00","article_modified_time":"2016-11-12T20:45:18+00:00","og_image":[{"width":300,"height":300,"url":"https:\/\/www.oarcanjo.net\/site\/wp-content\/uploads\/logo-o-arcanjo-no-ar-facebook.png","type":"image\/png"}],"author":"editor","twitter_card":"summary_large_image","twitter_misc":{"Escrito por":"editor","Est. tempo de leitura":"5 minutos"},"schema":{"@context":"https:\/\/schema.org","@graph":[{"@type":"Article","@id":"https:\/\/www.oarcanjo.net\/site\/os-estudantes-querem-um-outro-brasil-e-um-outro-tipo-de-politica\/#article","isPartOf":{"@id":"https:\/\/www.oarcanjo.net\/site\/os-estudantes-querem-um-outro-brasil-e-um-outro-tipo-de-politica\/"},"author":{"name":"editor","@id":"https:\/\/www.oarcanjo.net\/site\/#\/schema\/person\/f7024d007863202483a31326673a0838"},"headline":"Os estudantes querem um outro Brasil e um outro tipo de\u00a0pol\u00edtica","datePublished":"2016-11-12T20:45:17+00:00","dateModified":"2016-11-12T20:45:18+00:00","mainEntityOfPage":{"@id":"https:\/\/www.oarcanjo.net\/site\/os-estudantes-querem-um-outro-brasil-e-um-outro-tipo-de-politica\/"},"wordCount":1102,"commentCount":0,"publisher":{"@id":"https:\/\/www.oarcanjo.net\/site\/#organization"},"articleSection":["Reflex\u00f5es"],"inLanguage":"pt-BR","potentialAction":[{"@type":"CommentAction","name":"Comment","target":["https:\/\/www.oarcanjo.net\/site\/os-estudantes-querem-um-outro-brasil-e-um-outro-tipo-de-politica\/#respond"]}]},{"@type":"WebPage","@id":"https:\/\/www.oarcanjo.net\/site\/os-estudantes-querem-um-outro-brasil-e-um-outro-tipo-de-politica\/","url":"https:\/\/www.oarcanjo.net\/site\/os-estudantes-querem-um-outro-brasil-e-um-outro-tipo-de-politica\/","name":"Os estudantes querem um outro Brasil e um outro tipo de\u00a0pol\u00edtica - O Arcanjo no ar","isPartOf":{"@id":"https:\/\/www.oarcanjo.net\/site\/#website"},"datePublished":"2016-11-12T20:45:17+00:00","dateModified":"2016-11-12T20:45:18+00:00","breadcrumb":{"@id":"https:\/\/www.oarcanjo.net\/site\/os-estudantes-querem-um-outro-brasil-e-um-outro-tipo-de-politica\/#breadcrumb"},"inLanguage":"pt-BR","potentialAction":[{"@type":"ReadAction","target":["https:\/\/www.oarcanjo.net\/site\/os-estudantes-querem-um-outro-brasil-e-um-outro-tipo-de-politica\/"]}]},{"@type":"BreadcrumbList","@id":"https:\/\/www.oarcanjo.net\/site\/os-estudantes-querem-um-outro-brasil-e-um-outro-tipo-de-politica\/#breadcrumb","itemListElement":[{"@type":"ListItem","position":1,"name":"In\u00edcio","item":"https:\/\/www.oarcanjo.net\/site\/"},{"@type":"ListItem","position":2,"name":"Os estudantes querem um outro Brasil e um outro tipo de\u00a0pol\u00edtica"}]},{"@type":"WebSite","@id":"https:\/\/www.oarcanjo.net\/site\/#website","url":"https:\/\/www.oarcanjo.net\/site\/","name":"O Arcanjo no ar","description":"Site da Par\u00f3quia S\u00e3o Miguel Arcanjo (Arquidiocese de SP)","publisher":{"@id":"https:\/\/www.oarcanjo.net\/site\/#organization"},"potentialAction":[{"@type":"SearchAction","target":{"@type":"EntryPoint","urlTemplate":"https:\/\/www.oarcanjo.net\/site\/?s={search_term_string}"},"query-input":{"@type":"PropertyValueSpecification","valueRequired":true,"valueName":"search_term_string"}}],"inLanguage":"pt-BR"},{"@type":"Organization","@id":"https:\/\/www.oarcanjo.net\/site\/#organization","name":"Par\u00f3quia S\u00e3o Miguel Arcanjo","url":"https:\/\/www.oarcanjo.net\/site\/","logo":{"@type":"ImageObject","inLanguage":"pt-BR","@id":"https:\/\/www.oarcanjo.net\/site\/#\/schema\/logo\/image\/","url":"https:\/\/www.oarcanjo.net\/site\/wp-content\/uploads\/LogoOArcanjo.png","contentUrl":"https:\/\/www.oarcanjo.net\/site\/wp-content\/uploads\/LogoOArcanjo.png","width":319,"height":99,"caption":"Par\u00f3quia S\u00e3o Miguel Arcanjo"},"image":{"@id":"https:\/\/www.oarcanjo.net\/site\/#\/schema\/logo\/image\/"},"sameAs":["https:\/\/www.facebook.com\/OArcanjoNoAr\/"]},{"@type":"Person","@id":"https:\/\/www.oarcanjo.net\/site\/#\/schema\/person\/f7024d007863202483a31326673a0838","name":"editor","sameAs":["http:\/\/www.oarcanjo.net"]}]}},"publishpress_future_action":{"enabled":false,"date":"2026-05-08 12:25:05","action":"category","newStatus":"draft","terms":[],"taxonomy":"category"},"publishpress_future_workflow_manual_trigger":{"enabledWorkflows":[]},"_links":{"self":[{"href":"https:\/\/www.oarcanjo.net\/site\/wp-json\/wp\/v2\/posts\/77932"}],"collection":[{"href":"https:\/\/www.oarcanjo.net\/site\/wp-json\/wp\/v2\/posts"}],"about":[{"href":"https:\/\/www.oarcanjo.net\/site\/wp-json\/wp\/v2\/types\/post"}],"author":[{"embeddable":true,"href":"https:\/\/www.oarcanjo.net\/site\/wp-json\/wp\/v2\/users\/5"}],"replies":[{"embeddable":true,"href":"https:\/\/www.oarcanjo.net\/site\/wp-json\/wp\/v2\/comments?post=77932"}],"version-history":[{"count":0,"href":"https:\/\/www.oarcanjo.net\/site\/wp-json\/wp\/v2\/posts\/77932\/revisions"}],"wp:attachment":[{"href":"https:\/\/www.oarcanjo.net\/site\/wp-json\/wp\/v2\/media?parent=77932"}],"wp:term":[{"taxonomy":"category","embeddable":true,"href":"https:\/\/www.oarcanjo.net\/site\/wp-json\/wp\/v2\/categories?post=77932"},{"taxonomy":"post_tag","embeddable":true,"href":"https:\/\/www.oarcanjo.net\/site\/wp-json\/wp\/v2\/tags?post=77932"}],"curies":[{"name":"wp","href":"https:\/\/api.w.org\/{rel}","templated":true}]}}