
{"id":77935,"date":"2016-11-14T10:42:20","date_gmt":"2016-11-14T12:42:20","guid":{"rendered":"http:\/\/www.oarcanjo.net\/site\/?p=77935"},"modified":"2016-11-14T10:47:33","modified_gmt":"2016-11-14T12:47:33","slug":"videos-homilia-do-pe-julio-na-missa-de-13112016-33o-domingo-do-tempo-comum","status":"publish","type":"post","link":"https:\/\/www.oarcanjo.net\/site\/videos-homilia-do-pe-julio-na-missa-de-13112016-33o-domingo-do-tempo-comum\/","title":{"rendered":"V\u00cdDEOS: Homilia do Pe. Julio na missa de 13\/11\/2016 &#8211; 33\u00ba Domingo do Tempo Comum"},"content":{"rendered":"<p>&#8220;Cortar o mal pela raiz&#8221; \u00e9 a mensagem central da liturgia do 33\u00ba Domingo do Tempo Comum, celebrado em 13\/11\/2016, data que marcou o encerramento do Ano da Miseric\u00f3rdia nas dioceses e par\u00f3quias. Na reflex\u00e3o sobre as leituras do dia, o Pe. Julio Lancellotti fala das dificuldades, mas tamb\u00e9m da esperan\u00e7a dos crist\u00e3os na luta pela constru\u00e7\u00e3o de um novo mundo:<\/p>\n<p><iframe loading=\"lazy\" src=\"https:\/\/www.youtube.com\/embed\/5hi2V-AJXWA?rel=0\" width=\"700\" height=\"394\" frameborder=\"0\" allowfullscreen=\"allowfullscreen\"><\/iframe><\/p>\n<p>No final da missa, o Pe. Julio Lancellotti retomou a reflex\u00e3o sobre a luta para &#8220;cortar o mal pela raiz&#8221;. Segundo ele, \u00e9 preciso ter consci\u00eancia de que a a\u00e7\u00e3o de Deus se d\u00e1 nos trilhos da hist\u00f3ria e n\u00e3o se esgota em n\u00f3s.<\/p>\n<p><iframe loading=\"lazy\" src=\"https:\/\/www.youtube.com\/embed\/N12fgR-NUU0?rel=0\" width=\"700\" height=\"394\" frameborder=\"0\" allowfullscreen=\"allowfullscreen\"><\/iframe><\/p>\n<p>Grava\u00e7\u00e3o realizada na missa das 18h na igreja S\u00e3o Miguel Arcanjo, em S\u00e3o Paulo.<\/p>\n<div id=\"themify_builder_content-77935\" data-postid=\"77935\" class=\"themify_builder_content themify_builder_content-77935 themify_builder themify_builder_front\">\n\t<\/div>\n<!-- \/themify_builder_content -->","protected":false},"excerpt":{"rendered":"<p>&#8220;Cortar o mal pela raiz&#8221; \u00e9 a mensagem central da liturgia do domingo que marcou o encerramento do Ano da Miseric\u00f3rdia nas dioceses e par\u00f3quias<\/p>\n","protected":false},"author":5,"featured_media":77938,"comment_status":"open","ping_status":"open","sticky":false,"template":"","format":"standard","meta":{"ngg_post_thumbnail":0,"footnotes":""},"categories":[4,3,475],"tags":[],"yoast_head":"<!-- This site is optimized with the Yoast SEO plugin v23.5 - https:\/\/yoast.com\/wordpress\/plugins\/seo\/ -->\n<title>V\u00cdDEOS: Homilia do Pe. Julio na missa de 13\/11\/2016 - 33\u00ba Domingo do Tempo Comum - O Arcanjo no ar<\/title>\n<meta name=\"robots\" content=\"index, follow, max-snippet:-1, max-image-preview:large, max-video-preview:-1\" \/>\n<link rel=\"canonical\" href=\"https:\/\/www.oarcanjo.net\/site\/videos-homilia-do-pe-julio-na-missa-de-13112016-33o-domingo-do-tempo-comum\/\" \/>\n<meta property=\"og:locale\" content=\"pt_BR\" \/>\n<meta property=\"og:type\" content=\"article\" \/>\n<meta property=\"og:title\" content=\"V\u00cdDEOS: Homilia do Pe. Julio na missa de 13\/11\/2016 - 33\u00ba Domingo do Tempo Comum - O Arcanjo no ar\" \/>\n<meta property=\"og:description\" content=\"&quot;Cortar o mal pela raiz&quot; \u00e9 a mensagem central da liturgia do domingo que marcou o encerramento do Ano da Miseric\u00f3rdia nas dioceses e par\u00f3quias\" \/>\n<meta property=\"og:url\" content=\"https:\/\/www.oarcanjo.net\/site\/videos-homilia-do-pe-julio-na-missa-de-13112016-33o-domingo-do-tempo-comum\/\" \/>\n<meta property=\"og:site_name\" content=\"O Arcanjo no ar\" \/>\n<meta property=\"article:publisher\" content=\"https:\/\/www.facebook.com\/OArcanjoNoAr\/\" \/>\n<meta property=\"article:published_time\" content=\"2016-11-14T12:42:20+00:00\" \/>\n<meta property=\"article:modified_time\" content=\"2016-11-14T12:47:33+00:00\" \/>\n<meta property=\"og:image\" content=\"https:\/\/www.oarcanjo.net\/site\/wp-content\/uploads\/20161113Homilia.png\" \/>\n\t<meta property=\"og:image:width\" content=\"1157\" \/>\n\t<meta property=\"og:image:height\" content=\"648\" \/>\n\t<meta property=\"og:image:type\" content=\"image\/png\" \/>\n<meta name=\"author\" content=\"editor\" \/>\n<meta name=\"twitter:card\" content=\"summary_large_image\" \/>\n<meta name=\"twitter:label1\" content=\"Escrito por\" \/>\n\t<meta name=\"twitter:data1\" content=\"editor\" \/>\n\t<meta name=\"twitter:label2\" content=\"Est. tempo de leitura\" \/>\n\t<meta name=\"twitter:data2\" content=\"1 minuto\" \/>\n<script type=\"application\/ld+json\" class=\"yoast-schema-graph\">{\"@context\":\"https:\/\/schema.org\",\"@graph\":[{\"@type\":\"Article\",\"@id\":\"https:\/\/www.oarcanjo.net\/site\/videos-homilia-do-pe-julio-na-missa-de-13112016-33o-domingo-do-tempo-comum\/#article\",\"isPartOf\":{\"@id\":\"https:\/\/www.oarcanjo.net\/site\/videos-homilia-do-pe-julio-na-missa-de-13112016-33o-domingo-do-tempo-comum\/\"},\"author\":{\"name\":\"editor\",\"@id\":\"https:\/\/www.oarcanjo.net\/site\/#\/schema\/person\/f7024d007863202483a31326673a0838\"},\"headline\":\"V\u00cdDEOS: Homilia do Pe. Julio na missa de 13\/11\/2016 &#8211; 33\u00ba Domingo do Tempo Comum\",\"datePublished\":\"2016-11-14T12:42:20+00:00\",\"dateModified\":\"2016-11-14T12:47:33+00:00\",\"mainEntityOfPage\":{\"@id\":\"https:\/\/www.oarcanjo.net\/site\/videos-homilia-do-pe-julio-na-missa-de-13112016-33o-domingo-do-tempo-comum\/\"},\"wordCount\":145,\"commentCount\":0,\"publisher\":{\"@id\":\"https:\/\/www.oarcanjo.net\/site\/#organization\"},\"image\":{\"@id\":\"https:\/\/www.oarcanjo.net\/site\/videos-homilia-do-pe-julio-na-missa-de-13112016-33o-domingo-do-tempo-comum\/#primaryimage\"},\"thumbnailUrl\":\"https:\/\/www.oarcanjo.net\/site\/wp-content\/uploads\/20161113Homilia.png\",\"articleSection\":[\"Blog\",\"Destaques\",\"Homilias\"],\"inLanguage\":\"pt-BR\",\"potentialAction\":[{\"@type\":\"CommentAction\",\"name\":\"Comment\",\"target\":[\"https:\/\/www.oarcanjo.net\/site\/videos-homilia-do-pe-julio-na-missa-de-13112016-33o-domingo-do-tempo-comum\/#respond\"]}]},{\"@type\":\"WebPage\",\"@id\":\"https:\/\/www.oarcanjo.net\/site\/videos-homilia-do-pe-julio-na-missa-de-13112016-33o-domingo-do-tempo-comum\/\",\"url\":\"https:\/\/www.oarcanjo.net\/site\/videos-homilia-do-pe-julio-na-missa-de-13112016-33o-domingo-do-tempo-comum\/\",\"name\":\"V\u00cdDEOS: Homilia do Pe. Julio na missa de 13\/11\/2016 - 33\u00ba Domingo do Tempo Comum - O Arcanjo no ar\",\"isPartOf\":{\"@id\":\"https:\/\/www.oarcanjo.net\/site\/#website\"},\"primaryImageOfPage\":{\"@id\":\"https:\/\/www.oarcanjo.net\/site\/videos-homilia-do-pe-julio-na-missa-de-13112016-33o-domingo-do-tempo-comum\/#primaryimage\"},\"image\":{\"@id\":\"https:\/\/www.oarcanjo.net\/site\/videos-homilia-do-pe-julio-na-missa-de-13112016-33o-domingo-do-tempo-comum\/#primaryimage\"},\"thumbnailUrl\":\"https:\/\/www.oarcanjo.net\/site\/wp-content\/uploads\/20161113Homilia.png\",\"datePublished\":\"2016-11-14T12:42:20+00:00\",\"dateModified\":\"2016-11-14T12:47:33+00:00\",\"breadcrumb\":{\"@id\":\"https:\/\/www.oarcanjo.net\/site\/videos-homilia-do-pe-julio-na-missa-de-13112016-33o-domingo-do-tempo-comum\/#breadcrumb\"},\"inLanguage\":\"pt-BR\",\"potentialAction\":[{\"@type\":\"ReadAction\",\"target\":[\"https:\/\/www.oarcanjo.net\/site\/videos-homilia-do-pe-julio-na-missa-de-13112016-33o-domingo-do-tempo-comum\/\"]}]},{\"@type\":\"ImageObject\",\"inLanguage\":\"pt-BR\",\"@id\":\"https:\/\/www.oarcanjo.net\/site\/videos-homilia-do-pe-julio-na-missa-de-13112016-33o-domingo-do-tempo-comum\/#primaryimage\",\"url\":\"https:\/\/www.oarcanjo.net\/site\/wp-content\/uploads\/20161113Homilia.png\",\"contentUrl\":\"https:\/\/www.oarcanjo.net\/site\/wp-content\/uploads\/20161113Homilia.png\",\"width\":1157,\"height\":648},{\"@type\":\"BreadcrumbList\",\"@id\":\"https:\/\/www.oarcanjo.net\/site\/videos-homilia-do-pe-julio-na-missa-de-13112016-33o-domingo-do-tempo-comum\/#breadcrumb\",\"itemListElement\":[{\"@type\":\"ListItem\",\"position\":1,\"name\":\"In\u00edcio\",\"item\":\"https:\/\/www.oarcanjo.net\/site\/\"},{\"@type\":\"ListItem\",\"position\":2,\"name\":\"V\u00cdDEOS: Homilia do Pe. Julio na missa de 13\/11\/2016 &#8211; 33\u00ba Domingo do Tempo Comum\"}]},{\"@type\":\"WebSite\",\"@id\":\"https:\/\/www.oarcanjo.net\/site\/#website\",\"url\":\"https:\/\/www.oarcanjo.net\/site\/\",\"name\":\"O Arcanjo no ar\",\"description\":\"Site da Par\u00f3quia S\u00e3o Miguel Arcanjo (Arquidiocese de SP)\",\"publisher\":{\"@id\":\"https:\/\/www.oarcanjo.net\/site\/#organization\"},\"potentialAction\":[{\"@type\":\"SearchAction\",\"target\":{\"@type\":\"EntryPoint\",\"urlTemplate\":\"https:\/\/www.oarcanjo.net\/site\/?s={search_term_string}\"},\"query-input\":{\"@type\":\"PropertyValueSpecification\",\"valueRequired\":true,\"valueName\":\"search_term_string\"}}],\"inLanguage\":\"pt-BR\"},{\"@type\":\"Organization\",\"@id\":\"https:\/\/www.oarcanjo.net\/site\/#organization\",\"name\":\"Par\u00f3quia S\u00e3o Miguel Arcanjo\",\"url\":\"https:\/\/www.oarcanjo.net\/site\/\",\"logo\":{\"@type\":\"ImageObject\",\"inLanguage\":\"pt-BR\",\"@id\":\"https:\/\/www.oarcanjo.net\/site\/#\/schema\/logo\/image\/\",\"url\":\"https:\/\/www.oarcanjo.net\/site\/wp-content\/uploads\/LogoOArcanjo.png\",\"contentUrl\":\"https:\/\/www.oarcanjo.net\/site\/wp-content\/uploads\/LogoOArcanjo.png\",\"width\":319,\"height\":99,\"caption\":\"Par\u00f3quia S\u00e3o Miguel Arcanjo\"},\"image\":{\"@id\":\"https:\/\/www.oarcanjo.net\/site\/#\/schema\/logo\/image\/\"},\"sameAs\":[\"https:\/\/www.facebook.com\/OArcanjoNoAr\/\"]},{\"@type\":\"Person\",\"@id\":\"https:\/\/www.oarcanjo.net\/site\/#\/schema\/person\/f7024d007863202483a31326673a0838\",\"name\":\"editor\",\"sameAs\":[\"http:\/\/www.oarcanjo.net\"]}]}<\/script>\n<!-- \/ Yoast SEO plugin. -->","yoast_head_json":{"title":"V\u00cdDEOS: Homilia do Pe. Julio na missa de 13\/11\/2016 - 33\u00ba Domingo do Tempo Comum - O Arcanjo no ar","robots":{"index":"index","follow":"follow","max-snippet":"max-snippet:-1","max-image-preview":"max-image-preview:large","max-video-preview":"max-video-preview:-1"},"canonical":"https:\/\/www.oarcanjo.net\/site\/videos-homilia-do-pe-julio-na-missa-de-13112016-33o-domingo-do-tempo-comum\/","og_locale":"pt_BR","og_type":"article","og_title":"V\u00cdDEOS: Homilia do Pe. Julio na missa de 13\/11\/2016 - 33\u00ba Domingo do Tempo Comum - O Arcanjo no ar","og_description":"\"Cortar o mal pela raiz\" \u00e9 a mensagem central da liturgia do domingo que marcou o encerramento do Ano da Miseric\u00f3rdia nas dioceses e par\u00f3quias","og_url":"https:\/\/www.oarcanjo.net\/site\/videos-homilia-do-pe-julio-na-missa-de-13112016-33o-domingo-do-tempo-comum\/","og_site_name":"O Arcanjo no ar","article_publisher":"https:\/\/www.facebook.com\/OArcanjoNoAr\/","article_published_time":"2016-11-14T12:42:20+00:00","article_modified_time":"2016-11-14T12:47:33+00:00","og_image":[{"width":1157,"height":648,"url":"https:\/\/www.oarcanjo.net\/site\/wp-content\/uploads\/20161113Homilia.png","type":"image\/png"}],"author":"editor","twitter_card":"summary_large_image","twitter_misc":{"Escrito por":"editor","Est. tempo de leitura":"1 minuto"},"schema":{"@context":"https:\/\/schema.org","@graph":[{"@type":"Article","@id":"https:\/\/www.oarcanjo.net\/site\/videos-homilia-do-pe-julio-na-missa-de-13112016-33o-domingo-do-tempo-comum\/#article","isPartOf":{"@id":"https:\/\/www.oarcanjo.net\/site\/videos-homilia-do-pe-julio-na-missa-de-13112016-33o-domingo-do-tempo-comum\/"},"author":{"name":"editor","@id":"https:\/\/www.oarcanjo.net\/site\/#\/schema\/person\/f7024d007863202483a31326673a0838"},"headline":"V\u00cdDEOS: Homilia do Pe. Julio na missa de 13\/11\/2016 &#8211; 33\u00ba Domingo do Tempo Comum","datePublished":"2016-11-14T12:42:20+00:00","dateModified":"2016-11-14T12:47:33+00:00","mainEntityOfPage":{"@id":"https:\/\/www.oarcanjo.net\/site\/videos-homilia-do-pe-julio-na-missa-de-13112016-33o-domingo-do-tempo-comum\/"},"wordCount":145,"commentCount":0,"publisher":{"@id":"https:\/\/www.oarcanjo.net\/site\/#organization"},"image":{"@id":"https:\/\/www.oarcanjo.net\/site\/videos-homilia-do-pe-julio-na-missa-de-13112016-33o-domingo-do-tempo-comum\/#primaryimage"},"thumbnailUrl":"https:\/\/www.oarcanjo.net\/site\/wp-content\/uploads\/20161113Homilia.png","articleSection":["Blog","Destaques","Homilias"],"inLanguage":"pt-BR","potentialAction":[{"@type":"CommentAction","name":"Comment","target":["https:\/\/www.oarcanjo.net\/site\/videos-homilia-do-pe-julio-na-missa-de-13112016-33o-domingo-do-tempo-comum\/#respond"]}]},{"@type":"WebPage","@id":"https:\/\/www.oarcanjo.net\/site\/videos-homilia-do-pe-julio-na-missa-de-13112016-33o-domingo-do-tempo-comum\/","url":"https:\/\/www.oarcanjo.net\/site\/videos-homilia-do-pe-julio-na-missa-de-13112016-33o-domingo-do-tempo-comum\/","name":"V\u00cdDEOS: Homilia do Pe. Julio na missa de 13\/11\/2016 - 33\u00ba Domingo do Tempo Comum - O Arcanjo no ar","isPartOf":{"@id":"https:\/\/www.oarcanjo.net\/site\/#website"},"primaryImageOfPage":{"@id":"https:\/\/www.oarcanjo.net\/site\/videos-homilia-do-pe-julio-na-missa-de-13112016-33o-domingo-do-tempo-comum\/#primaryimage"},"image":{"@id":"https:\/\/www.oarcanjo.net\/site\/videos-homilia-do-pe-julio-na-missa-de-13112016-33o-domingo-do-tempo-comum\/#primaryimage"},"thumbnailUrl":"https:\/\/www.oarcanjo.net\/site\/wp-content\/uploads\/20161113Homilia.png","datePublished":"2016-11-14T12:42:20+00:00","dateModified":"2016-11-14T12:47:33+00:00","breadcrumb":{"@id":"https:\/\/www.oarcanjo.net\/site\/videos-homilia-do-pe-julio-na-missa-de-13112016-33o-domingo-do-tempo-comum\/#breadcrumb"},"inLanguage":"pt-BR","potentialAction":[{"@type":"ReadAction","target":["https:\/\/www.oarcanjo.net\/site\/videos-homilia-do-pe-julio-na-missa-de-13112016-33o-domingo-do-tempo-comum\/"]}]},{"@type":"ImageObject","inLanguage":"pt-BR","@id":"https:\/\/www.oarcanjo.net\/site\/videos-homilia-do-pe-julio-na-missa-de-13112016-33o-domingo-do-tempo-comum\/#primaryimage","url":"https:\/\/www.oarcanjo.net\/site\/wp-content\/uploads\/20161113Homilia.png","contentUrl":"https:\/\/www.oarcanjo.net\/site\/wp-content\/uploads\/20161113Homilia.png","width":1157,"height":648},{"@type":"BreadcrumbList","@id":"https:\/\/www.oarcanjo.net\/site\/videos-homilia-do-pe-julio-na-missa-de-13112016-33o-domingo-do-tempo-comum\/#breadcrumb","itemListElement":[{"@type":"ListItem","position":1,"name":"In\u00edcio","item":"https:\/\/www.oarcanjo.net\/site\/"},{"@type":"ListItem","position":2,"name":"V\u00cdDEOS: Homilia do Pe. Julio na missa de 13\/11\/2016 &#8211; 33\u00ba Domingo do Tempo Comum"}]},{"@type":"WebSite","@id":"https:\/\/www.oarcanjo.net\/site\/#website","url":"https:\/\/www.oarcanjo.net\/site\/","name":"O Arcanjo no ar","description":"Site da Par\u00f3quia S\u00e3o Miguel Arcanjo (Arquidiocese de SP)","publisher":{"@id":"https:\/\/www.oarcanjo.net\/site\/#organization"},"potentialAction":[{"@type":"SearchAction","target":{"@type":"EntryPoint","urlTemplate":"https:\/\/www.oarcanjo.net\/site\/?s={search_term_string}"},"query-input":{"@type":"PropertyValueSpecification","valueRequired":true,"valueName":"search_term_string"}}],"inLanguage":"pt-BR"},{"@type":"Organization","@id":"https:\/\/www.oarcanjo.net\/site\/#organization","name":"Par\u00f3quia S\u00e3o Miguel Arcanjo","url":"https:\/\/www.oarcanjo.net\/site\/","logo":{"@type":"ImageObject","inLanguage":"pt-BR","@id":"https:\/\/www.oarcanjo.net\/site\/#\/schema\/logo\/image\/","url":"https:\/\/www.oarcanjo.net\/site\/wp-content\/uploads\/LogoOArcanjo.png","contentUrl":"https:\/\/www.oarcanjo.net\/site\/wp-content\/uploads\/LogoOArcanjo.png","width":319,"height":99,"caption":"Par\u00f3quia S\u00e3o Miguel Arcanjo"},"image":{"@id":"https:\/\/www.oarcanjo.net\/site\/#\/schema\/logo\/image\/"},"sameAs":["https:\/\/www.facebook.com\/OArcanjoNoAr\/"]},{"@type":"Person","@id":"https:\/\/www.oarcanjo.net\/site\/#\/schema\/person\/f7024d007863202483a31326673a0838","name":"editor","sameAs":["http:\/\/www.oarcanjo.net"]}]}},"publishpress_future_action":{"enabled":false,"date":"2026-05-09 04:50:22","action":"category","newStatus":"draft","terms":[],"taxonomy":"category"},"publishpress_future_workflow_manual_trigger":{"enabledWorkflows":[]},"_links":{"self":[{"href":"https:\/\/www.oarcanjo.net\/site\/wp-json\/wp\/v2\/posts\/77935"}],"collection":[{"href":"https:\/\/www.oarcanjo.net\/site\/wp-json\/wp\/v2\/posts"}],"about":[{"href":"https:\/\/www.oarcanjo.net\/site\/wp-json\/wp\/v2\/types\/post"}],"author":[{"embeddable":true,"href":"https:\/\/www.oarcanjo.net\/site\/wp-json\/wp\/v2\/users\/5"}],"replies":[{"embeddable":true,"href":"https:\/\/www.oarcanjo.net\/site\/wp-json\/wp\/v2\/comments?post=77935"}],"version-history":[{"count":0,"href":"https:\/\/www.oarcanjo.net\/site\/wp-json\/wp\/v2\/posts\/77935\/revisions"}],"wp:featuredmedia":[{"embeddable":true,"href":"https:\/\/www.oarcanjo.net\/site\/wp-json\/wp\/v2\/media\/77938"}],"wp:attachment":[{"href":"https:\/\/www.oarcanjo.net\/site\/wp-json\/wp\/v2\/media?parent=77935"}],"wp:term":[{"taxonomy":"category","embeddable":true,"href":"https:\/\/www.oarcanjo.net\/site\/wp-json\/wp\/v2\/categories?post=77935"},{"taxonomy":"post_tag","embeddable":true,"href":"https:\/\/www.oarcanjo.net\/site\/wp-json\/wp\/v2\/tags?post=77935"}],"curies":[{"name":"wp","href":"https:\/\/api.w.org\/{rel}","templated":true}]}}