
{"id":77955,"date":"2016-11-20T19:09:16","date_gmt":"2016-11-20T21:09:16","guid":{"rendered":"http:\/\/www.oarcanjo.net\/site\/?p=77955"},"modified":"2016-11-20T22:21:50","modified_gmt":"2016-11-21T00:21:50","slug":"igreja-lanca-campanha-pela-evangelizacao-com-o-lema-ele-esta-no-meio-de-nos","status":"publish","type":"post","link":"https:\/\/www.oarcanjo.net\/site\/igreja-lanca-campanha-pela-evangelizacao-com-o-lema-ele-esta-no-meio-de-nos\/","title":{"rendered":"Igreja lan\u00e7a campanha pela evangeliza\u00e7\u00e3o com o lema &#8220;Ele est\u00e1 no meio de n\u00f3s&#8221;"},"content":{"rendered":"<p>No tempo do Advento, que marca a prepara\u00e7\u00e3o para o Natal e a chegada de Jesus, a Igreja do Brasil realiza a campanha <strong>EvangeliJ\u00e1<\/strong> que este ano tem o lema &#8220;Ele est\u00e1 no meio de n\u00f3s&#8221;. Nesse per\u00edodo, os crist\u00e3os s\u00e3o chamados a refletir e apoiar a a\u00e7\u00e3o evangelizadora da Igreja no Brasil.<\/p>\n<p>A abertura da campanha acontece na festa de Cristo Rei, que encerra o ano lit\u00fargico. Ela se estende at\u00e9 o 3\u00ba Domingo do Advento, este ano dia 11\/12, quando haver\u00e1 a coleta para a evangeliza\u00e7\u00e3o em todas as par\u00f3quias e comunidades do Brasil.<\/p>\n<p>Campanha para a Evangeliza\u00e7\u00e3o (CE) reflete compromisso com a miss\u00e3o da Igreja<\/p>\n<p>Criada em 1997, durante a Assembleia Geral da CNBB, e iniciada em 1998, a Campanha tem como objetivo favorecer a viv\u00eancia do tempo lit\u00fargico do Advento e mobilizar a todos para uma Coleta Nacional que ofere\u00e7a recursos a serem aplicados na sustenta\u00e7\u00e3o do trabalho mission\u00e1rio no Brasil. Tal iniciativa considera a ajuda para dioceses de regi\u00f5es mais desassistidas e necessitadas.<\/p>\n<p>No texto motivacional da CE, encontra-se a seguinte explica\u00e7\u00e3o: \u201cA Campanha da Evangeliza\u00e7\u00e3o deseja suscitar um renovado amor mission\u00e1rio nos fieis. Assim, seguindo o exemplo do Pai das miseric\u00f3rdias, que saiu ao encontro dos dois filhos que necessitavam de acolhimento e compreens\u00e3o, todos anunciar\u00e3o ao mundo que, n\u00e3o obstante nossas faltas e desmerecimentos, somos profundamente amados pelo Pai e podemos fazer a experi\u00eancia da presen\u00e7a do Senhor no meio de n\u00f3s&#8221;.<\/p>\n<p>A Campanha para a Evangeliza\u00e7\u00e3o segue o exemplo das primeiras comunidades \u00e0s quais Paulo recomendava que os que t\u00eam se enrique\u00e7am de boas obras, deem com prodigalidade e repartam com os demais (Cf. 2Cor 8-9). Sua cria\u00e7\u00e3o foi inspirada tamb\u00e9m na experi\u00eancia de cat\u00f3licos generosos de v\u00e1rias partes do mundo.<\/p>\n<p><img loading=\"lazy\" decoding=\"async\" class=\"alignnone  wp-image-77958\" src=\"http:\/\/www.oarcanjo.net\/site\/wp-content\/uploads\/CartazEvangeliJa2016.png\" alt=\"CartazEvangeliJa2016\" width=\"405\" height=\"494\" srcset=\"https:\/\/www.oarcanjo.net\/site\/wp-content\/uploads\/CartazEvangeliJa2016.png 571w, https:\/\/www.oarcanjo.net\/site\/wp-content\/uploads\/CartazEvangeliJa2016-246x300.png 246w\" sizes=\"(max-width: 405px) 100vw, 405px\" \/><\/p>\n<p>O cartaz deste ano convida \u00e0 reflex\u00e3o do dinamismo evangelizador que nasce da experi\u00eancia que a comunidade de f\u00e9 faz ao contemplar, no Menino Jesus, o Emanuel, o Deus conosco. \u201cNele, o papa Francisco nos convida a enxergar al\u00e9m do que vemos, percebendo as necessidades materiais e espirituais dos filhos e das filhas da Igreja. Isso, contudo, s\u00f3 ser\u00e1 poss\u00edvel se nos abrirmos \u00e0 compreens\u00e3o do \u2018Emanuel\u2019 anunciado pelo evangelista Mateus\u201d, motiva o texto da Campanha.<\/p>\n<p><strong>Ora\u00e7\u00e3o da CE<\/strong><br \/>\nPai Santo,<br \/>\nquisestes que a vossa Igreja fosse no mundo fonte de salva\u00e7\u00e3o para todas as na\u00e7\u00f5es,<br \/>\na fim de que a obra do Cristo que vem continue at\u00e9 o fim dos tempos.<br \/>\nAumentai em n\u00f3s o ardor da evangeliza\u00e7\u00e3o, derramando o Esp\u00edrito prometido,<br \/>\ne fazei brotar em nossos cora\u00e7\u00f5es a resposta da f\u00e9.<br \/>\nPor Cristo, nosso Senhor.<br \/>\nAm\u00e9m!<\/p>\n<div id=\"themify_builder_content-77955\" data-postid=\"77955\" class=\"themify_builder_content themify_builder_content-77955 themify_builder themify_builder_front\">\n\t<\/div>\n<!-- \/themify_builder_content -->","protected":false},"excerpt":{"rendered":"<p>No tempo do Advento, que marca a prepara\u00e7\u00e3o para o Natal e a chegada de Jesus, a Igreja do Brasil realiza a campanha EvangeliJ\u00e1<\/p>\n","protected":false},"author":5,"featured_media":77958,"comment_status":"open","ping_status":"open","sticky":false,"template":"","format":"standard","meta":{"ngg_post_thumbnail":0,"footnotes":""},"categories":[8],"tags":[],"yoast_head":"<!-- This site is optimized with the Yoast SEO plugin v23.5 - https:\/\/yoast.com\/wordpress\/plugins\/seo\/ -->\n<title>Igreja lan\u00e7a campanha pela evangeliza\u00e7\u00e3o com o lema &quot;Ele est\u00e1 no meio de n\u00f3s&quot; - O Arcanjo no ar<\/title>\n<meta name=\"robots\" content=\"index, follow, max-snippet:-1, max-image-preview:large, max-video-preview:-1\" \/>\n<link rel=\"canonical\" href=\"https:\/\/www.oarcanjo.net\/site\/igreja-lanca-campanha-pela-evangelizacao-com-o-lema-ele-esta-no-meio-de-nos\/\" \/>\n<meta property=\"og:locale\" content=\"pt_BR\" \/>\n<meta property=\"og:type\" content=\"article\" \/>\n<meta property=\"og:title\" content=\"Igreja lan\u00e7a campanha pela evangeliza\u00e7\u00e3o com o lema &quot;Ele est\u00e1 no meio de n\u00f3s&quot; - O Arcanjo no ar\" \/>\n<meta property=\"og:description\" content=\"No tempo do Advento, que marca a prepara\u00e7\u00e3o para o Natal e a chegada de Jesus, a Igreja do Brasil realiza a campanha EvangeliJ\u00e1\" \/>\n<meta property=\"og:url\" content=\"https:\/\/www.oarcanjo.net\/site\/igreja-lanca-campanha-pela-evangelizacao-com-o-lema-ele-esta-no-meio-de-nos\/\" \/>\n<meta property=\"og:site_name\" content=\"O Arcanjo no ar\" \/>\n<meta property=\"article:publisher\" content=\"https:\/\/www.facebook.com\/OArcanjoNoAr\/\" \/>\n<meta property=\"article:published_time\" content=\"2016-11-20T21:09:16+00:00\" \/>\n<meta property=\"article:modified_time\" content=\"2016-11-21T00:21:50+00:00\" \/>\n<meta property=\"og:image\" content=\"https:\/\/www.oarcanjo.net\/site\/wp-content\/uploads\/CartazEvangeliJa2016.png\" \/>\n\t<meta property=\"og:image:width\" content=\"571\" \/>\n\t<meta property=\"og:image:height\" content=\"696\" \/>\n\t<meta property=\"og:image:type\" content=\"image\/png\" \/>\n<meta name=\"author\" content=\"editor\" \/>\n<meta name=\"twitter:card\" content=\"summary_large_image\" \/>\n<meta name=\"twitter:label1\" content=\"Escrito por\" \/>\n\t<meta name=\"twitter:data1\" content=\"editor\" \/>\n\t<meta name=\"twitter:label2\" content=\"Est. tempo de leitura\" \/>\n\t<meta name=\"twitter:data2\" content=\"2 minutos\" \/>\n<script type=\"application\/ld+json\" class=\"yoast-schema-graph\">{\"@context\":\"https:\/\/schema.org\",\"@graph\":[{\"@type\":\"Article\",\"@id\":\"https:\/\/www.oarcanjo.net\/site\/igreja-lanca-campanha-pela-evangelizacao-com-o-lema-ele-esta-no-meio-de-nos\/#article\",\"isPartOf\":{\"@id\":\"https:\/\/www.oarcanjo.net\/site\/igreja-lanca-campanha-pela-evangelizacao-com-o-lema-ele-esta-no-meio-de-nos\/\"},\"author\":{\"name\":\"editor\",\"@id\":\"https:\/\/www.oarcanjo.net\/site\/#\/schema\/person\/f7024d007863202483a31326673a0838\"},\"headline\":\"Igreja lan\u00e7a campanha pela evangeliza\u00e7\u00e3o com o lema &#8220;Ele est\u00e1 no meio de n\u00f3s&#8221;\",\"datePublished\":\"2016-11-20T21:09:16+00:00\",\"dateModified\":\"2016-11-21T00:21:50+00:00\",\"mainEntityOfPage\":{\"@id\":\"https:\/\/www.oarcanjo.net\/site\/igreja-lanca-campanha-pela-evangelizacao-com-o-lema-ele-esta-no-meio-de-nos\/\"},\"wordCount\":486,\"commentCount\":0,\"publisher\":{\"@id\":\"https:\/\/www.oarcanjo.net\/site\/#organization\"},\"image\":{\"@id\":\"https:\/\/www.oarcanjo.net\/site\/igreja-lanca-campanha-pela-evangelizacao-com-o-lema-ele-esta-no-meio-de-nos\/#primaryimage\"},\"thumbnailUrl\":\"https:\/\/www.oarcanjo.net\/site\/wp-content\/uploads\/CartazEvangeliJa2016.png\",\"articleSection\":[\"Not\u00edcias\"],\"inLanguage\":\"pt-BR\",\"potentialAction\":[{\"@type\":\"CommentAction\",\"name\":\"Comment\",\"target\":[\"https:\/\/www.oarcanjo.net\/site\/igreja-lanca-campanha-pela-evangelizacao-com-o-lema-ele-esta-no-meio-de-nos\/#respond\"]}]},{\"@type\":\"WebPage\",\"@id\":\"https:\/\/www.oarcanjo.net\/site\/igreja-lanca-campanha-pela-evangelizacao-com-o-lema-ele-esta-no-meio-de-nos\/\",\"url\":\"https:\/\/www.oarcanjo.net\/site\/igreja-lanca-campanha-pela-evangelizacao-com-o-lema-ele-esta-no-meio-de-nos\/\",\"name\":\"Igreja lan\u00e7a campanha pela evangeliza\u00e7\u00e3o com o lema \\\"Ele est\u00e1 no meio de n\u00f3s\\\" - O Arcanjo no ar\",\"isPartOf\":{\"@id\":\"https:\/\/www.oarcanjo.net\/site\/#website\"},\"primaryImageOfPage\":{\"@id\":\"https:\/\/www.oarcanjo.net\/site\/igreja-lanca-campanha-pela-evangelizacao-com-o-lema-ele-esta-no-meio-de-nos\/#primaryimage\"},\"image\":{\"@id\":\"https:\/\/www.oarcanjo.net\/site\/igreja-lanca-campanha-pela-evangelizacao-com-o-lema-ele-esta-no-meio-de-nos\/#primaryimage\"},\"thumbnailUrl\":\"https:\/\/www.oarcanjo.net\/site\/wp-content\/uploads\/CartazEvangeliJa2016.png\",\"datePublished\":\"2016-11-20T21:09:16+00:00\",\"dateModified\":\"2016-11-21T00:21:50+00:00\",\"breadcrumb\":{\"@id\":\"https:\/\/www.oarcanjo.net\/site\/igreja-lanca-campanha-pela-evangelizacao-com-o-lema-ele-esta-no-meio-de-nos\/#breadcrumb\"},\"inLanguage\":\"pt-BR\",\"potentialAction\":[{\"@type\":\"ReadAction\",\"target\":[\"https:\/\/www.oarcanjo.net\/site\/igreja-lanca-campanha-pela-evangelizacao-com-o-lema-ele-esta-no-meio-de-nos\/\"]}]},{\"@type\":\"ImageObject\",\"inLanguage\":\"pt-BR\",\"@id\":\"https:\/\/www.oarcanjo.net\/site\/igreja-lanca-campanha-pela-evangelizacao-com-o-lema-ele-esta-no-meio-de-nos\/#primaryimage\",\"url\":\"https:\/\/www.oarcanjo.net\/site\/wp-content\/uploads\/CartazEvangeliJa2016.png\",\"contentUrl\":\"https:\/\/www.oarcanjo.net\/site\/wp-content\/uploads\/CartazEvangeliJa2016.png\",\"width\":571,\"height\":696},{\"@type\":\"BreadcrumbList\",\"@id\":\"https:\/\/www.oarcanjo.net\/site\/igreja-lanca-campanha-pela-evangelizacao-com-o-lema-ele-esta-no-meio-de-nos\/#breadcrumb\",\"itemListElement\":[{\"@type\":\"ListItem\",\"position\":1,\"name\":\"In\u00edcio\",\"item\":\"https:\/\/www.oarcanjo.net\/site\/\"},{\"@type\":\"ListItem\",\"position\":2,\"name\":\"Igreja lan\u00e7a campanha pela evangeliza\u00e7\u00e3o com o lema &#8220;Ele est\u00e1 no meio de n\u00f3s&#8221;\"}]},{\"@type\":\"WebSite\",\"@id\":\"https:\/\/www.oarcanjo.net\/site\/#website\",\"url\":\"https:\/\/www.oarcanjo.net\/site\/\",\"name\":\"O Arcanjo no ar\",\"description\":\"Site da Par\u00f3quia S\u00e3o Miguel Arcanjo (Arquidiocese de SP)\",\"publisher\":{\"@id\":\"https:\/\/www.oarcanjo.net\/site\/#organization\"},\"potentialAction\":[{\"@type\":\"SearchAction\",\"target\":{\"@type\":\"EntryPoint\",\"urlTemplate\":\"https:\/\/www.oarcanjo.net\/site\/?s={search_term_string}\"},\"query-input\":{\"@type\":\"PropertyValueSpecification\",\"valueRequired\":true,\"valueName\":\"search_term_string\"}}],\"inLanguage\":\"pt-BR\"},{\"@type\":\"Organization\",\"@id\":\"https:\/\/www.oarcanjo.net\/site\/#organization\",\"name\":\"Par\u00f3quia S\u00e3o Miguel Arcanjo\",\"url\":\"https:\/\/www.oarcanjo.net\/site\/\",\"logo\":{\"@type\":\"ImageObject\",\"inLanguage\":\"pt-BR\",\"@id\":\"https:\/\/www.oarcanjo.net\/site\/#\/schema\/logo\/image\/\",\"url\":\"https:\/\/www.oarcanjo.net\/site\/wp-content\/uploads\/LogoOArcanjo.png\",\"contentUrl\":\"https:\/\/www.oarcanjo.net\/site\/wp-content\/uploads\/LogoOArcanjo.png\",\"width\":319,\"height\":99,\"caption\":\"Par\u00f3quia S\u00e3o Miguel Arcanjo\"},\"image\":{\"@id\":\"https:\/\/www.oarcanjo.net\/site\/#\/schema\/logo\/image\/\"},\"sameAs\":[\"https:\/\/www.facebook.com\/OArcanjoNoAr\/\"]},{\"@type\":\"Person\",\"@id\":\"https:\/\/www.oarcanjo.net\/site\/#\/schema\/person\/f7024d007863202483a31326673a0838\",\"name\":\"editor\",\"sameAs\":[\"http:\/\/www.oarcanjo.net\"]}]}<\/script>\n<!-- \/ Yoast SEO plugin. -->","yoast_head_json":{"title":"Igreja lan\u00e7a campanha pela evangeliza\u00e7\u00e3o com o lema \"Ele est\u00e1 no meio de n\u00f3s\" - O Arcanjo no ar","robots":{"index":"index","follow":"follow","max-snippet":"max-snippet:-1","max-image-preview":"max-image-preview:large","max-video-preview":"max-video-preview:-1"},"canonical":"https:\/\/www.oarcanjo.net\/site\/igreja-lanca-campanha-pela-evangelizacao-com-o-lema-ele-esta-no-meio-de-nos\/","og_locale":"pt_BR","og_type":"article","og_title":"Igreja lan\u00e7a campanha pela evangeliza\u00e7\u00e3o com o lema \"Ele est\u00e1 no meio de n\u00f3s\" - O Arcanjo no ar","og_description":"No tempo do Advento, que marca a prepara\u00e7\u00e3o para o Natal e a chegada de Jesus, a Igreja do Brasil realiza a campanha EvangeliJ\u00e1","og_url":"https:\/\/www.oarcanjo.net\/site\/igreja-lanca-campanha-pela-evangelizacao-com-o-lema-ele-esta-no-meio-de-nos\/","og_site_name":"O Arcanjo no ar","article_publisher":"https:\/\/www.facebook.com\/OArcanjoNoAr\/","article_published_time":"2016-11-20T21:09:16+00:00","article_modified_time":"2016-11-21T00:21:50+00:00","og_image":[{"width":571,"height":696,"url":"https:\/\/www.oarcanjo.net\/site\/wp-content\/uploads\/CartazEvangeliJa2016.png","type":"image\/png"}],"author":"editor","twitter_card":"summary_large_image","twitter_misc":{"Escrito por":"editor","Est. tempo de leitura":"2 minutos"},"schema":{"@context":"https:\/\/schema.org","@graph":[{"@type":"Article","@id":"https:\/\/www.oarcanjo.net\/site\/igreja-lanca-campanha-pela-evangelizacao-com-o-lema-ele-esta-no-meio-de-nos\/#article","isPartOf":{"@id":"https:\/\/www.oarcanjo.net\/site\/igreja-lanca-campanha-pela-evangelizacao-com-o-lema-ele-esta-no-meio-de-nos\/"},"author":{"name":"editor","@id":"https:\/\/www.oarcanjo.net\/site\/#\/schema\/person\/f7024d007863202483a31326673a0838"},"headline":"Igreja lan\u00e7a campanha pela evangeliza\u00e7\u00e3o com o lema &#8220;Ele est\u00e1 no meio de n\u00f3s&#8221;","datePublished":"2016-11-20T21:09:16+00:00","dateModified":"2016-11-21T00:21:50+00:00","mainEntityOfPage":{"@id":"https:\/\/www.oarcanjo.net\/site\/igreja-lanca-campanha-pela-evangelizacao-com-o-lema-ele-esta-no-meio-de-nos\/"},"wordCount":486,"commentCount":0,"publisher":{"@id":"https:\/\/www.oarcanjo.net\/site\/#organization"},"image":{"@id":"https:\/\/www.oarcanjo.net\/site\/igreja-lanca-campanha-pela-evangelizacao-com-o-lema-ele-esta-no-meio-de-nos\/#primaryimage"},"thumbnailUrl":"https:\/\/www.oarcanjo.net\/site\/wp-content\/uploads\/CartazEvangeliJa2016.png","articleSection":["Not\u00edcias"],"inLanguage":"pt-BR","potentialAction":[{"@type":"CommentAction","name":"Comment","target":["https:\/\/www.oarcanjo.net\/site\/igreja-lanca-campanha-pela-evangelizacao-com-o-lema-ele-esta-no-meio-de-nos\/#respond"]}]},{"@type":"WebPage","@id":"https:\/\/www.oarcanjo.net\/site\/igreja-lanca-campanha-pela-evangelizacao-com-o-lema-ele-esta-no-meio-de-nos\/","url":"https:\/\/www.oarcanjo.net\/site\/igreja-lanca-campanha-pela-evangelizacao-com-o-lema-ele-esta-no-meio-de-nos\/","name":"Igreja lan\u00e7a campanha pela evangeliza\u00e7\u00e3o com o lema \"Ele est\u00e1 no meio de n\u00f3s\" - O Arcanjo no ar","isPartOf":{"@id":"https:\/\/www.oarcanjo.net\/site\/#website"},"primaryImageOfPage":{"@id":"https:\/\/www.oarcanjo.net\/site\/igreja-lanca-campanha-pela-evangelizacao-com-o-lema-ele-esta-no-meio-de-nos\/#primaryimage"},"image":{"@id":"https:\/\/www.oarcanjo.net\/site\/igreja-lanca-campanha-pela-evangelizacao-com-o-lema-ele-esta-no-meio-de-nos\/#primaryimage"},"thumbnailUrl":"https:\/\/www.oarcanjo.net\/site\/wp-content\/uploads\/CartazEvangeliJa2016.png","datePublished":"2016-11-20T21:09:16+00:00","dateModified":"2016-11-21T00:21:50+00:00","breadcrumb":{"@id":"https:\/\/www.oarcanjo.net\/site\/igreja-lanca-campanha-pela-evangelizacao-com-o-lema-ele-esta-no-meio-de-nos\/#breadcrumb"},"inLanguage":"pt-BR","potentialAction":[{"@type":"ReadAction","target":["https:\/\/www.oarcanjo.net\/site\/igreja-lanca-campanha-pela-evangelizacao-com-o-lema-ele-esta-no-meio-de-nos\/"]}]},{"@type":"ImageObject","inLanguage":"pt-BR","@id":"https:\/\/www.oarcanjo.net\/site\/igreja-lanca-campanha-pela-evangelizacao-com-o-lema-ele-esta-no-meio-de-nos\/#primaryimage","url":"https:\/\/www.oarcanjo.net\/site\/wp-content\/uploads\/CartazEvangeliJa2016.png","contentUrl":"https:\/\/www.oarcanjo.net\/site\/wp-content\/uploads\/CartazEvangeliJa2016.png","width":571,"height":696},{"@type":"BreadcrumbList","@id":"https:\/\/www.oarcanjo.net\/site\/igreja-lanca-campanha-pela-evangelizacao-com-o-lema-ele-esta-no-meio-de-nos\/#breadcrumb","itemListElement":[{"@type":"ListItem","position":1,"name":"In\u00edcio","item":"https:\/\/www.oarcanjo.net\/site\/"},{"@type":"ListItem","position":2,"name":"Igreja lan\u00e7a campanha pela evangeliza\u00e7\u00e3o com o lema &#8220;Ele est\u00e1 no meio de n\u00f3s&#8221;"}]},{"@type":"WebSite","@id":"https:\/\/www.oarcanjo.net\/site\/#website","url":"https:\/\/www.oarcanjo.net\/site\/","name":"O Arcanjo no ar","description":"Site da Par\u00f3quia S\u00e3o Miguel Arcanjo (Arquidiocese de SP)","publisher":{"@id":"https:\/\/www.oarcanjo.net\/site\/#organization"},"potentialAction":[{"@type":"SearchAction","target":{"@type":"EntryPoint","urlTemplate":"https:\/\/www.oarcanjo.net\/site\/?s={search_term_string}"},"query-input":{"@type":"PropertyValueSpecification","valueRequired":true,"valueName":"search_term_string"}}],"inLanguage":"pt-BR"},{"@type":"Organization","@id":"https:\/\/www.oarcanjo.net\/site\/#organization","name":"Par\u00f3quia S\u00e3o Miguel Arcanjo","url":"https:\/\/www.oarcanjo.net\/site\/","logo":{"@type":"ImageObject","inLanguage":"pt-BR","@id":"https:\/\/www.oarcanjo.net\/site\/#\/schema\/logo\/image\/","url":"https:\/\/www.oarcanjo.net\/site\/wp-content\/uploads\/LogoOArcanjo.png","contentUrl":"https:\/\/www.oarcanjo.net\/site\/wp-content\/uploads\/LogoOArcanjo.png","width":319,"height":99,"caption":"Par\u00f3quia S\u00e3o Miguel Arcanjo"},"image":{"@id":"https:\/\/www.oarcanjo.net\/site\/#\/schema\/logo\/image\/"},"sameAs":["https:\/\/www.facebook.com\/OArcanjoNoAr\/"]},{"@type":"Person","@id":"https:\/\/www.oarcanjo.net\/site\/#\/schema\/person\/f7024d007863202483a31326673a0838","name":"editor","sameAs":["http:\/\/www.oarcanjo.net"]}]}},"publishpress_future_action":{"enabled":false,"date":"2026-05-09 06:19:31","action":"category","newStatus":"draft","terms":[],"taxonomy":"category"},"publishpress_future_workflow_manual_trigger":{"enabledWorkflows":[]},"_links":{"self":[{"href":"https:\/\/www.oarcanjo.net\/site\/wp-json\/wp\/v2\/posts\/77955"}],"collection":[{"href":"https:\/\/www.oarcanjo.net\/site\/wp-json\/wp\/v2\/posts"}],"about":[{"href":"https:\/\/www.oarcanjo.net\/site\/wp-json\/wp\/v2\/types\/post"}],"author":[{"embeddable":true,"href":"https:\/\/www.oarcanjo.net\/site\/wp-json\/wp\/v2\/users\/5"}],"replies":[{"embeddable":true,"href":"https:\/\/www.oarcanjo.net\/site\/wp-json\/wp\/v2\/comments?post=77955"}],"version-history":[{"count":0,"href":"https:\/\/www.oarcanjo.net\/site\/wp-json\/wp\/v2\/posts\/77955\/revisions"}],"wp:featuredmedia":[{"embeddable":true,"href":"https:\/\/www.oarcanjo.net\/site\/wp-json\/wp\/v2\/media\/77958"}],"wp:attachment":[{"href":"https:\/\/www.oarcanjo.net\/site\/wp-json\/wp\/v2\/media?parent=77955"}],"wp:term":[{"taxonomy":"category","embeddable":true,"href":"https:\/\/www.oarcanjo.net\/site\/wp-json\/wp\/v2\/categories?post=77955"},{"taxonomy":"post_tag","embeddable":true,"href":"https:\/\/www.oarcanjo.net\/site\/wp-json\/wp\/v2\/tags?post=77955"}],"curies":[{"name":"wp","href":"https:\/\/api.w.org\/{rel}","templated":true}]}}