
{"id":7804,"date":"2019-02-17T00:15:02","date_gmt":"2019-02-17T03:15:02","guid":{"rendered":"http:\/\/www.oarcanjo.net\/site\/?p=7804"},"modified":"2019-02-12T17:59:57","modified_gmt":"2019-02-12T19:59:57","slug":"santo-aleixo-falconieri","status":"publish","type":"post","link":"https:\/\/www.oarcanjo.net\/site\/santo-aleixo-falconieri\/","title":{"rendered":"Santo Aleixo Falconieri"},"content":{"rendered":"<p><img decoding=\"async\" src=\"http:\/\/3.bp.blogspot.com\/_5kAa5W5YTf4\/SZoz17vju_I\/AAAAAAAADp8\/-BUGH-phhbc\/s400\/17-AleixoFalconieri.gif\" alt=\"\" \/><\/p>\n<p>17 de Fevereiro<\/p>\n<p>\u00c9 um dos sete fundadores da Ordem dos Servidores de Nossa Senhora<\/p>\n<p>Aleixo nasceu em 1200 na cidade de Floren\u00e7a, It\u00e1lia. Era filho de Bernardo Falconieri, um pr\u00edncipe mercante florentino, e um dos l\u00edderes daquela rep\u00fablica. A cidade vivia em luta. Brigavam pelo poder duas fam\u00edlias poderosas: os Guelfi e os Ghibelini. A fam\u00edlia Falconieri pertencia ao partido dominante dos Guelfi.<\/p>\n<p>Nesta \u00e9poca, Aleixo era um jovem comerciante influente, nobre, rico, inteligente e alegre, que resolveu crescer acima deste mundo material. Ele tinha uma conduta crist\u00e3 exemplar, era muito piedoso e devoto da Virgem Maria. Junto com seis amigos, ligados por uma estreita amizade fraterna, formaram um grupo que se encontrava para rezar e cantar &#8220;laudas&#8221; para Maria. No dia 15 de agosto de 1233, os sete: Bonfiglio, Bonaiuto, Amadio, Ugocio, Sostenio, Manejo e Aleixo, estavam reunidos rezando diante da imagem da Virgem quando ela se mexeu. Depois, na volta para casa Nossa Senhora apareceu vestida de luto chorando e, disse que a causa de sua tristeza era a longa guerra civil daquela cidade.<\/p>\n<p>Decidiram abandoar tudo e fundaram a &#8220;Ordem dos Servidores de Nossa Senhora&#8221;, ou Servitas, em monte Sen\u00e1rio, perto da cidade. Vestiram-se de preto em rever\u00eancia \u00e0 Virgem de luto e adotaram a Regra de Santo Agostinho. A ordem foi aceita pelo Vaticano e os fundadores foram consagrados sacerdotes, menos Aleixo que se recusou a vestir o h\u00e1bito.<\/p>\n<p>Aleixo possu\u00eda uma humildade infinita. Na gruta em que vivia no monte Sen\u00e1rio, tinha momentos de profunda comunh\u00e3o espiritual com a Virgem Maria e seu Filho Redentor. Saia do seu retiro apenas para pedir e mendigar a caridade para os necessitados e para rezar na pequena capela de Nossa Senhora situada na beira da estrada. Sua vida foi austera e<br \/>\nsincera de eremita penitente. As roupas eram as mais pobres, o leito era de t\u00e1buas \u00e1speras e sem cobertores. Comia pouqu\u00edssimo, permanecendo em constante ora\u00e7\u00e3o. Assim era o sincero e humilde irm\u00e3o Aleixo, que mesmo vivendo mais de cem anos, nunca se sentiu digno o suficiente para representar o Pai Eterno atrav\u00e9s da ordena\u00e7\u00e3o sacerdotal.<\/p>\n<p>Aleixo era respons\u00e1vel pelo setor financeiro e administrativo das v\u00e1rias casas da ordem que surgiram na It\u00e1lia, tendo vivido em todas elas. Em 1252, a igreja nova em Cafagio, nos arredores de Floren\u00e7a, foi terminada sob seu cuidado, e totalmente financiada pelas fam\u00edlias dos Guelfi e os Ghibelini. Ele transformou aquela pequena igreja em que ia rezar \u00e0 beira da estrada, numa grande igreja dedicada a Nossa Senhora das Dores, dando origem ao seu culto que se propagou entre os crist\u00e3os do mundo inteiro. Foi diretor espiritual de muitos vultos do clero, que se tornaram santos, como sua sobrinha: Santa Juliana Falconieri.<\/p>\n<p>Em 1304, quando a Santa S\u00e9 aprovou oficialmente a &#8220;Ordem dos Servidores de Maria&#8221; apenas Aleixo ainda estava vivo. A tradi\u00e7\u00e3o diz que antes de morrer ele ficou rodeado de anjos e recebeu a visita de Cristo, na figura de menino, que lhe oferecia uma coroa de ouro.<\/p>\n<p>Com cento e dez anos, ele morreu sereno no dia 17 de fevereiro de 1310 em monte Sen\u00e1rio. Ele foi beatificado oito anos antes que os outros seis fundadores. Em 1888, todos foram canonizados juntos, para assim serem cultuados no dia da morte de Santo Aleixo Falconieri.<\/p>\n<div id=\"themify_builder_content-7804\" data-postid=\"7804\" class=\"themify_builder_content themify_builder_content-7804 themify_builder themify_builder_front\">\n\t<\/div>\n<!-- \/themify_builder_content -->","protected":false},"excerpt":{"rendered":"<p>17 de Fevereiro \u00c9 um dos sete fundadores da Ordem dos Servidores de Nossa Senhora Aleixo nasceu em 1200 na cidade de Floren\u00e7a, It\u00e1lia. Era filho de Bernardo Falconieri, um pr\u00edncipe mercante florentino, e um dos l\u00edderes daquela rep\u00fablica. A cidade vivia em luta. Brigavam pelo poder duas fam\u00edlias poderosas: os Guelfi e os Ghibelini. [&hellip;]<\/p>\n","protected":false},"author":14,"featured_media":0,"comment_status":"open","ping_status":"open","sticky":false,"template":"","format":"standard","meta":{"ngg_post_thumbnail":0,"footnotes":""},"categories":[186],"tags":[1476],"yoast_head":"<!-- This site is optimized with the Yoast SEO plugin v23.5 - https:\/\/yoast.com\/wordpress\/plugins\/seo\/ -->\n<title>Santo Aleixo Falconieri - O Arcanjo no ar<\/title>\n<meta name=\"robots\" content=\"index, follow, max-snippet:-1, max-image-preview:large, max-video-preview:-1\" \/>\n<link rel=\"canonical\" href=\"https:\/\/www.oarcanjo.net\/site\/santo-aleixo-falconieri\/\" \/>\n<meta property=\"og:locale\" content=\"pt_BR\" \/>\n<meta property=\"og:type\" content=\"article\" \/>\n<meta property=\"og:title\" content=\"Santo Aleixo Falconieri - O Arcanjo no ar\" \/>\n<meta property=\"og:description\" content=\"17 de Fevereiro \u00c9 um dos sete fundadores da Ordem dos Servidores de Nossa Senhora Aleixo nasceu em 1200 na cidade de Floren\u00e7a, It\u00e1lia. Era filho de Bernardo Falconieri, um pr\u00edncipe mercante florentino, e um dos l\u00edderes daquela rep\u00fablica. A cidade vivia em luta. Brigavam pelo poder duas fam\u00edlias poderosas: os Guelfi e os Ghibelini. [&hellip;]\" \/>\n<meta property=\"og:url\" content=\"https:\/\/www.oarcanjo.net\/site\/santo-aleixo-falconieri\/\" \/>\n<meta property=\"og:site_name\" content=\"O Arcanjo no ar\" \/>\n<meta property=\"article:publisher\" content=\"https:\/\/www.facebook.com\/OArcanjoNoAr\/\" \/>\n<meta property=\"article:published_time\" content=\"2019-02-17T03:15:02+00:00\" \/>\n<meta property=\"article:modified_time\" content=\"2019-02-12T19:59:57+00:00\" \/>\n<meta property=\"og:image\" content=\"http:\/\/3.bp.blogspot.com\/_5kAa5W5YTf4\/SZoz17vju_I\/AAAAAAAADp8\/-BUGH-phhbc\/s400\/17-AleixoFalconieri.gif\" \/>\n<meta name=\"author\" content=\"danilo\" \/>\n<meta name=\"twitter:card\" content=\"summary_large_image\" \/>\n<meta name=\"twitter:label1\" content=\"Escrito por\" \/>\n\t<meta name=\"twitter:data1\" content=\"danilo\" \/>\n\t<meta name=\"twitter:label2\" content=\"Est. tempo de leitura\" \/>\n\t<meta name=\"twitter:data2\" content=\"3 minutos\" \/>\n<script type=\"application\/ld+json\" class=\"yoast-schema-graph\">{\"@context\":\"https:\/\/schema.org\",\"@graph\":[{\"@type\":\"Article\",\"@id\":\"https:\/\/www.oarcanjo.net\/site\/santo-aleixo-falconieri\/#article\",\"isPartOf\":{\"@id\":\"https:\/\/www.oarcanjo.net\/site\/santo-aleixo-falconieri\/\"},\"author\":{\"name\":\"danilo\",\"@id\":\"https:\/\/www.oarcanjo.net\/site\/#\/schema\/person\/5eb9480bedd2f3c97e430ce128c29c6c\"},\"headline\":\"Santo Aleixo Falconieri\",\"datePublished\":\"2019-02-17T03:15:02+00:00\",\"dateModified\":\"2019-02-12T19:59:57+00:00\",\"mainEntityOfPage\":{\"@id\":\"https:\/\/www.oarcanjo.net\/site\/santo-aleixo-falconieri\/\"},\"wordCount\":564,\"commentCount\":0,\"publisher\":{\"@id\":\"https:\/\/www.oarcanjo.net\/site\/#organization\"},\"image\":{\"@id\":\"https:\/\/www.oarcanjo.net\/site\/santo-aleixo-falconieri\/#primaryimage\"},\"thumbnailUrl\":\"http:\/\/3.bp.blogspot.com\/_5kAa5W5YTf4\/SZoz17vju_I\/AAAAAAAADp8\/-BUGH-phhbc\/s400\/17-AleixoFalconieri.gif\",\"keywords\":[\"Santo Aleixo Falconieri\"],\"articleSection\":[\"Testemunhos\"],\"inLanguage\":\"pt-BR\",\"potentialAction\":[{\"@type\":\"CommentAction\",\"name\":\"Comment\",\"target\":[\"https:\/\/www.oarcanjo.net\/site\/santo-aleixo-falconieri\/#respond\"]}]},{\"@type\":\"WebPage\",\"@id\":\"https:\/\/www.oarcanjo.net\/site\/santo-aleixo-falconieri\/\",\"url\":\"https:\/\/www.oarcanjo.net\/site\/santo-aleixo-falconieri\/\",\"name\":\"Santo Aleixo Falconieri - O Arcanjo no ar\",\"isPartOf\":{\"@id\":\"https:\/\/www.oarcanjo.net\/site\/#website\"},\"primaryImageOfPage\":{\"@id\":\"https:\/\/www.oarcanjo.net\/site\/santo-aleixo-falconieri\/#primaryimage\"},\"image\":{\"@id\":\"https:\/\/www.oarcanjo.net\/site\/santo-aleixo-falconieri\/#primaryimage\"},\"thumbnailUrl\":\"http:\/\/3.bp.blogspot.com\/_5kAa5W5YTf4\/SZoz17vju_I\/AAAAAAAADp8\/-BUGH-phhbc\/s400\/17-AleixoFalconieri.gif\",\"datePublished\":\"2019-02-17T03:15:02+00:00\",\"dateModified\":\"2019-02-12T19:59:57+00:00\",\"breadcrumb\":{\"@id\":\"https:\/\/www.oarcanjo.net\/site\/santo-aleixo-falconieri\/#breadcrumb\"},\"inLanguage\":\"pt-BR\",\"potentialAction\":[{\"@type\":\"ReadAction\",\"target\":[\"https:\/\/www.oarcanjo.net\/site\/santo-aleixo-falconieri\/\"]}]},{\"@type\":\"ImageObject\",\"inLanguage\":\"pt-BR\",\"@id\":\"https:\/\/www.oarcanjo.net\/site\/santo-aleixo-falconieri\/#primaryimage\",\"url\":\"http:\/\/3.bp.blogspot.com\/_5kAa5W5YTf4\/SZoz17vju_I\/AAAAAAAADp8\/-BUGH-phhbc\/s400\/17-AleixoFalconieri.gif\",\"contentUrl\":\"http:\/\/3.bp.blogspot.com\/_5kAa5W5YTf4\/SZoz17vju_I\/AAAAAAAADp8\/-BUGH-phhbc\/s400\/17-AleixoFalconieri.gif\"},{\"@type\":\"BreadcrumbList\",\"@id\":\"https:\/\/www.oarcanjo.net\/site\/santo-aleixo-falconieri\/#breadcrumb\",\"itemListElement\":[{\"@type\":\"ListItem\",\"position\":1,\"name\":\"In\u00edcio\",\"item\":\"https:\/\/www.oarcanjo.net\/site\/\"},{\"@type\":\"ListItem\",\"position\":2,\"name\":\"Santo Aleixo Falconieri\"}]},{\"@type\":\"WebSite\",\"@id\":\"https:\/\/www.oarcanjo.net\/site\/#website\",\"url\":\"https:\/\/www.oarcanjo.net\/site\/\",\"name\":\"O Arcanjo no ar\",\"description\":\"Site da Par\u00f3quia S\u00e3o Miguel Arcanjo (Arquidiocese de SP)\",\"publisher\":{\"@id\":\"https:\/\/www.oarcanjo.net\/site\/#organization\"},\"potentialAction\":[{\"@type\":\"SearchAction\",\"target\":{\"@type\":\"EntryPoint\",\"urlTemplate\":\"https:\/\/www.oarcanjo.net\/site\/?s={search_term_string}\"},\"query-input\":{\"@type\":\"PropertyValueSpecification\",\"valueRequired\":true,\"valueName\":\"search_term_string\"}}],\"inLanguage\":\"pt-BR\"},{\"@type\":\"Organization\",\"@id\":\"https:\/\/www.oarcanjo.net\/site\/#organization\",\"name\":\"Par\u00f3quia S\u00e3o Miguel Arcanjo\",\"url\":\"https:\/\/www.oarcanjo.net\/site\/\",\"logo\":{\"@type\":\"ImageObject\",\"inLanguage\":\"pt-BR\",\"@id\":\"https:\/\/www.oarcanjo.net\/site\/#\/schema\/logo\/image\/\",\"url\":\"https:\/\/www.oarcanjo.net\/site\/wp-content\/uploads\/LogoOArcanjo.png\",\"contentUrl\":\"https:\/\/www.oarcanjo.net\/site\/wp-content\/uploads\/LogoOArcanjo.png\",\"width\":319,\"height\":99,\"caption\":\"Par\u00f3quia S\u00e3o Miguel Arcanjo\"},\"image\":{\"@id\":\"https:\/\/www.oarcanjo.net\/site\/#\/schema\/logo\/image\/\"},\"sameAs\":[\"https:\/\/www.facebook.com\/OArcanjoNoAr\/\"]},{\"@type\":\"Person\",\"@id\":\"https:\/\/www.oarcanjo.net\/site\/#\/schema\/person\/5eb9480bedd2f3c97e430ce128c29c6c\",\"name\":\"danilo\"}]}<\/script>\n<!-- \/ Yoast SEO plugin. -->","yoast_head_json":{"title":"Santo Aleixo Falconieri - O Arcanjo no ar","robots":{"index":"index","follow":"follow","max-snippet":"max-snippet:-1","max-image-preview":"max-image-preview:large","max-video-preview":"max-video-preview:-1"},"canonical":"https:\/\/www.oarcanjo.net\/site\/santo-aleixo-falconieri\/","og_locale":"pt_BR","og_type":"article","og_title":"Santo Aleixo Falconieri - O Arcanjo no ar","og_description":"17 de Fevereiro \u00c9 um dos sete fundadores da Ordem dos Servidores de Nossa Senhora Aleixo nasceu em 1200 na cidade de Floren\u00e7a, It\u00e1lia. Era filho de Bernardo Falconieri, um pr\u00edncipe mercante florentino, e um dos l\u00edderes daquela rep\u00fablica. A cidade vivia em luta. Brigavam pelo poder duas fam\u00edlias poderosas: os Guelfi e os Ghibelini. [&hellip;]","og_url":"https:\/\/www.oarcanjo.net\/site\/santo-aleixo-falconieri\/","og_site_name":"O Arcanjo no ar","article_publisher":"https:\/\/www.facebook.com\/OArcanjoNoAr\/","article_published_time":"2019-02-17T03:15:02+00:00","article_modified_time":"2019-02-12T19:59:57+00:00","og_image":[{"url":"http:\/\/3.bp.blogspot.com\/_5kAa5W5YTf4\/SZoz17vju_I\/AAAAAAAADp8\/-BUGH-phhbc\/s400\/17-AleixoFalconieri.gif"}],"author":"danilo","twitter_card":"summary_large_image","twitter_misc":{"Escrito por":"danilo","Est. tempo de leitura":"3 minutos"},"schema":{"@context":"https:\/\/schema.org","@graph":[{"@type":"Article","@id":"https:\/\/www.oarcanjo.net\/site\/santo-aleixo-falconieri\/#article","isPartOf":{"@id":"https:\/\/www.oarcanjo.net\/site\/santo-aleixo-falconieri\/"},"author":{"name":"danilo","@id":"https:\/\/www.oarcanjo.net\/site\/#\/schema\/person\/5eb9480bedd2f3c97e430ce128c29c6c"},"headline":"Santo Aleixo Falconieri","datePublished":"2019-02-17T03:15:02+00:00","dateModified":"2019-02-12T19:59:57+00:00","mainEntityOfPage":{"@id":"https:\/\/www.oarcanjo.net\/site\/santo-aleixo-falconieri\/"},"wordCount":564,"commentCount":0,"publisher":{"@id":"https:\/\/www.oarcanjo.net\/site\/#organization"},"image":{"@id":"https:\/\/www.oarcanjo.net\/site\/santo-aleixo-falconieri\/#primaryimage"},"thumbnailUrl":"http:\/\/3.bp.blogspot.com\/_5kAa5W5YTf4\/SZoz17vju_I\/AAAAAAAADp8\/-BUGH-phhbc\/s400\/17-AleixoFalconieri.gif","keywords":["Santo Aleixo Falconieri"],"articleSection":["Testemunhos"],"inLanguage":"pt-BR","potentialAction":[{"@type":"CommentAction","name":"Comment","target":["https:\/\/www.oarcanjo.net\/site\/santo-aleixo-falconieri\/#respond"]}]},{"@type":"WebPage","@id":"https:\/\/www.oarcanjo.net\/site\/santo-aleixo-falconieri\/","url":"https:\/\/www.oarcanjo.net\/site\/santo-aleixo-falconieri\/","name":"Santo Aleixo Falconieri - O Arcanjo no ar","isPartOf":{"@id":"https:\/\/www.oarcanjo.net\/site\/#website"},"primaryImageOfPage":{"@id":"https:\/\/www.oarcanjo.net\/site\/santo-aleixo-falconieri\/#primaryimage"},"image":{"@id":"https:\/\/www.oarcanjo.net\/site\/santo-aleixo-falconieri\/#primaryimage"},"thumbnailUrl":"http:\/\/3.bp.blogspot.com\/_5kAa5W5YTf4\/SZoz17vju_I\/AAAAAAAADp8\/-BUGH-phhbc\/s400\/17-AleixoFalconieri.gif","datePublished":"2019-02-17T03:15:02+00:00","dateModified":"2019-02-12T19:59:57+00:00","breadcrumb":{"@id":"https:\/\/www.oarcanjo.net\/site\/santo-aleixo-falconieri\/#breadcrumb"},"inLanguage":"pt-BR","potentialAction":[{"@type":"ReadAction","target":["https:\/\/www.oarcanjo.net\/site\/santo-aleixo-falconieri\/"]}]},{"@type":"ImageObject","inLanguage":"pt-BR","@id":"https:\/\/www.oarcanjo.net\/site\/santo-aleixo-falconieri\/#primaryimage","url":"http:\/\/3.bp.blogspot.com\/_5kAa5W5YTf4\/SZoz17vju_I\/AAAAAAAADp8\/-BUGH-phhbc\/s400\/17-AleixoFalconieri.gif","contentUrl":"http:\/\/3.bp.blogspot.com\/_5kAa5W5YTf4\/SZoz17vju_I\/AAAAAAAADp8\/-BUGH-phhbc\/s400\/17-AleixoFalconieri.gif"},{"@type":"BreadcrumbList","@id":"https:\/\/www.oarcanjo.net\/site\/santo-aleixo-falconieri\/#breadcrumb","itemListElement":[{"@type":"ListItem","position":1,"name":"In\u00edcio","item":"https:\/\/www.oarcanjo.net\/site\/"},{"@type":"ListItem","position":2,"name":"Santo Aleixo Falconieri"}]},{"@type":"WebSite","@id":"https:\/\/www.oarcanjo.net\/site\/#website","url":"https:\/\/www.oarcanjo.net\/site\/","name":"O Arcanjo no ar","description":"Site da Par\u00f3quia S\u00e3o Miguel Arcanjo (Arquidiocese de SP)","publisher":{"@id":"https:\/\/www.oarcanjo.net\/site\/#organization"},"potentialAction":[{"@type":"SearchAction","target":{"@type":"EntryPoint","urlTemplate":"https:\/\/www.oarcanjo.net\/site\/?s={search_term_string}"},"query-input":{"@type":"PropertyValueSpecification","valueRequired":true,"valueName":"search_term_string"}}],"inLanguage":"pt-BR"},{"@type":"Organization","@id":"https:\/\/www.oarcanjo.net\/site\/#organization","name":"Par\u00f3quia S\u00e3o Miguel Arcanjo","url":"https:\/\/www.oarcanjo.net\/site\/","logo":{"@type":"ImageObject","inLanguage":"pt-BR","@id":"https:\/\/www.oarcanjo.net\/site\/#\/schema\/logo\/image\/","url":"https:\/\/www.oarcanjo.net\/site\/wp-content\/uploads\/LogoOArcanjo.png","contentUrl":"https:\/\/www.oarcanjo.net\/site\/wp-content\/uploads\/LogoOArcanjo.png","width":319,"height":99,"caption":"Par\u00f3quia S\u00e3o Miguel Arcanjo"},"image":{"@id":"https:\/\/www.oarcanjo.net\/site\/#\/schema\/logo\/image\/"},"sameAs":["https:\/\/www.facebook.com\/OArcanjoNoAr\/"]},{"@type":"Person","@id":"https:\/\/www.oarcanjo.net\/site\/#\/schema\/person\/5eb9480bedd2f3c97e430ce128c29c6c","name":"danilo"}]}},"publishpress_future_action":{"enabled":false,"date":"2026-05-08 02:37:55","action":"category","newStatus":"draft","terms":[],"taxonomy":"category"},"publishpress_future_workflow_manual_trigger":{"enabledWorkflows":[]},"_links":{"self":[{"href":"https:\/\/www.oarcanjo.net\/site\/wp-json\/wp\/v2\/posts\/7804"}],"collection":[{"href":"https:\/\/www.oarcanjo.net\/site\/wp-json\/wp\/v2\/posts"}],"about":[{"href":"https:\/\/www.oarcanjo.net\/site\/wp-json\/wp\/v2\/types\/post"}],"author":[{"embeddable":true,"href":"https:\/\/www.oarcanjo.net\/site\/wp-json\/wp\/v2\/users\/14"}],"replies":[{"embeddable":true,"href":"https:\/\/www.oarcanjo.net\/site\/wp-json\/wp\/v2\/comments?post=7804"}],"version-history":[{"count":1,"href":"https:\/\/www.oarcanjo.net\/site\/wp-json\/wp\/v2\/posts\/7804\/revisions"}],"predecessor-version":[{"id":92814,"href":"https:\/\/www.oarcanjo.net\/site\/wp-json\/wp\/v2\/posts\/7804\/revisions\/92814"}],"wp:attachment":[{"href":"https:\/\/www.oarcanjo.net\/site\/wp-json\/wp\/v2\/media?parent=7804"}],"wp:term":[{"taxonomy":"category","embeddable":true,"href":"https:\/\/www.oarcanjo.net\/site\/wp-json\/wp\/v2\/categories?post=7804"},{"taxonomy":"post_tag","embeddable":true,"href":"https:\/\/www.oarcanjo.net\/site\/wp-json\/wp\/v2\/tags?post=7804"}],"curies":[{"name":"wp","href":"https:\/\/api.w.org\/{rel}","templated":true}]}}