
{"id":7807,"date":"2019-02-17T00:19:07","date_gmt":"2019-02-17T03:19:07","guid":{"rendered":"http:\/\/www.oarcanjo.net\/site\/?p=7807"},"modified":"2019-02-20T07:58:13","modified_gmt":"2019-02-20T10:58:13","slug":"os-sete-fundadores-da-ordem-dos-servitas","status":"publish","type":"post","link":"https:\/\/www.oarcanjo.net\/site\/os-sete-fundadores-da-ordem-dos-servitas\/","title":{"rendered":"Os sete fundadores da Ordem dos Servitas"},"content":{"rendered":"<p><img decoding=\"async\" src=\"http:\/\/alexandrinabalasar.free.fr\/fundadores_servitas_1.jpg\" alt=\"\" \/><\/p>\n<p>17 de Fevereiro<\/p>\n<p><em>Os fundadores da <strong>Ordem dos Servos de Maria<\/strong> foram muito unidos durante a vida, sendo sepultados num mesmo t\u00famulo e\u00a0\u2014\u00a0fato \u00fanico na Hist\u00f3ria\u00a0\u2014\u00a0venerados e canonizados em conjunto.<\/em><\/p>\n<p>A Idade M\u00e9dia foi, com muita propriedade, chamada <em>\u201ca doce primavera da f\u00e9\u201d. <\/em>Suas catedrais magn\u00edficas, verdadeiras rendas de pedra e de vitrais, ainda hoje atraem turistas de todo o mundo. No seu apogeu, viu florescer uma pl\u00eaiade de santos, como S\u00e3o Tom\u00e1s de Aquino e S\u00e3o Boaventura, que ilustraram para sempre a Santa Igreja. Entre os santos medievais, imperadores, reis, pr\u00edncipes e grandes senhores que palmilharam a senda da virtude foram elevados \u00e0 honra dos altares.<\/p>\n<p>A Idade M\u00e9dia teve tamb\u00e9m a gl\u00f3ria inusitada\u00a0\u2014\u00a0que mostra como a santidade era ent\u00e3o comum\u00a0\u2014\u00a0de ver sete dos mais proeminentes cidad\u00e3os da Rep\u00fablica livre de Floren\u00e7a abandonarem sua situa\u00e7\u00e3o privilegiada e de riqueza para seguirem mais fielmente os conselhos evang\u00e9licos. S\u00e3o eles os sete santos fundadores da <em>Ordem dos Servos de Maria, <\/em>cuja festa comemoramos no dia 17 de fevereiro.<\/p>\n<h3>Da riqueza \u00e0 pobreza da vida religiosa<\/h3>\n<p>Com o intuito de louvar mais especialmente a pur\u00edssima Virgem Maria, alguns jovens do patriciado de Floren\u00e7a\u00a0\u2014\u00a0ao que parece, todos mercadores de l\u00e3\u00a0\u2014\u00a0haviam fundado uma confraria de leigos com o nome de <em>Laudantes<\/em>. No dia 15 de agosto de 1233, festa da Assun\u00e7\u00e3o de Nossa Senhora, sete de seus membros mais destacados estavam reunidos numa capela para cantar as gl\u00f3rias da Sant\u00edssima Virgem, quando Ela lhes apareceu, recomendando-lhes que renunciassem ao mundo e se dedicassem exclusivamente a Deus. Buonfiglio dei Monaldi (Bonf\u00edlio), Giovanni di Buonagiunta (Bonajunta), Bartolomeo degli Amidei (Amadeu), Ricovero dei Lippi-Ugguccioni (Hugo), Benedetto dell&#8217; Antella (Manetto), Gherardino di Sostegno (Sosteno), e Alessio de Falconieri (Aleixo), os sete escolhidos, venderam assim todos seus bens, distribu\u00edram o produto aos pobres e, depois de ter consultado o bispo da cidade, D. Arinzo, retiraram-se a uma velha casa em La Carmazia, nos arredores da cidade, junto a uma capelinha da Virgem.<\/p>\n<p>No dia da Epifania de 1234, dois deles, Bonf\u00edlio e Aleixo, sa\u00edram pela primeira vez \u00e0s ruas para pedir esmolas. E eis que as belas ruas e pra\u00e7as da orgulhosa Floren\u00e7a come\u00e7aram a assistir a esse espet\u00e1culo n\u00e3o raro naqueles tempos de f\u00e9: dois membros de opulentas fam\u00edlias, tendo se despojado de todas as pompas e apan\u00e1gios de sua classe por amor de Deus, e vestidos com pobre t\u00fanica, pedindo a esmola do p\u00e3o para o sustento di\u00e1rio.<\/p>\n<p>O mais surpreendente foi que as crian\u00e7as ainda de peito come\u00e7aram a apont\u00e1-los com o dedo e a dizer\u00a0: <em>\u201cEis os servos de Maria\u201d. <\/em>Entre elas estava uma de cinco meses, que depois seria S\u00e3o Felipe Ben\u00edcio, futuro Superior Geral da congrega\u00e7\u00e3o nascente, e que a desenvolveria de tal forma a ser considerado seu oitavo fundador.<\/p>\n<p>Tal prod\u00edgio fez com que D. Arinzo aconselhasse esses religiosos a n\u00e3o mudar o nome que lhes havia sido dado t\u00e3o milagrosamente. E at\u00e9 hoje eles s\u00e3o conhecidos como <em>Servos de Maria<\/em>.<\/p>\n<h3>Nossa Senhora concede o h\u00e1bito e as regras<\/h3>\n<p>Os sete santos permaneceram um ano em La Carmazia. Mas, como eram muito solicitados, com a anu\u00eancia do bispo resolveram procurar um local mais isolado para viverem. D. Arinzo p\u00f4s \u00e0 disposi\u00e7\u00e3o deles um terreno junto ao Monte Sen\u00e1rio, a duas l\u00e9guas de Floren\u00e7a. L\u00e1 constru\u00edram um orat\u00f3rio e, em seu redor, pequenas celas de madeira. Entregavam-se \u00e0 ora\u00e7\u00e3o e penit\u00eancia, vivendo das ervas que nasciam no sop\u00e9 do monte, meditando continuamente a Paix\u00e3o de Cristo e as amarguras de Maria Sant\u00edssima. Escolheram o mais velho deles, Bonf\u00edlio, como superior. Este, vendo que n\u00e3o poderiam viver sempre assim, mesmo porque as ervas escasseavam, mandou \u00e0 cidade Aleixo e Manetto, a fim de pedir esmolas para o sustento da pequena comunidade.<\/p>\n<p>Aleixo Falconieri, filho de um dos principais membros da Rep\u00fablica\u00a0\u2014\u00a0o mais conhecido dos sete fundadores\u00a0\u2014\u00a0n\u00e3o quis depois, por humildade, receber a ordena\u00e7\u00e3o sacerdotal quando seus companheiros obtiveram autoriza\u00e7\u00e3o para isso. Em sua longa vida de cento e dez anos, permaneceu sempre irm\u00e3o leigo na ordem que co-fundara. Por mais que quisesse livrar-se das honras, sua personalidade o punha em evid\u00eancia, e seria o mais lembrado quando se falasse dos sete santos servitas.<\/p>\n<p>Em Monte Sen\u00e1rio Nossa Senhora tornou a aparecer aos sete fundadores, mostrando-lhes um h\u00e1bito negro e recomendando que o portassem em mem\u00f3ria da Paix\u00e3o de seu Filho. Deu-lhes tamb\u00e9m as regras de Santo Agostinho, que deviam seguir, fundando assim uma nova ordem religiosa. Os sete santos fizeram os votos de obedi\u00eancia, pobreza e castidade, e come\u00e7aram a receber candidatos. Em mem\u00f3ria dessa apari\u00e7\u00e3o, que teve lugar na Sexta-feira Santa do ano 1239, os religiosos servitas costumavam fazer, nesse dia, uma cerim\u00f4nia a que denominavam <em>Os funerais de Jesus Cristo. <\/em>No S\u00e1bado Santo, outra a que chamavam <em>A coroa\u00e7\u00e3o da Sant\u00edssima Virgem.<\/em><\/p>\n<p>O fim particular dessa nova ordem era, primeiro, a santifica\u00e7\u00e3o de seus membros; e depois, a de todos os homens, atrav\u00e9s da devo\u00e7\u00e3o \u00e0 M\u00e3e de Deus, especialmente em sua desola\u00e7\u00e3o durante a Paix\u00e3o de seu divino Filho. Para isso os servitas pregavam miss\u00f5es, tinham a cura de almas e ensinavam em institui\u00e7\u00f5es superiores de ensino.<\/p>\n<h3>O milagroso quadro da Anuncia\u00e7\u00e3o<\/h3>\n<p>No princ\u00edpio os religiosos iam a Floren\u00e7a e voltavam todos os dias. Entretanto, devido \u00e0 dist\u00e2ncia e \u00e0s intemp\u00e9ries, receberam permiss\u00e3o para abrir uma esp\u00e9cie de hospedaria na cidade, onde os frades que sa\u00edam para esmolar pudessem recolher-se no fim do dia e acolher tamb\u00e9m peregrinos que viessem a Floren\u00e7a. Mais tarde, quando se pensou numa funda\u00e7\u00e3o na cidade, utilizaram essa hospedaria. Bonf\u00edlio e Aleixo tiveram a id\u00e9ia de mandar pintar em sua capela o grande mist\u00e9rio da Anuncia\u00e7\u00e3o. O piedoso pintor que contrataram, n\u00e3o se julgando com suficiente habilidade para reproduzir os tra\u00e7os da Sant\u00edssima Virgem nessa cena, pediu aos religiosos que unissem ora\u00e7\u00f5es \u00e0s suas, para que Nossa Senhora o ajudasse na empresa. Segundo as cr\u00f4nicas, ocorreu um fato maravilhoso: enquanto o pintor dormia, um artista celeste completou o que ele n\u00e3o ousava fazer. E assim nasceu o quadro milagroso, que tornou c\u00e9lebre a bas\u00edlica da <em>Anunciata<\/em>, pois come\u00e7ou a atrair multid\u00f5es. O pequeno orat\u00f3rio n\u00e3o tinha capacidade para tanto e foi preciso pensar-se em uma igreja maior, o que as abundantes esmolas dos fi\u00e9is tornou poss\u00edvel.<\/p>\n<p>Tendo esses santos var\u00f5es agregado a si muitos companheiros, come\u00e7aram a percorrer as cidades e aldeias da It\u00e1lia, principalmente da Toscana, pregando Jesus Cristo crucificado, acalmando guerras civis e trazendo muitos desorientados \u00e0s sendas da virtude.<\/p>\n<p>Em 1243 o dominicano Pedro de Verona (S\u00e3o Pedro M\u00e1rtir), Inquisidor Geral da It\u00e1lia (imagem ao lado), pelas suas familiares rela\u00e7\u00f5es com aqueles santos e por uma vis\u00e3o de Maria Sant\u00edssima, recomendou a nova funda\u00e7\u00e3o ao Papa. Mas foi somente em 1249 que a primeira aprova\u00e7\u00e3o oficial da ordem foi obtida do Cardeal Raniero Capocci, legado papal na Toscana. Por esse tempo, S\u00e3o Bonf\u00edlio obteve permiss\u00e3o para fundar o primeiro ramo de sua ordem em Cafaggio, fora dos muros de Floren\u00e7a.<\/p>\n<p>Em 1267 S\u00e3o Felipe Ben\u00edcio foi eleito Superior Geral. Mas em 1274 o Conc\u00edlio de Lyon suprimiu todas as ordens religiosas ainda n\u00e3o aprovadas pela Santa S\u00e9. Consequentemente, o Papa Inoc\u00eancio V, em carta de 1276, comunicou a S\u00e3o Felipe que a <em>Ordem dos Servitas <\/em>estava supressa. O santo foi a Roma defender sua causa, mas o Papa faleceu. Finalmente, a inst\u00e2ncias de S\u00e3o Felipe e diante da opini\u00e3o favor\u00e1vel de tr\u00eas advogados consistoriais, o Papa Jo\u00e3o XXI decidiu que a ordem continuasse como antes. Mas a aprova\u00e7\u00e3o final s\u00f3 veio em 1304, com a bulla <em>\u201cDum levamus\u201d,<\/em> do Papa Bento IX. Dos sete fundadores, s\u00f3 Santo Aleixo vivia.<\/p>\n<p>Com efeito, entre 1257 e 1268 haviam falecido quatro deles. Em 1282, morrendo Santos Hugo e Sosteno, dos primitivos sete fundadores restou somente Santo Aleixo.<\/p>\n<p>Em 1270 Santo Aleixo teve a dita de ver nascer milagrosamente a filha de seu irm\u00e3o Clar\u00eancio, j\u00e1 septuagen\u00e1rio, a futura Santa Juliana Falconiere, que fundaria um ramo feminino da Ordem dos Servitas, as <em>Mantellatas<\/em>.<\/p>\n<p>Outro santo cuja fama de santidade muito contribuiu para a expans\u00e3o da obra dos Servitas foi S\u00e3o Peregrino Laziosi, nascido em 1265, recebido na Ordem em 1283. Sua humildade e paci\u00eancia eram t\u00e3o grandes, que foi chamado <em>\u201co segundo J\u00f3\u201d. <\/em>Seu corpo permanecia incorrupto at\u00e9 recentemente.<\/p>\n<p>Os sete fundadores foram sepultados no mesmo sepulcro. Simbolicamente, suas cinzas se misturaram.<\/p>\n<p><img loading=\"lazy\" decoding=\"async\" src=\"http:\/\/www.paginaoriente.com\/santosdaigreja\/fev\/servitas.jpg\" border=\"0\" alt=\"\" width=\"218\" height=\"361\" align=\"right\" \/><\/p>\n<p><em>\u00a0<\/em><\/p>\n<div id=\"themify_builder_content-7807\" data-postid=\"7807\" class=\"themify_builder_content themify_builder_content-7807 themify_builder themify_builder_front\">\n\t<\/div>\n<!-- \/themify_builder_content -->","protected":false},"excerpt":{"rendered":"<p>17 de Fevereiro Os fundadores da Ordem dos Servos de Maria foram muito unidos durante a vida, sendo sepultados num mesmo t\u00famulo e\u00a0\u2014\u00a0fato \u00fanico na Hist\u00f3ria\u00a0\u2014\u00a0venerados e canonizados em conjunto. A Idade M\u00e9dia foi, com muita propriedade, chamada \u201ca doce primavera da f\u00e9\u201d. Suas catedrais magn\u00edficas, verdadeiras rendas de pedra e de vitrais, ainda hoje [&hellip;]<\/p>\n","protected":false},"author":14,"featured_media":0,"comment_status":"open","ping_status":"open","sticky":false,"template":"","format":"standard","meta":{"ngg_post_thumbnail":0,"footnotes":""},"categories":[186],"tags":[],"yoast_head":"<!-- This site is optimized with the Yoast SEO plugin v23.5 - https:\/\/yoast.com\/wordpress\/plugins\/seo\/ -->\n<title>Os sete fundadores da Ordem dos Servitas - O Arcanjo no ar<\/title>\n<meta name=\"robots\" content=\"index, follow, max-snippet:-1, max-image-preview:large, max-video-preview:-1\" \/>\n<link rel=\"canonical\" href=\"https:\/\/www.oarcanjo.net\/site\/os-sete-fundadores-da-ordem-dos-servitas\/\" \/>\n<meta property=\"og:locale\" content=\"pt_BR\" \/>\n<meta property=\"og:type\" content=\"article\" \/>\n<meta property=\"og:title\" content=\"Os sete fundadores da Ordem dos Servitas - O Arcanjo no ar\" \/>\n<meta property=\"og:description\" content=\"17 de Fevereiro Os fundadores da Ordem dos Servos de Maria foram muito unidos durante a vida, sendo sepultados num mesmo t\u00famulo e\u00a0\u2014\u00a0fato \u00fanico na Hist\u00f3ria\u00a0\u2014\u00a0venerados e canonizados em conjunto. A Idade M\u00e9dia foi, com muita propriedade, chamada \u201ca doce primavera da f\u00e9\u201d. Suas catedrais magn\u00edficas, verdadeiras rendas de pedra e de vitrais, ainda hoje [&hellip;]\" \/>\n<meta property=\"og:url\" content=\"https:\/\/www.oarcanjo.net\/site\/os-sete-fundadores-da-ordem-dos-servitas\/\" \/>\n<meta property=\"og:site_name\" content=\"O Arcanjo no ar\" \/>\n<meta property=\"article:publisher\" content=\"https:\/\/www.facebook.com\/OArcanjoNoAr\/\" \/>\n<meta property=\"article:published_time\" content=\"2019-02-17T03:19:07+00:00\" \/>\n<meta property=\"article:modified_time\" content=\"2019-02-20T10:58:13+00:00\" \/>\n<meta property=\"og:image\" content=\"http:\/\/alexandrinabalasar.free.fr\/fundadores_servitas_1.jpg\" \/>\n<meta name=\"author\" content=\"danilo\" \/>\n<meta name=\"twitter:card\" content=\"summary_large_image\" \/>\n<meta name=\"twitter:label1\" content=\"Escrito por\" \/>\n\t<meta name=\"twitter:data1\" content=\"danilo\" \/>\n\t<meta name=\"twitter:label2\" content=\"Est. tempo de leitura\" \/>\n\t<meta name=\"twitter:data2\" content=\"8 minutos\" \/>\n<script type=\"application\/ld+json\" class=\"yoast-schema-graph\">{\"@context\":\"https:\/\/schema.org\",\"@graph\":[{\"@type\":\"Article\",\"@id\":\"https:\/\/www.oarcanjo.net\/site\/os-sete-fundadores-da-ordem-dos-servitas\/#article\",\"isPartOf\":{\"@id\":\"https:\/\/www.oarcanjo.net\/site\/os-sete-fundadores-da-ordem-dos-servitas\/\"},\"author\":{\"name\":\"danilo\",\"@id\":\"https:\/\/www.oarcanjo.net\/site\/#\/schema\/person\/5eb9480bedd2f3c97e430ce128c29c6c\"},\"headline\":\"Os sete fundadores da Ordem dos Servitas\",\"datePublished\":\"2019-02-17T03:19:07+00:00\",\"dateModified\":\"2019-02-20T10:58:13+00:00\",\"mainEntityOfPage\":{\"@id\":\"https:\/\/www.oarcanjo.net\/site\/os-sete-fundadores-da-ordem-dos-servitas\/\"},\"wordCount\":1519,\"commentCount\":1,\"publisher\":{\"@id\":\"https:\/\/www.oarcanjo.net\/site\/#organization\"},\"image\":{\"@id\":\"https:\/\/www.oarcanjo.net\/site\/os-sete-fundadores-da-ordem-dos-servitas\/#primaryimage\"},\"thumbnailUrl\":\"http:\/\/alexandrinabalasar.free.fr\/fundadores_servitas_1.jpg\",\"articleSection\":[\"Testemunhos\"],\"inLanguage\":\"pt-BR\",\"potentialAction\":[{\"@type\":\"CommentAction\",\"name\":\"Comment\",\"target\":[\"https:\/\/www.oarcanjo.net\/site\/os-sete-fundadores-da-ordem-dos-servitas\/#respond\"]}]},{\"@type\":\"WebPage\",\"@id\":\"https:\/\/www.oarcanjo.net\/site\/os-sete-fundadores-da-ordem-dos-servitas\/\",\"url\":\"https:\/\/www.oarcanjo.net\/site\/os-sete-fundadores-da-ordem-dos-servitas\/\",\"name\":\"Os sete fundadores da Ordem dos Servitas - O Arcanjo no ar\",\"isPartOf\":{\"@id\":\"https:\/\/www.oarcanjo.net\/site\/#website\"},\"primaryImageOfPage\":{\"@id\":\"https:\/\/www.oarcanjo.net\/site\/os-sete-fundadores-da-ordem-dos-servitas\/#primaryimage\"},\"image\":{\"@id\":\"https:\/\/www.oarcanjo.net\/site\/os-sete-fundadores-da-ordem-dos-servitas\/#primaryimage\"},\"thumbnailUrl\":\"http:\/\/alexandrinabalasar.free.fr\/fundadores_servitas_1.jpg\",\"datePublished\":\"2019-02-17T03:19:07+00:00\",\"dateModified\":\"2019-02-20T10:58:13+00:00\",\"breadcrumb\":{\"@id\":\"https:\/\/www.oarcanjo.net\/site\/os-sete-fundadores-da-ordem-dos-servitas\/#breadcrumb\"},\"inLanguage\":\"pt-BR\",\"potentialAction\":[{\"@type\":\"ReadAction\",\"target\":[\"https:\/\/www.oarcanjo.net\/site\/os-sete-fundadores-da-ordem-dos-servitas\/\"]}]},{\"@type\":\"ImageObject\",\"inLanguage\":\"pt-BR\",\"@id\":\"https:\/\/www.oarcanjo.net\/site\/os-sete-fundadores-da-ordem-dos-servitas\/#primaryimage\",\"url\":\"http:\/\/alexandrinabalasar.free.fr\/fundadores_servitas_1.jpg\",\"contentUrl\":\"http:\/\/alexandrinabalasar.free.fr\/fundadores_servitas_1.jpg\"},{\"@type\":\"BreadcrumbList\",\"@id\":\"https:\/\/www.oarcanjo.net\/site\/os-sete-fundadores-da-ordem-dos-servitas\/#breadcrumb\",\"itemListElement\":[{\"@type\":\"ListItem\",\"position\":1,\"name\":\"In\u00edcio\",\"item\":\"https:\/\/www.oarcanjo.net\/site\/\"},{\"@type\":\"ListItem\",\"position\":2,\"name\":\"Os sete fundadores da Ordem dos Servitas\"}]},{\"@type\":\"WebSite\",\"@id\":\"https:\/\/www.oarcanjo.net\/site\/#website\",\"url\":\"https:\/\/www.oarcanjo.net\/site\/\",\"name\":\"O Arcanjo no ar\",\"description\":\"Site da Par\u00f3quia S\u00e3o Miguel Arcanjo (Arquidiocese de SP)\",\"publisher\":{\"@id\":\"https:\/\/www.oarcanjo.net\/site\/#organization\"},\"potentialAction\":[{\"@type\":\"SearchAction\",\"target\":{\"@type\":\"EntryPoint\",\"urlTemplate\":\"https:\/\/www.oarcanjo.net\/site\/?s={search_term_string}\"},\"query-input\":{\"@type\":\"PropertyValueSpecification\",\"valueRequired\":true,\"valueName\":\"search_term_string\"}}],\"inLanguage\":\"pt-BR\"},{\"@type\":\"Organization\",\"@id\":\"https:\/\/www.oarcanjo.net\/site\/#organization\",\"name\":\"Par\u00f3quia S\u00e3o Miguel Arcanjo\",\"url\":\"https:\/\/www.oarcanjo.net\/site\/\",\"logo\":{\"@type\":\"ImageObject\",\"inLanguage\":\"pt-BR\",\"@id\":\"https:\/\/www.oarcanjo.net\/site\/#\/schema\/logo\/image\/\",\"url\":\"https:\/\/www.oarcanjo.net\/site\/wp-content\/uploads\/LogoOArcanjo.png\",\"contentUrl\":\"https:\/\/www.oarcanjo.net\/site\/wp-content\/uploads\/LogoOArcanjo.png\",\"width\":319,\"height\":99,\"caption\":\"Par\u00f3quia S\u00e3o Miguel Arcanjo\"},\"image\":{\"@id\":\"https:\/\/www.oarcanjo.net\/site\/#\/schema\/logo\/image\/\"},\"sameAs\":[\"https:\/\/www.facebook.com\/OArcanjoNoAr\/\"]},{\"@type\":\"Person\",\"@id\":\"https:\/\/www.oarcanjo.net\/site\/#\/schema\/person\/5eb9480bedd2f3c97e430ce128c29c6c\",\"name\":\"danilo\"}]}<\/script>\n<!-- \/ Yoast SEO plugin. -->","yoast_head_json":{"title":"Os sete fundadores da Ordem dos Servitas - O Arcanjo no ar","robots":{"index":"index","follow":"follow","max-snippet":"max-snippet:-1","max-image-preview":"max-image-preview:large","max-video-preview":"max-video-preview:-1"},"canonical":"https:\/\/www.oarcanjo.net\/site\/os-sete-fundadores-da-ordem-dos-servitas\/","og_locale":"pt_BR","og_type":"article","og_title":"Os sete fundadores da Ordem dos Servitas - O Arcanjo no ar","og_description":"17 de Fevereiro Os fundadores da Ordem dos Servos de Maria foram muito unidos durante a vida, sendo sepultados num mesmo t\u00famulo e\u00a0\u2014\u00a0fato \u00fanico na Hist\u00f3ria\u00a0\u2014\u00a0venerados e canonizados em conjunto. A Idade M\u00e9dia foi, com muita propriedade, chamada \u201ca doce primavera da f\u00e9\u201d. Suas catedrais magn\u00edficas, verdadeiras rendas de pedra e de vitrais, ainda hoje [&hellip;]","og_url":"https:\/\/www.oarcanjo.net\/site\/os-sete-fundadores-da-ordem-dos-servitas\/","og_site_name":"O Arcanjo no ar","article_publisher":"https:\/\/www.facebook.com\/OArcanjoNoAr\/","article_published_time":"2019-02-17T03:19:07+00:00","article_modified_time":"2019-02-20T10:58:13+00:00","og_image":[{"url":"http:\/\/alexandrinabalasar.free.fr\/fundadores_servitas_1.jpg"}],"author":"danilo","twitter_card":"summary_large_image","twitter_misc":{"Escrito por":"danilo","Est. tempo de leitura":"8 minutos"},"schema":{"@context":"https:\/\/schema.org","@graph":[{"@type":"Article","@id":"https:\/\/www.oarcanjo.net\/site\/os-sete-fundadores-da-ordem-dos-servitas\/#article","isPartOf":{"@id":"https:\/\/www.oarcanjo.net\/site\/os-sete-fundadores-da-ordem-dos-servitas\/"},"author":{"name":"danilo","@id":"https:\/\/www.oarcanjo.net\/site\/#\/schema\/person\/5eb9480bedd2f3c97e430ce128c29c6c"},"headline":"Os sete fundadores da Ordem dos Servitas","datePublished":"2019-02-17T03:19:07+00:00","dateModified":"2019-02-20T10:58:13+00:00","mainEntityOfPage":{"@id":"https:\/\/www.oarcanjo.net\/site\/os-sete-fundadores-da-ordem-dos-servitas\/"},"wordCount":1519,"commentCount":1,"publisher":{"@id":"https:\/\/www.oarcanjo.net\/site\/#organization"},"image":{"@id":"https:\/\/www.oarcanjo.net\/site\/os-sete-fundadores-da-ordem-dos-servitas\/#primaryimage"},"thumbnailUrl":"http:\/\/alexandrinabalasar.free.fr\/fundadores_servitas_1.jpg","articleSection":["Testemunhos"],"inLanguage":"pt-BR","potentialAction":[{"@type":"CommentAction","name":"Comment","target":["https:\/\/www.oarcanjo.net\/site\/os-sete-fundadores-da-ordem-dos-servitas\/#respond"]}]},{"@type":"WebPage","@id":"https:\/\/www.oarcanjo.net\/site\/os-sete-fundadores-da-ordem-dos-servitas\/","url":"https:\/\/www.oarcanjo.net\/site\/os-sete-fundadores-da-ordem-dos-servitas\/","name":"Os sete fundadores da Ordem dos Servitas - O Arcanjo no ar","isPartOf":{"@id":"https:\/\/www.oarcanjo.net\/site\/#website"},"primaryImageOfPage":{"@id":"https:\/\/www.oarcanjo.net\/site\/os-sete-fundadores-da-ordem-dos-servitas\/#primaryimage"},"image":{"@id":"https:\/\/www.oarcanjo.net\/site\/os-sete-fundadores-da-ordem-dos-servitas\/#primaryimage"},"thumbnailUrl":"http:\/\/alexandrinabalasar.free.fr\/fundadores_servitas_1.jpg","datePublished":"2019-02-17T03:19:07+00:00","dateModified":"2019-02-20T10:58:13+00:00","breadcrumb":{"@id":"https:\/\/www.oarcanjo.net\/site\/os-sete-fundadores-da-ordem-dos-servitas\/#breadcrumb"},"inLanguage":"pt-BR","potentialAction":[{"@type":"ReadAction","target":["https:\/\/www.oarcanjo.net\/site\/os-sete-fundadores-da-ordem-dos-servitas\/"]}]},{"@type":"ImageObject","inLanguage":"pt-BR","@id":"https:\/\/www.oarcanjo.net\/site\/os-sete-fundadores-da-ordem-dos-servitas\/#primaryimage","url":"http:\/\/alexandrinabalasar.free.fr\/fundadores_servitas_1.jpg","contentUrl":"http:\/\/alexandrinabalasar.free.fr\/fundadores_servitas_1.jpg"},{"@type":"BreadcrumbList","@id":"https:\/\/www.oarcanjo.net\/site\/os-sete-fundadores-da-ordem-dos-servitas\/#breadcrumb","itemListElement":[{"@type":"ListItem","position":1,"name":"In\u00edcio","item":"https:\/\/www.oarcanjo.net\/site\/"},{"@type":"ListItem","position":2,"name":"Os sete fundadores da Ordem dos Servitas"}]},{"@type":"WebSite","@id":"https:\/\/www.oarcanjo.net\/site\/#website","url":"https:\/\/www.oarcanjo.net\/site\/","name":"O Arcanjo no ar","description":"Site da Par\u00f3quia S\u00e3o Miguel Arcanjo (Arquidiocese de SP)","publisher":{"@id":"https:\/\/www.oarcanjo.net\/site\/#organization"},"potentialAction":[{"@type":"SearchAction","target":{"@type":"EntryPoint","urlTemplate":"https:\/\/www.oarcanjo.net\/site\/?s={search_term_string}"},"query-input":{"@type":"PropertyValueSpecification","valueRequired":true,"valueName":"search_term_string"}}],"inLanguage":"pt-BR"},{"@type":"Organization","@id":"https:\/\/www.oarcanjo.net\/site\/#organization","name":"Par\u00f3quia S\u00e3o Miguel Arcanjo","url":"https:\/\/www.oarcanjo.net\/site\/","logo":{"@type":"ImageObject","inLanguage":"pt-BR","@id":"https:\/\/www.oarcanjo.net\/site\/#\/schema\/logo\/image\/","url":"https:\/\/www.oarcanjo.net\/site\/wp-content\/uploads\/LogoOArcanjo.png","contentUrl":"https:\/\/www.oarcanjo.net\/site\/wp-content\/uploads\/LogoOArcanjo.png","width":319,"height":99,"caption":"Par\u00f3quia S\u00e3o Miguel Arcanjo"},"image":{"@id":"https:\/\/www.oarcanjo.net\/site\/#\/schema\/logo\/image\/"},"sameAs":["https:\/\/www.facebook.com\/OArcanjoNoAr\/"]},{"@type":"Person","@id":"https:\/\/www.oarcanjo.net\/site\/#\/schema\/person\/5eb9480bedd2f3c97e430ce128c29c6c","name":"danilo"}]}},"publishpress_future_action":{"enabled":false,"date":"2026-05-08 02:22:12","action":"category","newStatus":"draft","terms":[],"taxonomy":"category"},"publishpress_future_workflow_manual_trigger":{"enabledWorkflows":[]},"_links":{"self":[{"href":"https:\/\/www.oarcanjo.net\/site\/wp-json\/wp\/v2\/posts\/7807"}],"collection":[{"href":"https:\/\/www.oarcanjo.net\/site\/wp-json\/wp\/v2\/posts"}],"about":[{"href":"https:\/\/www.oarcanjo.net\/site\/wp-json\/wp\/v2\/types\/post"}],"author":[{"embeddable":true,"href":"https:\/\/www.oarcanjo.net\/site\/wp-json\/wp\/v2\/users\/14"}],"replies":[{"embeddable":true,"href":"https:\/\/www.oarcanjo.net\/site\/wp-json\/wp\/v2\/comments?post=7807"}],"version-history":[{"count":1,"href":"https:\/\/www.oarcanjo.net\/site\/wp-json\/wp\/v2\/posts\/7807\/revisions"}],"predecessor-version":[{"id":92909,"href":"https:\/\/www.oarcanjo.net\/site\/wp-json\/wp\/v2\/posts\/7807\/revisions\/92909"}],"wp:attachment":[{"href":"https:\/\/www.oarcanjo.net\/site\/wp-json\/wp\/v2\/media?parent=7807"}],"wp:term":[{"taxonomy":"category","embeddable":true,"href":"https:\/\/www.oarcanjo.net\/site\/wp-json\/wp\/v2\/categories?post=7807"},{"taxonomy":"post_tag","embeddable":true,"href":"https:\/\/www.oarcanjo.net\/site\/wp-json\/wp\/v2\/tags?post=7807"}],"curies":[{"name":"wp","href":"https:\/\/api.w.org\/{rel}","templated":true}]}}