
{"id":7810,"date":"2019-02-18T07:21:25","date_gmt":"2019-02-18T10:21:25","guid":{"rendered":"http:\/\/www.oarcanjo.net\/site\/?p=7810"},"modified":"2019-02-12T18:00:37","modified_gmt":"2019-02-12T20:00:37","slug":"bem-aventurado-joao-de-fiesole-ou-fra-angelico","status":"publish","type":"post","link":"https:\/\/www.oarcanjo.net\/site\/bem-aventurado-joao-de-fiesole-ou-fra-angelico\/","title":{"rendered":"Bem Aventurado Jo\u00e3o de Fiesole ou Fra Ang\u00e9lico"},"content":{"rendered":"<p><img decoding=\"async\" src=\"http:\/\/www.fraternidadecoracaochagado.com.br\/fotos\/santo_309.jpg\" alt=\"\" \/><\/p>\n<p>18 de Fevereiro<\/p>\n<p>Guido de Pietro, nasceu em 1387, na cidade de Mugelo, na Toscana, It\u00e1lia. At\u00e9 o final da juventude foi pintor de quadros na cidade de Floren\u00e7a, quando se decidiu pela voca\u00e7\u00e3o religiosa. Em 1417, ingressou na congrega\u00e7\u00e3o de S\u00e3o Nicolau, onde permaneceu por tr\u00eas anos. Depois, junto com seu irm\u00e3o Bento, foi para o convento dominicano de Fiesole, no qual se ordenou sacerdote adotando o nome de Jo\u00e3o.<\/p>\n<p>A a\u00e7\u00e3o dos seus dons de santo e de artista, se desenvolveu de forma esplendida no clima de alta perfei\u00e7\u00e3o espiritual e intelectual, encontrado no convento. Assim pode fazer da pintura a sua principal obra evangelizadora, ao se tornar um Frade Predicador desta Ordem. Pela singeleza e genialidade de sua figura passou a ser chamado de &#8220;Beato Ang\u00e9lico&#8221; ou &#8220;Fra Ang\u00e9lico&#8221;, nome que ficou impresso inclusive no mundo das artes.<\/p>\n<p>Este frade-pintor foi um dom magn\u00edfico feito por Deus para a Ordem, pois deu tamb\u00e9m um imenso aux\u00edlio financeiro aos co-irm\u00e3os, porque, obedecendo ao voto de pobreza, destinou \u00e0 Ordem todos os seus ganhos como artista, que eram t\u00e3o expressivos quanto a sua genialidade. A santa austeridade, os estudos profundos, a perene eleva\u00e7\u00e3o da alma a Deus, mediante as ora\u00e7\u00f5es contemplativas, apuraram o seu esp\u00edrito e lhe abriram horizontes ocultos. Com este preparo e com seus m\u00e1gicos pinc\u00e9is, pode proporcionar a todos o fruto da pr\u00f3pria contempla\u00e7\u00e3o, representando o mais sagrado dos poemas, a divina reden\u00e7\u00e3o humana pela Paix\u00e3o de Jesus Cristo. As suas pinturas s\u00e3o uma ora\u00e7\u00e3o que ressoa atrav\u00e9s dos s\u00e9culos. Esta alma de uma simplicidade evang\u00e9lica, soube viver com o cora\u00e7\u00e3o no c\u00e9u, se consagrando num incessante trabalho.<\/p>\n<p>Entre 1425 e1438, viveu retirado, onde retomou o trabalho pintando os afrescos de quase todos os altares da igreja do convento de Fiesole. Depois foi a vez do convento de S\u00e3o Marcos, em Floren\u00e7a, onde deixou suas obras impressas nos corredores, celas, bibliotecas, claustros, ao longo de seis anos. A partir de 1445 foi para Roma, onde trabalhou para dois papas: Eug\u00eanio IV e Nicolau V. Este \u00faltimo, tentou consagr\u00e1-lo bispo de Floren\u00e7a, mas Fra Ang\u00e9lico recusou com firmeza, indicando outro irm\u00e3o dominicano.<\/p>\n<p>Retornou para o convento de Fiesole, cinco anos depois, no qual foi eleito o diretor geral. Al\u00ed trabalhou com seu irm\u00e3o Bento, que nomeou inicialmente como seu secret\u00e1rio e depois conseguiu que fosse eleito seu sucessor, em 1452. Frei Jo\u00e3o de Fiesole, voltou para Roma, onde morreu no dia 18 de fevereiro de 1455.<\/p>\n<p>Fra Ang\u00e9lico, que nunca executou uma obra, sem antes rezar uma ora\u00e7\u00e3o, foi beatificado pelo papa Jo\u00e3o Paulo II em 1982, que indicou sua festa lit\u00fargica para o dia de sua morte. At\u00e9 porque, muito antes, a sua sepultura no convento de Santa Maria sobre Minerva se tornara o local escolhido pelos peregrinos que desejavam cultua-lo, n\u00e3o tanto devido \u00e0 sua genialidade art\u00edstica, que podia ser apreciada nos museus do mundo, como por seu car\u00e1ter sincero carregado de profunda santidade. Dois anos depois, o mesmo pont\u00edfice o declarou &#8220;Padroeiro Universal dos Artistas&#8221;, uma honra pela sua obra evangelizadora que promoveu a arte sacra atrav\u00e9s dos s\u00e9culos.<\/p>\n<div id=\"themify_builder_content-7810\" data-postid=\"7810\" class=\"themify_builder_content themify_builder_content-7810 themify_builder themify_builder_front\">\n\t<\/div>\n<!-- \/themify_builder_content -->","protected":false},"excerpt":{"rendered":"<p>18 de Fevereiro Guido de Pietro, nasceu em 1387, na cidade de Mugelo, na Toscana, It\u00e1lia. At\u00e9 o final da juventude foi pintor de quadros na cidade de Floren\u00e7a, quando se decidiu pela voca\u00e7\u00e3o religiosa. Em 1417, ingressou na congrega\u00e7\u00e3o de S\u00e3o Nicolau, onde permaneceu por tr\u00eas anos. Depois, junto com seu irm\u00e3o Bento, foi [&hellip;]<\/p>\n","protected":false},"author":14,"featured_media":0,"comment_status":"open","ping_status":"open","sticky":false,"template":"","format":"standard","meta":{"ngg_post_thumbnail":0,"footnotes":""},"categories":[186],"tags":[],"yoast_head":"<!-- This site is optimized with the Yoast SEO plugin v23.5 - https:\/\/yoast.com\/wordpress\/plugins\/seo\/ -->\n<title>Bem Aventurado Jo\u00e3o de Fiesole ou Fra Ang\u00e9lico - O Arcanjo no ar<\/title>\n<meta name=\"robots\" content=\"index, follow, max-snippet:-1, max-image-preview:large, max-video-preview:-1\" \/>\n<link rel=\"canonical\" href=\"https:\/\/www.oarcanjo.net\/site\/bem-aventurado-joao-de-fiesole-ou-fra-angelico\/\" \/>\n<meta property=\"og:locale\" content=\"pt_BR\" \/>\n<meta property=\"og:type\" content=\"article\" \/>\n<meta property=\"og:title\" content=\"Bem Aventurado Jo\u00e3o de Fiesole ou Fra Ang\u00e9lico - O Arcanjo no ar\" \/>\n<meta property=\"og:description\" content=\"18 de Fevereiro Guido de Pietro, nasceu em 1387, na cidade de Mugelo, na Toscana, It\u00e1lia. At\u00e9 o final da juventude foi pintor de quadros na cidade de Floren\u00e7a, quando se decidiu pela voca\u00e7\u00e3o religiosa. Em 1417, ingressou na congrega\u00e7\u00e3o de S\u00e3o Nicolau, onde permaneceu por tr\u00eas anos. Depois, junto com seu irm\u00e3o Bento, foi [&hellip;]\" \/>\n<meta property=\"og:url\" content=\"https:\/\/www.oarcanjo.net\/site\/bem-aventurado-joao-de-fiesole-ou-fra-angelico\/\" \/>\n<meta property=\"og:site_name\" content=\"O Arcanjo no ar\" \/>\n<meta property=\"article:publisher\" content=\"https:\/\/www.facebook.com\/OArcanjoNoAr\/\" \/>\n<meta property=\"article:published_time\" content=\"2019-02-18T10:21:25+00:00\" \/>\n<meta property=\"article:modified_time\" content=\"2019-02-12T20:00:37+00:00\" \/>\n<meta property=\"og:image\" content=\"http:\/\/www.fraternidadecoracaochagado.com.br\/fotos\/santo_309.jpg\" \/>\n<meta name=\"author\" content=\"danilo\" \/>\n<meta name=\"twitter:card\" content=\"summary_large_image\" \/>\n<meta name=\"twitter:label1\" content=\"Escrito por\" \/>\n\t<meta name=\"twitter:data1\" content=\"danilo\" \/>\n\t<meta name=\"twitter:label2\" content=\"Est. tempo de leitura\" \/>\n\t<meta name=\"twitter:data2\" content=\"3 minutos\" \/>\n<script type=\"application\/ld+json\" class=\"yoast-schema-graph\">{\"@context\":\"https:\/\/schema.org\",\"@graph\":[{\"@type\":\"Article\",\"@id\":\"https:\/\/www.oarcanjo.net\/site\/bem-aventurado-joao-de-fiesole-ou-fra-angelico\/#article\",\"isPartOf\":{\"@id\":\"https:\/\/www.oarcanjo.net\/site\/bem-aventurado-joao-de-fiesole-ou-fra-angelico\/\"},\"author\":{\"name\":\"danilo\",\"@id\":\"https:\/\/www.oarcanjo.net\/site\/#\/schema\/person\/5eb9480bedd2f3c97e430ce128c29c6c\"},\"headline\":\"Bem Aventurado Jo\u00e3o de Fiesole ou Fra Ang\u00e9lico\",\"datePublished\":\"2019-02-18T10:21:25+00:00\",\"dateModified\":\"2019-02-12T20:00:37+00:00\",\"mainEntityOfPage\":{\"@id\":\"https:\/\/www.oarcanjo.net\/site\/bem-aventurado-joao-de-fiesole-ou-fra-angelico\/\"},\"wordCount\":567,\"commentCount\":0,\"publisher\":{\"@id\":\"https:\/\/www.oarcanjo.net\/site\/#organization\"},\"image\":{\"@id\":\"https:\/\/www.oarcanjo.net\/site\/bem-aventurado-joao-de-fiesole-ou-fra-angelico\/#primaryimage\"},\"thumbnailUrl\":\"http:\/\/www.fraternidadecoracaochagado.com.br\/fotos\/santo_309.jpg\",\"articleSection\":[\"Testemunhos\"],\"inLanguage\":\"pt-BR\",\"potentialAction\":[{\"@type\":\"CommentAction\",\"name\":\"Comment\",\"target\":[\"https:\/\/www.oarcanjo.net\/site\/bem-aventurado-joao-de-fiesole-ou-fra-angelico\/#respond\"]}]},{\"@type\":\"WebPage\",\"@id\":\"https:\/\/www.oarcanjo.net\/site\/bem-aventurado-joao-de-fiesole-ou-fra-angelico\/\",\"url\":\"https:\/\/www.oarcanjo.net\/site\/bem-aventurado-joao-de-fiesole-ou-fra-angelico\/\",\"name\":\"Bem Aventurado Jo\u00e3o de Fiesole ou Fra Ang\u00e9lico - O Arcanjo no ar\",\"isPartOf\":{\"@id\":\"https:\/\/www.oarcanjo.net\/site\/#website\"},\"primaryImageOfPage\":{\"@id\":\"https:\/\/www.oarcanjo.net\/site\/bem-aventurado-joao-de-fiesole-ou-fra-angelico\/#primaryimage\"},\"image\":{\"@id\":\"https:\/\/www.oarcanjo.net\/site\/bem-aventurado-joao-de-fiesole-ou-fra-angelico\/#primaryimage\"},\"thumbnailUrl\":\"http:\/\/www.fraternidadecoracaochagado.com.br\/fotos\/santo_309.jpg\",\"datePublished\":\"2019-02-18T10:21:25+00:00\",\"dateModified\":\"2019-02-12T20:00:37+00:00\",\"breadcrumb\":{\"@id\":\"https:\/\/www.oarcanjo.net\/site\/bem-aventurado-joao-de-fiesole-ou-fra-angelico\/#breadcrumb\"},\"inLanguage\":\"pt-BR\",\"potentialAction\":[{\"@type\":\"ReadAction\",\"target\":[\"https:\/\/www.oarcanjo.net\/site\/bem-aventurado-joao-de-fiesole-ou-fra-angelico\/\"]}]},{\"@type\":\"ImageObject\",\"inLanguage\":\"pt-BR\",\"@id\":\"https:\/\/www.oarcanjo.net\/site\/bem-aventurado-joao-de-fiesole-ou-fra-angelico\/#primaryimage\",\"url\":\"http:\/\/www.fraternidadecoracaochagado.com.br\/fotos\/santo_309.jpg\",\"contentUrl\":\"http:\/\/www.fraternidadecoracaochagado.com.br\/fotos\/santo_309.jpg\"},{\"@type\":\"BreadcrumbList\",\"@id\":\"https:\/\/www.oarcanjo.net\/site\/bem-aventurado-joao-de-fiesole-ou-fra-angelico\/#breadcrumb\",\"itemListElement\":[{\"@type\":\"ListItem\",\"position\":1,\"name\":\"In\u00edcio\",\"item\":\"https:\/\/www.oarcanjo.net\/site\/\"},{\"@type\":\"ListItem\",\"position\":2,\"name\":\"Bem Aventurado Jo\u00e3o de Fiesole ou Fra Ang\u00e9lico\"}]},{\"@type\":\"WebSite\",\"@id\":\"https:\/\/www.oarcanjo.net\/site\/#website\",\"url\":\"https:\/\/www.oarcanjo.net\/site\/\",\"name\":\"O Arcanjo no ar\",\"description\":\"Site da Par\u00f3quia S\u00e3o Miguel Arcanjo (Arquidiocese de SP)\",\"publisher\":{\"@id\":\"https:\/\/www.oarcanjo.net\/site\/#organization\"},\"potentialAction\":[{\"@type\":\"SearchAction\",\"target\":{\"@type\":\"EntryPoint\",\"urlTemplate\":\"https:\/\/www.oarcanjo.net\/site\/?s={search_term_string}\"},\"query-input\":{\"@type\":\"PropertyValueSpecification\",\"valueRequired\":true,\"valueName\":\"search_term_string\"}}],\"inLanguage\":\"pt-BR\"},{\"@type\":\"Organization\",\"@id\":\"https:\/\/www.oarcanjo.net\/site\/#organization\",\"name\":\"Par\u00f3quia S\u00e3o Miguel Arcanjo\",\"url\":\"https:\/\/www.oarcanjo.net\/site\/\",\"logo\":{\"@type\":\"ImageObject\",\"inLanguage\":\"pt-BR\",\"@id\":\"https:\/\/www.oarcanjo.net\/site\/#\/schema\/logo\/image\/\",\"url\":\"https:\/\/www.oarcanjo.net\/site\/wp-content\/uploads\/LogoOArcanjo.png\",\"contentUrl\":\"https:\/\/www.oarcanjo.net\/site\/wp-content\/uploads\/LogoOArcanjo.png\",\"width\":319,\"height\":99,\"caption\":\"Par\u00f3quia S\u00e3o Miguel Arcanjo\"},\"image\":{\"@id\":\"https:\/\/www.oarcanjo.net\/site\/#\/schema\/logo\/image\/\"},\"sameAs\":[\"https:\/\/www.facebook.com\/OArcanjoNoAr\/\"]},{\"@type\":\"Person\",\"@id\":\"https:\/\/www.oarcanjo.net\/site\/#\/schema\/person\/5eb9480bedd2f3c97e430ce128c29c6c\",\"name\":\"danilo\"}]}<\/script>\n<!-- \/ Yoast SEO plugin. -->","yoast_head_json":{"title":"Bem Aventurado Jo\u00e3o de Fiesole ou Fra Ang\u00e9lico - O Arcanjo no ar","robots":{"index":"index","follow":"follow","max-snippet":"max-snippet:-1","max-image-preview":"max-image-preview:large","max-video-preview":"max-video-preview:-1"},"canonical":"https:\/\/www.oarcanjo.net\/site\/bem-aventurado-joao-de-fiesole-ou-fra-angelico\/","og_locale":"pt_BR","og_type":"article","og_title":"Bem Aventurado Jo\u00e3o de Fiesole ou Fra Ang\u00e9lico - O Arcanjo no ar","og_description":"18 de Fevereiro Guido de Pietro, nasceu em 1387, na cidade de Mugelo, na Toscana, It\u00e1lia. At\u00e9 o final da juventude foi pintor de quadros na cidade de Floren\u00e7a, quando se decidiu pela voca\u00e7\u00e3o religiosa. Em 1417, ingressou na congrega\u00e7\u00e3o de S\u00e3o Nicolau, onde permaneceu por tr\u00eas anos. Depois, junto com seu irm\u00e3o Bento, foi [&hellip;]","og_url":"https:\/\/www.oarcanjo.net\/site\/bem-aventurado-joao-de-fiesole-ou-fra-angelico\/","og_site_name":"O Arcanjo no ar","article_publisher":"https:\/\/www.facebook.com\/OArcanjoNoAr\/","article_published_time":"2019-02-18T10:21:25+00:00","article_modified_time":"2019-02-12T20:00:37+00:00","og_image":[{"url":"http:\/\/www.fraternidadecoracaochagado.com.br\/fotos\/santo_309.jpg"}],"author":"danilo","twitter_card":"summary_large_image","twitter_misc":{"Escrito por":"danilo","Est. tempo de leitura":"3 minutos"},"schema":{"@context":"https:\/\/schema.org","@graph":[{"@type":"Article","@id":"https:\/\/www.oarcanjo.net\/site\/bem-aventurado-joao-de-fiesole-ou-fra-angelico\/#article","isPartOf":{"@id":"https:\/\/www.oarcanjo.net\/site\/bem-aventurado-joao-de-fiesole-ou-fra-angelico\/"},"author":{"name":"danilo","@id":"https:\/\/www.oarcanjo.net\/site\/#\/schema\/person\/5eb9480bedd2f3c97e430ce128c29c6c"},"headline":"Bem Aventurado Jo\u00e3o de Fiesole ou Fra Ang\u00e9lico","datePublished":"2019-02-18T10:21:25+00:00","dateModified":"2019-02-12T20:00:37+00:00","mainEntityOfPage":{"@id":"https:\/\/www.oarcanjo.net\/site\/bem-aventurado-joao-de-fiesole-ou-fra-angelico\/"},"wordCount":567,"commentCount":0,"publisher":{"@id":"https:\/\/www.oarcanjo.net\/site\/#organization"},"image":{"@id":"https:\/\/www.oarcanjo.net\/site\/bem-aventurado-joao-de-fiesole-ou-fra-angelico\/#primaryimage"},"thumbnailUrl":"http:\/\/www.fraternidadecoracaochagado.com.br\/fotos\/santo_309.jpg","articleSection":["Testemunhos"],"inLanguage":"pt-BR","potentialAction":[{"@type":"CommentAction","name":"Comment","target":["https:\/\/www.oarcanjo.net\/site\/bem-aventurado-joao-de-fiesole-ou-fra-angelico\/#respond"]}]},{"@type":"WebPage","@id":"https:\/\/www.oarcanjo.net\/site\/bem-aventurado-joao-de-fiesole-ou-fra-angelico\/","url":"https:\/\/www.oarcanjo.net\/site\/bem-aventurado-joao-de-fiesole-ou-fra-angelico\/","name":"Bem Aventurado Jo\u00e3o de Fiesole ou Fra Ang\u00e9lico - O Arcanjo no ar","isPartOf":{"@id":"https:\/\/www.oarcanjo.net\/site\/#website"},"primaryImageOfPage":{"@id":"https:\/\/www.oarcanjo.net\/site\/bem-aventurado-joao-de-fiesole-ou-fra-angelico\/#primaryimage"},"image":{"@id":"https:\/\/www.oarcanjo.net\/site\/bem-aventurado-joao-de-fiesole-ou-fra-angelico\/#primaryimage"},"thumbnailUrl":"http:\/\/www.fraternidadecoracaochagado.com.br\/fotos\/santo_309.jpg","datePublished":"2019-02-18T10:21:25+00:00","dateModified":"2019-02-12T20:00:37+00:00","breadcrumb":{"@id":"https:\/\/www.oarcanjo.net\/site\/bem-aventurado-joao-de-fiesole-ou-fra-angelico\/#breadcrumb"},"inLanguage":"pt-BR","potentialAction":[{"@type":"ReadAction","target":["https:\/\/www.oarcanjo.net\/site\/bem-aventurado-joao-de-fiesole-ou-fra-angelico\/"]}]},{"@type":"ImageObject","inLanguage":"pt-BR","@id":"https:\/\/www.oarcanjo.net\/site\/bem-aventurado-joao-de-fiesole-ou-fra-angelico\/#primaryimage","url":"http:\/\/www.fraternidadecoracaochagado.com.br\/fotos\/santo_309.jpg","contentUrl":"http:\/\/www.fraternidadecoracaochagado.com.br\/fotos\/santo_309.jpg"},{"@type":"BreadcrumbList","@id":"https:\/\/www.oarcanjo.net\/site\/bem-aventurado-joao-de-fiesole-ou-fra-angelico\/#breadcrumb","itemListElement":[{"@type":"ListItem","position":1,"name":"In\u00edcio","item":"https:\/\/www.oarcanjo.net\/site\/"},{"@type":"ListItem","position":2,"name":"Bem Aventurado Jo\u00e3o de Fiesole ou Fra Ang\u00e9lico"}]},{"@type":"WebSite","@id":"https:\/\/www.oarcanjo.net\/site\/#website","url":"https:\/\/www.oarcanjo.net\/site\/","name":"O Arcanjo no ar","description":"Site da Par\u00f3quia S\u00e3o Miguel Arcanjo (Arquidiocese de SP)","publisher":{"@id":"https:\/\/www.oarcanjo.net\/site\/#organization"},"potentialAction":[{"@type":"SearchAction","target":{"@type":"EntryPoint","urlTemplate":"https:\/\/www.oarcanjo.net\/site\/?s={search_term_string}"},"query-input":{"@type":"PropertyValueSpecification","valueRequired":true,"valueName":"search_term_string"}}],"inLanguage":"pt-BR"},{"@type":"Organization","@id":"https:\/\/www.oarcanjo.net\/site\/#organization","name":"Par\u00f3quia S\u00e3o Miguel Arcanjo","url":"https:\/\/www.oarcanjo.net\/site\/","logo":{"@type":"ImageObject","inLanguage":"pt-BR","@id":"https:\/\/www.oarcanjo.net\/site\/#\/schema\/logo\/image\/","url":"https:\/\/www.oarcanjo.net\/site\/wp-content\/uploads\/LogoOArcanjo.png","contentUrl":"https:\/\/www.oarcanjo.net\/site\/wp-content\/uploads\/LogoOArcanjo.png","width":319,"height":99,"caption":"Par\u00f3quia S\u00e3o Miguel Arcanjo"},"image":{"@id":"https:\/\/www.oarcanjo.net\/site\/#\/schema\/logo\/image\/"},"sameAs":["https:\/\/www.facebook.com\/OArcanjoNoAr\/"]},{"@type":"Person","@id":"https:\/\/www.oarcanjo.net\/site\/#\/schema\/person\/5eb9480bedd2f3c97e430ce128c29c6c","name":"danilo"}]}},"publishpress_future_action":{"enabled":false,"date":"2026-05-08 02:23:39","action":"category","newStatus":"draft","terms":[],"taxonomy":"category"},"publishpress_future_workflow_manual_trigger":{"enabledWorkflows":[]},"_links":{"self":[{"href":"https:\/\/www.oarcanjo.net\/site\/wp-json\/wp\/v2\/posts\/7810"}],"collection":[{"href":"https:\/\/www.oarcanjo.net\/site\/wp-json\/wp\/v2\/posts"}],"about":[{"href":"https:\/\/www.oarcanjo.net\/site\/wp-json\/wp\/v2\/types\/post"}],"author":[{"embeddable":true,"href":"https:\/\/www.oarcanjo.net\/site\/wp-json\/wp\/v2\/users\/14"}],"replies":[{"embeddable":true,"href":"https:\/\/www.oarcanjo.net\/site\/wp-json\/wp\/v2\/comments?post=7810"}],"version-history":[{"count":1,"href":"https:\/\/www.oarcanjo.net\/site\/wp-json\/wp\/v2\/posts\/7810\/revisions"}],"predecessor-version":[{"id":92819,"href":"https:\/\/www.oarcanjo.net\/site\/wp-json\/wp\/v2\/posts\/7810\/revisions\/92819"}],"wp:attachment":[{"href":"https:\/\/www.oarcanjo.net\/site\/wp-json\/wp\/v2\/media?parent=7810"}],"wp:term":[{"taxonomy":"category","embeddable":true,"href":"https:\/\/www.oarcanjo.net\/site\/wp-json\/wp\/v2\/categories?post=7810"},{"taxonomy":"post_tag","embeddable":true,"href":"https:\/\/www.oarcanjo.net\/site\/wp-json\/wp\/v2\/tags?post=7810"}],"curies":[{"name":"wp","href":"https:\/\/api.w.org\/{rel}","templated":true}]}}