
{"id":7813,"date":"2019-02-18T00:25:13","date_gmt":"2019-02-18T03:25:13","guid":{"rendered":"http:\/\/www.oarcanjo.net\/site\/?p=7813"},"modified":"2019-02-12T18:00:11","modified_gmt":"2019-02-12T20:00:11","slug":"sao-simeao-2","status":"publish","type":"post","link":"https:\/\/www.oarcanjo.net\/site\/sao-simeao-2\/","title":{"rendered":"S\u00e3o Sime\u00e3o"},"content":{"rendered":"<p><img loading=\"lazy\" decoding=\"async\" src=\"http:\/\/jornale.com.br\/wicca\/wp-content\/uploads\/2009\/10\/sao-simao.jpg\" alt=\"\" width=\"250\" height=\"320\" align=\"left\" \/><\/p>\n<p>18 de Fevereiro<\/p>\n<p>Em S. Sime\u00e3o saudamos um parente pr\u00f3ximo de Nosso Senhor Jesus Cristo. O pai, Cle\u00f3fas, era irm\u00e3o de S\u00e3o Jos\u00e9, e sua m\u00e3e , Maria, parenta muito chegada da SS.Virgem. Era irm\u00e3 do Ap\u00f3stolo S\u00e3o Tiago Menor, amigo muito dedicado de Nosso Senhor, testemunha ocular de sua Paix\u00e3o e Ressurrei\u00e7\u00e3o. Com os demais Ap\u00f3stolos recebeu o Esp\u00edrito Santo no dia de Pentecostes, e quando estes procuraram cada um o campo de sua a\u00e7\u00e3o evang\u00e9lica, Sime\u00e3o ficou em Jerusal\u00e9m, com seu irm\u00e3o Tiago, primeiro Bispo daquela cidade. S\u00e3o Tiago sucumbiu \u00e0 sanha feroz dos judeus e morreu m\u00e1rtir. S\u00e3o Sime\u00e3o, por ordem do Conselho dos Ap\u00f3stolos, continuou a obra do irm\u00e3o, sucedendo-lhe como Bispo de Jerusal\u00e9m. Com um zelo verdadeiramente apost\u00f3lico, pregou a doutrina de Cristo a judeus e pag\u00e3os, e pelo exemplo edificou a jovem Igreja jerusalemitana. Sob seu governo cumpriu-se a terr\u00edvel profecia de Nosso Senhor sobre Jerusal\u00e9m. Os judeus, em vez de ouvir os conselhos dos Ap\u00f3stolos, correram atr\u00e1s de falsos profetas e levantaram-se contra os romanos, o que foi sua perdi\u00e7\u00e3o. Antes, por\u00e9m, do imperador Vespasiano cercar e atacar a cidade, os crist\u00e3os, por um aviso que receberam do c\u00e9u, tiveram tempo de providenciar o seu \u00eaxodo. Sime\u00e3o, obedecendo \u00e0 voz de Deus, retirou-se para a cidade de Pela, onde, com toda a calma, pode dedicar- se ao m\u00fanus apost\u00f3lico, enquanto em Jerusal\u00e9m n\u00e3o ficou pedra sobre pedra. Mais de um milh\u00e3o de homens morreram de fome, de mis\u00e9ria, vitimados por doen\u00e7as, ou crucificados pelos romanos; cem mil judeus foram levados \u00e0 escravid\u00e3o. Tendo terminado o terr\u00edvel castigo, com que Deus profligou a cidade deicida, os crist\u00e3os voltaram, e por entre os escombros e ru\u00ednas constru\u00edram casas e continuaram a viver em paz, servindo a Deus Nosso Senhor. Muitos judeus, vendo os grandes milagres que o Ap\u00f3stolo fazia, converteram-se ao cristianismo. O dem\u00f4nio, inimigo de todo o bem, observou com maus olhos o progresso da religi\u00e3o de Cristo na Capital da Jud\u00e9ia. N\u00e3o lhe sendo poss\u00edvel causar maiores males, semeou ziz\u00e2nia que medrou produzindo v\u00e1rias heresias, que S. Sime\u00e3o pode logo abafar.<\/p>\n<p>\u00a0\u00a0\u00a0\u00a0\u00a0\u00a0\u00a0\u00a0\u00a0\u00a0\u00a0\u00a0\u00a0\u00a0\u00a0\u00a0\u00a0\u00a0\u00a0\u00a0\u00a0\u00a0\u00a0\u00a0\u00a0\u00a0\u00a0\u00a0\u00a0\u00a0\u00a0\u00a0\u00a0\u00a0 Trajano era imperador de Roma. Na persegui\u00e7\u00e3o que decretou contra os crist\u00e3os, visou principalmente evitar, que a fam\u00edlia e os descendentes daquela estirpe pudessem conceber a id\u00e9ia de restaurar o reino dav\u00eddico ou de proclamar um novo Messias, e levar os judeus a uma grande rebeli\u00e3o. Foi bastante esta preocupa\u00e7\u00e3o do monarca, para os judeus e herejes de Jerusal\u00e9m lhe denunciarem o nome de Sime\u00e3o, que realmente era da fam\u00edlia de Davi.<\/p>\n<p>\u00a0\u00a0\u00a0\u00a0\u00a0\u00a0\u00a0\u00a0\u00a0\u00a0\u00a0\u00a0\u00a0\u00a0\u00a0\u00a0\u00a0\u00a0\u00a0\u00a0\u00a0\u00a0\u00a0\u00a0\u00a0\u00a0\u00a0\u00a0\u00a0\u00a0\u00a0\u00a0\u00a0\u00a0 Sime\u00e3o, anci\u00e3o de 120 anos, recebeu ordem de pris\u00e3o e intima\u00e7\u00e3o de prestar homenagem aos deuses. \u201cNunca, nunca \u2013 foi \u00e0 resposta do vener\u00e1vel Ap\u00f3stolo \u2013 nunca jamais farei tal coisa, negando e traindo assim meu Mestre e Senhor. Teus deuses t\u00eam sido entes infames e \u00edmpios; Jesus Cristo, por\u00e9m, \u00e9 Deus verdadeiro\u201d. \u2013 No meio da cruel flagela\u00e7\u00e3o, a que o desumano governador o sujeitou, Sime\u00e3o louvou e bendisse o nome de Deus e o de Jesus Cristo. Vendo que nada conseguia, o governador condenou-o \u00e0 morte da cruz. Honra maior n\u00e3o lhe podia ser dispensada, e por isso Sime\u00e3o, ouvindo esta senten\u00e7a, exultou de alegria. Ele pr\u00f3prio se estendeu sobre o instrumento do mart\u00edrio e ofereceu aos algozes as m\u00e3os e os p\u00e9s. Do alto da cruz ainda confessou o nome do divino Mestre, rezou pelos inimigos e entregou o esp\u00edrito a Deus.<\/p>\n<p><strong><\/strong><\/p>\n<div id=\"themify_builder_content-7813\" data-postid=\"7813\" class=\"themify_builder_content themify_builder_content-7813 themify_builder themify_builder_front\">\n\t<\/div>\n<!-- \/themify_builder_content -->","protected":false},"excerpt":{"rendered":"<p>18 de Fevereiro Em S. Sime\u00e3o saudamos um parente pr\u00f3ximo de Nosso Senhor Jesus Cristo. O pai, Cle\u00f3fas, era irm\u00e3o de S\u00e3o Jos\u00e9, e sua m\u00e3e , Maria, parenta muito chegada da SS.Virgem. Era irm\u00e3 do Ap\u00f3stolo S\u00e3o Tiago Menor, amigo muito dedicado de Nosso Senhor, testemunha ocular de sua Paix\u00e3o e Ressurrei\u00e7\u00e3o. Com os [&hellip;]<\/p>\n","protected":false},"author":14,"featured_media":0,"comment_status":"open","ping_status":"open","sticky":false,"template":"","format":"standard","meta":{"ngg_post_thumbnail":0,"footnotes":""},"categories":[186],"tags":[],"yoast_head":"<!-- This site is optimized with the Yoast SEO plugin v23.5 - https:\/\/yoast.com\/wordpress\/plugins\/seo\/ -->\n<title>S\u00e3o Sime\u00e3o - O Arcanjo no ar<\/title>\n<meta name=\"robots\" content=\"index, follow, max-snippet:-1, max-image-preview:large, max-video-preview:-1\" \/>\n<link rel=\"canonical\" href=\"https:\/\/www.oarcanjo.net\/site\/sao-simeao-2\/\" \/>\n<meta property=\"og:locale\" content=\"pt_BR\" \/>\n<meta property=\"og:type\" content=\"article\" \/>\n<meta property=\"og:title\" content=\"S\u00e3o Sime\u00e3o - O Arcanjo no ar\" \/>\n<meta property=\"og:description\" content=\"18 de Fevereiro Em S. Sime\u00e3o saudamos um parente pr\u00f3ximo de Nosso Senhor Jesus Cristo. O pai, Cle\u00f3fas, era irm\u00e3o de S\u00e3o Jos\u00e9, e sua m\u00e3e , Maria, parenta muito chegada da SS.Virgem. Era irm\u00e3 do Ap\u00f3stolo S\u00e3o Tiago Menor, amigo muito dedicado de Nosso Senhor, testemunha ocular de sua Paix\u00e3o e Ressurrei\u00e7\u00e3o. Com os [&hellip;]\" \/>\n<meta property=\"og:url\" content=\"https:\/\/www.oarcanjo.net\/site\/sao-simeao-2\/\" \/>\n<meta property=\"og:site_name\" content=\"O Arcanjo no ar\" \/>\n<meta property=\"article:publisher\" content=\"https:\/\/www.facebook.com\/OArcanjoNoAr\/\" \/>\n<meta property=\"article:published_time\" content=\"2019-02-18T03:25:13+00:00\" \/>\n<meta property=\"article:modified_time\" content=\"2019-02-12T20:00:11+00:00\" \/>\n<meta property=\"og:image\" content=\"http:\/\/jornale.com.br\/wicca\/wp-content\/uploads\/2009\/10\/sao-simao.jpg\" \/>\n<meta name=\"author\" content=\"danilo\" \/>\n<meta name=\"twitter:card\" content=\"summary_large_image\" \/>\n<meta name=\"twitter:label1\" content=\"Escrito por\" \/>\n\t<meta name=\"twitter:data1\" content=\"danilo\" \/>\n\t<meta name=\"twitter:label2\" content=\"Est. tempo de leitura\" \/>\n\t<meta name=\"twitter:data2\" content=\"3 minutos\" \/>\n<script type=\"application\/ld+json\" class=\"yoast-schema-graph\">{\"@context\":\"https:\/\/schema.org\",\"@graph\":[{\"@type\":\"Article\",\"@id\":\"https:\/\/www.oarcanjo.net\/site\/sao-simeao-2\/#article\",\"isPartOf\":{\"@id\":\"https:\/\/www.oarcanjo.net\/site\/sao-simeao-2\/\"},\"author\":{\"name\":\"danilo\",\"@id\":\"https:\/\/www.oarcanjo.net\/site\/#\/schema\/person\/5eb9480bedd2f3c97e430ce128c29c6c\"},\"headline\":\"S\u00e3o Sime\u00e3o\",\"datePublished\":\"2019-02-18T03:25:13+00:00\",\"dateModified\":\"2019-02-12T20:00:11+00:00\",\"mainEntityOfPage\":{\"@id\":\"https:\/\/www.oarcanjo.net\/site\/sao-simeao-2\/\"},\"wordCount\":642,\"commentCount\":0,\"publisher\":{\"@id\":\"https:\/\/www.oarcanjo.net\/site\/#organization\"},\"image\":{\"@id\":\"https:\/\/www.oarcanjo.net\/site\/sao-simeao-2\/#primaryimage\"},\"thumbnailUrl\":\"http:\/\/jornale.com.br\/wicca\/wp-content\/uploads\/2009\/10\/sao-simao.jpg\",\"articleSection\":[\"Testemunhos\"],\"inLanguage\":\"pt-BR\",\"potentialAction\":[{\"@type\":\"CommentAction\",\"name\":\"Comment\",\"target\":[\"https:\/\/www.oarcanjo.net\/site\/sao-simeao-2\/#respond\"]}]},{\"@type\":\"WebPage\",\"@id\":\"https:\/\/www.oarcanjo.net\/site\/sao-simeao-2\/\",\"url\":\"https:\/\/www.oarcanjo.net\/site\/sao-simeao-2\/\",\"name\":\"S\u00e3o Sime\u00e3o - O Arcanjo no ar\",\"isPartOf\":{\"@id\":\"https:\/\/www.oarcanjo.net\/site\/#website\"},\"primaryImageOfPage\":{\"@id\":\"https:\/\/www.oarcanjo.net\/site\/sao-simeao-2\/#primaryimage\"},\"image\":{\"@id\":\"https:\/\/www.oarcanjo.net\/site\/sao-simeao-2\/#primaryimage\"},\"thumbnailUrl\":\"http:\/\/jornale.com.br\/wicca\/wp-content\/uploads\/2009\/10\/sao-simao.jpg\",\"datePublished\":\"2019-02-18T03:25:13+00:00\",\"dateModified\":\"2019-02-12T20:00:11+00:00\",\"breadcrumb\":{\"@id\":\"https:\/\/www.oarcanjo.net\/site\/sao-simeao-2\/#breadcrumb\"},\"inLanguage\":\"pt-BR\",\"potentialAction\":[{\"@type\":\"ReadAction\",\"target\":[\"https:\/\/www.oarcanjo.net\/site\/sao-simeao-2\/\"]}]},{\"@type\":\"ImageObject\",\"inLanguage\":\"pt-BR\",\"@id\":\"https:\/\/www.oarcanjo.net\/site\/sao-simeao-2\/#primaryimage\",\"url\":\"http:\/\/jornale.com.br\/wicca\/wp-content\/uploads\/2009\/10\/sao-simao.jpg\",\"contentUrl\":\"http:\/\/jornale.com.br\/wicca\/wp-content\/uploads\/2009\/10\/sao-simao.jpg\"},{\"@type\":\"BreadcrumbList\",\"@id\":\"https:\/\/www.oarcanjo.net\/site\/sao-simeao-2\/#breadcrumb\",\"itemListElement\":[{\"@type\":\"ListItem\",\"position\":1,\"name\":\"In\u00edcio\",\"item\":\"https:\/\/www.oarcanjo.net\/site\/\"},{\"@type\":\"ListItem\",\"position\":2,\"name\":\"S\u00e3o Sime\u00e3o\"}]},{\"@type\":\"WebSite\",\"@id\":\"https:\/\/www.oarcanjo.net\/site\/#website\",\"url\":\"https:\/\/www.oarcanjo.net\/site\/\",\"name\":\"O Arcanjo no ar\",\"description\":\"Site da Par\u00f3quia S\u00e3o Miguel Arcanjo (Arquidiocese de SP)\",\"publisher\":{\"@id\":\"https:\/\/www.oarcanjo.net\/site\/#organization\"},\"potentialAction\":[{\"@type\":\"SearchAction\",\"target\":{\"@type\":\"EntryPoint\",\"urlTemplate\":\"https:\/\/www.oarcanjo.net\/site\/?s={search_term_string}\"},\"query-input\":{\"@type\":\"PropertyValueSpecification\",\"valueRequired\":true,\"valueName\":\"search_term_string\"}}],\"inLanguage\":\"pt-BR\"},{\"@type\":\"Organization\",\"@id\":\"https:\/\/www.oarcanjo.net\/site\/#organization\",\"name\":\"Par\u00f3quia S\u00e3o Miguel Arcanjo\",\"url\":\"https:\/\/www.oarcanjo.net\/site\/\",\"logo\":{\"@type\":\"ImageObject\",\"inLanguage\":\"pt-BR\",\"@id\":\"https:\/\/www.oarcanjo.net\/site\/#\/schema\/logo\/image\/\",\"url\":\"https:\/\/www.oarcanjo.net\/site\/wp-content\/uploads\/LogoOArcanjo.png\",\"contentUrl\":\"https:\/\/www.oarcanjo.net\/site\/wp-content\/uploads\/LogoOArcanjo.png\",\"width\":319,\"height\":99,\"caption\":\"Par\u00f3quia S\u00e3o Miguel Arcanjo\"},\"image\":{\"@id\":\"https:\/\/www.oarcanjo.net\/site\/#\/schema\/logo\/image\/\"},\"sameAs\":[\"https:\/\/www.facebook.com\/OArcanjoNoAr\/\"]},{\"@type\":\"Person\",\"@id\":\"https:\/\/www.oarcanjo.net\/site\/#\/schema\/person\/5eb9480bedd2f3c97e430ce128c29c6c\",\"name\":\"danilo\"}]}<\/script>\n<!-- \/ Yoast SEO plugin. -->","yoast_head_json":{"title":"S\u00e3o Sime\u00e3o - O Arcanjo no ar","robots":{"index":"index","follow":"follow","max-snippet":"max-snippet:-1","max-image-preview":"max-image-preview:large","max-video-preview":"max-video-preview:-1"},"canonical":"https:\/\/www.oarcanjo.net\/site\/sao-simeao-2\/","og_locale":"pt_BR","og_type":"article","og_title":"S\u00e3o Sime\u00e3o - O Arcanjo no ar","og_description":"18 de Fevereiro Em S. Sime\u00e3o saudamos um parente pr\u00f3ximo de Nosso Senhor Jesus Cristo. O pai, Cle\u00f3fas, era irm\u00e3o de S\u00e3o Jos\u00e9, e sua m\u00e3e , Maria, parenta muito chegada da SS.Virgem. Era irm\u00e3 do Ap\u00f3stolo S\u00e3o Tiago Menor, amigo muito dedicado de Nosso Senhor, testemunha ocular de sua Paix\u00e3o e Ressurrei\u00e7\u00e3o. Com os [&hellip;]","og_url":"https:\/\/www.oarcanjo.net\/site\/sao-simeao-2\/","og_site_name":"O Arcanjo no ar","article_publisher":"https:\/\/www.facebook.com\/OArcanjoNoAr\/","article_published_time":"2019-02-18T03:25:13+00:00","article_modified_time":"2019-02-12T20:00:11+00:00","og_image":[{"url":"http:\/\/jornale.com.br\/wicca\/wp-content\/uploads\/2009\/10\/sao-simao.jpg"}],"author":"danilo","twitter_card":"summary_large_image","twitter_misc":{"Escrito por":"danilo","Est. tempo de leitura":"3 minutos"},"schema":{"@context":"https:\/\/schema.org","@graph":[{"@type":"Article","@id":"https:\/\/www.oarcanjo.net\/site\/sao-simeao-2\/#article","isPartOf":{"@id":"https:\/\/www.oarcanjo.net\/site\/sao-simeao-2\/"},"author":{"name":"danilo","@id":"https:\/\/www.oarcanjo.net\/site\/#\/schema\/person\/5eb9480bedd2f3c97e430ce128c29c6c"},"headline":"S\u00e3o Sime\u00e3o","datePublished":"2019-02-18T03:25:13+00:00","dateModified":"2019-02-12T20:00:11+00:00","mainEntityOfPage":{"@id":"https:\/\/www.oarcanjo.net\/site\/sao-simeao-2\/"},"wordCount":642,"commentCount":0,"publisher":{"@id":"https:\/\/www.oarcanjo.net\/site\/#organization"},"image":{"@id":"https:\/\/www.oarcanjo.net\/site\/sao-simeao-2\/#primaryimage"},"thumbnailUrl":"http:\/\/jornale.com.br\/wicca\/wp-content\/uploads\/2009\/10\/sao-simao.jpg","articleSection":["Testemunhos"],"inLanguage":"pt-BR","potentialAction":[{"@type":"CommentAction","name":"Comment","target":["https:\/\/www.oarcanjo.net\/site\/sao-simeao-2\/#respond"]}]},{"@type":"WebPage","@id":"https:\/\/www.oarcanjo.net\/site\/sao-simeao-2\/","url":"https:\/\/www.oarcanjo.net\/site\/sao-simeao-2\/","name":"S\u00e3o Sime\u00e3o - O Arcanjo no ar","isPartOf":{"@id":"https:\/\/www.oarcanjo.net\/site\/#website"},"primaryImageOfPage":{"@id":"https:\/\/www.oarcanjo.net\/site\/sao-simeao-2\/#primaryimage"},"image":{"@id":"https:\/\/www.oarcanjo.net\/site\/sao-simeao-2\/#primaryimage"},"thumbnailUrl":"http:\/\/jornale.com.br\/wicca\/wp-content\/uploads\/2009\/10\/sao-simao.jpg","datePublished":"2019-02-18T03:25:13+00:00","dateModified":"2019-02-12T20:00:11+00:00","breadcrumb":{"@id":"https:\/\/www.oarcanjo.net\/site\/sao-simeao-2\/#breadcrumb"},"inLanguage":"pt-BR","potentialAction":[{"@type":"ReadAction","target":["https:\/\/www.oarcanjo.net\/site\/sao-simeao-2\/"]}]},{"@type":"ImageObject","inLanguage":"pt-BR","@id":"https:\/\/www.oarcanjo.net\/site\/sao-simeao-2\/#primaryimage","url":"http:\/\/jornale.com.br\/wicca\/wp-content\/uploads\/2009\/10\/sao-simao.jpg","contentUrl":"http:\/\/jornale.com.br\/wicca\/wp-content\/uploads\/2009\/10\/sao-simao.jpg"},{"@type":"BreadcrumbList","@id":"https:\/\/www.oarcanjo.net\/site\/sao-simeao-2\/#breadcrumb","itemListElement":[{"@type":"ListItem","position":1,"name":"In\u00edcio","item":"https:\/\/www.oarcanjo.net\/site\/"},{"@type":"ListItem","position":2,"name":"S\u00e3o Sime\u00e3o"}]},{"@type":"WebSite","@id":"https:\/\/www.oarcanjo.net\/site\/#website","url":"https:\/\/www.oarcanjo.net\/site\/","name":"O Arcanjo no ar","description":"Site da Par\u00f3quia S\u00e3o Miguel Arcanjo (Arquidiocese de SP)","publisher":{"@id":"https:\/\/www.oarcanjo.net\/site\/#organization"},"potentialAction":[{"@type":"SearchAction","target":{"@type":"EntryPoint","urlTemplate":"https:\/\/www.oarcanjo.net\/site\/?s={search_term_string}"},"query-input":{"@type":"PropertyValueSpecification","valueRequired":true,"valueName":"search_term_string"}}],"inLanguage":"pt-BR"},{"@type":"Organization","@id":"https:\/\/www.oarcanjo.net\/site\/#organization","name":"Par\u00f3quia S\u00e3o Miguel Arcanjo","url":"https:\/\/www.oarcanjo.net\/site\/","logo":{"@type":"ImageObject","inLanguage":"pt-BR","@id":"https:\/\/www.oarcanjo.net\/site\/#\/schema\/logo\/image\/","url":"https:\/\/www.oarcanjo.net\/site\/wp-content\/uploads\/LogoOArcanjo.png","contentUrl":"https:\/\/www.oarcanjo.net\/site\/wp-content\/uploads\/LogoOArcanjo.png","width":319,"height":99,"caption":"Par\u00f3quia S\u00e3o Miguel Arcanjo"},"image":{"@id":"https:\/\/www.oarcanjo.net\/site\/#\/schema\/logo\/image\/"},"sameAs":["https:\/\/www.facebook.com\/OArcanjoNoAr\/"]},{"@type":"Person","@id":"https:\/\/www.oarcanjo.net\/site\/#\/schema\/person\/5eb9480bedd2f3c97e430ce128c29c6c","name":"danilo"}]}},"publishpress_future_action":{"enabled":false,"date":"2026-05-08 02:22:17","action":"category","newStatus":"draft","terms":[],"taxonomy":"category"},"publishpress_future_workflow_manual_trigger":{"enabledWorkflows":[]},"_links":{"self":[{"href":"https:\/\/www.oarcanjo.net\/site\/wp-json\/wp\/v2\/posts\/7813"}],"collection":[{"href":"https:\/\/www.oarcanjo.net\/site\/wp-json\/wp\/v2\/posts"}],"about":[{"href":"https:\/\/www.oarcanjo.net\/site\/wp-json\/wp\/v2\/types\/post"}],"author":[{"embeddable":true,"href":"https:\/\/www.oarcanjo.net\/site\/wp-json\/wp\/v2\/users\/14"}],"replies":[{"embeddable":true,"href":"https:\/\/www.oarcanjo.net\/site\/wp-json\/wp\/v2\/comments?post=7813"}],"version-history":[{"count":1,"href":"https:\/\/www.oarcanjo.net\/site\/wp-json\/wp\/v2\/posts\/7813\/revisions"}],"predecessor-version":[{"id":92815,"href":"https:\/\/www.oarcanjo.net\/site\/wp-json\/wp\/v2\/posts\/7813\/revisions\/92815"}],"wp:attachment":[{"href":"https:\/\/www.oarcanjo.net\/site\/wp-json\/wp\/v2\/media?parent=7813"}],"wp:term":[{"taxonomy":"category","embeddable":true,"href":"https:\/\/www.oarcanjo.net\/site\/wp-json\/wp\/v2\/categories?post=7813"},{"taxonomy":"post_tag","embeddable":true,"href":"https:\/\/www.oarcanjo.net\/site\/wp-json\/wp\/v2\/tags?post=7813"}],"curies":[{"name":"wp","href":"https:\/\/api.w.org\/{rel}","templated":true}]}}