
{"id":7817,"date":"2019-02-18T07:01:31","date_gmt":"2019-02-18T10:01:31","guid":{"rendered":"http:\/\/www.oarcanjo.net\/site\/?p=7817"},"modified":"2019-02-12T18:00:34","modified_gmt":"2019-02-12T20:00:34","slug":"bem-aventurada-gertrude-comensoli","status":"publish","type":"post","link":"https:\/\/www.oarcanjo.net\/site\/bem-aventurada-gertrude-comensoli\/","title":{"rendered":"Bem Aventurada Gertrude Comensoli"},"content":{"rendered":"<p><img decoding=\"async\" src=\"http:\/\/www.istitutosacramentine.it\/Resource\/BeataGeltrudeComensoli02-250_1.jpg\" alt=\"\" \/><\/p>\n<p>18 de Fevereiro<\/p>\n<p>No dia 18 de janeiro de 1847, na cidade de Bienno, ao norte da It\u00e1lia nasceu Geltrude Caterina Comensoli, mas sempre foi chamada de Gertrude. Teve uma inf\u00e2ncia tranq\u00fcila e modesta numa fam\u00edlia simples e religiosa. Com sua m\u00e3e e os irm\u00e3os freq\u00fcentava a missa diariamente. J\u00e1, nesta \u00e9poca, demonstrava uma singular e precoce sensibilidade eucar\u00edstica, que lhe permitiu, aos sete anos de idade, receber a sua Primeira Comunh\u00e3o.<\/p>\n<p>Na adolesc\u00eancia, Gertrude come\u00e7ou a se preparar para a vida religiosa, ingressando na Companhia de Santa \u00c2ngela Merici que cuidava da instru\u00e7\u00e3o inicial de suas inscritas. Mas, aos vinte anos de idade teve de se mudar para outra cidade com a fam\u00edlia, que se encontrava em dificuldades financeiras. Trabalhou como dom\u00e9stica durante um ano, depois foi para a cidade de S\u00e3o Gerv\u00e1zio trabalhar como dama de companhia de uma senhora da nobreza.<\/p>\n<p>Nesta \u00e9poca, j\u00e1 era uma jovem dotada de talentos naturais que se preocupava, de modo particular, com as necessidades educativas do mundo feminino. N\u00e3o se sabe quando esta sua preocupa\u00e7\u00e3o se concretizou. Na cidade de S\u00e3o Gerv\u00e1zio ela conversava muito sobre o assunto com o sacerdote da par\u00f3quia, padre Spinelli, da diocese de Bergamo.<\/p>\n<p>No ano de 1879, Gertrude tem sua id\u00e9ia tra\u00e7ada: criar uma fam\u00edlia religiosa de irm\u00e3s voltadas para a instru\u00e7\u00e3o de meninas, com forte inspira\u00e7\u00e3o eucar\u00edstica. Com a ajuda financeira do padre Spinelli fundou em 1882, a Congrega\u00e7\u00e3o das Irm\u00e3s Sacramentinas ingressando definitivamente na vida religiosa com o nome de Irm\u00e3 Gertrude. A diocese aprovou t\u00e3o prontamente esta iniciativa que de logo depois da primeira casa da Congrega\u00e7\u00e3o em Bergamo, autorizou a abertura de outras nas regi\u00f5es vizinhas.<\/p>\n<p>Mas, os problemas come\u00e7aram com a situa\u00e7\u00e3o econ\u00f4mica da diocese do padre Spinelli que n\u00e3o deu o resultado financeiro esperado e que, uma parte, era transferido para as Casas de irm\u00e3 Gertrude. Assim as irm\u00e3s ficaram na mais completa ru\u00edna. Fecharam as Casas das Sacramentinas de Bergamo e quase como exiladas, encontram refugio na diocese de Lodi, numa regi\u00e3o italiana mais distante.<\/p>\n<p>As irm\u00e3s da Congrega\u00e7\u00e3o s\u00f3 n\u00e3o se dispersaram porque tiveram como guia Gertrude, que com sua energia transmitia total confian\u00e7a na provid\u00eancia de Jesus Eucar\u00edstico. Tudo parecia acabado, quando chegou a not\u00edcia do reconhecimento diocesano para a Congrega\u00e7\u00e3o das Sacramentinas de Bergamo. Irm\u00e3 Gertrude e todas as religiosas Sacramentinas retornam para a primeira Casa da Congrega\u00e7\u00e3o em Bergamo, onde foram festejadas e bem acolhidas.<\/p>\n<p>No dia 18 de fevereiro de 1903, irm\u00e3 Gertrude morreu e foi sepultada na Capela da Casa M\u00e3e da Congrega\u00e7\u00e3o em Bergamo, tendo deixado totalmente conclu\u00eddo o regulamento da Congrega\u00e7\u00e3o das Irm\u00e3s Sacramentinas.<\/p>\n<p>O reconhecimento oficial do Vaticano chegou em 1906. O papa Jo\u00e3o Paulo II beatificou irm\u00e3 Gertrude Comensoli no ano de 1989 e escolheu o dia 18 de fevereiro para sua festa.<\/p>\n<div id=\"themify_builder_content-7817\" data-postid=\"7817\" class=\"themify_builder_content themify_builder_content-7817 themify_builder themify_builder_front\">\n\t<\/div>\n<!-- \/themify_builder_content -->","protected":false},"excerpt":{"rendered":"<p>18 de Fevereiro No dia 18 de janeiro de 1847, na cidade de Bienno, ao norte da It\u00e1lia nasceu Geltrude Caterina Comensoli, mas sempre foi chamada de Gertrude. Teve uma inf\u00e2ncia tranq\u00fcila e modesta numa fam\u00edlia simples e religiosa. Com sua m\u00e3e e os irm\u00e3os freq\u00fcentava a missa diariamente. J\u00e1, nesta \u00e9poca, demonstrava uma singular [&hellip;]<\/p>\n","protected":false},"author":14,"featured_media":0,"comment_status":"open","ping_status":"open","sticky":false,"template":"","format":"standard","meta":{"ngg_post_thumbnail":0,"footnotes":""},"categories":[186],"tags":[1475],"yoast_head":"<!-- This site is optimized with the Yoast SEO plugin v23.5 - https:\/\/yoast.com\/wordpress\/plugins\/seo\/ -->\n<title>Bem Aventurada Gertrude Comensoli - O Arcanjo no ar<\/title>\n<meta name=\"robots\" content=\"index, follow, max-snippet:-1, max-image-preview:large, max-video-preview:-1\" \/>\n<link rel=\"canonical\" href=\"https:\/\/www.oarcanjo.net\/site\/bem-aventurada-gertrude-comensoli\/\" \/>\n<meta property=\"og:locale\" content=\"pt_BR\" \/>\n<meta property=\"og:type\" content=\"article\" \/>\n<meta property=\"og:title\" content=\"Bem Aventurada Gertrude Comensoli - O Arcanjo no ar\" \/>\n<meta property=\"og:description\" content=\"18 de Fevereiro No dia 18 de janeiro de 1847, na cidade de Bienno, ao norte da It\u00e1lia nasceu Geltrude Caterina Comensoli, mas sempre foi chamada de Gertrude. Teve uma inf\u00e2ncia tranq\u00fcila e modesta numa fam\u00edlia simples e religiosa. Com sua m\u00e3e e os irm\u00e3os freq\u00fcentava a missa diariamente. J\u00e1, nesta \u00e9poca, demonstrava uma singular [&hellip;]\" \/>\n<meta property=\"og:url\" content=\"https:\/\/www.oarcanjo.net\/site\/bem-aventurada-gertrude-comensoli\/\" \/>\n<meta property=\"og:site_name\" content=\"O Arcanjo no ar\" \/>\n<meta property=\"article:publisher\" content=\"https:\/\/www.facebook.com\/OArcanjoNoAr\/\" \/>\n<meta property=\"article:published_time\" content=\"2019-02-18T10:01:31+00:00\" \/>\n<meta property=\"article:modified_time\" content=\"2019-02-12T20:00:34+00:00\" \/>\n<meta property=\"og:image\" content=\"http:\/\/www.istitutosacramentine.it\/Resource\/BeataGeltrudeComensoli02-250_1.jpg\" \/>\n<meta name=\"author\" content=\"danilo\" \/>\n<meta name=\"twitter:card\" content=\"summary_large_image\" \/>\n<meta name=\"twitter:label1\" content=\"Escrito por\" \/>\n\t<meta name=\"twitter:data1\" content=\"danilo\" \/>\n\t<meta name=\"twitter:label2\" content=\"Est. tempo de leitura\" \/>\n\t<meta name=\"twitter:data2\" content=\"3 minutos\" \/>\n<script type=\"application\/ld+json\" class=\"yoast-schema-graph\">{\"@context\":\"https:\/\/schema.org\",\"@graph\":[{\"@type\":\"Article\",\"@id\":\"https:\/\/www.oarcanjo.net\/site\/bem-aventurada-gertrude-comensoli\/#article\",\"isPartOf\":{\"@id\":\"https:\/\/www.oarcanjo.net\/site\/bem-aventurada-gertrude-comensoli\/\"},\"author\":{\"name\":\"danilo\",\"@id\":\"https:\/\/www.oarcanjo.net\/site\/#\/schema\/person\/5eb9480bedd2f3c97e430ce128c29c6c\"},\"headline\":\"Bem Aventurada Gertrude Comensoli\",\"datePublished\":\"2019-02-18T10:01:31+00:00\",\"dateModified\":\"2019-02-12T20:00:34+00:00\",\"mainEntityOfPage\":{\"@id\":\"https:\/\/www.oarcanjo.net\/site\/bem-aventurada-gertrude-comensoli\/\"},\"wordCount\":514,\"commentCount\":0,\"publisher\":{\"@id\":\"https:\/\/www.oarcanjo.net\/site\/#organization\"},\"image\":{\"@id\":\"https:\/\/www.oarcanjo.net\/site\/bem-aventurada-gertrude-comensoli\/#primaryimage\"},\"thumbnailUrl\":\"http:\/\/www.istitutosacramentine.it\/Resource\/BeataGeltrudeComensoli02-250_1.jpg\",\"keywords\":[\"Bem Aventurada Gertrude Comensoli\"],\"articleSection\":[\"Testemunhos\"],\"inLanguage\":\"pt-BR\",\"potentialAction\":[{\"@type\":\"CommentAction\",\"name\":\"Comment\",\"target\":[\"https:\/\/www.oarcanjo.net\/site\/bem-aventurada-gertrude-comensoli\/#respond\"]}]},{\"@type\":\"WebPage\",\"@id\":\"https:\/\/www.oarcanjo.net\/site\/bem-aventurada-gertrude-comensoli\/\",\"url\":\"https:\/\/www.oarcanjo.net\/site\/bem-aventurada-gertrude-comensoli\/\",\"name\":\"Bem Aventurada Gertrude Comensoli - O Arcanjo no ar\",\"isPartOf\":{\"@id\":\"https:\/\/www.oarcanjo.net\/site\/#website\"},\"primaryImageOfPage\":{\"@id\":\"https:\/\/www.oarcanjo.net\/site\/bem-aventurada-gertrude-comensoli\/#primaryimage\"},\"image\":{\"@id\":\"https:\/\/www.oarcanjo.net\/site\/bem-aventurada-gertrude-comensoli\/#primaryimage\"},\"thumbnailUrl\":\"http:\/\/www.istitutosacramentine.it\/Resource\/BeataGeltrudeComensoli02-250_1.jpg\",\"datePublished\":\"2019-02-18T10:01:31+00:00\",\"dateModified\":\"2019-02-12T20:00:34+00:00\",\"breadcrumb\":{\"@id\":\"https:\/\/www.oarcanjo.net\/site\/bem-aventurada-gertrude-comensoli\/#breadcrumb\"},\"inLanguage\":\"pt-BR\",\"potentialAction\":[{\"@type\":\"ReadAction\",\"target\":[\"https:\/\/www.oarcanjo.net\/site\/bem-aventurada-gertrude-comensoli\/\"]}]},{\"@type\":\"ImageObject\",\"inLanguage\":\"pt-BR\",\"@id\":\"https:\/\/www.oarcanjo.net\/site\/bem-aventurada-gertrude-comensoli\/#primaryimage\",\"url\":\"http:\/\/www.istitutosacramentine.it\/Resource\/BeataGeltrudeComensoli02-250_1.jpg\",\"contentUrl\":\"http:\/\/www.istitutosacramentine.it\/Resource\/BeataGeltrudeComensoli02-250_1.jpg\"},{\"@type\":\"BreadcrumbList\",\"@id\":\"https:\/\/www.oarcanjo.net\/site\/bem-aventurada-gertrude-comensoli\/#breadcrumb\",\"itemListElement\":[{\"@type\":\"ListItem\",\"position\":1,\"name\":\"In\u00edcio\",\"item\":\"https:\/\/www.oarcanjo.net\/site\/\"},{\"@type\":\"ListItem\",\"position\":2,\"name\":\"Bem Aventurada Gertrude Comensoli\"}]},{\"@type\":\"WebSite\",\"@id\":\"https:\/\/www.oarcanjo.net\/site\/#website\",\"url\":\"https:\/\/www.oarcanjo.net\/site\/\",\"name\":\"O Arcanjo no ar\",\"description\":\"Site da Par\u00f3quia S\u00e3o Miguel Arcanjo (Arquidiocese de SP)\",\"publisher\":{\"@id\":\"https:\/\/www.oarcanjo.net\/site\/#organization\"},\"potentialAction\":[{\"@type\":\"SearchAction\",\"target\":{\"@type\":\"EntryPoint\",\"urlTemplate\":\"https:\/\/www.oarcanjo.net\/site\/?s={search_term_string}\"},\"query-input\":{\"@type\":\"PropertyValueSpecification\",\"valueRequired\":true,\"valueName\":\"search_term_string\"}}],\"inLanguage\":\"pt-BR\"},{\"@type\":\"Organization\",\"@id\":\"https:\/\/www.oarcanjo.net\/site\/#organization\",\"name\":\"Par\u00f3quia S\u00e3o Miguel Arcanjo\",\"url\":\"https:\/\/www.oarcanjo.net\/site\/\",\"logo\":{\"@type\":\"ImageObject\",\"inLanguage\":\"pt-BR\",\"@id\":\"https:\/\/www.oarcanjo.net\/site\/#\/schema\/logo\/image\/\",\"url\":\"https:\/\/www.oarcanjo.net\/site\/wp-content\/uploads\/LogoOArcanjo.png\",\"contentUrl\":\"https:\/\/www.oarcanjo.net\/site\/wp-content\/uploads\/LogoOArcanjo.png\",\"width\":319,\"height\":99,\"caption\":\"Par\u00f3quia S\u00e3o Miguel Arcanjo\"},\"image\":{\"@id\":\"https:\/\/www.oarcanjo.net\/site\/#\/schema\/logo\/image\/\"},\"sameAs\":[\"https:\/\/www.facebook.com\/OArcanjoNoAr\/\"]},{\"@type\":\"Person\",\"@id\":\"https:\/\/www.oarcanjo.net\/site\/#\/schema\/person\/5eb9480bedd2f3c97e430ce128c29c6c\",\"name\":\"danilo\"}]}<\/script>\n<!-- \/ Yoast SEO plugin. -->","yoast_head_json":{"title":"Bem Aventurada Gertrude Comensoli - O Arcanjo no ar","robots":{"index":"index","follow":"follow","max-snippet":"max-snippet:-1","max-image-preview":"max-image-preview:large","max-video-preview":"max-video-preview:-1"},"canonical":"https:\/\/www.oarcanjo.net\/site\/bem-aventurada-gertrude-comensoli\/","og_locale":"pt_BR","og_type":"article","og_title":"Bem Aventurada Gertrude Comensoli - O Arcanjo no ar","og_description":"18 de Fevereiro No dia 18 de janeiro de 1847, na cidade de Bienno, ao norte da It\u00e1lia nasceu Geltrude Caterina Comensoli, mas sempre foi chamada de Gertrude. Teve uma inf\u00e2ncia tranq\u00fcila e modesta numa fam\u00edlia simples e religiosa. Com sua m\u00e3e e os irm\u00e3os freq\u00fcentava a missa diariamente. J\u00e1, nesta \u00e9poca, demonstrava uma singular [&hellip;]","og_url":"https:\/\/www.oarcanjo.net\/site\/bem-aventurada-gertrude-comensoli\/","og_site_name":"O Arcanjo no ar","article_publisher":"https:\/\/www.facebook.com\/OArcanjoNoAr\/","article_published_time":"2019-02-18T10:01:31+00:00","article_modified_time":"2019-02-12T20:00:34+00:00","og_image":[{"url":"http:\/\/www.istitutosacramentine.it\/Resource\/BeataGeltrudeComensoli02-250_1.jpg"}],"author":"danilo","twitter_card":"summary_large_image","twitter_misc":{"Escrito por":"danilo","Est. tempo de leitura":"3 minutos"},"schema":{"@context":"https:\/\/schema.org","@graph":[{"@type":"Article","@id":"https:\/\/www.oarcanjo.net\/site\/bem-aventurada-gertrude-comensoli\/#article","isPartOf":{"@id":"https:\/\/www.oarcanjo.net\/site\/bem-aventurada-gertrude-comensoli\/"},"author":{"name":"danilo","@id":"https:\/\/www.oarcanjo.net\/site\/#\/schema\/person\/5eb9480bedd2f3c97e430ce128c29c6c"},"headline":"Bem Aventurada Gertrude Comensoli","datePublished":"2019-02-18T10:01:31+00:00","dateModified":"2019-02-12T20:00:34+00:00","mainEntityOfPage":{"@id":"https:\/\/www.oarcanjo.net\/site\/bem-aventurada-gertrude-comensoli\/"},"wordCount":514,"commentCount":0,"publisher":{"@id":"https:\/\/www.oarcanjo.net\/site\/#organization"},"image":{"@id":"https:\/\/www.oarcanjo.net\/site\/bem-aventurada-gertrude-comensoli\/#primaryimage"},"thumbnailUrl":"http:\/\/www.istitutosacramentine.it\/Resource\/BeataGeltrudeComensoli02-250_1.jpg","keywords":["Bem Aventurada Gertrude Comensoli"],"articleSection":["Testemunhos"],"inLanguage":"pt-BR","potentialAction":[{"@type":"CommentAction","name":"Comment","target":["https:\/\/www.oarcanjo.net\/site\/bem-aventurada-gertrude-comensoli\/#respond"]}]},{"@type":"WebPage","@id":"https:\/\/www.oarcanjo.net\/site\/bem-aventurada-gertrude-comensoli\/","url":"https:\/\/www.oarcanjo.net\/site\/bem-aventurada-gertrude-comensoli\/","name":"Bem Aventurada Gertrude Comensoli - O Arcanjo no ar","isPartOf":{"@id":"https:\/\/www.oarcanjo.net\/site\/#website"},"primaryImageOfPage":{"@id":"https:\/\/www.oarcanjo.net\/site\/bem-aventurada-gertrude-comensoli\/#primaryimage"},"image":{"@id":"https:\/\/www.oarcanjo.net\/site\/bem-aventurada-gertrude-comensoli\/#primaryimage"},"thumbnailUrl":"http:\/\/www.istitutosacramentine.it\/Resource\/BeataGeltrudeComensoli02-250_1.jpg","datePublished":"2019-02-18T10:01:31+00:00","dateModified":"2019-02-12T20:00:34+00:00","breadcrumb":{"@id":"https:\/\/www.oarcanjo.net\/site\/bem-aventurada-gertrude-comensoli\/#breadcrumb"},"inLanguage":"pt-BR","potentialAction":[{"@type":"ReadAction","target":["https:\/\/www.oarcanjo.net\/site\/bem-aventurada-gertrude-comensoli\/"]}]},{"@type":"ImageObject","inLanguage":"pt-BR","@id":"https:\/\/www.oarcanjo.net\/site\/bem-aventurada-gertrude-comensoli\/#primaryimage","url":"http:\/\/www.istitutosacramentine.it\/Resource\/BeataGeltrudeComensoli02-250_1.jpg","contentUrl":"http:\/\/www.istitutosacramentine.it\/Resource\/BeataGeltrudeComensoli02-250_1.jpg"},{"@type":"BreadcrumbList","@id":"https:\/\/www.oarcanjo.net\/site\/bem-aventurada-gertrude-comensoli\/#breadcrumb","itemListElement":[{"@type":"ListItem","position":1,"name":"In\u00edcio","item":"https:\/\/www.oarcanjo.net\/site\/"},{"@type":"ListItem","position":2,"name":"Bem Aventurada Gertrude Comensoli"}]},{"@type":"WebSite","@id":"https:\/\/www.oarcanjo.net\/site\/#website","url":"https:\/\/www.oarcanjo.net\/site\/","name":"O Arcanjo no ar","description":"Site da Par\u00f3quia S\u00e3o Miguel Arcanjo (Arquidiocese de SP)","publisher":{"@id":"https:\/\/www.oarcanjo.net\/site\/#organization"},"potentialAction":[{"@type":"SearchAction","target":{"@type":"EntryPoint","urlTemplate":"https:\/\/www.oarcanjo.net\/site\/?s={search_term_string}"},"query-input":{"@type":"PropertyValueSpecification","valueRequired":true,"valueName":"search_term_string"}}],"inLanguage":"pt-BR"},{"@type":"Organization","@id":"https:\/\/www.oarcanjo.net\/site\/#organization","name":"Par\u00f3quia S\u00e3o Miguel Arcanjo","url":"https:\/\/www.oarcanjo.net\/site\/","logo":{"@type":"ImageObject","inLanguage":"pt-BR","@id":"https:\/\/www.oarcanjo.net\/site\/#\/schema\/logo\/image\/","url":"https:\/\/www.oarcanjo.net\/site\/wp-content\/uploads\/LogoOArcanjo.png","contentUrl":"https:\/\/www.oarcanjo.net\/site\/wp-content\/uploads\/LogoOArcanjo.png","width":319,"height":99,"caption":"Par\u00f3quia S\u00e3o Miguel Arcanjo"},"image":{"@id":"https:\/\/www.oarcanjo.net\/site\/#\/schema\/logo\/image\/"},"sameAs":["https:\/\/www.facebook.com\/OArcanjoNoAr\/"]},{"@type":"Person","@id":"https:\/\/www.oarcanjo.net\/site\/#\/schema\/person\/5eb9480bedd2f3c97e430ce128c29c6c","name":"danilo"}]}},"publishpress_future_action":{"enabled":false,"date":"2026-05-08 02:22:17","action":"category","newStatus":"draft","terms":[],"taxonomy":"category"},"publishpress_future_workflow_manual_trigger":{"enabledWorkflows":[]},"_links":{"self":[{"href":"https:\/\/www.oarcanjo.net\/site\/wp-json\/wp\/v2\/posts\/7817"}],"collection":[{"href":"https:\/\/www.oarcanjo.net\/site\/wp-json\/wp\/v2\/posts"}],"about":[{"href":"https:\/\/www.oarcanjo.net\/site\/wp-json\/wp\/v2\/types\/post"}],"author":[{"embeddable":true,"href":"https:\/\/www.oarcanjo.net\/site\/wp-json\/wp\/v2\/users\/14"}],"replies":[{"embeddable":true,"href":"https:\/\/www.oarcanjo.net\/site\/wp-json\/wp\/v2\/comments?post=7817"}],"version-history":[{"count":1,"href":"https:\/\/www.oarcanjo.net\/site\/wp-json\/wp\/v2\/posts\/7817\/revisions"}],"predecessor-version":[{"id":92818,"href":"https:\/\/www.oarcanjo.net\/site\/wp-json\/wp\/v2\/posts\/7817\/revisions\/92818"}],"wp:attachment":[{"href":"https:\/\/www.oarcanjo.net\/site\/wp-json\/wp\/v2\/media?parent=7817"}],"wp:term":[{"taxonomy":"category","embeddable":true,"href":"https:\/\/www.oarcanjo.net\/site\/wp-json\/wp\/v2\/categories?post=7817"},{"taxonomy":"post_tag","embeddable":true,"href":"https:\/\/www.oarcanjo.net\/site\/wp-json\/wp\/v2\/tags?post=7817"}],"curies":[{"name":"wp","href":"https:\/\/api.w.org\/{rel}","templated":true}]}}