
{"id":7821,"date":"2010-02-02T06:49:49","date_gmt":"2010-02-02T08:49:49","guid":{"rendered":"http:\/\/www.oarcanjo.net\/site\/?p=7821"},"modified":"2010-02-08T08:52:10","modified_gmt":"2010-02-08T10:52:10","slug":"dom-pedro-luiz-se-despede-da-regiao-belem","status":"publish","type":"post","link":"https:\/\/www.oarcanjo.net\/site\/dom-pedro-luiz-se-despede-da-regiao-belem\/","title":{"rendered":"Dom Pedro Luiz se despede da Regi\u00e3o Bel\u00e9m"},"content":{"rendered":"<p>Em missa solene, neste domingo (31\/01\/10) no Santu\u00e1rio de Nossa Senhora do Sagrado Cora\u00e7\u00e3o, Dom Pedro Luiz Stringhini se despediu da Regi\u00e3o Bel\u00e9m.<\/p>\n<div id=\"attachment_7824\" style=\"width: 460px\" class=\"wp-caption alignnone\"><a href=\"http:\/\/www.oarcanjo.net\/site\/wp-content\/uploads\/despedida-dpedroluiz-01.jpg\"><img loading=\"lazy\" decoding=\"async\" aria-describedby=\"caption-attachment-7824\" src=\"http:\/\/www.oarcanjo.net\/site\/wp-content\/uploads\/despedida-dpedroluiz-01.jpg\" alt=\"\" title=\"Despedida de D. Pedro Luiz da Regi\u00e3o Bel\u00e9m\" width=\"450\" height=\"300\"\/><\/a><p id=\"caption-attachment-7824\" class=\"wp-caption-text\">Despedida de D. Pedro Luiz da Regi\u00e3o Bel\u00e9m<\/p><\/div>\n<p>A Comunidade S\u00e3o Miguel Arcanjo estava presente, pelo Padre J\u00falio e v\u00e1rios paroquianos. Foi tocante o gesto do cardeal D. Odilo Pedro Scherer em atribuir a presid\u00eancia da celebra\u00e7\u00e3o ao novo Bispo de Franca, especialmente quando seus pais e irm\u00e3os estavam presentes.<\/p>\n<div id=\"attachment_7824\" style=\"width: 460px\" class=\"wp-caption alignnone\"><a href=\"http:\/\/www.oarcanjo.net\/site\/wp-content\/uploads\/despedida-dpedroluiz-03.jpg\"><img loading=\"lazy\" decoding=\"async\" aria-describedby=\"caption-attachment-7824\" src=\"http:\/\/www.oarcanjo.net\/site\/wp-content\/uploads\/despedida-dpedroluiz-03.jpg\" alt=\"\" title=\"Despedida de D. Pedro Luiz da Regi\u00e3o Bel\u00e9m\" width=\"450\" height=\"300\"\/><\/a><p id=\"caption-attachment-7824\" class=\"wp-caption-text\">Despedida de D. Pedro Luiz da Regi\u00e3o Bel\u00e9m<\/p><\/div>\n<div id=\"attachment_7824\" style=\"width: 460px\" class=\"wp-caption alignnone\"><a href=\"http:\/\/www.oarcanjo.net\/site\/wp-content\/uploads\/despedida-dpedroluiz-04.jpg\"><img loading=\"lazy\" decoding=\"async\" aria-describedby=\"caption-attachment-7824\" src=\"http:\/\/www.oarcanjo.net\/site\/wp-content\/uploads\/despedida-dpedroluiz-04.jpg\" alt=\"\" title=\"Despedida de D. Pedro Luiz da Regi\u00e3o Bel\u00e9m\" width=\"450\" height=\"300\"\/><\/a><p id=\"caption-attachment-7824\" class=\"wp-caption-text\">Despedida de D. Pedro Luiz da Regi\u00e3o Bel\u00e9m<\/p><\/div>\n<p><em>Fotos por Carlos Alberto Beatriz<\/em><\/p>\n<div id=\"themify_builder_content-7821\" data-postid=\"7821\" class=\"themify_builder_content themify_builder_content-7821 themify_builder themify_builder_front\">\n\t<\/div>\n<!-- \/themify_builder_content -->","protected":false},"excerpt":{"rendered":"<p>Em missa solene, neste domingo (31\/01\/10) no Santu\u00e1rio de Nossa Senhora do Sagrado Cora\u00e7\u00e3o, Dom Pedro Luiz Stringhini se despediu da Regi\u00e3o Bel\u00e9m. A Comunidade S\u00e3o Miguel Arcanjo estava presente, pelo Padre J\u00falio e v\u00e1rios paroquianos. Foi tocante o gesto do cardeal D. Odilo Pedro Scherer em atribuir a presid\u00eancia da celebra\u00e7\u00e3o ao novo Bispo [&hellip;]<\/p>\n","protected":false},"author":5,"featured_media":0,"comment_status":"open","ping_status":"open","sticky":false,"template":"","format":"standard","meta":{"ngg_post_thumbnail":0,"footnotes":""},"categories":[8],"tags":[1368,1385,1336],"yoast_head":"<!-- This site is optimized with the Yoast SEO plugin v23.5 - https:\/\/yoast.com\/wordpress\/plugins\/seo\/ -->\n<title>Dom Pedro Luiz se despede da Regi\u00e3o Bel\u00e9m - O Arcanjo no ar<\/title>\n<meta name=\"robots\" content=\"index, follow, max-snippet:-1, max-image-preview:large, max-video-preview:-1\" \/>\n<link rel=\"canonical\" href=\"https:\/\/www.oarcanjo.net\/site\/dom-pedro-luiz-se-despede-da-regiao-belem\/\" \/>\n<meta property=\"og:locale\" content=\"pt_BR\" \/>\n<meta property=\"og:type\" content=\"article\" \/>\n<meta property=\"og:title\" content=\"Dom Pedro Luiz se despede da Regi\u00e3o Bel\u00e9m - O Arcanjo no ar\" \/>\n<meta property=\"og:description\" content=\"Em missa solene, neste domingo (31\/01\/10) no Santu\u00e1rio de Nossa Senhora do Sagrado Cora\u00e7\u00e3o, Dom Pedro Luiz Stringhini se despediu da Regi\u00e3o Bel\u00e9m. A Comunidade S\u00e3o Miguel Arcanjo estava presente, pelo Padre J\u00falio e v\u00e1rios paroquianos. Foi tocante o gesto do cardeal D. Odilo Pedro Scherer em atribuir a presid\u00eancia da celebra\u00e7\u00e3o ao novo Bispo [&hellip;]\" \/>\n<meta property=\"og:url\" content=\"https:\/\/www.oarcanjo.net\/site\/dom-pedro-luiz-se-despede-da-regiao-belem\/\" \/>\n<meta property=\"og:site_name\" content=\"O Arcanjo no ar\" \/>\n<meta property=\"article:publisher\" content=\"https:\/\/www.facebook.com\/OArcanjoNoAr\/\" \/>\n<meta property=\"article:published_time\" content=\"2010-02-02T08:49:49+00:00\" \/>\n<meta property=\"article:modified_time\" content=\"2010-02-08T10:52:10+00:00\" \/>\n<meta property=\"og:image\" content=\"http:\/\/www.oarcanjo.net\/site\/wp-content\/uploads\/despedida-dpedroluiz-01.jpg\" \/>\n<meta name=\"author\" content=\"editor\" \/>\n<meta name=\"twitter:card\" content=\"summary_large_image\" \/>\n<meta name=\"twitter:label1\" content=\"Escrito por\" \/>\n\t<meta name=\"twitter:data1\" content=\"editor\" \/>\n\t<meta name=\"twitter:label2\" content=\"Est. tempo de leitura\" \/>\n\t<meta name=\"twitter:data2\" content=\"1 minuto\" \/>\n<script type=\"application\/ld+json\" class=\"yoast-schema-graph\">{\"@context\":\"https:\/\/schema.org\",\"@graph\":[{\"@type\":\"Article\",\"@id\":\"https:\/\/www.oarcanjo.net\/site\/dom-pedro-luiz-se-despede-da-regiao-belem\/#article\",\"isPartOf\":{\"@id\":\"https:\/\/www.oarcanjo.net\/site\/dom-pedro-luiz-se-despede-da-regiao-belem\/\"},\"author\":{\"name\":\"editor\",\"@id\":\"https:\/\/www.oarcanjo.net\/site\/#\/schema\/person\/f7024d007863202483a31326673a0838\"},\"headline\":\"Dom Pedro Luiz se despede da Regi\u00e3o Bel\u00e9m\",\"datePublished\":\"2010-02-02T08:49:49+00:00\",\"dateModified\":\"2010-02-08T10:52:10+00:00\",\"mainEntityOfPage\":{\"@id\":\"https:\/\/www.oarcanjo.net\/site\/dom-pedro-luiz-se-despede-da-regiao-belem\/\"},\"wordCount\":137,\"commentCount\":1,\"publisher\":{\"@id\":\"https:\/\/www.oarcanjo.net\/site\/#organization\"},\"image\":{\"@id\":\"https:\/\/www.oarcanjo.net\/site\/dom-pedro-luiz-se-despede-da-regiao-belem\/#primaryimage\"},\"thumbnailUrl\":\"http:\/\/www.oarcanjo.net\/site\/wp-content\/uploads\/despedida-dpedroluiz-01.jpg\",\"keywords\":[\"D. Odilo Pedro Scherer\",\"Dom Pedro Luiz Stringhini\",\"Padre Julio Lancellotti\"],\"articleSection\":[\"Not\u00edcias\"],\"inLanguage\":\"pt-BR\",\"potentialAction\":[{\"@type\":\"CommentAction\",\"name\":\"Comment\",\"target\":[\"https:\/\/www.oarcanjo.net\/site\/dom-pedro-luiz-se-despede-da-regiao-belem\/#respond\"]}]},{\"@type\":\"WebPage\",\"@id\":\"https:\/\/www.oarcanjo.net\/site\/dom-pedro-luiz-se-despede-da-regiao-belem\/\",\"url\":\"https:\/\/www.oarcanjo.net\/site\/dom-pedro-luiz-se-despede-da-regiao-belem\/\",\"name\":\"Dom Pedro Luiz se despede da Regi\u00e3o Bel\u00e9m - O Arcanjo no ar\",\"isPartOf\":{\"@id\":\"https:\/\/www.oarcanjo.net\/site\/#website\"},\"primaryImageOfPage\":{\"@id\":\"https:\/\/www.oarcanjo.net\/site\/dom-pedro-luiz-se-despede-da-regiao-belem\/#primaryimage\"},\"image\":{\"@id\":\"https:\/\/www.oarcanjo.net\/site\/dom-pedro-luiz-se-despede-da-regiao-belem\/#primaryimage\"},\"thumbnailUrl\":\"http:\/\/www.oarcanjo.net\/site\/wp-content\/uploads\/despedida-dpedroluiz-01.jpg\",\"datePublished\":\"2010-02-02T08:49:49+00:00\",\"dateModified\":\"2010-02-08T10:52:10+00:00\",\"breadcrumb\":{\"@id\":\"https:\/\/www.oarcanjo.net\/site\/dom-pedro-luiz-se-despede-da-regiao-belem\/#breadcrumb\"},\"inLanguage\":\"pt-BR\",\"potentialAction\":[{\"@type\":\"ReadAction\",\"target\":[\"https:\/\/www.oarcanjo.net\/site\/dom-pedro-luiz-se-despede-da-regiao-belem\/\"]}]},{\"@type\":\"ImageObject\",\"inLanguage\":\"pt-BR\",\"@id\":\"https:\/\/www.oarcanjo.net\/site\/dom-pedro-luiz-se-despede-da-regiao-belem\/#primaryimage\",\"url\":\"http:\/\/www.oarcanjo.net\/site\/wp-content\/uploads\/despedida-dpedroluiz-01.jpg\",\"contentUrl\":\"http:\/\/www.oarcanjo.net\/site\/wp-content\/uploads\/despedida-dpedroluiz-01.jpg\"},{\"@type\":\"BreadcrumbList\",\"@id\":\"https:\/\/www.oarcanjo.net\/site\/dom-pedro-luiz-se-despede-da-regiao-belem\/#breadcrumb\",\"itemListElement\":[{\"@type\":\"ListItem\",\"position\":1,\"name\":\"In\u00edcio\",\"item\":\"https:\/\/www.oarcanjo.net\/site\/\"},{\"@type\":\"ListItem\",\"position\":2,\"name\":\"Dom Pedro Luiz se despede da Regi\u00e3o Bel\u00e9m\"}]},{\"@type\":\"WebSite\",\"@id\":\"https:\/\/www.oarcanjo.net\/site\/#website\",\"url\":\"https:\/\/www.oarcanjo.net\/site\/\",\"name\":\"O Arcanjo no ar\",\"description\":\"Site da Par\u00f3quia S\u00e3o Miguel Arcanjo (Arquidiocese de SP)\",\"publisher\":{\"@id\":\"https:\/\/www.oarcanjo.net\/site\/#organization\"},\"potentialAction\":[{\"@type\":\"SearchAction\",\"target\":{\"@type\":\"EntryPoint\",\"urlTemplate\":\"https:\/\/www.oarcanjo.net\/site\/?s={search_term_string}\"},\"query-input\":{\"@type\":\"PropertyValueSpecification\",\"valueRequired\":true,\"valueName\":\"search_term_string\"}}],\"inLanguage\":\"pt-BR\"},{\"@type\":\"Organization\",\"@id\":\"https:\/\/www.oarcanjo.net\/site\/#organization\",\"name\":\"Par\u00f3quia S\u00e3o Miguel Arcanjo\",\"url\":\"https:\/\/www.oarcanjo.net\/site\/\",\"logo\":{\"@type\":\"ImageObject\",\"inLanguage\":\"pt-BR\",\"@id\":\"https:\/\/www.oarcanjo.net\/site\/#\/schema\/logo\/image\/\",\"url\":\"https:\/\/www.oarcanjo.net\/site\/wp-content\/uploads\/LogoOArcanjo.png\",\"contentUrl\":\"https:\/\/www.oarcanjo.net\/site\/wp-content\/uploads\/LogoOArcanjo.png\",\"width\":319,\"height\":99,\"caption\":\"Par\u00f3quia S\u00e3o Miguel Arcanjo\"},\"image\":{\"@id\":\"https:\/\/www.oarcanjo.net\/site\/#\/schema\/logo\/image\/\"},\"sameAs\":[\"https:\/\/www.facebook.com\/OArcanjoNoAr\/\"]},{\"@type\":\"Person\",\"@id\":\"https:\/\/www.oarcanjo.net\/site\/#\/schema\/person\/f7024d007863202483a31326673a0838\",\"name\":\"editor\",\"sameAs\":[\"http:\/\/www.oarcanjo.net\"]}]}<\/script>\n<!-- \/ Yoast SEO plugin. -->","yoast_head_json":{"title":"Dom Pedro Luiz se despede da Regi\u00e3o Bel\u00e9m - O Arcanjo no ar","robots":{"index":"index","follow":"follow","max-snippet":"max-snippet:-1","max-image-preview":"max-image-preview:large","max-video-preview":"max-video-preview:-1"},"canonical":"https:\/\/www.oarcanjo.net\/site\/dom-pedro-luiz-se-despede-da-regiao-belem\/","og_locale":"pt_BR","og_type":"article","og_title":"Dom Pedro Luiz se despede da Regi\u00e3o Bel\u00e9m - O Arcanjo no ar","og_description":"Em missa solene, neste domingo (31\/01\/10) no Santu\u00e1rio de Nossa Senhora do Sagrado Cora\u00e7\u00e3o, Dom Pedro Luiz Stringhini se despediu da Regi\u00e3o Bel\u00e9m. A Comunidade S\u00e3o Miguel Arcanjo estava presente, pelo Padre J\u00falio e v\u00e1rios paroquianos. Foi tocante o gesto do cardeal D. Odilo Pedro Scherer em atribuir a presid\u00eancia da celebra\u00e7\u00e3o ao novo Bispo [&hellip;]","og_url":"https:\/\/www.oarcanjo.net\/site\/dom-pedro-luiz-se-despede-da-regiao-belem\/","og_site_name":"O Arcanjo no ar","article_publisher":"https:\/\/www.facebook.com\/OArcanjoNoAr\/","article_published_time":"2010-02-02T08:49:49+00:00","article_modified_time":"2010-02-08T10:52:10+00:00","og_image":[{"url":"http:\/\/www.oarcanjo.net\/site\/wp-content\/uploads\/despedida-dpedroluiz-01.jpg"}],"author":"editor","twitter_card":"summary_large_image","twitter_misc":{"Escrito por":"editor","Est. tempo de leitura":"1 minuto"},"schema":{"@context":"https:\/\/schema.org","@graph":[{"@type":"Article","@id":"https:\/\/www.oarcanjo.net\/site\/dom-pedro-luiz-se-despede-da-regiao-belem\/#article","isPartOf":{"@id":"https:\/\/www.oarcanjo.net\/site\/dom-pedro-luiz-se-despede-da-regiao-belem\/"},"author":{"name":"editor","@id":"https:\/\/www.oarcanjo.net\/site\/#\/schema\/person\/f7024d007863202483a31326673a0838"},"headline":"Dom Pedro Luiz se despede da Regi\u00e3o Bel\u00e9m","datePublished":"2010-02-02T08:49:49+00:00","dateModified":"2010-02-08T10:52:10+00:00","mainEntityOfPage":{"@id":"https:\/\/www.oarcanjo.net\/site\/dom-pedro-luiz-se-despede-da-regiao-belem\/"},"wordCount":137,"commentCount":1,"publisher":{"@id":"https:\/\/www.oarcanjo.net\/site\/#organization"},"image":{"@id":"https:\/\/www.oarcanjo.net\/site\/dom-pedro-luiz-se-despede-da-regiao-belem\/#primaryimage"},"thumbnailUrl":"http:\/\/www.oarcanjo.net\/site\/wp-content\/uploads\/despedida-dpedroluiz-01.jpg","keywords":["D. Odilo Pedro Scherer","Dom Pedro Luiz Stringhini","Padre Julio Lancellotti"],"articleSection":["Not\u00edcias"],"inLanguage":"pt-BR","potentialAction":[{"@type":"CommentAction","name":"Comment","target":["https:\/\/www.oarcanjo.net\/site\/dom-pedro-luiz-se-despede-da-regiao-belem\/#respond"]}]},{"@type":"WebPage","@id":"https:\/\/www.oarcanjo.net\/site\/dom-pedro-luiz-se-despede-da-regiao-belem\/","url":"https:\/\/www.oarcanjo.net\/site\/dom-pedro-luiz-se-despede-da-regiao-belem\/","name":"Dom Pedro Luiz se despede da Regi\u00e3o Bel\u00e9m - O Arcanjo no ar","isPartOf":{"@id":"https:\/\/www.oarcanjo.net\/site\/#website"},"primaryImageOfPage":{"@id":"https:\/\/www.oarcanjo.net\/site\/dom-pedro-luiz-se-despede-da-regiao-belem\/#primaryimage"},"image":{"@id":"https:\/\/www.oarcanjo.net\/site\/dom-pedro-luiz-se-despede-da-regiao-belem\/#primaryimage"},"thumbnailUrl":"http:\/\/www.oarcanjo.net\/site\/wp-content\/uploads\/despedida-dpedroluiz-01.jpg","datePublished":"2010-02-02T08:49:49+00:00","dateModified":"2010-02-08T10:52:10+00:00","breadcrumb":{"@id":"https:\/\/www.oarcanjo.net\/site\/dom-pedro-luiz-se-despede-da-regiao-belem\/#breadcrumb"},"inLanguage":"pt-BR","potentialAction":[{"@type":"ReadAction","target":["https:\/\/www.oarcanjo.net\/site\/dom-pedro-luiz-se-despede-da-regiao-belem\/"]}]},{"@type":"ImageObject","inLanguage":"pt-BR","@id":"https:\/\/www.oarcanjo.net\/site\/dom-pedro-luiz-se-despede-da-regiao-belem\/#primaryimage","url":"http:\/\/www.oarcanjo.net\/site\/wp-content\/uploads\/despedida-dpedroluiz-01.jpg","contentUrl":"http:\/\/www.oarcanjo.net\/site\/wp-content\/uploads\/despedida-dpedroluiz-01.jpg"},{"@type":"BreadcrumbList","@id":"https:\/\/www.oarcanjo.net\/site\/dom-pedro-luiz-se-despede-da-regiao-belem\/#breadcrumb","itemListElement":[{"@type":"ListItem","position":1,"name":"In\u00edcio","item":"https:\/\/www.oarcanjo.net\/site\/"},{"@type":"ListItem","position":2,"name":"Dom Pedro Luiz se despede da Regi\u00e3o Bel\u00e9m"}]},{"@type":"WebSite","@id":"https:\/\/www.oarcanjo.net\/site\/#website","url":"https:\/\/www.oarcanjo.net\/site\/","name":"O Arcanjo no ar","description":"Site da Par\u00f3quia S\u00e3o Miguel Arcanjo (Arquidiocese de SP)","publisher":{"@id":"https:\/\/www.oarcanjo.net\/site\/#organization"},"potentialAction":[{"@type":"SearchAction","target":{"@type":"EntryPoint","urlTemplate":"https:\/\/www.oarcanjo.net\/site\/?s={search_term_string}"},"query-input":{"@type":"PropertyValueSpecification","valueRequired":true,"valueName":"search_term_string"}}],"inLanguage":"pt-BR"},{"@type":"Organization","@id":"https:\/\/www.oarcanjo.net\/site\/#organization","name":"Par\u00f3quia S\u00e3o Miguel Arcanjo","url":"https:\/\/www.oarcanjo.net\/site\/","logo":{"@type":"ImageObject","inLanguage":"pt-BR","@id":"https:\/\/www.oarcanjo.net\/site\/#\/schema\/logo\/image\/","url":"https:\/\/www.oarcanjo.net\/site\/wp-content\/uploads\/LogoOArcanjo.png","contentUrl":"https:\/\/www.oarcanjo.net\/site\/wp-content\/uploads\/LogoOArcanjo.png","width":319,"height":99,"caption":"Par\u00f3quia S\u00e3o Miguel Arcanjo"},"image":{"@id":"https:\/\/www.oarcanjo.net\/site\/#\/schema\/logo\/image\/"},"sameAs":["https:\/\/www.facebook.com\/OArcanjoNoAr\/"]},{"@type":"Person","@id":"https:\/\/www.oarcanjo.net\/site\/#\/schema\/person\/f7024d007863202483a31326673a0838","name":"editor","sameAs":["http:\/\/www.oarcanjo.net"]}]}},"publishpress_future_action":{"enabled":false,"date":"2026-05-07 08:07:23","action":"category","newStatus":"draft","terms":[],"taxonomy":"category"},"publishpress_future_workflow_manual_trigger":{"enabledWorkflows":[]},"_links":{"self":[{"href":"https:\/\/www.oarcanjo.net\/site\/wp-json\/wp\/v2\/posts\/7821"}],"collection":[{"href":"https:\/\/www.oarcanjo.net\/site\/wp-json\/wp\/v2\/posts"}],"about":[{"href":"https:\/\/www.oarcanjo.net\/site\/wp-json\/wp\/v2\/types\/post"}],"author":[{"embeddable":true,"href":"https:\/\/www.oarcanjo.net\/site\/wp-json\/wp\/v2\/users\/5"}],"replies":[{"embeddable":true,"href":"https:\/\/www.oarcanjo.net\/site\/wp-json\/wp\/v2\/comments?post=7821"}],"version-history":[{"count":0,"href":"https:\/\/www.oarcanjo.net\/site\/wp-json\/wp\/v2\/posts\/7821\/revisions"}],"wp:attachment":[{"href":"https:\/\/www.oarcanjo.net\/site\/wp-json\/wp\/v2\/media?parent=7821"}],"wp:term":[{"taxonomy":"category","embeddable":true,"href":"https:\/\/www.oarcanjo.net\/site\/wp-json\/wp\/v2\/categories?post=7821"},{"taxonomy":"post_tag","embeddable":true,"href":"https:\/\/www.oarcanjo.net\/site\/wp-json\/wp\/v2\/tags?post=7821"}],"curies":[{"name":"wp","href":"https:\/\/api.w.org\/{rel}","templated":true}]}}