
{"id":78243,"date":"2016-12-19T15:00:49","date_gmt":"2016-12-19T17:00:49","guid":{"rendered":"http:\/\/www.oarcanjo.net\/site\/?p=78243"},"modified":"2016-12-19T15:07:06","modified_gmt":"2016-12-19T17:07:06","slug":"o-homem-que-nao-conheceu-o-medo","status":"publish","type":"post","link":"https:\/\/www.oarcanjo.net\/site\/o-homem-que-nao-conheceu-o-medo\/","title":{"rendered":"&#8220;O homem que n\u00e3o conheceu o medo&#8221;"},"content":{"rendered":"<p><em>Frei Betto<\/em><\/p>\n<p>O cardeal Paulo Evaristo Arns era um dos homens mais corajosos que conheci.<\/p>\n<p>20 de janeiro de 1970. Dom Paulo Evaristo Arns obteve, enfim, permiss\u00e3o para visitar os frades dominicanos encarcerados no Pres\u00eddio Tiradentes, em S\u00e3o Paulo. Franciscano, o bispo auxiliar do cardeal Agnelo Rossi era respons\u00e1vel pela Pastoral Carcer\u00e1ria. Diante do diretor do pres\u00eddio, narramos ao prelado nossas pris\u00f5es, torturas, interrogat\u00f3rios e amea\u00e7as recebidas.<\/p>\n<p>21 de outubro de 1970. O papa Paulo VI declarou que o m\u00e9todo de torturas se espalhava pelo mundo como uma epidemia, sem refer\u00eancia direta ao Brasil. Citou, por\u00e9m, \u201cum grande pa\u00eds\u201d no qual se aplicavam \u201ctorturas, isto \u00e9, meios policiais cru\u00e9is e desumanos para extorquir confiss\u00f5es dos prisioneiros\u201d. Acrescentou que esses meios \u201cdevem ser condenados abertamente\u201d.<\/p>\n<p>22 de outubro de 1970. Ao desembarcar em Guarulhos, procedente de Roma, o cardeal Agnelo Rossi, presidente da Confer\u00eancia Nacional dos Bispos do Brasil (CNBB), declarou que \u201cno Brasil n\u00e3o existe persegui\u00e7\u00e3o religiosa, e, sim, uma campanha de difama\u00e7\u00e3o dirigida do exterior contra o governo brasileiro\u201d. Segundo o cardeal, ao condenar a tortura o papa n\u00e3o se referia ao Brasil. Na tarde do mesmo dia, dom Rossi foi destitu\u00eddo pelo Vaticano do arcebispado de S\u00e3o Paulo e nomeado prefeito da Congrega\u00e7\u00e3o de Evangeliza\u00e7\u00e3o dos Povos, em Roma. No mesmo ato, o papa nomeou dom Paulo Evaristo Arns para suceder a ele \u00e0 frente da arquidiocese paulistana.<\/p>\n<p>23 de outubro de 1970. Recebemos, no Pres\u00eddio Tiradentes, a visita de dom Paulo. Concedeu-nos a honra de sua primeira visita pastoral como novo arcebispo. Dali partiu para o retiro que antecedia a sua posse, a 1\u00ba de novembro de 1970.<\/p>\n<p>21 de novembro de 1970. Fomos despertados \u00e0s seis da manh\u00e3 pela visita de dom Paulo. Veio celebrar conosco no Pres\u00eddio Tiradentes. O altar, um caixote vazio de ma\u00e7\u00e3s; o c\u00e1lice, um copo americano; o templo, uma cela apertada; os fi\u00e9is, prisioneiros em sua maioria.<\/p>\n<p>Janeiro de 1971. Dom Paulo denunciou a pris\u00e3o do padre Giulio Vicini e da agente pastoral Yara Spadini. Encontrados com manifestos de protesto contra a morte do oper\u00e1rio Raimundo Eduardo da Silva \u2014 que se achava recolhido ao Hospital Militar \u00e0 disposi\u00e7\u00e3o das autoridades policiais \u2014, foram torturados no Deops. O arcebispo invadiu a reparti\u00e7\u00e3o e conseguiu avistar-se com os dois, que lhe mostraram as marcas das sev\u00edcias. Indignado, mandou afixar em todas as par\u00f3quias da arquidiocese nota em defesa dos presos e de den\u00fancia das torturas sofridas.<\/p>\n<p>5 de maio de 1971. O general M\u00e9dici recebeu, no Pal\u00e1cio do Planalto, dom Paulo, que lhe relatou casos de torturas. O ditador, com a rispidez que o caracterizava, n\u00e3o se fez de rogado e reiterou: \u201cElas existem e v\u00e3o continuar porque s\u00e3o necess\u00e1rias. E a Igreja que n\u00e3o se meta, porque o pr\u00f3ximo passo ser\u00e1 a pris\u00e3o de bispos&#8230;\u201d<\/p>\n<p>23 de dezembro de 1971. \u00c0 tarde, hora das visitas, dom Paulo foi ao Pres\u00eddio Tiradentes. Percorreu cada uma das celas. Demos a ele uma grande cruz de couro \u2014 a Comenda do C\u00e1rcere \u2014 pirografada com vers\u00edculos do Evangelho, trechos do Documento de Medell\u00edn e nomes de todos os revolucion\u00e1rios assassinados. Gravamos: \u201cO Bom Pastor \u00e9 aquele que d\u00e1 a vida por suas ovelhas\u201d.<\/p>\n<p>12 de maio de 1972. Dom Paulo, nosso mediador na greve de fome coletiva, esteve na Penitenci\u00e1ria do Estado, onde nos encontr\u00e1vamos misturados aos presos comuns. N\u00e3o nos permitiram v\u00ea-lo. Segundo o diretor, s\u00f3 podemos falar com os advogados. Por\u00e9m, soubemos que o arcebispo advertiu-o de que est\u00e1 historicamente comprovado que medidas de isolamento carcer\u00e1rio geralmente precedem a elimina\u00e7\u00e3o f\u00edsica.<\/p>\n<p>Em encontro com o juiz Nelson Guimar\u00e3es, do Tribunal Militar, o arcebispo questionou-o: \u201cO senhor sabe que \u00e9 respons\u00e1vel pela vida dos presos?\u201d. O juiz auditor assentiu: \u201cAssumo a responsabilidade se vierem a morrer\u201d. Dom Paulo retrucou: \u201cMeu filho, assume dois ou tr\u00eas dias. Depois, n\u00e3o assume mais. Sua consci\u00eancia passa a martiriz\u00e1-lo. E que contas dar\u00e1 o senhor perante si mesmo e perante Deus?\u201d. O juiz respondeu de cabe\u00e7a baixa: \u201cO senhor tem raz\u00e3o\u201d.<\/p>\n<p>Vladimir Herzog suicidado. Dom Paulo decidiu celebrar missa solene na Catedral da S\u00e9 em homenagem a ele. Judeus que apoiavam a ditadura tentaram demover o cardeal: \u201cPor que missa para Herzog? Era judeu!\u201d. Dom Paulo respondeu: \u201cJesus tamb\u00e9m.\u201d<\/p>\n<p>O cardeal Paulo Evaristo Arns era um dos homens mais corajosos que conheci. Imbu\u00eddo da f\u00e9 que caracterizou seu patrono e modelo, Francisco de Assis, jamais pensou no pr\u00f3prio sucesso. Sua vida dedicada ao pr\u00f3ximo veio a p\u00fablico, com riqueza de detalhes, na obra \u201cDom Paulo Evaristo Arns \u2014 um homem amado e perseguido\u201d, de Evanize Sydow e Marilda Ferri.<\/p>\n<p>Se a Hist\u00f3ria da independ\u00eancia do Brasil n\u00e3o pode ignorar Tiradentes, nem o movimento ecol\u00f3gico, Chico Mendes, a resist\u00eancia \u00e0 ditadura que nos governou 21 anos deve muito \u00e0 figura \u00edmpar de dom Paulo. O mesmo cuidado amoroso que S\u00e3o Francisco dedicava aos pobres e \u00e0 natureza, dom Paulo estendeu \u00e0s v\u00edtimas da repress\u00e3o.<\/p>\n<p>O livro \u201cBrasil: Nunca mais\u201d \u00e9 uma radiografia irrespond\u00edvel da ditadura, gra\u00e7as \u00e0 iniciativa de dom Paulo e do pastor Jaime Wright, que promoveram uma devassa nos arquivos da Justi\u00e7a Militar. Analisaram o conte\u00fado de mais de um milh\u00e3o de p\u00e1ginas de processos pol\u00edticos. A anistia ainda evita que torturadores paguem por seus crimes. Mas, gra\u00e7as a esses dois pastores, n\u00e3o se apagar\u00e3o da mem\u00f3ria brasileira o terror de Estado e o sofrimento de milhares de v\u00edtimas.<\/p>\n<p>Dom Paulo Evaristo Arns rezou, com a vida, a ora\u00e7\u00e3o de S\u00e3o Francisco de Assis, adaptada aos nossos tempos: \u201cSenhor, fazei-me instrumento de vossa paz. Onde houver&#8230; repress\u00e3o e pobreza, que eu leve liberdade e justi\u00e7a\u201d.<\/p>\n<div id=\"themify_builder_content-78243\" data-postid=\"78243\" class=\"themify_builder_content themify_builder_content-78243 themify_builder themify_builder_front\">\n\t<\/div>\n<!-- \/themify_builder_content -->","protected":false},"excerpt":{"rendered":"<p>Frei Betto O cardeal Paulo Evaristo Arns era um dos homens mais corajosos que conheci. 20 de janeiro de 1970. Dom Paulo Evaristo Arns obteve, enfim, permiss\u00e3o para visitar os frades dominicanos encarcerados no Pres\u00eddio Tiradentes, em S\u00e3o Paulo. Franciscano, o bispo auxiliar do cardeal Agnelo Rossi era respons\u00e1vel pela Pastoral Carcer\u00e1ria. Diante do diretor [&hellip;]<\/p>\n","protected":false},"author":5,"featured_media":0,"comment_status":"open","ping_status":"open","sticky":false,"template":"","format":"standard","meta":{"ngg_post_thumbnail":0,"footnotes":""},"categories":[914],"tags":[],"yoast_head":"<!-- This site is optimized with the Yoast SEO plugin v23.5 - https:\/\/yoast.com\/wordpress\/plugins\/seo\/ -->\n<title>&quot;O homem que n\u00e3o conheceu o medo&quot; - O Arcanjo no ar<\/title>\n<meta name=\"robots\" content=\"index, follow, max-snippet:-1, max-image-preview:large, max-video-preview:-1\" \/>\n<link rel=\"canonical\" href=\"https:\/\/www.oarcanjo.net\/site\/o-homem-que-nao-conheceu-o-medo\/\" \/>\n<meta property=\"og:locale\" content=\"pt_BR\" \/>\n<meta property=\"og:type\" content=\"article\" \/>\n<meta property=\"og:title\" content=\"&quot;O homem que n\u00e3o conheceu o medo&quot; - O Arcanjo no ar\" \/>\n<meta property=\"og:description\" content=\"Frei Betto O cardeal Paulo Evaristo Arns era um dos homens mais corajosos que conheci. 20 de janeiro de 1970. Dom Paulo Evaristo Arns obteve, enfim, permiss\u00e3o para visitar os frades dominicanos encarcerados no Pres\u00eddio Tiradentes, em S\u00e3o Paulo. Franciscano, o bispo auxiliar do cardeal Agnelo Rossi era respons\u00e1vel pela Pastoral Carcer\u00e1ria. Diante do diretor [&hellip;]\" \/>\n<meta property=\"og:url\" content=\"https:\/\/www.oarcanjo.net\/site\/o-homem-que-nao-conheceu-o-medo\/\" \/>\n<meta property=\"og:site_name\" content=\"O Arcanjo no ar\" \/>\n<meta property=\"article:publisher\" content=\"https:\/\/www.facebook.com\/OArcanjoNoAr\/\" \/>\n<meta property=\"article:published_time\" content=\"2016-12-19T17:00:49+00:00\" \/>\n<meta property=\"article:modified_time\" content=\"2016-12-19T17:07:06+00:00\" \/>\n<meta property=\"og:image\" content=\"https:\/\/www.oarcanjo.net\/site\/wp-content\/uploads\/logo-o-arcanjo-no-ar-facebook.png\" \/>\n\t<meta property=\"og:image:width\" content=\"300\" \/>\n\t<meta property=\"og:image:height\" content=\"300\" \/>\n\t<meta property=\"og:image:type\" content=\"image\/png\" \/>\n<meta name=\"author\" content=\"editor\" \/>\n<meta name=\"twitter:card\" content=\"summary_large_image\" \/>\n<meta name=\"twitter:label1\" content=\"Escrito por\" \/>\n\t<meta name=\"twitter:data1\" content=\"editor\" \/>\n\t<meta name=\"twitter:label2\" content=\"Est. tempo de leitura\" \/>\n\t<meta name=\"twitter:data2\" content=\"5 minutos\" \/>\n<script type=\"application\/ld+json\" class=\"yoast-schema-graph\">{\"@context\":\"https:\/\/schema.org\",\"@graph\":[{\"@type\":\"Article\",\"@id\":\"https:\/\/www.oarcanjo.net\/site\/o-homem-que-nao-conheceu-o-medo\/#article\",\"isPartOf\":{\"@id\":\"https:\/\/www.oarcanjo.net\/site\/o-homem-que-nao-conheceu-o-medo\/\"},\"author\":{\"name\":\"editor\",\"@id\":\"https:\/\/www.oarcanjo.net\/site\/#\/schema\/person\/f7024d007863202483a31326673a0838\"},\"headline\":\"&#8220;O homem que n\u00e3o conheceu o medo&#8221;\",\"datePublished\":\"2016-12-19T17:00:49+00:00\",\"dateModified\":\"2016-12-19T17:07:06+00:00\",\"mainEntityOfPage\":{\"@id\":\"https:\/\/www.oarcanjo.net\/site\/o-homem-que-nao-conheceu-o-medo\/\"},\"wordCount\":996,\"commentCount\":0,\"publisher\":{\"@id\":\"https:\/\/www.oarcanjo.net\/site\/#organization\"},\"articleSection\":[\"D. Paulo Evaristo Arns\"],\"inLanguage\":\"pt-BR\",\"potentialAction\":[{\"@type\":\"CommentAction\",\"name\":\"Comment\",\"target\":[\"https:\/\/www.oarcanjo.net\/site\/o-homem-que-nao-conheceu-o-medo\/#respond\"]}]},{\"@type\":\"WebPage\",\"@id\":\"https:\/\/www.oarcanjo.net\/site\/o-homem-que-nao-conheceu-o-medo\/\",\"url\":\"https:\/\/www.oarcanjo.net\/site\/o-homem-que-nao-conheceu-o-medo\/\",\"name\":\"\\\"O homem que n\u00e3o conheceu o medo\\\" - O Arcanjo no ar\",\"isPartOf\":{\"@id\":\"https:\/\/www.oarcanjo.net\/site\/#website\"},\"datePublished\":\"2016-12-19T17:00:49+00:00\",\"dateModified\":\"2016-12-19T17:07:06+00:00\",\"breadcrumb\":{\"@id\":\"https:\/\/www.oarcanjo.net\/site\/o-homem-que-nao-conheceu-o-medo\/#breadcrumb\"},\"inLanguage\":\"pt-BR\",\"potentialAction\":[{\"@type\":\"ReadAction\",\"target\":[\"https:\/\/www.oarcanjo.net\/site\/o-homem-que-nao-conheceu-o-medo\/\"]}]},{\"@type\":\"BreadcrumbList\",\"@id\":\"https:\/\/www.oarcanjo.net\/site\/o-homem-que-nao-conheceu-o-medo\/#breadcrumb\",\"itemListElement\":[{\"@type\":\"ListItem\",\"position\":1,\"name\":\"In\u00edcio\",\"item\":\"https:\/\/www.oarcanjo.net\/site\/\"},{\"@type\":\"ListItem\",\"position\":2,\"name\":\"&#8220;O homem que n\u00e3o conheceu o medo&#8221;\"}]},{\"@type\":\"WebSite\",\"@id\":\"https:\/\/www.oarcanjo.net\/site\/#website\",\"url\":\"https:\/\/www.oarcanjo.net\/site\/\",\"name\":\"O Arcanjo no ar\",\"description\":\"Site da Par\u00f3quia S\u00e3o Miguel Arcanjo (Arquidiocese de SP)\",\"publisher\":{\"@id\":\"https:\/\/www.oarcanjo.net\/site\/#organization\"},\"potentialAction\":[{\"@type\":\"SearchAction\",\"target\":{\"@type\":\"EntryPoint\",\"urlTemplate\":\"https:\/\/www.oarcanjo.net\/site\/?s={search_term_string}\"},\"query-input\":{\"@type\":\"PropertyValueSpecification\",\"valueRequired\":true,\"valueName\":\"search_term_string\"}}],\"inLanguage\":\"pt-BR\"},{\"@type\":\"Organization\",\"@id\":\"https:\/\/www.oarcanjo.net\/site\/#organization\",\"name\":\"Par\u00f3quia S\u00e3o Miguel Arcanjo\",\"url\":\"https:\/\/www.oarcanjo.net\/site\/\",\"logo\":{\"@type\":\"ImageObject\",\"inLanguage\":\"pt-BR\",\"@id\":\"https:\/\/www.oarcanjo.net\/site\/#\/schema\/logo\/image\/\",\"url\":\"https:\/\/www.oarcanjo.net\/site\/wp-content\/uploads\/LogoOArcanjo.png\",\"contentUrl\":\"https:\/\/www.oarcanjo.net\/site\/wp-content\/uploads\/LogoOArcanjo.png\",\"width\":319,\"height\":99,\"caption\":\"Par\u00f3quia S\u00e3o Miguel Arcanjo\"},\"image\":{\"@id\":\"https:\/\/www.oarcanjo.net\/site\/#\/schema\/logo\/image\/\"},\"sameAs\":[\"https:\/\/www.facebook.com\/OArcanjoNoAr\/\"]},{\"@type\":\"Person\",\"@id\":\"https:\/\/www.oarcanjo.net\/site\/#\/schema\/person\/f7024d007863202483a31326673a0838\",\"name\":\"editor\",\"sameAs\":[\"http:\/\/www.oarcanjo.net\"]}]}<\/script>\n<!-- \/ Yoast SEO plugin. -->","yoast_head_json":{"title":"\"O homem que n\u00e3o conheceu o medo\" - O Arcanjo no ar","robots":{"index":"index","follow":"follow","max-snippet":"max-snippet:-1","max-image-preview":"max-image-preview:large","max-video-preview":"max-video-preview:-1"},"canonical":"https:\/\/www.oarcanjo.net\/site\/o-homem-que-nao-conheceu-o-medo\/","og_locale":"pt_BR","og_type":"article","og_title":"\"O homem que n\u00e3o conheceu o medo\" - O Arcanjo no ar","og_description":"Frei Betto O cardeal Paulo Evaristo Arns era um dos homens mais corajosos que conheci. 20 de janeiro de 1970. Dom Paulo Evaristo Arns obteve, enfim, permiss\u00e3o para visitar os frades dominicanos encarcerados no Pres\u00eddio Tiradentes, em S\u00e3o Paulo. Franciscano, o bispo auxiliar do cardeal Agnelo Rossi era respons\u00e1vel pela Pastoral Carcer\u00e1ria. Diante do diretor [&hellip;]","og_url":"https:\/\/www.oarcanjo.net\/site\/o-homem-que-nao-conheceu-o-medo\/","og_site_name":"O Arcanjo no ar","article_publisher":"https:\/\/www.facebook.com\/OArcanjoNoAr\/","article_published_time":"2016-12-19T17:00:49+00:00","article_modified_time":"2016-12-19T17:07:06+00:00","og_image":[{"width":300,"height":300,"url":"https:\/\/www.oarcanjo.net\/site\/wp-content\/uploads\/logo-o-arcanjo-no-ar-facebook.png","type":"image\/png"}],"author":"editor","twitter_card":"summary_large_image","twitter_misc":{"Escrito por":"editor","Est. tempo de leitura":"5 minutos"},"schema":{"@context":"https:\/\/schema.org","@graph":[{"@type":"Article","@id":"https:\/\/www.oarcanjo.net\/site\/o-homem-que-nao-conheceu-o-medo\/#article","isPartOf":{"@id":"https:\/\/www.oarcanjo.net\/site\/o-homem-que-nao-conheceu-o-medo\/"},"author":{"name":"editor","@id":"https:\/\/www.oarcanjo.net\/site\/#\/schema\/person\/f7024d007863202483a31326673a0838"},"headline":"&#8220;O homem que n\u00e3o conheceu o medo&#8221;","datePublished":"2016-12-19T17:00:49+00:00","dateModified":"2016-12-19T17:07:06+00:00","mainEntityOfPage":{"@id":"https:\/\/www.oarcanjo.net\/site\/o-homem-que-nao-conheceu-o-medo\/"},"wordCount":996,"commentCount":0,"publisher":{"@id":"https:\/\/www.oarcanjo.net\/site\/#organization"},"articleSection":["D. Paulo Evaristo Arns"],"inLanguage":"pt-BR","potentialAction":[{"@type":"CommentAction","name":"Comment","target":["https:\/\/www.oarcanjo.net\/site\/o-homem-que-nao-conheceu-o-medo\/#respond"]}]},{"@type":"WebPage","@id":"https:\/\/www.oarcanjo.net\/site\/o-homem-que-nao-conheceu-o-medo\/","url":"https:\/\/www.oarcanjo.net\/site\/o-homem-que-nao-conheceu-o-medo\/","name":"\"O homem que n\u00e3o conheceu o medo\" - O Arcanjo no ar","isPartOf":{"@id":"https:\/\/www.oarcanjo.net\/site\/#website"},"datePublished":"2016-12-19T17:00:49+00:00","dateModified":"2016-12-19T17:07:06+00:00","breadcrumb":{"@id":"https:\/\/www.oarcanjo.net\/site\/o-homem-que-nao-conheceu-o-medo\/#breadcrumb"},"inLanguage":"pt-BR","potentialAction":[{"@type":"ReadAction","target":["https:\/\/www.oarcanjo.net\/site\/o-homem-que-nao-conheceu-o-medo\/"]}]},{"@type":"BreadcrumbList","@id":"https:\/\/www.oarcanjo.net\/site\/o-homem-que-nao-conheceu-o-medo\/#breadcrumb","itemListElement":[{"@type":"ListItem","position":1,"name":"In\u00edcio","item":"https:\/\/www.oarcanjo.net\/site\/"},{"@type":"ListItem","position":2,"name":"&#8220;O homem que n\u00e3o conheceu o medo&#8221;"}]},{"@type":"WebSite","@id":"https:\/\/www.oarcanjo.net\/site\/#website","url":"https:\/\/www.oarcanjo.net\/site\/","name":"O Arcanjo no ar","description":"Site da Par\u00f3quia S\u00e3o Miguel Arcanjo (Arquidiocese de SP)","publisher":{"@id":"https:\/\/www.oarcanjo.net\/site\/#organization"},"potentialAction":[{"@type":"SearchAction","target":{"@type":"EntryPoint","urlTemplate":"https:\/\/www.oarcanjo.net\/site\/?s={search_term_string}"},"query-input":{"@type":"PropertyValueSpecification","valueRequired":true,"valueName":"search_term_string"}}],"inLanguage":"pt-BR"},{"@type":"Organization","@id":"https:\/\/www.oarcanjo.net\/site\/#organization","name":"Par\u00f3quia S\u00e3o Miguel Arcanjo","url":"https:\/\/www.oarcanjo.net\/site\/","logo":{"@type":"ImageObject","inLanguage":"pt-BR","@id":"https:\/\/www.oarcanjo.net\/site\/#\/schema\/logo\/image\/","url":"https:\/\/www.oarcanjo.net\/site\/wp-content\/uploads\/LogoOArcanjo.png","contentUrl":"https:\/\/www.oarcanjo.net\/site\/wp-content\/uploads\/LogoOArcanjo.png","width":319,"height":99,"caption":"Par\u00f3quia S\u00e3o Miguel Arcanjo"},"image":{"@id":"https:\/\/www.oarcanjo.net\/site\/#\/schema\/logo\/image\/"},"sameAs":["https:\/\/www.facebook.com\/OArcanjoNoAr\/"]},{"@type":"Person","@id":"https:\/\/www.oarcanjo.net\/site\/#\/schema\/person\/f7024d007863202483a31326673a0838","name":"editor","sameAs":["http:\/\/www.oarcanjo.net"]}]}},"publishpress_future_action":{"enabled":false,"date":"2026-05-07 01:47:36","action":"category","newStatus":"draft","terms":[],"taxonomy":"category"},"publishpress_future_workflow_manual_trigger":{"enabledWorkflows":[]},"_links":{"self":[{"href":"https:\/\/www.oarcanjo.net\/site\/wp-json\/wp\/v2\/posts\/78243"}],"collection":[{"href":"https:\/\/www.oarcanjo.net\/site\/wp-json\/wp\/v2\/posts"}],"about":[{"href":"https:\/\/www.oarcanjo.net\/site\/wp-json\/wp\/v2\/types\/post"}],"author":[{"embeddable":true,"href":"https:\/\/www.oarcanjo.net\/site\/wp-json\/wp\/v2\/users\/5"}],"replies":[{"embeddable":true,"href":"https:\/\/www.oarcanjo.net\/site\/wp-json\/wp\/v2\/comments?post=78243"}],"version-history":[{"count":0,"href":"https:\/\/www.oarcanjo.net\/site\/wp-json\/wp\/v2\/posts\/78243\/revisions"}],"wp:attachment":[{"href":"https:\/\/www.oarcanjo.net\/site\/wp-json\/wp\/v2\/media?parent=78243"}],"wp:term":[{"taxonomy":"category","embeddable":true,"href":"https:\/\/www.oarcanjo.net\/site\/wp-json\/wp\/v2\/categories?post=78243"},{"taxonomy":"post_tag","embeddable":true,"href":"https:\/\/www.oarcanjo.net\/site\/wp-json\/wp\/v2\/tags?post=78243"}],"curies":[{"name":"wp","href":"https:\/\/api.w.org\/{rel}","templated":true}]}}