
{"id":78247,"date":"2016-12-19T15:01:37","date_gmt":"2016-12-19T17:01:37","guid":{"rendered":"http:\/\/www.oarcanjo.net\/site\/?p=78247"},"modified":"2016-12-19T15:09:54","modified_gmt":"2016-12-19T17:09:54","slug":"um-filho-do-concilio-frei-paulo-evaristo-arns","status":"publish","type":"post","link":"https:\/\/www.oarcanjo.net\/site\/um-filho-do-concilio-frei-paulo-evaristo-arns\/","title":{"rendered":"Um filho do Conc\u00edlio: frei Paulo Evaristo Arns"},"content":{"rendered":"<p>Fernando Altemeyer Junior<\/p>\n<p>Dom Paulo Evaristo Arns, cardeal arcebispo em\u00e9rito de S\u00e3o Paulo, faleceu em 14 de dezembro de 2016 com 95 anos e tr\u00eas meses sendo reconhecido internacionalmente como literato, te\u00f3logo, patr\u00f3logo, profeta da metr\u00f3pole paulistana, defensor da pessoa humana diante da ditadura miliar e um humilde frade franciscano, assumido como irm\u00e3o universal, por seu amor perseverante e fecundo em vinte e sete anos como bispo paulistano. Mas poucos sabem que uma de suas maiores qualidades foi fazer realidade \u00e0s decis\u00f5es do Conc\u00edlio Vaticano II. Dom Paulo \u00e9 um dos filhos do Conc\u00edlio e pastor fiel em sua aplica\u00e7\u00e3o pastoral junto aos empobrecidos.<\/p>\n<p>Nascido em uma fam\u00edlia de colonos alem\u00e3es no sul do Brasil, em 14 de setembro de 1921, decide seguir o caminho da vida religiosa na ordem dos frades franciscanos. \u00c9 ordenado sacerdote em 30 de novembro de 1945. Realiza estudos acad\u00eamicos na Sorbonne defendendo sua tese em 03 de maio de 1952 sobre a T\u00e9cnica do livro segundo S\u00e3o Jer\u00f4nimo.<\/p>\n<p>Dom Paulo foi marcado pelo pensamento da Nouvelle Th\u00e9ologie, particularmente dos te\u00f3logos jesu\u00edtas e dominicanos como Dani\u00e9lou e Congar, que lia como que comendo &#8220;p\u00e3o doce catarinense&#8221; e habituou-se a ouvir as confer\u00eancias de Fran\u00e7ois Mauriac, Paul Claudel, Jean-Paul Sartre, e a aprofundar os textos das aulas de Emanuel Mounier e Henri De Lubac. Ao voltar ao Brasil ser\u00e1 professor at\u00e9 ser sagrado bispo auxiliar da cidade de S. Paulo em 03 de julho de 1966, sete meses depois do t\u00e9rmino do Vaticano II. Ser\u00e1 feito arcebispo metropolitano em 1\u00ba. de novembro de 1970 e e pouco depois elevado a cardeal em 5 de mar\u00e7o de 1973. Exercer\u00e1 o cargo de arcebispo paulistano durante 27 anos at\u00e9 sua ren\u00fancia em 1998, sendo sucedido por Dom Frei Cl\u00e1udio Hummes.<\/p>\n<p>Figura central da Igreja brasileira durante o per\u00edodo de 1964 a 1985 quando do longo per\u00edodo ditatorial destaca-se na firme e pac\u00edfica defesa dos direitos humanos para pessoas que todas e quaisquer nacionalidades, ideologias ou grupos pol\u00edticos ou sociais. Defensor da vida e da pessoa humana assumiu como tarefa de vida o lema que consta em seu bras\u00e3o episcopal e cardinal\u00edcio: De esperan\u00e7a em esperan\u00e7a. Ressoa claramente seu v\u00ednculo com a Gaudium et Spes.<\/p>\n<p>Gr\u00e3o-chanceler da Pontif\u00edcia Universidade Cat\u00f3lica de S\u00e3o Paulo, acolher\u00e1 professores que o regime militar aposentou, perseguiu ou censurou como Florestan Fernandes, Ottavio Ianni e Paulo Freire entre tantos. Dom Paulo aplica concretamente cada palavra do documento Dignitatis Humanae, da Nostra Aetate e, sobretudo, os desafios propostos pela Ad Gentes.<\/p>\n<p>Membro de diversas comiss\u00f5es internacionais de Direitos Humanos, particularmente da Comiss\u00e3o Internacional Independente da ONU para quest\u00f5es humanit\u00e1rias. Comendador da Legi\u00e3o de Honra do Governo da Fran\u00e7a pelo testemunho de sua vida em favor dos empobrecidos e da justi\u00e7a social. Possu\u00ed vinte e tr\u00eas t\u00edtulos de Doutor Honoris causa, no Brasil e no exterior com destaque para o doutorado em Direito, concedido pela Universidade de Notre Dame, Indiana, nos Estados Unidos, em 22.05.1977, recebido conjuntamente com o presidente norte-americano, o democrata Jimmy Carter. Recebeu trinta e quatro cidadanias honor\u00e1rias. No cargo de cardeal da Igreja cat\u00f3lica sofreu press\u00f5es dur\u00edssimas por seu engajamento em favor de toda pessoa humana nas terras latino-americanas. Realizou governo colegiado e cont\u00ednuo empenho em construir Igreja aberta aos homens e mulheres urbanos que vivem na cidade cosmopolita um novo modo de pensar e agir, como verdadeira igreja Povo de Deus em marcha. Dom Paulo encarnou na Igreja local o que fora promulgado pelos padres conciliares na Christus Dominus e Lumen Gentium.<\/p>\n<p>Patrocinou a edi\u00e7\u00e3o do best-seller &#8220;Brasil, nunca mais&#8221;, que retrata os por\u00f5es da ditadura e os sofrimentos vividos por centenas de brasileiros torturados clandestinamente pelos militares no Brasil. Gra\u00e7as a essa obra n\u00e3o se perdeu a mem\u00f3ria da ignom\u00ednia praticada contra a pessoa humana no Brasil. Seus serm\u00f5es pastorais na R\u00e1dio Cat\u00f3lica Nove de julho, foram impedidos de serem emitidos, por uma arbitr\u00e1ria decis\u00e3o do general presidente que interrompeu o direito democr\u00e1tico de opini\u00e3o por vinte e seis anos, ou seja, praticamente todo o tempo do exerc\u00edcio de seu episcopado.<\/p>\n<p>Criou a Comiss\u00e3o Justi\u00e7a e Paz e o Centro Santo Dias da Silva formados por eminentes juristas, muitos deles advindos da A\u00e7\u00e3o Cat\u00f3lica e marcados, tamb\u00e9m eles, pelo personalismo de Jacques Maritain. Estes homens e mulheres at\u00e9 hoje lutam contra a impunidade e a viol\u00eancia policial. Recebeu vinte e nove medalhas entre as quais se destacam a de Gr\u00e3o-Oficial da Ordem El Sol del Per\u00fa, do governo peruano, 06 de mar\u00e7o de 1972 e, a da Gran Cruz da Ordem de Bernardo O\u2019Higgins, do Presidente da Rep\u00fablica do Chile, outorgada em 04 de outubro de 2000 e entregue em 29 de julho de 2001 pela defesa da vida de cidad\u00e3os chilenos perseguidos pelas ditaduras brasileira e chilena. Fez de sua C\u00faria o ref\u00fagio de todos os exilados e perseguidos como bom samaritano que cr\u00ea da Palavra que \u00e9 verdade e vida. Dom Paulo fez como ningu\u00e9m que a Dei Verbum fosse amada e conhecida.<\/p>\n<p>Sua presen\u00e7a constante nas comunidades da periferia com palavras corajosas na defesa das mulheres, dos favelados, das crian\u00e7as e moradores de rua lhe valeram campanhas difamat\u00f3rias cont\u00ednuas por parte de policiais e agentes da direita brasileira. Vale lembrar que quando o menino Jo\u00edlson de Jesus morreu pisoteado no Largo de S\u00e3o Francisco, por um advogado, D. Paulo Evaristo celebrou um missa na Catedral e um radialista famoso convocou a popula\u00e7\u00e3o da cidade para que fosse at\u00e9 a Catedral para espanc\u00e1-lo. Felizmente a voz do pastor prevaleceu. \u201cUma pessoa vale mais que todo o ouro do mundo e quem nela toca, fere o pr\u00f3prio Deus Criador\u201d foi a palavra do profeta. Essa \u00e9 a teologia que sustenta o seu pensamento. Um humanismo crist\u00e3o que bebe nas fontes dos Evangelhos, passa pela Patr\u00edstica e assume radicalmente as decis\u00f5es do Conc\u00edlio Vaticano II. Proclamar a dignidade humana sobre os telhados. Isto \u00e9 o que pede a Inter Mirifica como uma tarefa central de todo comunicador crist\u00e3o. Pregar com a vida e o testemunho.<\/p>\n<p>Acolheu em sua Catedral na Pra\u00e7a da S\u00e9, in\u00fameros l\u00edderes mu\u00e7ulmanos, judeus, budistas, evang\u00e9licos, afro-brasileiros e o pr\u00f3prio Dalai Lama. Como reconhecimento por sua atua\u00e7\u00e3o em favor dos refugiados recebeu o Pr\u00eamio Internacional &#8220;Medalha Nansen&#8221;, do Alto Comissariado das Na\u00e7\u00f5es Unidas para Refugiados (ACNUR), concedido no Pal\u00e1cio das Na\u00e7\u00f5es Unidas em Genebra, Su\u00ed\u00e7a, em 07.10.1985. Sempre atento \u00e0s causas concretas do povo brasileiro \u00e9 ardoroso defensor da Reforma Agr\u00e1ria e da participa\u00e7\u00e3o efetiva do povo na escolha de candidatos que defendam em suas vidas os verdadeiros anseios populares. Sempre e de maneira independente valorizou a participa\u00e7\u00e3o dos leigos na vida pol\u00edtica, sindical e associativa em bairros, associa\u00e7\u00f5es e agrupamentos sociais em favor da cidadania e da comunica\u00e7\u00e3o. Lutou ardorosamente pelo voto consciente e por uma educa\u00e7\u00e3o de base, e sempre se identificou com a Teologia da Liberta\u00e7\u00e3o, na defesa da Igreja dos pobres preconizada pelos padres no Conc\u00edlio Vaticano II. Devemos destacar, dentre os 51 livros de sua autoria, tr\u00eas que manifestam seu pensamento humanista: I poveri e la pace prima di tutto, Ed. Borla, Roma, It\u00e1lia, 1987 e Von Hoffnung zu Hoffnung. Vortragre, Gesprache, Dokumente, Patmos Verlag, Dusseldorf, Alemanha, 1988; Conversa com S\u00e3o Francisco, Paulinas, S\u00e3o Paulo, 2004.<\/p>\n<p>A PUC-SP invadida pelas for\u00e7as de seguran\u00e7a da ditadura militar, por duas vezes, teve em Dom Paulo a firmeza permanente para assumir a reitora Nadir Kfoury e seus vice-reitores a coragem de enfrentar os prepotentes. Foi um momento dram\u00e1tico que forjou uma gera\u00e7\u00e3o e um s\u00edmbolo perene. A PUC-SP, casa da excel\u00eancia acad\u00eamica, deve a Dom Paulo o acolhimento de professores de todas as escolas de pensamento sem qualquer obscurantismo ou dirigismos externos.<\/p>\n<p>Este \u00e9 Dom Paulo, o Cardeal dos pobres, homem fidel\u00edssimo ao Conc\u00edlio Vaticano II e ao seu Esp\u00edrito renovador. Um bispo, filho do Conc\u00edlio em pensamento, palavras e a\u00e7\u00f5es. E que pediu para ser lembrado como amigo do povo.<\/p>\n<div id=\"themify_builder_content-78247\" data-postid=\"78247\" class=\"themify_builder_content themify_builder_content-78247 themify_builder themify_builder_front\">\n\t<\/div>\n<!-- \/themify_builder_content -->","protected":false},"excerpt":{"rendered":"<p>Fernando Altemeyer Junior Dom Paulo Evaristo Arns, cardeal arcebispo em\u00e9rito de S\u00e3o Paulo, faleceu em 14 de dezembro de 2016 com 95 anos e tr\u00eas meses sendo reconhecido internacionalmente como literato, te\u00f3logo, patr\u00f3logo, profeta da metr\u00f3pole paulistana, defensor da pessoa humana diante da ditadura miliar e um humilde frade franciscano, assumido como irm\u00e3o universal, por [&hellip;]<\/p>\n","protected":false},"author":5,"featured_media":0,"comment_status":"open","ping_status":"open","sticky":false,"template":"","format":"standard","meta":{"ngg_post_thumbnail":0,"footnotes":""},"categories":[914],"tags":[],"yoast_head":"<!-- This site is optimized with the Yoast SEO plugin v23.5 - https:\/\/yoast.com\/wordpress\/plugins\/seo\/ -->\n<title>Um filho do Conc\u00edlio: frei Paulo Evaristo Arns - O Arcanjo no ar<\/title>\n<meta name=\"robots\" content=\"index, follow, max-snippet:-1, max-image-preview:large, max-video-preview:-1\" \/>\n<link rel=\"canonical\" href=\"https:\/\/www.oarcanjo.net\/site\/um-filho-do-concilio-frei-paulo-evaristo-arns\/\" \/>\n<meta property=\"og:locale\" content=\"pt_BR\" \/>\n<meta property=\"og:type\" content=\"article\" \/>\n<meta property=\"og:title\" content=\"Um filho do Conc\u00edlio: frei Paulo Evaristo Arns - O Arcanjo no ar\" \/>\n<meta property=\"og:description\" content=\"Fernando Altemeyer Junior Dom Paulo Evaristo Arns, cardeal arcebispo em\u00e9rito de S\u00e3o Paulo, faleceu em 14 de dezembro de 2016 com 95 anos e tr\u00eas meses sendo reconhecido internacionalmente como literato, te\u00f3logo, patr\u00f3logo, profeta da metr\u00f3pole paulistana, defensor da pessoa humana diante da ditadura miliar e um humilde frade franciscano, assumido como irm\u00e3o universal, por [&hellip;]\" \/>\n<meta property=\"og:url\" content=\"https:\/\/www.oarcanjo.net\/site\/um-filho-do-concilio-frei-paulo-evaristo-arns\/\" \/>\n<meta property=\"og:site_name\" content=\"O Arcanjo no ar\" \/>\n<meta property=\"article:publisher\" content=\"https:\/\/www.facebook.com\/OArcanjoNoAr\/\" \/>\n<meta property=\"article:published_time\" content=\"2016-12-19T17:01:37+00:00\" \/>\n<meta property=\"article:modified_time\" content=\"2016-12-19T17:09:54+00:00\" \/>\n<meta property=\"og:image\" content=\"https:\/\/www.oarcanjo.net\/site\/wp-content\/uploads\/logo-o-arcanjo-no-ar-facebook.png\" \/>\n\t<meta property=\"og:image:width\" content=\"300\" \/>\n\t<meta property=\"og:image:height\" content=\"300\" \/>\n\t<meta property=\"og:image:type\" content=\"image\/png\" \/>\n<meta name=\"author\" content=\"editor\" \/>\n<meta name=\"twitter:card\" content=\"summary_large_image\" \/>\n<meta name=\"twitter:label1\" content=\"Escrito por\" \/>\n\t<meta name=\"twitter:data1\" content=\"editor\" \/>\n\t<meta name=\"twitter:label2\" content=\"Est. tempo de leitura\" \/>\n\t<meta name=\"twitter:data2\" content=\"7 minutos\" \/>\n<script type=\"application\/ld+json\" class=\"yoast-schema-graph\">{\"@context\":\"https:\/\/schema.org\",\"@graph\":[{\"@type\":\"Article\",\"@id\":\"https:\/\/www.oarcanjo.net\/site\/um-filho-do-concilio-frei-paulo-evaristo-arns\/#article\",\"isPartOf\":{\"@id\":\"https:\/\/www.oarcanjo.net\/site\/um-filho-do-concilio-frei-paulo-evaristo-arns\/\"},\"author\":{\"name\":\"editor\",\"@id\":\"https:\/\/www.oarcanjo.net\/site\/#\/schema\/person\/f7024d007863202483a31326673a0838\"},\"headline\":\"Um filho do Conc\u00edlio: frei Paulo Evaristo Arns\",\"datePublished\":\"2016-12-19T17:01:37+00:00\",\"dateModified\":\"2016-12-19T17:09:54+00:00\",\"mainEntityOfPage\":{\"@id\":\"https:\/\/www.oarcanjo.net\/site\/um-filho-do-concilio-frei-paulo-evaristo-arns\/\"},\"wordCount\":1410,\"commentCount\":0,\"publisher\":{\"@id\":\"https:\/\/www.oarcanjo.net\/site\/#organization\"},\"articleSection\":[\"D. Paulo Evaristo Arns\"],\"inLanguage\":\"pt-BR\",\"potentialAction\":[{\"@type\":\"CommentAction\",\"name\":\"Comment\",\"target\":[\"https:\/\/www.oarcanjo.net\/site\/um-filho-do-concilio-frei-paulo-evaristo-arns\/#respond\"]}]},{\"@type\":\"WebPage\",\"@id\":\"https:\/\/www.oarcanjo.net\/site\/um-filho-do-concilio-frei-paulo-evaristo-arns\/\",\"url\":\"https:\/\/www.oarcanjo.net\/site\/um-filho-do-concilio-frei-paulo-evaristo-arns\/\",\"name\":\"Um filho do Conc\u00edlio: frei Paulo Evaristo Arns - O Arcanjo no ar\",\"isPartOf\":{\"@id\":\"https:\/\/www.oarcanjo.net\/site\/#website\"},\"datePublished\":\"2016-12-19T17:01:37+00:00\",\"dateModified\":\"2016-12-19T17:09:54+00:00\",\"breadcrumb\":{\"@id\":\"https:\/\/www.oarcanjo.net\/site\/um-filho-do-concilio-frei-paulo-evaristo-arns\/#breadcrumb\"},\"inLanguage\":\"pt-BR\",\"potentialAction\":[{\"@type\":\"ReadAction\",\"target\":[\"https:\/\/www.oarcanjo.net\/site\/um-filho-do-concilio-frei-paulo-evaristo-arns\/\"]}]},{\"@type\":\"BreadcrumbList\",\"@id\":\"https:\/\/www.oarcanjo.net\/site\/um-filho-do-concilio-frei-paulo-evaristo-arns\/#breadcrumb\",\"itemListElement\":[{\"@type\":\"ListItem\",\"position\":1,\"name\":\"In\u00edcio\",\"item\":\"https:\/\/www.oarcanjo.net\/site\/\"},{\"@type\":\"ListItem\",\"position\":2,\"name\":\"Um filho do Conc\u00edlio: frei Paulo Evaristo Arns\"}]},{\"@type\":\"WebSite\",\"@id\":\"https:\/\/www.oarcanjo.net\/site\/#website\",\"url\":\"https:\/\/www.oarcanjo.net\/site\/\",\"name\":\"O Arcanjo no ar\",\"description\":\"Site da Par\u00f3quia S\u00e3o Miguel Arcanjo (Arquidiocese de SP)\",\"publisher\":{\"@id\":\"https:\/\/www.oarcanjo.net\/site\/#organization\"},\"potentialAction\":[{\"@type\":\"SearchAction\",\"target\":{\"@type\":\"EntryPoint\",\"urlTemplate\":\"https:\/\/www.oarcanjo.net\/site\/?s={search_term_string}\"},\"query-input\":{\"@type\":\"PropertyValueSpecification\",\"valueRequired\":true,\"valueName\":\"search_term_string\"}}],\"inLanguage\":\"pt-BR\"},{\"@type\":\"Organization\",\"@id\":\"https:\/\/www.oarcanjo.net\/site\/#organization\",\"name\":\"Par\u00f3quia S\u00e3o Miguel Arcanjo\",\"url\":\"https:\/\/www.oarcanjo.net\/site\/\",\"logo\":{\"@type\":\"ImageObject\",\"inLanguage\":\"pt-BR\",\"@id\":\"https:\/\/www.oarcanjo.net\/site\/#\/schema\/logo\/image\/\",\"url\":\"https:\/\/www.oarcanjo.net\/site\/wp-content\/uploads\/LogoOArcanjo.png\",\"contentUrl\":\"https:\/\/www.oarcanjo.net\/site\/wp-content\/uploads\/LogoOArcanjo.png\",\"width\":319,\"height\":99,\"caption\":\"Par\u00f3quia S\u00e3o Miguel Arcanjo\"},\"image\":{\"@id\":\"https:\/\/www.oarcanjo.net\/site\/#\/schema\/logo\/image\/\"},\"sameAs\":[\"https:\/\/www.facebook.com\/OArcanjoNoAr\/\"]},{\"@type\":\"Person\",\"@id\":\"https:\/\/www.oarcanjo.net\/site\/#\/schema\/person\/f7024d007863202483a31326673a0838\",\"name\":\"editor\",\"sameAs\":[\"http:\/\/www.oarcanjo.net\"]}]}<\/script>\n<!-- \/ Yoast SEO plugin. -->","yoast_head_json":{"title":"Um filho do Conc\u00edlio: frei Paulo Evaristo Arns - O Arcanjo no ar","robots":{"index":"index","follow":"follow","max-snippet":"max-snippet:-1","max-image-preview":"max-image-preview:large","max-video-preview":"max-video-preview:-1"},"canonical":"https:\/\/www.oarcanjo.net\/site\/um-filho-do-concilio-frei-paulo-evaristo-arns\/","og_locale":"pt_BR","og_type":"article","og_title":"Um filho do Conc\u00edlio: frei Paulo Evaristo Arns - O Arcanjo no ar","og_description":"Fernando Altemeyer Junior Dom Paulo Evaristo Arns, cardeal arcebispo em\u00e9rito de S\u00e3o Paulo, faleceu em 14 de dezembro de 2016 com 95 anos e tr\u00eas meses sendo reconhecido internacionalmente como literato, te\u00f3logo, patr\u00f3logo, profeta da metr\u00f3pole paulistana, defensor da pessoa humana diante da ditadura miliar e um humilde frade franciscano, assumido como irm\u00e3o universal, por [&hellip;]","og_url":"https:\/\/www.oarcanjo.net\/site\/um-filho-do-concilio-frei-paulo-evaristo-arns\/","og_site_name":"O Arcanjo no ar","article_publisher":"https:\/\/www.facebook.com\/OArcanjoNoAr\/","article_published_time":"2016-12-19T17:01:37+00:00","article_modified_time":"2016-12-19T17:09:54+00:00","og_image":[{"width":300,"height":300,"url":"https:\/\/www.oarcanjo.net\/site\/wp-content\/uploads\/logo-o-arcanjo-no-ar-facebook.png","type":"image\/png"}],"author":"editor","twitter_card":"summary_large_image","twitter_misc":{"Escrito por":"editor","Est. tempo de leitura":"7 minutos"},"schema":{"@context":"https:\/\/schema.org","@graph":[{"@type":"Article","@id":"https:\/\/www.oarcanjo.net\/site\/um-filho-do-concilio-frei-paulo-evaristo-arns\/#article","isPartOf":{"@id":"https:\/\/www.oarcanjo.net\/site\/um-filho-do-concilio-frei-paulo-evaristo-arns\/"},"author":{"name":"editor","@id":"https:\/\/www.oarcanjo.net\/site\/#\/schema\/person\/f7024d007863202483a31326673a0838"},"headline":"Um filho do Conc\u00edlio: frei Paulo Evaristo Arns","datePublished":"2016-12-19T17:01:37+00:00","dateModified":"2016-12-19T17:09:54+00:00","mainEntityOfPage":{"@id":"https:\/\/www.oarcanjo.net\/site\/um-filho-do-concilio-frei-paulo-evaristo-arns\/"},"wordCount":1410,"commentCount":0,"publisher":{"@id":"https:\/\/www.oarcanjo.net\/site\/#organization"},"articleSection":["D. Paulo Evaristo Arns"],"inLanguage":"pt-BR","potentialAction":[{"@type":"CommentAction","name":"Comment","target":["https:\/\/www.oarcanjo.net\/site\/um-filho-do-concilio-frei-paulo-evaristo-arns\/#respond"]}]},{"@type":"WebPage","@id":"https:\/\/www.oarcanjo.net\/site\/um-filho-do-concilio-frei-paulo-evaristo-arns\/","url":"https:\/\/www.oarcanjo.net\/site\/um-filho-do-concilio-frei-paulo-evaristo-arns\/","name":"Um filho do Conc\u00edlio: frei Paulo Evaristo Arns - O Arcanjo no ar","isPartOf":{"@id":"https:\/\/www.oarcanjo.net\/site\/#website"},"datePublished":"2016-12-19T17:01:37+00:00","dateModified":"2016-12-19T17:09:54+00:00","breadcrumb":{"@id":"https:\/\/www.oarcanjo.net\/site\/um-filho-do-concilio-frei-paulo-evaristo-arns\/#breadcrumb"},"inLanguage":"pt-BR","potentialAction":[{"@type":"ReadAction","target":["https:\/\/www.oarcanjo.net\/site\/um-filho-do-concilio-frei-paulo-evaristo-arns\/"]}]},{"@type":"BreadcrumbList","@id":"https:\/\/www.oarcanjo.net\/site\/um-filho-do-concilio-frei-paulo-evaristo-arns\/#breadcrumb","itemListElement":[{"@type":"ListItem","position":1,"name":"In\u00edcio","item":"https:\/\/www.oarcanjo.net\/site\/"},{"@type":"ListItem","position":2,"name":"Um filho do Conc\u00edlio: frei Paulo Evaristo Arns"}]},{"@type":"WebSite","@id":"https:\/\/www.oarcanjo.net\/site\/#website","url":"https:\/\/www.oarcanjo.net\/site\/","name":"O Arcanjo no ar","description":"Site da Par\u00f3quia S\u00e3o Miguel Arcanjo (Arquidiocese de SP)","publisher":{"@id":"https:\/\/www.oarcanjo.net\/site\/#organization"},"potentialAction":[{"@type":"SearchAction","target":{"@type":"EntryPoint","urlTemplate":"https:\/\/www.oarcanjo.net\/site\/?s={search_term_string}"},"query-input":{"@type":"PropertyValueSpecification","valueRequired":true,"valueName":"search_term_string"}}],"inLanguage":"pt-BR"},{"@type":"Organization","@id":"https:\/\/www.oarcanjo.net\/site\/#organization","name":"Par\u00f3quia S\u00e3o Miguel Arcanjo","url":"https:\/\/www.oarcanjo.net\/site\/","logo":{"@type":"ImageObject","inLanguage":"pt-BR","@id":"https:\/\/www.oarcanjo.net\/site\/#\/schema\/logo\/image\/","url":"https:\/\/www.oarcanjo.net\/site\/wp-content\/uploads\/LogoOArcanjo.png","contentUrl":"https:\/\/www.oarcanjo.net\/site\/wp-content\/uploads\/LogoOArcanjo.png","width":319,"height":99,"caption":"Par\u00f3quia S\u00e3o Miguel Arcanjo"},"image":{"@id":"https:\/\/www.oarcanjo.net\/site\/#\/schema\/logo\/image\/"},"sameAs":["https:\/\/www.facebook.com\/OArcanjoNoAr\/"]},{"@type":"Person","@id":"https:\/\/www.oarcanjo.net\/site\/#\/schema\/person\/f7024d007863202483a31326673a0838","name":"editor","sameAs":["http:\/\/www.oarcanjo.net"]}]}},"publishpress_future_action":{"enabled":false,"date":"2026-05-07 00:30:07","action":"category","newStatus":"draft","terms":[],"taxonomy":"category"},"publishpress_future_workflow_manual_trigger":{"enabledWorkflows":[]},"_links":{"self":[{"href":"https:\/\/www.oarcanjo.net\/site\/wp-json\/wp\/v2\/posts\/78247"}],"collection":[{"href":"https:\/\/www.oarcanjo.net\/site\/wp-json\/wp\/v2\/posts"}],"about":[{"href":"https:\/\/www.oarcanjo.net\/site\/wp-json\/wp\/v2\/types\/post"}],"author":[{"embeddable":true,"href":"https:\/\/www.oarcanjo.net\/site\/wp-json\/wp\/v2\/users\/5"}],"replies":[{"embeddable":true,"href":"https:\/\/www.oarcanjo.net\/site\/wp-json\/wp\/v2\/comments?post=78247"}],"version-history":[{"count":0,"href":"https:\/\/www.oarcanjo.net\/site\/wp-json\/wp\/v2\/posts\/78247\/revisions"}],"wp:attachment":[{"href":"https:\/\/www.oarcanjo.net\/site\/wp-json\/wp\/v2\/media?parent=78247"}],"wp:term":[{"taxonomy":"category","embeddable":true,"href":"https:\/\/www.oarcanjo.net\/site\/wp-json\/wp\/v2\/categories?post=78247"},{"taxonomy":"post_tag","embeddable":true,"href":"https:\/\/www.oarcanjo.net\/site\/wp-json\/wp\/v2\/tags?post=78247"}],"curies":[{"name":"wp","href":"https:\/\/api.w.org\/{rel}","templated":true}]}}