
{"id":7831,"date":"2010-02-02T06:13:27","date_gmt":"2010-02-02T08:13:27","guid":{"rendered":"http:\/\/www.oarcanjo.net\/site\/?p=7831"},"modified":"2010-02-02T07:16:03","modified_gmt":"2010-02-02T09:16:03","slug":"episcopado-salvadorenho-solicitara-ao-vaticano-beatificacao-de-dom-oscar-romero","status":"publish","type":"post","link":"https:\/\/www.oarcanjo.net\/site\/episcopado-salvadorenho-solicitara-ao-vaticano-beatificacao-de-dom-oscar-romero\/","title":{"rendered":"Episcopado salvadorenho solicitar\u00e1 ao Vaticano beatifica\u00e7\u00e3o de dom Oscar Romero"},"content":{"rendered":"<p>&#8220;N\u00f3s como Igreja temos o desejo de que dom Romero seja beatificado o quanto antes&#8221;. A afirma\u00e7\u00e3o \u00e9 do arcebispo de San Salvador, dom Jos\u00e9 Luis Escobar Alas, em coletiva de imprensa. Ele tamb\u00e9m confirmou que os bispos salvadorenhos pretendem enviar uma carta ao Vaticano pedindo pela beatifica\u00e7\u00e3o de dom Oscar Arnulfo Romero, arcebispo de San Salvador assassinado em 24 de mar\u00e7o de 1980, enquanto celebrava missa.<\/p>\n<p>Segundo dom Jos\u00e9 Luis, houve consenso entre os bispos para que fosse escrita uma carta \u00e0 Congrega\u00e7\u00e3o das Causas dos Santos e j\u00e1 foi formada uma comiss\u00e3o para esse fim.  &#8220;Esperamos que a assinatura de todos os nossos bispos ajude no processo de beatifica\u00e7\u00e3o, que se encontra numa fase que n\u00f3s n\u00e3o conhecemos, pois se trata de um procedimento reservado&#8221;, enfatizou.<\/p>\n<p>O episcopado de San Salvador j\u00e1 aprovou todos os eventos [culturais e religiosos] que lembrar\u00e3o o 30\u00ba anivers\u00e1rio do assassinato de dom Romero, que ser\u00e1 lembrado tamb\u00e9m em todas as Igrejas da Am\u00e9rica Latina a fim de atualizar a sua heran\u00e7a espiritual e pastoral.<\/p>\n<p><strong>Quem foi dom Romero<\/strong><\/p>\n<p>Nascido em 15 de agosto de 1917, na Ciudad Barrios, distrito de San Miguel, em El Salvador, \u00d3scar Arnulfo Romero Gald\u00e1mez, mais conhecido como monsenhor Romero, foi o quarto arcebispo metropolitano de San Salvador, entre os anos de 1977 e 1980.<\/p>\n<p>Em Roma, ele estudou na Pontif\u00edcia Universidade Gregoriana. Ele foi ordenado sacerdote em 4 de abril de 1942. Em 25 de abril de 1970 foi nomeado bispo auxiliar de San Salvador, e em 15 de outubro de 1974, bispo de Santiago de Maria.<\/p>\n<p>Dom Romero assumiu a arquidiocese de San Salvador em 3 de fevereiro de 1977 e foi escolhido arcebispo por seu conservadorismo. Durante seu trabalho ele foi contra qualquer tipo de viol\u00eancia, posi\u00e7\u00e3o que o fez ser comparado ao l\u00edder indiano Mahatma Gandhi e ao americano Martin Luther King. Em suas homilias dominicais ele passou a denunciar as viol\u00eancias contra os direitos humanos e chegou a manifestar publicamente solidariedade pelas v\u00edtimas da viol\u00eancia pol\u00edtica que assolava o pa\u00eds da \u00e9poca, no contexto da Guerra Civil daquele pa\u00eds caribenho.<\/p>\n<p>\u201cA miss\u00e3o da Igreja \u00e9 identificar-se com os pobres. Assim a Igreja encontra sua Salva\u00e7\u00e3o\u201d, disse, dom Romero, em sua homilia do dia 11 de novembro de 1977. Ele foi assassinado em 24 de mar\u00e7o de 1980 por um atirador de elite do ex\u00e9rcito salvadorenho, treinado nas Escolas das Am\u00e9ricas, enquanto celebrava missa. Quando se espalhou pelo mundo a not\u00edcia de seu assassinato, houve como\u00e7\u00e3o e protestos, al\u00e9m de press\u00f5es internacionais por reformas em El Salvador. O papa Jo\u00e3o Paulo II o declarou servo de Deus.<\/p>\n<div id=\"themify_builder_content-7831\" data-postid=\"7831\" class=\"themify_builder_content themify_builder_content-7831 themify_builder themify_builder_front\">\n\t<\/div>\n<!-- \/themify_builder_content -->","protected":false},"excerpt":{"rendered":"<p>&#8220;N\u00f3s como Igreja temos o desejo de que dom Romero seja beatificado o quanto antes&#8221;. A afirma\u00e7\u00e3o \u00e9 do arcebispo de San Salvador, dom Jos\u00e9 Luis Escobar Alas, em coletiva de imprensa. Ele tamb\u00e9m confirmou que os bispos salvadorenhos pretendem enviar uma carta ao Vaticano pedindo pela beatifica\u00e7\u00e3o de dom Oscar Arnulfo Romero, arcebispo de [&hellip;]<\/p>\n","protected":false},"author":5,"featured_media":0,"comment_status":"open","ping_status":"open","sticky":false,"template":"","format":"standard","meta":{"ngg_post_thumbnail":0,"footnotes":""},"categories":[479,8],"tags":[1451,473],"yoast_head":"<!-- This site is optimized with the Yoast SEO plugin v23.5 - https:\/\/yoast.com\/wordpress\/plugins\/seo\/ -->\n<title>Episcopado salvadorenho solicitar\u00e1 ao Vaticano beatifica\u00e7\u00e3o de dom Oscar Romero - O Arcanjo no ar<\/title>\n<meta name=\"robots\" content=\"index, follow, max-snippet:-1, max-image-preview:large, max-video-preview:-1\" \/>\n<link rel=\"canonical\" href=\"https:\/\/www.oarcanjo.net\/site\/episcopado-salvadorenho-solicitara-ao-vaticano-beatificacao-de-dom-oscar-romero\/\" \/>\n<meta property=\"og:locale\" content=\"pt_BR\" \/>\n<meta property=\"og:type\" content=\"article\" \/>\n<meta property=\"og:title\" content=\"Episcopado salvadorenho solicitar\u00e1 ao Vaticano beatifica\u00e7\u00e3o de dom Oscar Romero - O Arcanjo no ar\" \/>\n<meta property=\"og:description\" content=\"&#8220;N\u00f3s como Igreja temos o desejo de que dom Romero seja beatificado o quanto antes&#8221;. A afirma\u00e7\u00e3o \u00e9 do arcebispo de San Salvador, dom Jos\u00e9 Luis Escobar Alas, em coletiva de imprensa. Ele tamb\u00e9m confirmou que os bispos salvadorenhos pretendem enviar uma carta ao Vaticano pedindo pela beatifica\u00e7\u00e3o de dom Oscar Arnulfo Romero, arcebispo de [&hellip;]\" \/>\n<meta property=\"og:url\" content=\"https:\/\/www.oarcanjo.net\/site\/episcopado-salvadorenho-solicitara-ao-vaticano-beatificacao-de-dom-oscar-romero\/\" \/>\n<meta property=\"og:site_name\" content=\"O Arcanjo no ar\" \/>\n<meta property=\"article:publisher\" content=\"https:\/\/www.facebook.com\/OArcanjoNoAr\/\" \/>\n<meta property=\"article:published_time\" content=\"2010-02-02T08:13:27+00:00\" \/>\n<meta property=\"article:modified_time\" content=\"2010-02-02T09:16:03+00:00\" \/>\n<meta property=\"og:image\" content=\"https:\/\/www.oarcanjo.net\/site\/wp-content\/uploads\/logo-o-arcanjo-no-ar-facebook.png\" \/>\n\t<meta property=\"og:image:width\" content=\"300\" \/>\n\t<meta property=\"og:image:height\" content=\"300\" \/>\n\t<meta property=\"og:image:type\" content=\"image\/png\" \/>\n<meta name=\"author\" content=\"editor\" \/>\n<meta name=\"twitter:card\" content=\"summary_large_image\" \/>\n<meta name=\"twitter:label1\" content=\"Escrito por\" \/>\n\t<meta name=\"twitter:data1\" content=\"editor\" \/>\n\t<meta name=\"twitter:label2\" content=\"Est. tempo de leitura\" \/>\n\t<meta name=\"twitter:data2\" content=\"2 minutos\" \/>\n<script type=\"application\/ld+json\" class=\"yoast-schema-graph\">{\"@context\":\"https:\/\/schema.org\",\"@graph\":[{\"@type\":\"Article\",\"@id\":\"https:\/\/www.oarcanjo.net\/site\/episcopado-salvadorenho-solicitara-ao-vaticano-beatificacao-de-dom-oscar-romero\/#article\",\"isPartOf\":{\"@id\":\"https:\/\/www.oarcanjo.net\/site\/episcopado-salvadorenho-solicitara-ao-vaticano-beatificacao-de-dom-oscar-romero\/\"},\"author\":{\"name\":\"editor\",\"@id\":\"https:\/\/www.oarcanjo.net\/site\/#\/schema\/person\/f7024d007863202483a31326673a0838\"},\"headline\":\"Episcopado salvadorenho solicitar\u00e1 ao Vaticano beatifica\u00e7\u00e3o de dom Oscar Romero\",\"datePublished\":\"2010-02-02T08:13:27+00:00\",\"dateModified\":\"2010-02-02T09:16:03+00:00\",\"mainEntityOfPage\":{\"@id\":\"https:\/\/www.oarcanjo.net\/site\/episcopado-salvadorenho-solicitara-ao-vaticano-beatificacao-de-dom-oscar-romero\/\"},\"wordCount\":458,\"commentCount\":0,\"publisher\":{\"@id\":\"https:\/\/www.oarcanjo.net\/site\/#organization\"},\"keywords\":[\"beatifica\u00e7\u00e3o\",\"testemunho\"],\"articleSection\":[\"D. Oscar Romero\",\"Not\u00edcias\"],\"inLanguage\":\"pt-BR\",\"potentialAction\":[{\"@type\":\"CommentAction\",\"name\":\"Comment\",\"target\":[\"https:\/\/www.oarcanjo.net\/site\/episcopado-salvadorenho-solicitara-ao-vaticano-beatificacao-de-dom-oscar-romero\/#respond\"]}]},{\"@type\":\"WebPage\",\"@id\":\"https:\/\/www.oarcanjo.net\/site\/episcopado-salvadorenho-solicitara-ao-vaticano-beatificacao-de-dom-oscar-romero\/\",\"url\":\"https:\/\/www.oarcanjo.net\/site\/episcopado-salvadorenho-solicitara-ao-vaticano-beatificacao-de-dom-oscar-romero\/\",\"name\":\"Episcopado salvadorenho solicitar\u00e1 ao Vaticano beatifica\u00e7\u00e3o de dom Oscar Romero - O Arcanjo no ar\",\"isPartOf\":{\"@id\":\"https:\/\/www.oarcanjo.net\/site\/#website\"},\"datePublished\":\"2010-02-02T08:13:27+00:00\",\"dateModified\":\"2010-02-02T09:16:03+00:00\",\"breadcrumb\":{\"@id\":\"https:\/\/www.oarcanjo.net\/site\/episcopado-salvadorenho-solicitara-ao-vaticano-beatificacao-de-dom-oscar-romero\/#breadcrumb\"},\"inLanguage\":\"pt-BR\",\"potentialAction\":[{\"@type\":\"ReadAction\",\"target\":[\"https:\/\/www.oarcanjo.net\/site\/episcopado-salvadorenho-solicitara-ao-vaticano-beatificacao-de-dom-oscar-romero\/\"]}]},{\"@type\":\"BreadcrumbList\",\"@id\":\"https:\/\/www.oarcanjo.net\/site\/episcopado-salvadorenho-solicitara-ao-vaticano-beatificacao-de-dom-oscar-romero\/#breadcrumb\",\"itemListElement\":[{\"@type\":\"ListItem\",\"position\":1,\"name\":\"In\u00edcio\",\"item\":\"https:\/\/www.oarcanjo.net\/site\/\"},{\"@type\":\"ListItem\",\"position\":2,\"name\":\"Episcopado salvadorenho solicitar\u00e1 ao Vaticano beatifica\u00e7\u00e3o de dom Oscar Romero\"}]},{\"@type\":\"WebSite\",\"@id\":\"https:\/\/www.oarcanjo.net\/site\/#website\",\"url\":\"https:\/\/www.oarcanjo.net\/site\/\",\"name\":\"O Arcanjo no ar\",\"description\":\"Site da Par\u00f3quia S\u00e3o Miguel Arcanjo (Arquidiocese de SP)\",\"publisher\":{\"@id\":\"https:\/\/www.oarcanjo.net\/site\/#organization\"},\"potentialAction\":[{\"@type\":\"SearchAction\",\"target\":{\"@type\":\"EntryPoint\",\"urlTemplate\":\"https:\/\/www.oarcanjo.net\/site\/?s={search_term_string}\"},\"query-input\":{\"@type\":\"PropertyValueSpecification\",\"valueRequired\":true,\"valueName\":\"search_term_string\"}}],\"inLanguage\":\"pt-BR\"},{\"@type\":\"Organization\",\"@id\":\"https:\/\/www.oarcanjo.net\/site\/#organization\",\"name\":\"Par\u00f3quia S\u00e3o Miguel Arcanjo\",\"url\":\"https:\/\/www.oarcanjo.net\/site\/\",\"logo\":{\"@type\":\"ImageObject\",\"inLanguage\":\"pt-BR\",\"@id\":\"https:\/\/www.oarcanjo.net\/site\/#\/schema\/logo\/image\/\",\"url\":\"https:\/\/www.oarcanjo.net\/site\/wp-content\/uploads\/LogoOArcanjo.png\",\"contentUrl\":\"https:\/\/www.oarcanjo.net\/site\/wp-content\/uploads\/LogoOArcanjo.png\",\"width\":319,\"height\":99,\"caption\":\"Par\u00f3quia S\u00e3o Miguel Arcanjo\"},\"image\":{\"@id\":\"https:\/\/www.oarcanjo.net\/site\/#\/schema\/logo\/image\/\"},\"sameAs\":[\"https:\/\/www.facebook.com\/OArcanjoNoAr\/\"]},{\"@type\":\"Person\",\"@id\":\"https:\/\/www.oarcanjo.net\/site\/#\/schema\/person\/f7024d007863202483a31326673a0838\",\"name\":\"editor\",\"sameAs\":[\"http:\/\/www.oarcanjo.net\"]}]}<\/script>\n<!-- \/ Yoast SEO plugin. -->","yoast_head_json":{"title":"Episcopado salvadorenho solicitar\u00e1 ao Vaticano beatifica\u00e7\u00e3o de dom Oscar Romero - O Arcanjo no ar","robots":{"index":"index","follow":"follow","max-snippet":"max-snippet:-1","max-image-preview":"max-image-preview:large","max-video-preview":"max-video-preview:-1"},"canonical":"https:\/\/www.oarcanjo.net\/site\/episcopado-salvadorenho-solicitara-ao-vaticano-beatificacao-de-dom-oscar-romero\/","og_locale":"pt_BR","og_type":"article","og_title":"Episcopado salvadorenho solicitar\u00e1 ao Vaticano beatifica\u00e7\u00e3o de dom Oscar Romero - O Arcanjo no ar","og_description":"&#8220;N\u00f3s como Igreja temos o desejo de que dom Romero seja beatificado o quanto antes&#8221;. A afirma\u00e7\u00e3o \u00e9 do arcebispo de San Salvador, dom Jos\u00e9 Luis Escobar Alas, em coletiva de imprensa. Ele tamb\u00e9m confirmou que os bispos salvadorenhos pretendem enviar uma carta ao Vaticano pedindo pela beatifica\u00e7\u00e3o de dom Oscar Arnulfo Romero, arcebispo de [&hellip;]","og_url":"https:\/\/www.oarcanjo.net\/site\/episcopado-salvadorenho-solicitara-ao-vaticano-beatificacao-de-dom-oscar-romero\/","og_site_name":"O Arcanjo no ar","article_publisher":"https:\/\/www.facebook.com\/OArcanjoNoAr\/","article_published_time":"2010-02-02T08:13:27+00:00","article_modified_time":"2010-02-02T09:16:03+00:00","og_image":[{"width":300,"height":300,"url":"https:\/\/www.oarcanjo.net\/site\/wp-content\/uploads\/logo-o-arcanjo-no-ar-facebook.png","type":"image\/png"}],"author":"editor","twitter_card":"summary_large_image","twitter_misc":{"Escrito por":"editor","Est. tempo de leitura":"2 minutos"},"schema":{"@context":"https:\/\/schema.org","@graph":[{"@type":"Article","@id":"https:\/\/www.oarcanjo.net\/site\/episcopado-salvadorenho-solicitara-ao-vaticano-beatificacao-de-dom-oscar-romero\/#article","isPartOf":{"@id":"https:\/\/www.oarcanjo.net\/site\/episcopado-salvadorenho-solicitara-ao-vaticano-beatificacao-de-dom-oscar-romero\/"},"author":{"name":"editor","@id":"https:\/\/www.oarcanjo.net\/site\/#\/schema\/person\/f7024d007863202483a31326673a0838"},"headline":"Episcopado salvadorenho solicitar\u00e1 ao Vaticano beatifica\u00e7\u00e3o de dom Oscar Romero","datePublished":"2010-02-02T08:13:27+00:00","dateModified":"2010-02-02T09:16:03+00:00","mainEntityOfPage":{"@id":"https:\/\/www.oarcanjo.net\/site\/episcopado-salvadorenho-solicitara-ao-vaticano-beatificacao-de-dom-oscar-romero\/"},"wordCount":458,"commentCount":0,"publisher":{"@id":"https:\/\/www.oarcanjo.net\/site\/#organization"},"keywords":["beatifica\u00e7\u00e3o","testemunho"],"articleSection":["D. Oscar Romero","Not\u00edcias"],"inLanguage":"pt-BR","potentialAction":[{"@type":"CommentAction","name":"Comment","target":["https:\/\/www.oarcanjo.net\/site\/episcopado-salvadorenho-solicitara-ao-vaticano-beatificacao-de-dom-oscar-romero\/#respond"]}]},{"@type":"WebPage","@id":"https:\/\/www.oarcanjo.net\/site\/episcopado-salvadorenho-solicitara-ao-vaticano-beatificacao-de-dom-oscar-romero\/","url":"https:\/\/www.oarcanjo.net\/site\/episcopado-salvadorenho-solicitara-ao-vaticano-beatificacao-de-dom-oscar-romero\/","name":"Episcopado salvadorenho solicitar\u00e1 ao Vaticano beatifica\u00e7\u00e3o de dom Oscar Romero - O Arcanjo no ar","isPartOf":{"@id":"https:\/\/www.oarcanjo.net\/site\/#website"},"datePublished":"2010-02-02T08:13:27+00:00","dateModified":"2010-02-02T09:16:03+00:00","breadcrumb":{"@id":"https:\/\/www.oarcanjo.net\/site\/episcopado-salvadorenho-solicitara-ao-vaticano-beatificacao-de-dom-oscar-romero\/#breadcrumb"},"inLanguage":"pt-BR","potentialAction":[{"@type":"ReadAction","target":["https:\/\/www.oarcanjo.net\/site\/episcopado-salvadorenho-solicitara-ao-vaticano-beatificacao-de-dom-oscar-romero\/"]}]},{"@type":"BreadcrumbList","@id":"https:\/\/www.oarcanjo.net\/site\/episcopado-salvadorenho-solicitara-ao-vaticano-beatificacao-de-dom-oscar-romero\/#breadcrumb","itemListElement":[{"@type":"ListItem","position":1,"name":"In\u00edcio","item":"https:\/\/www.oarcanjo.net\/site\/"},{"@type":"ListItem","position":2,"name":"Episcopado salvadorenho solicitar\u00e1 ao Vaticano beatifica\u00e7\u00e3o de dom Oscar Romero"}]},{"@type":"WebSite","@id":"https:\/\/www.oarcanjo.net\/site\/#website","url":"https:\/\/www.oarcanjo.net\/site\/","name":"O Arcanjo no ar","description":"Site da Par\u00f3quia S\u00e3o Miguel Arcanjo (Arquidiocese de SP)","publisher":{"@id":"https:\/\/www.oarcanjo.net\/site\/#organization"},"potentialAction":[{"@type":"SearchAction","target":{"@type":"EntryPoint","urlTemplate":"https:\/\/www.oarcanjo.net\/site\/?s={search_term_string}"},"query-input":{"@type":"PropertyValueSpecification","valueRequired":true,"valueName":"search_term_string"}}],"inLanguage":"pt-BR"},{"@type":"Organization","@id":"https:\/\/www.oarcanjo.net\/site\/#organization","name":"Par\u00f3quia S\u00e3o Miguel Arcanjo","url":"https:\/\/www.oarcanjo.net\/site\/","logo":{"@type":"ImageObject","inLanguage":"pt-BR","@id":"https:\/\/www.oarcanjo.net\/site\/#\/schema\/logo\/image\/","url":"https:\/\/www.oarcanjo.net\/site\/wp-content\/uploads\/LogoOArcanjo.png","contentUrl":"https:\/\/www.oarcanjo.net\/site\/wp-content\/uploads\/LogoOArcanjo.png","width":319,"height":99,"caption":"Par\u00f3quia S\u00e3o Miguel Arcanjo"},"image":{"@id":"https:\/\/www.oarcanjo.net\/site\/#\/schema\/logo\/image\/"},"sameAs":["https:\/\/www.facebook.com\/OArcanjoNoAr\/"]},{"@type":"Person","@id":"https:\/\/www.oarcanjo.net\/site\/#\/schema\/person\/f7024d007863202483a31326673a0838","name":"editor","sameAs":["http:\/\/www.oarcanjo.net"]}]}},"publishpress_future_action":{"enabled":false,"date":"2026-05-07 04:22:19","action":"category","newStatus":"draft","terms":[],"taxonomy":"category"},"publishpress_future_workflow_manual_trigger":{"enabledWorkflows":[]},"_links":{"self":[{"href":"https:\/\/www.oarcanjo.net\/site\/wp-json\/wp\/v2\/posts\/7831"}],"collection":[{"href":"https:\/\/www.oarcanjo.net\/site\/wp-json\/wp\/v2\/posts"}],"about":[{"href":"https:\/\/www.oarcanjo.net\/site\/wp-json\/wp\/v2\/types\/post"}],"author":[{"embeddable":true,"href":"https:\/\/www.oarcanjo.net\/site\/wp-json\/wp\/v2\/users\/5"}],"replies":[{"embeddable":true,"href":"https:\/\/www.oarcanjo.net\/site\/wp-json\/wp\/v2\/comments?post=7831"}],"version-history":[{"count":0,"href":"https:\/\/www.oarcanjo.net\/site\/wp-json\/wp\/v2\/posts\/7831\/revisions"}],"wp:attachment":[{"href":"https:\/\/www.oarcanjo.net\/site\/wp-json\/wp\/v2\/media?parent=7831"}],"wp:term":[{"taxonomy":"category","embeddable":true,"href":"https:\/\/www.oarcanjo.net\/site\/wp-json\/wp\/v2\/categories?post=7831"},{"taxonomy":"post_tag","embeddable":true,"href":"https:\/\/www.oarcanjo.net\/site\/wp-json\/wp\/v2\/tags?post=7831"}],"curies":[{"name":"wp","href":"https:\/\/api.w.org\/{rel}","templated":true}]}}