
{"id":7842,"date":"2019-02-19T00:01:14","date_gmt":"2019-02-19T03:01:14","guid":{"rendered":"http:\/\/www.oarcanjo.net\/site\/?p=7842"},"modified":"2019-02-12T18:00:40","modified_gmt":"2019-02-12T20:00:40","slug":"sao-gabino","status":"publish","type":"post","link":"https:\/\/www.oarcanjo.net\/site\/sao-gabino\/","title":{"rendered":"S\u00e3o Gabino"},"content":{"rendered":"<p><img decoding=\"async\" src=\"http:\/\/4.bp.blogspot.com\/_VsL8VkjSZWw\/SZw2kk7PhvI\/AAAAAAAAA5E\/Arf2zJRdGAo\/s400\/M1982_1_2_295.jpg\" alt=\"\" \/><\/p>\n<p>19 de Fevereiro<\/p>\n<p>Gabino nasceu na Dalm\u00e1cia, atual B\u00f3snia , numa fam\u00edlia da nobreza romana crist\u00e3, radicada naquele territ\u00f3rio. Na idade adulta, ele foi viver em Roma com a inten\u00e7\u00e3o de se aproximar da Igreja, mesmo sabendo dos s\u00e9rios riscos que correria. Nesta cidade, ele se tornou senador e se casou. Com a morte da esposa, Gabino decidiu ser padre. Transformou sua casa numa igreja, consagrou a jovem filha Suzana, \u00e0 Cristo, e a educou com a ajuda do irm\u00e3o Caio, que j\u00e1 era sacerdote. Juntos, eles exerciam o apostolado em paz, convertendo pag\u00e3os, ministrando a comunh\u00e3o e executando a santa missa, enfim fortificando a Igreja neste per\u00edodo de tr\u00e9gua das persegui\u00e7\u00f5es.<\/p>\n<p>Segundo os registros encontrados, Gabino e os familiares, eram aparentados do imperador Diocleciano. Assim, quando o soberano desejou ter a filha de Gabino como nora, n\u00e3o conseguiu. Enviou at\u00e9 mesmo um emiss\u00e1rio para convencer a jovem, que n\u00e3o cedeu, decidida a se manter fiel \u00e0 Cristo, sendo apoiada pelo pai e o tio Caio, que fora eleito papa, em 283. O imperador ficou mais irritado do que j\u00e1 estava, devido as tens\u00f5es que circundavam o Imp\u00e9rio Romano em crescente decad\u00eancia. Decretou a persegui\u00e7\u00e3o mais severa registrada na Hist\u00f3ria do Cristianismo, apontado como causador de todos os males. O parentesco com o soberano de nada serviu, pois o final foi tr\u00e1gico para todos.<\/p>\n<p>Quando come\u00e7ou esta persegui\u00e7\u00e3o, verificamos pelos registros encontrados que o padre Gabino, n\u00e3o mediu esfor\u00e7os para consolar e amparar os crist\u00e3os escondidos. Enfrentou com serenidade o perigo, andando quil\u00f4metros e quil\u00f4metros a p\u00e9, indo de casa em casa, de templo em templo, animando e preparando, os fi\u00e9is para o terr\u00edvel sacrif\u00edcio que os aguardava. Montanhas, vales, rios, florestas, nada o impedia nesta caminhada para animar os aflitos. Foram v\u00e1rias as missas rezadas por ele em catacumbas ou cavernas secretas, onde ministrava a comunh\u00e3o aos que seriam martirizados. Finalmente foi preso, junto com a filha, que tamb\u00e9m foi sacrificada.<\/p>\n<p>Gabino foi torturado, julgado e como n\u00e3o renegou a f\u00e9, foi condenado \u00e0 morte por decapita\u00e7\u00e3o. Antes da execu\u00e7\u00e3o, o mantiveram preso numa min\u00fascula cela sem luz, onde passou fome, sede e frio, durante seis meses, quando foi degolado em 19 de fevereiro de 296, em Roma.<\/p>\n<p>Ele n\u00e3o foi um simples padre, mas sim, um marco da f\u00e9 e um s\u00edmbolo do cristianismo. No s\u00e9culo V, sua antiga casa, que havia sido uma igreja secreta, tornou-se uma grande bas\u00edlica. Em 738, o seu culto foi confirmado durante a cerim\u00f4nia de traslado das rel\u00edquias de S\u00e3o Gabino, para a cripta do altar principal desta bas\u00edlica, onde repousam ao lado das de sua santa filha.<\/p>\n<p>No s\u00e9culo XV, a bas\u00edlica foi inteiramente reformada pelo grande artista e arquiteto Bernini, sendo considerada atualmente uma das mais belas existentes na cidade do Vaticano. A sua festa lit\u00fargica ocorre no dia de sua morte.<\/p>\n<div id=\"themify_builder_content-7842\" data-postid=\"7842\" class=\"themify_builder_content themify_builder_content-7842 themify_builder themify_builder_front\">\n\t<\/div>\n<!-- \/themify_builder_content -->","protected":false},"excerpt":{"rendered":"<p>19 de Fevereiro Gabino nasceu na Dalm\u00e1cia, atual B\u00f3snia , numa fam\u00edlia da nobreza romana crist\u00e3, radicada naquele territ\u00f3rio. Na idade adulta, ele foi viver em Roma com a inten\u00e7\u00e3o de se aproximar da Igreja, mesmo sabendo dos s\u00e9rios riscos que correria. Nesta cidade, ele se tornou senador e se casou. Com a morte da [&hellip;]<\/p>\n","protected":false},"author":14,"featured_media":0,"comment_status":"open","ping_status":"open","sticky":false,"template":"","format":"standard","meta":{"ngg_post_thumbnail":0,"footnotes":""},"categories":[186],"tags":[],"yoast_head":"<!-- This site is optimized with the Yoast SEO plugin v23.5 - https:\/\/yoast.com\/wordpress\/plugins\/seo\/ -->\n<title>S\u00e3o Gabino - O Arcanjo no ar<\/title>\n<meta name=\"robots\" content=\"index, follow, max-snippet:-1, max-image-preview:large, max-video-preview:-1\" \/>\n<link rel=\"canonical\" href=\"https:\/\/www.oarcanjo.net\/site\/sao-gabino\/\" \/>\n<meta property=\"og:locale\" content=\"pt_BR\" \/>\n<meta property=\"og:type\" content=\"article\" \/>\n<meta property=\"og:title\" content=\"S\u00e3o Gabino - O Arcanjo no ar\" \/>\n<meta property=\"og:description\" content=\"19 de Fevereiro Gabino nasceu na Dalm\u00e1cia, atual B\u00f3snia , numa fam\u00edlia da nobreza romana crist\u00e3, radicada naquele territ\u00f3rio. Na idade adulta, ele foi viver em Roma com a inten\u00e7\u00e3o de se aproximar da Igreja, mesmo sabendo dos s\u00e9rios riscos que correria. Nesta cidade, ele se tornou senador e se casou. Com a morte da [&hellip;]\" \/>\n<meta property=\"og:url\" content=\"https:\/\/www.oarcanjo.net\/site\/sao-gabino\/\" \/>\n<meta property=\"og:site_name\" content=\"O Arcanjo no ar\" \/>\n<meta property=\"article:publisher\" content=\"https:\/\/www.facebook.com\/OArcanjoNoAr\/\" \/>\n<meta property=\"article:published_time\" content=\"2019-02-19T03:01:14+00:00\" \/>\n<meta property=\"article:modified_time\" content=\"2019-02-12T20:00:40+00:00\" \/>\n<meta property=\"og:image\" content=\"http:\/\/4.bp.blogspot.com\/_VsL8VkjSZWw\/SZw2kk7PhvI\/AAAAAAAAA5E\/Arf2zJRdGAo\/s400\/M1982_1_2_295.jpg\" \/>\n<meta name=\"author\" content=\"danilo\" \/>\n<meta name=\"twitter:card\" content=\"summary_large_image\" \/>\n<meta name=\"twitter:label1\" content=\"Escrito por\" \/>\n\t<meta name=\"twitter:data1\" content=\"danilo\" \/>\n\t<meta name=\"twitter:label2\" content=\"Est. tempo de leitura\" \/>\n\t<meta name=\"twitter:data2\" content=\"3 minutos\" \/>\n<script type=\"application\/ld+json\" class=\"yoast-schema-graph\">{\"@context\":\"https:\/\/schema.org\",\"@graph\":[{\"@type\":\"Article\",\"@id\":\"https:\/\/www.oarcanjo.net\/site\/sao-gabino\/#article\",\"isPartOf\":{\"@id\":\"https:\/\/www.oarcanjo.net\/site\/sao-gabino\/\"},\"author\":{\"name\":\"danilo\",\"@id\":\"https:\/\/www.oarcanjo.net\/site\/#\/schema\/person\/5eb9480bedd2f3c97e430ce128c29c6c\"},\"headline\":\"S\u00e3o Gabino\",\"datePublished\":\"2019-02-19T03:01:14+00:00\",\"dateModified\":\"2019-02-12T20:00:40+00:00\",\"mainEntityOfPage\":{\"@id\":\"https:\/\/www.oarcanjo.net\/site\/sao-gabino\/\"},\"wordCount\":515,\"commentCount\":0,\"publisher\":{\"@id\":\"https:\/\/www.oarcanjo.net\/site\/#organization\"},\"image\":{\"@id\":\"https:\/\/www.oarcanjo.net\/site\/sao-gabino\/#primaryimage\"},\"thumbnailUrl\":\"http:\/\/4.bp.blogspot.com\/_VsL8VkjSZWw\/SZw2kk7PhvI\/AAAAAAAAA5E\/Arf2zJRdGAo\/s400\/M1982_1_2_295.jpg\",\"articleSection\":[\"Testemunhos\"],\"inLanguage\":\"pt-BR\",\"potentialAction\":[{\"@type\":\"CommentAction\",\"name\":\"Comment\",\"target\":[\"https:\/\/www.oarcanjo.net\/site\/sao-gabino\/#respond\"]}]},{\"@type\":\"WebPage\",\"@id\":\"https:\/\/www.oarcanjo.net\/site\/sao-gabino\/\",\"url\":\"https:\/\/www.oarcanjo.net\/site\/sao-gabino\/\",\"name\":\"S\u00e3o Gabino - O Arcanjo no ar\",\"isPartOf\":{\"@id\":\"https:\/\/www.oarcanjo.net\/site\/#website\"},\"primaryImageOfPage\":{\"@id\":\"https:\/\/www.oarcanjo.net\/site\/sao-gabino\/#primaryimage\"},\"image\":{\"@id\":\"https:\/\/www.oarcanjo.net\/site\/sao-gabino\/#primaryimage\"},\"thumbnailUrl\":\"http:\/\/4.bp.blogspot.com\/_VsL8VkjSZWw\/SZw2kk7PhvI\/AAAAAAAAA5E\/Arf2zJRdGAo\/s400\/M1982_1_2_295.jpg\",\"datePublished\":\"2019-02-19T03:01:14+00:00\",\"dateModified\":\"2019-02-12T20:00:40+00:00\",\"breadcrumb\":{\"@id\":\"https:\/\/www.oarcanjo.net\/site\/sao-gabino\/#breadcrumb\"},\"inLanguage\":\"pt-BR\",\"potentialAction\":[{\"@type\":\"ReadAction\",\"target\":[\"https:\/\/www.oarcanjo.net\/site\/sao-gabino\/\"]}]},{\"@type\":\"ImageObject\",\"inLanguage\":\"pt-BR\",\"@id\":\"https:\/\/www.oarcanjo.net\/site\/sao-gabino\/#primaryimage\",\"url\":\"http:\/\/4.bp.blogspot.com\/_VsL8VkjSZWw\/SZw2kk7PhvI\/AAAAAAAAA5E\/Arf2zJRdGAo\/s400\/M1982_1_2_295.jpg\",\"contentUrl\":\"http:\/\/4.bp.blogspot.com\/_VsL8VkjSZWw\/SZw2kk7PhvI\/AAAAAAAAA5E\/Arf2zJRdGAo\/s400\/M1982_1_2_295.jpg\"},{\"@type\":\"BreadcrumbList\",\"@id\":\"https:\/\/www.oarcanjo.net\/site\/sao-gabino\/#breadcrumb\",\"itemListElement\":[{\"@type\":\"ListItem\",\"position\":1,\"name\":\"In\u00edcio\",\"item\":\"https:\/\/www.oarcanjo.net\/site\/\"},{\"@type\":\"ListItem\",\"position\":2,\"name\":\"S\u00e3o Gabino\"}]},{\"@type\":\"WebSite\",\"@id\":\"https:\/\/www.oarcanjo.net\/site\/#website\",\"url\":\"https:\/\/www.oarcanjo.net\/site\/\",\"name\":\"O Arcanjo no ar\",\"description\":\"Site da Par\u00f3quia S\u00e3o Miguel Arcanjo (Arquidiocese de SP)\",\"publisher\":{\"@id\":\"https:\/\/www.oarcanjo.net\/site\/#organization\"},\"potentialAction\":[{\"@type\":\"SearchAction\",\"target\":{\"@type\":\"EntryPoint\",\"urlTemplate\":\"https:\/\/www.oarcanjo.net\/site\/?s={search_term_string}\"},\"query-input\":{\"@type\":\"PropertyValueSpecification\",\"valueRequired\":true,\"valueName\":\"search_term_string\"}}],\"inLanguage\":\"pt-BR\"},{\"@type\":\"Organization\",\"@id\":\"https:\/\/www.oarcanjo.net\/site\/#organization\",\"name\":\"Par\u00f3quia S\u00e3o Miguel Arcanjo\",\"url\":\"https:\/\/www.oarcanjo.net\/site\/\",\"logo\":{\"@type\":\"ImageObject\",\"inLanguage\":\"pt-BR\",\"@id\":\"https:\/\/www.oarcanjo.net\/site\/#\/schema\/logo\/image\/\",\"url\":\"https:\/\/www.oarcanjo.net\/site\/wp-content\/uploads\/LogoOArcanjo.png\",\"contentUrl\":\"https:\/\/www.oarcanjo.net\/site\/wp-content\/uploads\/LogoOArcanjo.png\",\"width\":319,\"height\":99,\"caption\":\"Par\u00f3quia S\u00e3o Miguel Arcanjo\"},\"image\":{\"@id\":\"https:\/\/www.oarcanjo.net\/site\/#\/schema\/logo\/image\/\"},\"sameAs\":[\"https:\/\/www.facebook.com\/OArcanjoNoAr\/\"]},{\"@type\":\"Person\",\"@id\":\"https:\/\/www.oarcanjo.net\/site\/#\/schema\/person\/5eb9480bedd2f3c97e430ce128c29c6c\",\"name\":\"danilo\"}]}<\/script>\n<!-- \/ Yoast SEO plugin. -->","yoast_head_json":{"title":"S\u00e3o Gabino - O Arcanjo no ar","robots":{"index":"index","follow":"follow","max-snippet":"max-snippet:-1","max-image-preview":"max-image-preview:large","max-video-preview":"max-video-preview:-1"},"canonical":"https:\/\/www.oarcanjo.net\/site\/sao-gabino\/","og_locale":"pt_BR","og_type":"article","og_title":"S\u00e3o Gabino - O Arcanjo no ar","og_description":"19 de Fevereiro Gabino nasceu na Dalm\u00e1cia, atual B\u00f3snia , numa fam\u00edlia da nobreza romana crist\u00e3, radicada naquele territ\u00f3rio. Na idade adulta, ele foi viver em Roma com a inten\u00e7\u00e3o de se aproximar da Igreja, mesmo sabendo dos s\u00e9rios riscos que correria. Nesta cidade, ele se tornou senador e se casou. Com a morte da [&hellip;]","og_url":"https:\/\/www.oarcanjo.net\/site\/sao-gabino\/","og_site_name":"O Arcanjo no ar","article_publisher":"https:\/\/www.facebook.com\/OArcanjoNoAr\/","article_published_time":"2019-02-19T03:01:14+00:00","article_modified_time":"2019-02-12T20:00:40+00:00","og_image":[{"url":"http:\/\/4.bp.blogspot.com\/_VsL8VkjSZWw\/SZw2kk7PhvI\/AAAAAAAAA5E\/Arf2zJRdGAo\/s400\/M1982_1_2_295.jpg"}],"author":"danilo","twitter_card":"summary_large_image","twitter_misc":{"Escrito por":"danilo","Est. tempo de leitura":"3 minutos"},"schema":{"@context":"https:\/\/schema.org","@graph":[{"@type":"Article","@id":"https:\/\/www.oarcanjo.net\/site\/sao-gabino\/#article","isPartOf":{"@id":"https:\/\/www.oarcanjo.net\/site\/sao-gabino\/"},"author":{"name":"danilo","@id":"https:\/\/www.oarcanjo.net\/site\/#\/schema\/person\/5eb9480bedd2f3c97e430ce128c29c6c"},"headline":"S\u00e3o Gabino","datePublished":"2019-02-19T03:01:14+00:00","dateModified":"2019-02-12T20:00:40+00:00","mainEntityOfPage":{"@id":"https:\/\/www.oarcanjo.net\/site\/sao-gabino\/"},"wordCount":515,"commentCount":0,"publisher":{"@id":"https:\/\/www.oarcanjo.net\/site\/#organization"},"image":{"@id":"https:\/\/www.oarcanjo.net\/site\/sao-gabino\/#primaryimage"},"thumbnailUrl":"http:\/\/4.bp.blogspot.com\/_VsL8VkjSZWw\/SZw2kk7PhvI\/AAAAAAAAA5E\/Arf2zJRdGAo\/s400\/M1982_1_2_295.jpg","articleSection":["Testemunhos"],"inLanguage":"pt-BR","potentialAction":[{"@type":"CommentAction","name":"Comment","target":["https:\/\/www.oarcanjo.net\/site\/sao-gabino\/#respond"]}]},{"@type":"WebPage","@id":"https:\/\/www.oarcanjo.net\/site\/sao-gabino\/","url":"https:\/\/www.oarcanjo.net\/site\/sao-gabino\/","name":"S\u00e3o Gabino - O Arcanjo no ar","isPartOf":{"@id":"https:\/\/www.oarcanjo.net\/site\/#website"},"primaryImageOfPage":{"@id":"https:\/\/www.oarcanjo.net\/site\/sao-gabino\/#primaryimage"},"image":{"@id":"https:\/\/www.oarcanjo.net\/site\/sao-gabino\/#primaryimage"},"thumbnailUrl":"http:\/\/4.bp.blogspot.com\/_VsL8VkjSZWw\/SZw2kk7PhvI\/AAAAAAAAA5E\/Arf2zJRdGAo\/s400\/M1982_1_2_295.jpg","datePublished":"2019-02-19T03:01:14+00:00","dateModified":"2019-02-12T20:00:40+00:00","breadcrumb":{"@id":"https:\/\/www.oarcanjo.net\/site\/sao-gabino\/#breadcrumb"},"inLanguage":"pt-BR","potentialAction":[{"@type":"ReadAction","target":["https:\/\/www.oarcanjo.net\/site\/sao-gabino\/"]}]},{"@type":"ImageObject","inLanguage":"pt-BR","@id":"https:\/\/www.oarcanjo.net\/site\/sao-gabino\/#primaryimage","url":"http:\/\/4.bp.blogspot.com\/_VsL8VkjSZWw\/SZw2kk7PhvI\/AAAAAAAAA5E\/Arf2zJRdGAo\/s400\/M1982_1_2_295.jpg","contentUrl":"http:\/\/4.bp.blogspot.com\/_VsL8VkjSZWw\/SZw2kk7PhvI\/AAAAAAAAA5E\/Arf2zJRdGAo\/s400\/M1982_1_2_295.jpg"},{"@type":"BreadcrumbList","@id":"https:\/\/www.oarcanjo.net\/site\/sao-gabino\/#breadcrumb","itemListElement":[{"@type":"ListItem","position":1,"name":"In\u00edcio","item":"https:\/\/www.oarcanjo.net\/site\/"},{"@type":"ListItem","position":2,"name":"S\u00e3o Gabino"}]},{"@type":"WebSite","@id":"https:\/\/www.oarcanjo.net\/site\/#website","url":"https:\/\/www.oarcanjo.net\/site\/","name":"O Arcanjo no ar","description":"Site da Par\u00f3quia S\u00e3o Miguel Arcanjo (Arquidiocese de SP)","publisher":{"@id":"https:\/\/www.oarcanjo.net\/site\/#organization"},"potentialAction":[{"@type":"SearchAction","target":{"@type":"EntryPoint","urlTemplate":"https:\/\/www.oarcanjo.net\/site\/?s={search_term_string}"},"query-input":{"@type":"PropertyValueSpecification","valueRequired":true,"valueName":"search_term_string"}}],"inLanguage":"pt-BR"},{"@type":"Organization","@id":"https:\/\/www.oarcanjo.net\/site\/#organization","name":"Par\u00f3quia S\u00e3o Miguel Arcanjo","url":"https:\/\/www.oarcanjo.net\/site\/","logo":{"@type":"ImageObject","inLanguage":"pt-BR","@id":"https:\/\/www.oarcanjo.net\/site\/#\/schema\/logo\/image\/","url":"https:\/\/www.oarcanjo.net\/site\/wp-content\/uploads\/LogoOArcanjo.png","contentUrl":"https:\/\/www.oarcanjo.net\/site\/wp-content\/uploads\/LogoOArcanjo.png","width":319,"height":99,"caption":"Par\u00f3quia S\u00e3o Miguel Arcanjo"},"image":{"@id":"https:\/\/www.oarcanjo.net\/site\/#\/schema\/logo\/image\/"},"sameAs":["https:\/\/www.facebook.com\/OArcanjoNoAr\/"]},{"@type":"Person","@id":"https:\/\/www.oarcanjo.net\/site\/#\/schema\/person\/5eb9480bedd2f3c97e430ce128c29c6c","name":"danilo"}]}},"publishpress_future_action":{"enabled":false,"date":"2026-05-08 02:23:39","action":"category","newStatus":"draft","terms":[],"taxonomy":"category"},"publishpress_future_workflow_manual_trigger":{"enabledWorkflows":[]},"_links":{"self":[{"href":"https:\/\/www.oarcanjo.net\/site\/wp-json\/wp\/v2\/posts\/7842"}],"collection":[{"href":"https:\/\/www.oarcanjo.net\/site\/wp-json\/wp\/v2\/posts"}],"about":[{"href":"https:\/\/www.oarcanjo.net\/site\/wp-json\/wp\/v2\/types\/post"}],"author":[{"embeddable":true,"href":"https:\/\/www.oarcanjo.net\/site\/wp-json\/wp\/v2\/users\/14"}],"replies":[{"embeddable":true,"href":"https:\/\/www.oarcanjo.net\/site\/wp-json\/wp\/v2\/comments?post=7842"}],"version-history":[{"count":1,"href":"https:\/\/www.oarcanjo.net\/site\/wp-json\/wp\/v2\/posts\/7842\/revisions"}],"predecessor-version":[{"id":92820,"href":"https:\/\/www.oarcanjo.net\/site\/wp-json\/wp\/v2\/posts\/7842\/revisions\/92820"}],"wp:attachment":[{"href":"https:\/\/www.oarcanjo.net\/site\/wp-json\/wp\/v2\/media?parent=7842"}],"wp:term":[{"taxonomy":"category","embeddable":true,"href":"https:\/\/www.oarcanjo.net\/site\/wp-json\/wp\/v2\/categories?post=7842"},{"taxonomy":"post_tag","embeddable":true,"href":"https:\/\/www.oarcanjo.net\/site\/wp-json\/wp\/v2\/tags?post=7842"}],"curies":[{"name":"wp","href":"https:\/\/api.w.org\/{rel}","templated":true}]}}