
{"id":7844,"date":"2019-02-19T00:54:42","date_gmt":"2019-02-19T03:54:42","guid":{"rendered":"http:\/\/www.oarcanjo.net\/site\/?p=7844"},"modified":"2019-02-12T18:00:44","modified_gmt":"2019-02-12T20:00:44","slug":"sao-conrado-confalonieri-de-placencia","status":"publish","type":"post","link":"https:\/\/www.oarcanjo.net\/site\/sao-conrado-confalonieri-de-placencia\/","title":{"rendered":"S\u00e3o Conrado Confalonieri de Placencia"},"content":{"rendered":"<p><img decoding=\"async\" src=\"http:\/\/4.bp.blogspot.com\/_jezUMms9yag\/SZ1BmVV_zGI\/AAAAAAAAARw\/7dPqj8iYe3E\/s200\/San_Corrado_Confalonieri.jpg\" alt=\"\" \/><\/p>\n<p>19 de Fevereiro<\/p>\n<p>Os ecologistas talvez n\u00e3o simpatizem muito com este santo, pois durante uma ca\u00e7ada de lebres e fais\u00f5es p\u00f4s fogo numa floresta. Os colonos se revoltaram porque tiveram muito preju\u00edzos. O governador, Galeazzo Visconti, condenou \u00e0 morte o primeiro suspeito, que na ocasi\u00e3o estava no bosque. O verdadeiro culpado, Conrado Confalonieri, quando soube que um inocente pagaria por ele, confessou-se culpado e se prop\u00f4s a pagar tudo. Assim fez, tornando-se muito pobre. Mas ningu\u00e9m conhece os caminhos do Senhor. O ca\u00e7ador incendi\u00e1rio ingressou na Ordem Terceira de S. Francisco. Em 1315 abandonou a esposa, Eufrosina, que n\u00e3o quis perder para o marido e fechou no convento franciscano de santa Clara de Plac\u00eancia.<\/p>\n<p>Ele continuou, tamb\u00e9m como frade, sua vida de cigano, trocando de mosteiro a cada momento. Mas era muito bom e piedoso. Passou para al\u00e9m do estreito de Messina, em 1343 chegou a Siracusa e estabeleceu-se na cidade de Noto. Escolheu como habita\u00e7\u00e3o uma cela ao lado da igreja do Crucifixo. A fama de sua santidade seguia-o como a sombra e comprometia a paz e o sil\u00eancio de que tanto gostava.<\/p>\n<p>Quando percebeu que as muitas visitas perturbavam sua vida de ora\u00e7\u00e3o, frei Conrado levantou acampamento e foi humildemente para uma solit\u00e1ria gruta dos Pizzoni, que foi depois chamada de gruta de s\u00e3o Conrado. A\u00ed morreu a 19 de fevereiro de 1351.<\/p>\n<p>Pela venera\u00e7\u00e3o que os notoenses t\u00eam para com o eremita, oriundo de sua terra natal (Plac\u00eancia) a morar no meio deles, frei Conrado foi sepultado na mais bela entre as espl\u00eandidas igrejas de Noto: a igreja de s\u00e3o Nicolau que em 1844 tornou-se a catedral da nova diocese. Assim Conrado abandonou a vida de incendi\u00e1rio de floresta e teve a vida toda incendiada no amor de Deus e para o bem das almas.<\/p>\n<p><img decoding=\"async\" src=\"http:\/\/www.cleofas.com.br\/virtual\/santodia\/scd0050_conrado_placencia.jpg\" alt=\"\" \/><\/p>\n<div id=\"themify_builder_content-7844\" data-postid=\"7844\" class=\"themify_builder_content themify_builder_content-7844 themify_builder themify_builder_front\">\n\t<\/div>\n<!-- \/themify_builder_content -->","protected":false},"excerpt":{"rendered":"<p>19 de Fevereiro Os ecologistas talvez n\u00e3o simpatizem muito com este santo, pois durante uma ca\u00e7ada de lebres e fais\u00f5es p\u00f4s fogo numa floresta. Os colonos se revoltaram porque tiveram muito preju\u00edzos. O governador, Galeazzo Visconti, condenou \u00e0 morte o primeiro suspeito, que na ocasi\u00e3o estava no bosque. O verdadeiro culpado, Conrado Confalonieri, quando soube [&hellip;]<\/p>\n","protected":false},"author":14,"featured_media":0,"comment_status":"open","ping_status":"open","sticky":false,"template":"","format":"standard","meta":{"ngg_post_thumbnail":0,"footnotes":""},"categories":[186],"tags":[],"yoast_head":"<!-- This site is optimized with the Yoast SEO plugin v23.5 - https:\/\/yoast.com\/wordpress\/plugins\/seo\/ -->\n<title>S\u00e3o Conrado Confalonieri de Placencia - O Arcanjo no ar<\/title>\n<meta name=\"robots\" content=\"index, follow, max-snippet:-1, max-image-preview:large, max-video-preview:-1\" \/>\n<link rel=\"canonical\" href=\"https:\/\/www.oarcanjo.net\/site\/sao-conrado-confalonieri-de-placencia\/\" \/>\n<meta property=\"og:locale\" content=\"pt_BR\" \/>\n<meta property=\"og:type\" content=\"article\" \/>\n<meta property=\"og:title\" content=\"S\u00e3o Conrado Confalonieri de Placencia - O Arcanjo no ar\" \/>\n<meta property=\"og:description\" content=\"19 de Fevereiro Os ecologistas talvez n\u00e3o simpatizem muito com este santo, pois durante uma ca\u00e7ada de lebres e fais\u00f5es p\u00f4s fogo numa floresta. Os colonos se revoltaram porque tiveram muito preju\u00edzos. O governador, Galeazzo Visconti, condenou \u00e0 morte o primeiro suspeito, que na ocasi\u00e3o estava no bosque. O verdadeiro culpado, Conrado Confalonieri, quando soube [&hellip;]\" \/>\n<meta property=\"og:url\" content=\"https:\/\/www.oarcanjo.net\/site\/sao-conrado-confalonieri-de-placencia\/\" \/>\n<meta property=\"og:site_name\" content=\"O Arcanjo no ar\" \/>\n<meta property=\"article:publisher\" content=\"https:\/\/www.facebook.com\/OArcanjoNoAr\/\" \/>\n<meta property=\"article:published_time\" content=\"2019-02-19T03:54:42+00:00\" \/>\n<meta property=\"article:modified_time\" content=\"2019-02-12T20:00:44+00:00\" \/>\n<meta property=\"og:image\" content=\"http:\/\/4.bp.blogspot.com\/_jezUMms9yag\/SZ1BmVV_zGI\/AAAAAAAAARw\/7dPqj8iYe3E\/s200\/San_Corrado_Confalonieri.jpg\" \/>\n<meta name=\"author\" content=\"danilo\" \/>\n<meta name=\"twitter:card\" content=\"summary_large_image\" \/>\n<meta name=\"twitter:label1\" content=\"Escrito por\" \/>\n\t<meta name=\"twitter:data1\" content=\"danilo\" \/>\n\t<meta name=\"twitter:label2\" content=\"Est. tempo de leitura\" \/>\n\t<meta name=\"twitter:data2\" content=\"2 minutos\" \/>\n<script type=\"application\/ld+json\" class=\"yoast-schema-graph\">{\"@context\":\"https:\/\/schema.org\",\"@graph\":[{\"@type\":\"Article\",\"@id\":\"https:\/\/www.oarcanjo.net\/site\/sao-conrado-confalonieri-de-placencia\/#article\",\"isPartOf\":{\"@id\":\"https:\/\/www.oarcanjo.net\/site\/sao-conrado-confalonieri-de-placencia\/\"},\"author\":{\"name\":\"danilo\",\"@id\":\"https:\/\/www.oarcanjo.net\/site\/#\/schema\/person\/5eb9480bedd2f3c97e430ce128c29c6c\"},\"headline\":\"S\u00e3o Conrado Confalonieri de Placencia\",\"datePublished\":\"2019-02-19T03:54:42+00:00\",\"dateModified\":\"2019-02-12T20:00:44+00:00\",\"mainEntityOfPage\":{\"@id\":\"https:\/\/www.oarcanjo.net\/site\/sao-conrado-confalonieri-de-placencia\/\"},\"wordCount\":322,\"commentCount\":0,\"publisher\":{\"@id\":\"https:\/\/www.oarcanjo.net\/site\/#organization\"},\"image\":{\"@id\":\"https:\/\/www.oarcanjo.net\/site\/sao-conrado-confalonieri-de-placencia\/#primaryimage\"},\"thumbnailUrl\":\"http:\/\/4.bp.blogspot.com\/_jezUMms9yag\/SZ1BmVV_zGI\/AAAAAAAAARw\/7dPqj8iYe3E\/s200\/San_Corrado_Confalonieri.jpg\",\"articleSection\":[\"Testemunhos\"],\"inLanguage\":\"pt-BR\",\"potentialAction\":[{\"@type\":\"CommentAction\",\"name\":\"Comment\",\"target\":[\"https:\/\/www.oarcanjo.net\/site\/sao-conrado-confalonieri-de-placencia\/#respond\"]}]},{\"@type\":\"WebPage\",\"@id\":\"https:\/\/www.oarcanjo.net\/site\/sao-conrado-confalonieri-de-placencia\/\",\"url\":\"https:\/\/www.oarcanjo.net\/site\/sao-conrado-confalonieri-de-placencia\/\",\"name\":\"S\u00e3o Conrado Confalonieri de Placencia - O Arcanjo no ar\",\"isPartOf\":{\"@id\":\"https:\/\/www.oarcanjo.net\/site\/#website\"},\"primaryImageOfPage\":{\"@id\":\"https:\/\/www.oarcanjo.net\/site\/sao-conrado-confalonieri-de-placencia\/#primaryimage\"},\"image\":{\"@id\":\"https:\/\/www.oarcanjo.net\/site\/sao-conrado-confalonieri-de-placencia\/#primaryimage\"},\"thumbnailUrl\":\"http:\/\/4.bp.blogspot.com\/_jezUMms9yag\/SZ1BmVV_zGI\/AAAAAAAAARw\/7dPqj8iYe3E\/s200\/San_Corrado_Confalonieri.jpg\",\"datePublished\":\"2019-02-19T03:54:42+00:00\",\"dateModified\":\"2019-02-12T20:00:44+00:00\",\"breadcrumb\":{\"@id\":\"https:\/\/www.oarcanjo.net\/site\/sao-conrado-confalonieri-de-placencia\/#breadcrumb\"},\"inLanguage\":\"pt-BR\",\"potentialAction\":[{\"@type\":\"ReadAction\",\"target\":[\"https:\/\/www.oarcanjo.net\/site\/sao-conrado-confalonieri-de-placencia\/\"]}]},{\"@type\":\"ImageObject\",\"inLanguage\":\"pt-BR\",\"@id\":\"https:\/\/www.oarcanjo.net\/site\/sao-conrado-confalonieri-de-placencia\/#primaryimage\",\"url\":\"http:\/\/4.bp.blogspot.com\/_jezUMms9yag\/SZ1BmVV_zGI\/AAAAAAAAARw\/7dPqj8iYe3E\/s200\/San_Corrado_Confalonieri.jpg\",\"contentUrl\":\"http:\/\/4.bp.blogspot.com\/_jezUMms9yag\/SZ1BmVV_zGI\/AAAAAAAAARw\/7dPqj8iYe3E\/s200\/San_Corrado_Confalonieri.jpg\"},{\"@type\":\"BreadcrumbList\",\"@id\":\"https:\/\/www.oarcanjo.net\/site\/sao-conrado-confalonieri-de-placencia\/#breadcrumb\",\"itemListElement\":[{\"@type\":\"ListItem\",\"position\":1,\"name\":\"In\u00edcio\",\"item\":\"https:\/\/www.oarcanjo.net\/site\/\"},{\"@type\":\"ListItem\",\"position\":2,\"name\":\"S\u00e3o Conrado Confalonieri de Placencia\"}]},{\"@type\":\"WebSite\",\"@id\":\"https:\/\/www.oarcanjo.net\/site\/#website\",\"url\":\"https:\/\/www.oarcanjo.net\/site\/\",\"name\":\"O Arcanjo no ar\",\"description\":\"Site da Par\u00f3quia S\u00e3o Miguel Arcanjo (Arquidiocese de SP)\",\"publisher\":{\"@id\":\"https:\/\/www.oarcanjo.net\/site\/#organization\"},\"potentialAction\":[{\"@type\":\"SearchAction\",\"target\":{\"@type\":\"EntryPoint\",\"urlTemplate\":\"https:\/\/www.oarcanjo.net\/site\/?s={search_term_string}\"},\"query-input\":{\"@type\":\"PropertyValueSpecification\",\"valueRequired\":true,\"valueName\":\"search_term_string\"}}],\"inLanguage\":\"pt-BR\"},{\"@type\":\"Organization\",\"@id\":\"https:\/\/www.oarcanjo.net\/site\/#organization\",\"name\":\"Par\u00f3quia S\u00e3o Miguel Arcanjo\",\"url\":\"https:\/\/www.oarcanjo.net\/site\/\",\"logo\":{\"@type\":\"ImageObject\",\"inLanguage\":\"pt-BR\",\"@id\":\"https:\/\/www.oarcanjo.net\/site\/#\/schema\/logo\/image\/\",\"url\":\"https:\/\/www.oarcanjo.net\/site\/wp-content\/uploads\/LogoOArcanjo.png\",\"contentUrl\":\"https:\/\/www.oarcanjo.net\/site\/wp-content\/uploads\/LogoOArcanjo.png\",\"width\":319,\"height\":99,\"caption\":\"Par\u00f3quia S\u00e3o Miguel Arcanjo\"},\"image\":{\"@id\":\"https:\/\/www.oarcanjo.net\/site\/#\/schema\/logo\/image\/\"},\"sameAs\":[\"https:\/\/www.facebook.com\/OArcanjoNoAr\/\"]},{\"@type\":\"Person\",\"@id\":\"https:\/\/www.oarcanjo.net\/site\/#\/schema\/person\/5eb9480bedd2f3c97e430ce128c29c6c\",\"name\":\"danilo\"}]}<\/script>\n<!-- \/ Yoast SEO plugin. -->","yoast_head_json":{"title":"S\u00e3o Conrado Confalonieri de Placencia - O Arcanjo no ar","robots":{"index":"index","follow":"follow","max-snippet":"max-snippet:-1","max-image-preview":"max-image-preview:large","max-video-preview":"max-video-preview:-1"},"canonical":"https:\/\/www.oarcanjo.net\/site\/sao-conrado-confalonieri-de-placencia\/","og_locale":"pt_BR","og_type":"article","og_title":"S\u00e3o Conrado Confalonieri de Placencia - O Arcanjo no ar","og_description":"19 de Fevereiro Os ecologistas talvez n\u00e3o simpatizem muito com este santo, pois durante uma ca\u00e7ada de lebres e fais\u00f5es p\u00f4s fogo numa floresta. Os colonos se revoltaram porque tiveram muito preju\u00edzos. O governador, Galeazzo Visconti, condenou \u00e0 morte o primeiro suspeito, que na ocasi\u00e3o estava no bosque. O verdadeiro culpado, Conrado Confalonieri, quando soube [&hellip;]","og_url":"https:\/\/www.oarcanjo.net\/site\/sao-conrado-confalonieri-de-placencia\/","og_site_name":"O Arcanjo no ar","article_publisher":"https:\/\/www.facebook.com\/OArcanjoNoAr\/","article_published_time":"2019-02-19T03:54:42+00:00","article_modified_time":"2019-02-12T20:00:44+00:00","og_image":[{"url":"http:\/\/4.bp.blogspot.com\/_jezUMms9yag\/SZ1BmVV_zGI\/AAAAAAAAARw\/7dPqj8iYe3E\/s200\/San_Corrado_Confalonieri.jpg"}],"author":"danilo","twitter_card":"summary_large_image","twitter_misc":{"Escrito por":"danilo","Est. tempo de leitura":"2 minutos"},"schema":{"@context":"https:\/\/schema.org","@graph":[{"@type":"Article","@id":"https:\/\/www.oarcanjo.net\/site\/sao-conrado-confalonieri-de-placencia\/#article","isPartOf":{"@id":"https:\/\/www.oarcanjo.net\/site\/sao-conrado-confalonieri-de-placencia\/"},"author":{"name":"danilo","@id":"https:\/\/www.oarcanjo.net\/site\/#\/schema\/person\/5eb9480bedd2f3c97e430ce128c29c6c"},"headline":"S\u00e3o Conrado Confalonieri de Placencia","datePublished":"2019-02-19T03:54:42+00:00","dateModified":"2019-02-12T20:00:44+00:00","mainEntityOfPage":{"@id":"https:\/\/www.oarcanjo.net\/site\/sao-conrado-confalonieri-de-placencia\/"},"wordCount":322,"commentCount":0,"publisher":{"@id":"https:\/\/www.oarcanjo.net\/site\/#organization"},"image":{"@id":"https:\/\/www.oarcanjo.net\/site\/sao-conrado-confalonieri-de-placencia\/#primaryimage"},"thumbnailUrl":"http:\/\/4.bp.blogspot.com\/_jezUMms9yag\/SZ1BmVV_zGI\/AAAAAAAAARw\/7dPqj8iYe3E\/s200\/San_Corrado_Confalonieri.jpg","articleSection":["Testemunhos"],"inLanguage":"pt-BR","potentialAction":[{"@type":"CommentAction","name":"Comment","target":["https:\/\/www.oarcanjo.net\/site\/sao-conrado-confalonieri-de-placencia\/#respond"]}]},{"@type":"WebPage","@id":"https:\/\/www.oarcanjo.net\/site\/sao-conrado-confalonieri-de-placencia\/","url":"https:\/\/www.oarcanjo.net\/site\/sao-conrado-confalonieri-de-placencia\/","name":"S\u00e3o Conrado Confalonieri de Placencia - O Arcanjo no ar","isPartOf":{"@id":"https:\/\/www.oarcanjo.net\/site\/#website"},"primaryImageOfPage":{"@id":"https:\/\/www.oarcanjo.net\/site\/sao-conrado-confalonieri-de-placencia\/#primaryimage"},"image":{"@id":"https:\/\/www.oarcanjo.net\/site\/sao-conrado-confalonieri-de-placencia\/#primaryimage"},"thumbnailUrl":"http:\/\/4.bp.blogspot.com\/_jezUMms9yag\/SZ1BmVV_zGI\/AAAAAAAAARw\/7dPqj8iYe3E\/s200\/San_Corrado_Confalonieri.jpg","datePublished":"2019-02-19T03:54:42+00:00","dateModified":"2019-02-12T20:00:44+00:00","breadcrumb":{"@id":"https:\/\/www.oarcanjo.net\/site\/sao-conrado-confalonieri-de-placencia\/#breadcrumb"},"inLanguage":"pt-BR","potentialAction":[{"@type":"ReadAction","target":["https:\/\/www.oarcanjo.net\/site\/sao-conrado-confalonieri-de-placencia\/"]}]},{"@type":"ImageObject","inLanguage":"pt-BR","@id":"https:\/\/www.oarcanjo.net\/site\/sao-conrado-confalonieri-de-placencia\/#primaryimage","url":"http:\/\/4.bp.blogspot.com\/_jezUMms9yag\/SZ1BmVV_zGI\/AAAAAAAAARw\/7dPqj8iYe3E\/s200\/San_Corrado_Confalonieri.jpg","contentUrl":"http:\/\/4.bp.blogspot.com\/_jezUMms9yag\/SZ1BmVV_zGI\/AAAAAAAAARw\/7dPqj8iYe3E\/s200\/San_Corrado_Confalonieri.jpg"},{"@type":"BreadcrumbList","@id":"https:\/\/www.oarcanjo.net\/site\/sao-conrado-confalonieri-de-placencia\/#breadcrumb","itemListElement":[{"@type":"ListItem","position":1,"name":"In\u00edcio","item":"https:\/\/www.oarcanjo.net\/site\/"},{"@type":"ListItem","position":2,"name":"S\u00e3o Conrado Confalonieri de Placencia"}]},{"@type":"WebSite","@id":"https:\/\/www.oarcanjo.net\/site\/#website","url":"https:\/\/www.oarcanjo.net\/site\/","name":"O Arcanjo no ar","description":"Site da Par\u00f3quia S\u00e3o Miguel Arcanjo (Arquidiocese de SP)","publisher":{"@id":"https:\/\/www.oarcanjo.net\/site\/#organization"},"potentialAction":[{"@type":"SearchAction","target":{"@type":"EntryPoint","urlTemplate":"https:\/\/www.oarcanjo.net\/site\/?s={search_term_string}"},"query-input":{"@type":"PropertyValueSpecification","valueRequired":true,"valueName":"search_term_string"}}],"inLanguage":"pt-BR"},{"@type":"Organization","@id":"https:\/\/www.oarcanjo.net\/site\/#organization","name":"Par\u00f3quia S\u00e3o Miguel Arcanjo","url":"https:\/\/www.oarcanjo.net\/site\/","logo":{"@type":"ImageObject","inLanguage":"pt-BR","@id":"https:\/\/www.oarcanjo.net\/site\/#\/schema\/logo\/image\/","url":"https:\/\/www.oarcanjo.net\/site\/wp-content\/uploads\/LogoOArcanjo.png","contentUrl":"https:\/\/www.oarcanjo.net\/site\/wp-content\/uploads\/LogoOArcanjo.png","width":319,"height":99,"caption":"Par\u00f3quia S\u00e3o Miguel Arcanjo"},"image":{"@id":"https:\/\/www.oarcanjo.net\/site\/#\/schema\/logo\/image\/"},"sameAs":["https:\/\/www.facebook.com\/OArcanjoNoAr\/"]},{"@type":"Person","@id":"https:\/\/www.oarcanjo.net\/site\/#\/schema\/person\/5eb9480bedd2f3c97e430ce128c29c6c","name":"danilo"}]}},"publishpress_future_action":{"enabled":false,"date":"2026-05-08 02:23:39","action":"category","newStatus":"draft","terms":[],"taxonomy":"category"},"publishpress_future_workflow_manual_trigger":{"enabledWorkflows":[]},"_links":{"self":[{"href":"https:\/\/www.oarcanjo.net\/site\/wp-json\/wp\/v2\/posts\/7844"}],"collection":[{"href":"https:\/\/www.oarcanjo.net\/site\/wp-json\/wp\/v2\/posts"}],"about":[{"href":"https:\/\/www.oarcanjo.net\/site\/wp-json\/wp\/v2\/types\/post"}],"author":[{"embeddable":true,"href":"https:\/\/www.oarcanjo.net\/site\/wp-json\/wp\/v2\/users\/14"}],"replies":[{"embeddable":true,"href":"https:\/\/www.oarcanjo.net\/site\/wp-json\/wp\/v2\/comments?post=7844"}],"version-history":[{"count":1,"href":"https:\/\/www.oarcanjo.net\/site\/wp-json\/wp\/v2\/posts\/7844\/revisions"}],"predecessor-version":[{"id":92821,"href":"https:\/\/www.oarcanjo.net\/site\/wp-json\/wp\/v2\/posts\/7844\/revisions\/92821"}],"wp:attachment":[{"href":"https:\/\/www.oarcanjo.net\/site\/wp-json\/wp\/v2\/media?parent=7844"}],"wp:term":[{"taxonomy":"category","embeddable":true,"href":"https:\/\/www.oarcanjo.net\/site\/wp-json\/wp\/v2\/categories?post=7844"},{"taxonomy":"post_tag","embeddable":true,"href":"https:\/\/www.oarcanjo.net\/site\/wp-json\/wp\/v2\/tags?post=7844"}],"curies":[{"name":"wp","href":"https:\/\/api.w.org\/{rel}","templated":true}]}}