
{"id":7847,"date":"2019-02-19T00:57:46","date_gmt":"2019-02-19T03:57:46","guid":{"rendered":"http:\/\/www.oarcanjo.net\/site\/?p=7847"},"modified":"2019-02-20T07:59:55","modified_gmt":"2019-02-20T10:59:55","slug":"jose-antonio-de-maria-ibiapina","status":"publish","type":"post","link":"https:\/\/www.oarcanjo.net\/site\/jose-antonio-de-maria-ibiapina\/","title":{"rendered":"Jos\u00e9 Ant\u00f4nio de Maria Ibiapina"},"content":{"rendered":"<p><img decoding=\"async\" src=\"http:\/\/www.onordeste.com\/administrador\/personalidades\/imagemPersonalidade\/9414401cf64139fc21282235f7cad28378.jpg\" alt=\"\" \/><\/p>\n<p>19 de Fevereiro<\/p>\n<p>&#8220;Padre Ibiapina&#8221;<\/p>\n<p>Santo popular do Nordeste Brasileiro<\/p>\n<p>Jos\u00e9 Ant\u00f4nio de Maria Ibiapina nasceu aos 5 de agosto de 1806, em Sobral, Cear\u00e1. Era o terceiro dos oito filhos de Francisco Miguel Pereira e Teresa Maria de Jesus, um casal de fazendeiros decadentes, por\u00e9m dotados de f\u00e9 e humildade. Em 1816 a fam\u00edlia se transfere para a vila de Ic\u00f3, onde o pai assume as fun\u00e7\u00f5es de escriv\u00e3o. A fam\u00edlia est\u00e1 com muitas dificuldades financeiras.<\/p>\n<p>Ibiapina se hospeda, ent\u00e3o na casa do padre Ant\u00f4nio Manuel de Sousa, que se ocupou de sua educa\u00e7\u00e3o religiosa e foi um importante padrinho. Nesta \u00e9poca, Ibiapina j\u00e1 estava consciente da fragilidade da justi\u00e7a e da pol\u00edtica de sua regi\u00e3o, especialmente pela conviv\u00eancia com seu pai, serventu\u00e1rio a justi\u00e7a, que o fez conhecedor dos bastidores do poder. Ele estava certo de que iria se tornar um defensor dos oprimidos e carentes daquela terra sem lei. Jos\u00e9 Ibiapina ingressa no semin\u00e1rio de Olinda em 1823 mas o deixa para iniciar os estudos de direito.<\/p>\n<p>Em 1828 ingressa no curso Jur\u00eddico, finalizando os estudos em 1832. Em 1834 \u00e9 eleito deputado. Desde o come\u00e7o se posicionava como um defensor das quest\u00f5es sociais e como um aut\u00eantico nacionalista, opondo-se, muitas vezes, a pol\u00edticos e autoridades influentes. Terminada sua legislatura, Ibiapina n\u00e3o mais desejava continuar na vida p\u00fablica e se dedicou ao seu of\u00edcio de advogado, principalmente em causas de pessoas humildes e sem posses. Mas a advocacia n\u00e3o era o que realmente satisfazia a inquietude de seu esp\u00edrito. Decepcionado com a vida, com o matrim\u00f4nio e com os homens, resolve abandonar a promissora carreira e se tornar sacerdote.<\/p>\n<p>Em 1853, ap\u00f3s um longo retiro espiritual, Jos\u00e9 Ibiapina recebeu as primeiras ordens, com o consentimento do bispo D. Jo\u00e3o. Come\u00e7ava a\u00ed a parte mais ativa de sua vida. Depois de ter sido professor do semin\u00e1rio inicia uma vida de peregrina\u00e7\u00e3o pelo interior de todo o Nordeste, para levar a mensagem confortadora do Evangelho e os dons da caridade aos irm\u00e3os mais humildes e abandonados. Movimentou-se do Piau\u00ed a Pernambuco, por diversos vilarejos, fundando col\u00e9gios, hospitais, capelas, igrejas, cemit\u00e9rios e at\u00e9 a\u00e7udes. Mas, a principal marca do padre Ibiapina foram as chamadas Casas de Caridade, que come\u00e7aram a surgir quando da grande epidemia de c\u00f3lera que se alastrou por Pernambuco, e que prestavam atendimento de sa\u00fade aos doentes mais pobres.<\/p>\n<p>Mais tarde, e com a ajuda de algumas religiosas mission\u00e1rias, as Casas de Caridade passaram a oferecer forma\u00e7\u00e3o moral e intelectual para os jovens e a abrigar \u00f3rf\u00e3os e abandonados. Mas n\u00e3o foram apenas obras materiais as que padre Ibiapina construiu. Por onde passou, acalentou as pessoas, pregou a Palavra de Deus, apaziguou inimizades e disseminou o amor, como relatam alguns de seus bi\u00f3grafos. O povo amava o Padre-Mestre, como era carinhosamente chamado.<\/p>\n<p>Acometido de uma paralisia nas pernas, fruto dos anos de peregrina\u00e7\u00e3o, padre Ibiapina ficou preso a uma cadeira de rodas. J\u00e1 em 1882 sofria de problemas vasculares que culminaram em alguns derrames. Acaba falecendo no dia 19 de fevereiro de 1883. Tantos foram os feitos de Jos\u00e9 Ibiapina que fora aclamado santo ainda em vida pelo povo nordestino. Atualmente seu processo de beatifica\u00e7\u00e3o tramita no Vaticano.<\/p>\n<p><a id=\"thumbnail\" href=\"http:\/\/www.onordeste.com\/administrador\/personalidades\/imagemPersonalidade\/9414401cf64139fc21282235f7cad28378.jpg\"><\/a><\/p>\n<div id=\"themify_builder_content-7847\" data-postid=\"7847\" class=\"themify_builder_content themify_builder_content-7847 themify_builder themify_builder_front\">\n\t<\/div>\n<!-- \/themify_builder_content -->","protected":false},"excerpt":{"rendered":"<p>19 de Fevereiro &#8220;Padre Ibiapina&#8221; Santo popular do Nordeste Brasileiro Jos\u00e9 Ant\u00f4nio de Maria Ibiapina nasceu aos 5 de agosto de 1806, em Sobral, Cear\u00e1. Era o terceiro dos oito filhos de Francisco Miguel Pereira e Teresa Maria de Jesus, um casal de fazendeiros decadentes, por\u00e9m dotados de f\u00e9 e humildade. Em 1816 a fam\u00edlia [&hellip;]<\/p>\n","protected":false},"author":14,"featured_media":0,"comment_status":"open","ping_status":"open","sticky":false,"template":"","format":"standard","meta":{"ngg_post_thumbnail":0,"footnotes":""},"categories":[186],"tags":[],"yoast_head":"<!-- This site is optimized with the Yoast SEO plugin v23.5 - https:\/\/yoast.com\/wordpress\/plugins\/seo\/ -->\n<title>Jos\u00e9 Ant\u00f4nio de Maria Ibiapina - O Arcanjo no ar<\/title>\n<meta name=\"robots\" content=\"index, follow, max-snippet:-1, max-image-preview:large, max-video-preview:-1\" \/>\n<link rel=\"canonical\" href=\"https:\/\/www.oarcanjo.net\/site\/jose-antonio-de-maria-ibiapina\/\" \/>\n<meta property=\"og:locale\" content=\"pt_BR\" \/>\n<meta property=\"og:type\" content=\"article\" \/>\n<meta property=\"og:title\" content=\"Jos\u00e9 Ant\u00f4nio de Maria Ibiapina - O Arcanjo no ar\" \/>\n<meta property=\"og:description\" content=\"19 de Fevereiro &#8220;Padre Ibiapina&#8221; Santo popular do Nordeste Brasileiro Jos\u00e9 Ant\u00f4nio de Maria Ibiapina nasceu aos 5 de agosto de 1806, em Sobral, Cear\u00e1. Era o terceiro dos oito filhos de Francisco Miguel Pereira e Teresa Maria de Jesus, um casal de fazendeiros decadentes, por\u00e9m dotados de f\u00e9 e humildade. Em 1816 a fam\u00edlia [&hellip;]\" \/>\n<meta property=\"og:url\" content=\"https:\/\/www.oarcanjo.net\/site\/jose-antonio-de-maria-ibiapina\/\" \/>\n<meta property=\"og:site_name\" content=\"O Arcanjo no ar\" \/>\n<meta property=\"article:publisher\" content=\"https:\/\/www.facebook.com\/OArcanjoNoAr\/\" \/>\n<meta property=\"article:published_time\" content=\"2019-02-19T03:57:46+00:00\" \/>\n<meta property=\"article:modified_time\" content=\"2019-02-20T10:59:55+00:00\" \/>\n<meta property=\"og:image\" content=\"http:\/\/www.onordeste.com\/administrador\/personalidades\/imagemPersonalidade\/9414401cf64139fc21282235f7cad28378.jpg\" \/>\n<meta name=\"author\" content=\"danilo\" \/>\n<meta name=\"twitter:card\" content=\"summary_large_image\" \/>\n<meta name=\"twitter:label1\" content=\"Escrito por\" \/>\n\t<meta name=\"twitter:data1\" content=\"danilo\" \/>\n\t<meta name=\"twitter:label2\" content=\"Est. tempo de leitura\" \/>\n\t<meta name=\"twitter:data2\" content=\"3 minutos\" \/>\n<script type=\"application\/ld+json\" class=\"yoast-schema-graph\">{\"@context\":\"https:\/\/schema.org\",\"@graph\":[{\"@type\":\"Article\",\"@id\":\"https:\/\/www.oarcanjo.net\/site\/jose-antonio-de-maria-ibiapina\/#article\",\"isPartOf\":{\"@id\":\"https:\/\/www.oarcanjo.net\/site\/jose-antonio-de-maria-ibiapina\/\"},\"author\":{\"name\":\"danilo\",\"@id\":\"https:\/\/www.oarcanjo.net\/site\/#\/schema\/person\/5eb9480bedd2f3c97e430ce128c29c6c\"},\"headline\":\"Jos\u00e9 Ant\u00f4nio de Maria Ibiapina\",\"datePublished\":\"2019-02-19T03:57:46+00:00\",\"dateModified\":\"2019-02-20T10:59:55+00:00\",\"mainEntityOfPage\":{\"@id\":\"https:\/\/www.oarcanjo.net\/site\/jose-antonio-de-maria-ibiapina\/\"},\"wordCount\":570,\"commentCount\":0,\"publisher\":{\"@id\":\"https:\/\/www.oarcanjo.net\/site\/#organization\"},\"image\":{\"@id\":\"https:\/\/www.oarcanjo.net\/site\/jose-antonio-de-maria-ibiapina\/#primaryimage\"},\"thumbnailUrl\":\"http:\/\/www.onordeste.com\/administrador\/personalidades\/imagemPersonalidade\/9414401cf64139fc21282235f7cad28378.jpg\",\"articleSection\":[\"Testemunhos\"],\"inLanguage\":\"pt-BR\",\"potentialAction\":[{\"@type\":\"CommentAction\",\"name\":\"Comment\",\"target\":[\"https:\/\/www.oarcanjo.net\/site\/jose-antonio-de-maria-ibiapina\/#respond\"]}]},{\"@type\":\"WebPage\",\"@id\":\"https:\/\/www.oarcanjo.net\/site\/jose-antonio-de-maria-ibiapina\/\",\"url\":\"https:\/\/www.oarcanjo.net\/site\/jose-antonio-de-maria-ibiapina\/\",\"name\":\"Jos\u00e9 Ant\u00f4nio de Maria Ibiapina - O Arcanjo no ar\",\"isPartOf\":{\"@id\":\"https:\/\/www.oarcanjo.net\/site\/#website\"},\"primaryImageOfPage\":{\"@id\":\"https:\/\/www.oarcanjo.net\/site\/jose-antonio-de-maria-ibiapina\/#primaryimage\"},\"image\":{\"@id\":\"https:\/\/www.oarcanjo.net\/site\/jose-antonio-de-maria-ibiapina\/#primaryimage\"},\"thumbnailUrl\":\"http:\/\/www.onordeste.com\/administrador\/personalidades\/imagemPersonalidade\/9414401cf64139fc21282235f7cad28378.jpg\",\"datePublished\":\"2019-02-19T03:57:46+00:00\",\"dateModified\":\"2019-02-20T10:59:55+00:00\",\"breadcrumb\":{\"@id\":\"https:\/\/www.oarcanjo.net\/site\/jose-antonio-de-maria-ibiapina\/#breadcrumb\"},\"inLanguage\":\"pt-BR\",\"potentialAction\":[{\"@type\":\"ReadAction\",\"target\":[\"https:\/\/www.oarcanjo.net\/site\/jose-antonio-de-maria-ibiapina\/\"]}]},{\"@type\":\"ImageObject\",\"inLanguage\":\"pt-BR\",\"@id\":\"https:\/\/www.oarcanjo.net\/site\/jose-antonio-de-maria-ibiapina\/#primaryimage\",\"url\":\"http:\/\/www.onordeste.com\/administrador\/personalidades\/imagemPersonalidade\/9414401cf64139fc21282235f7cad28378.jpg\",\"contentUrl\":\"http:\/\/www.onordeste.com\/administrador\/personalidades\/imagemPersonalidade\/9414401cf64139fc21282235f7cad28378.jpg\"},{\"@type\":\"BreadcrumbList\",\"@id\":\"https:\/\/www.oarcanjo.net\/site\/jose-antonio-de-maria-ibiapina\/#breadcrumb\",\"itemListElement\":[{\"@type\":\"ListItem\",\"position\":1,\"name\":\"In\u00edcio\",\"item\":\"https:\/\/www.oarcanjo.net\/site\/\"},{\"@type\":\"ListItem\",\"position\":2,\"name\":\"Jos\u00e9 Ant\u00f4nio de Maria Ibiapina\"}]},{\"@type\":\"WebSite\",\"@id\":\"https:\/\/www.oarcanjo.net\/site\/#website\",\"url\":\"https:\/\/www.oarcanjo.net\/site\/\",\"name\":\"O Arcanjo no ar\",\"description\":\"Site da Par\u00f3quia S\u00e3o Miguel Arcanjo (Arquidiocese de SP)\",\"publisher\":{\"@id\":\"https:\/\/www.oarcanjo.net\/site\/#organization\"},\"potentialAction\":[{\"@type\":\"SearchAction\",\"target\":{\"@type\":\"EntryPoint\",\"urlTemplate\":\"https:\/\/www.oarcanjo.net\/site\/?s={search_term_string}\"},\"query-input\":{\"@type\":\"PropertyValueSpecification\",\"valueRequired\":true,\"valueName\":\"search_term_string\"}}],\"inLanguage\":\"pt-BR\"},{\"@type\":\"Organization\",\"@id\":\"https:\/\/www.oarcanjo.net\/site\/#organization\",\"name\":\"Par\u00f3quia S\u00e3o Miguel Arcanjo\",\"url\":\"https:\/\/www.oarcanjo.net\/site\/\",\"logo\":{\"@type\":\"ImageObject\",\"inLanguage\":\"pt-BR\",\"@id\":\"https:\/\/www.oarcanjo.net\/site\/#\/schema\/logo\/image\/\",\"url\":\"https:\/\/www.oarcanjo.net\/site\/wp-content\/uploads\/LogoOArcanjo.png\",\"contentUrl\":\"https:\/\/www.oarcanjo.net\/site\/wp-content\/uploads\/LogoOArcanjo.png\",\"width\":319,\"height\":99,\"caption\":\"Par\u00f3quia S\u00e3o Miguel Arcanjo\"},\"image\":{\"@id\":\"https:\/\/www.oarcanjo.net\/site\/#\/schema\/logo\/image\/\"},\"sameAs\":[\"https:\/\/www.facebook.com\/OArcanjoNoAr\/\"]},{\"@type\":\"Person\",\"@id\":\"https:\/\/www.oarcanjo.net\/site\/#\/schema\/person\/5eb9480bedd2f3c97e430ce128c29c6c\",\"name\":\"danilo\"}]}<\/script>\n<!-- \/ Yoast SEO plugin. -->","yoast_head_json":{"title":"Jos\u00e9 Ant\u00f4nio de Maria Ibiapina - O Arcanjo no ar","robots":{"index":"index","follow":"follow","max-snippet":"max-snippet:-1","max-image-preview":"max-image-preview:large","max-video-preview":"max-video-preview:-1"},"canonical":"https:\/\/www.oarcanjo.net\/site\/jose-antonio-de-maria-ibiapina\/","og_locale":"pt_BR","og_type":"article","og_title":"Jos\u00e9 Ant\u00f4nio de Maria Ibiapina - O Arcanjo no ar","og_description":"19 de Fevereiro &#8220;Padre Ibiapina&#8221; Santo popular do Nordeste Brasileiro Jos\u00e9 Ant\u00f4nio de Maria Ibiapina nasceu aos 5 de agosto de 1806, em Sobral, Cear\u00e1. Era o terceiro dos oito filhos de Francisco Miguel Pereira e Teresa Maria de Jesus, um casal de fazendeiros decadentes, por\u00e9m dotados de f\u00e9 e humildade. Em 1816 a fam\u00edlia [&hellip;]","og_url":"https:\/\/www.oarcanjo.net\/site\/jose-antonio-de-maria-ibiapina\/","og_site_name":"O Arcanjo no ar","article_publisher":"https:\/\/www.facebook.com\/OArcanjoNoAr\/","article_published_time":"2019-02-19T03:57:46+00:00","article_modified_time":"2019-02-20T10:59:55+00:00","og_image":[{"url":"http:\/\/www.onordeste.com\/administrador\/personalidades\/imagemPersonalidade\/9414401cf64139fc21282235f7cad28378.jpg"}],"author":"danilo","twitter_card":"summary_large_image","twitter_misc":{"Escrito por":"danilo","Est. tempo de leitura":"3 minutos"},"schema":{"@context":"https:\/\/schema.org","@graph":[{"@type":"Article","@id":"https:\/\/www.oarcanjo.net\/site\/jose-antonio-de-maria-ibiapina\/#article","isPartOf":{"@id":"https:\/\/www.oarcanjo.net\/site\/jose-antonio-de-maria-ibiapina\/"},"author":{"name":"danilo","@id":"https:\/\/www.oarcanjo.net\/site\/#\/schema\/person\/5eb9480bedd2f3c97e430ce128c29c6c"},"headline":"Jos\u00e9 Ant\u00f4nio de Maria Ibiapina","datePublished":"2019-02-19T03:57:46+00:00","dateModified":"2019-02-20T10:59:55+00:00","mainEntityOfPage":{"@id":"https:\/\/www.oarcanjo.net\/site\/jose-antonio-de-maria-ibiapina\/"},"wordCount":570,"commentCount":0,"publisher":{"@id":"https:\/\/www.oarcanjo.net\/site\/#organization"},"image":{"@id":"https:\/\/www.oarcanjo.net\/site\/jose-antonio-de-maria-ibiapina\/#primaryimage"},"thumbnailUrl":"http:\/\/www.onordeste.com\/administrador\/personalidades\/imagemPersonalidade\/9414401cf64139fc21282235f7cad28378.jpg","articleSection":["Testemunhos"],"inLanguage":"pt-BR","potentialAction":[{"@type":"CommentAction","name":"Comment","target":["https:\/\/www.oarcanjo.net\/site\/jose-antonio-de-maria-ibiapina\/#respond"]}]},{"@type":"WebPage","@id":"https:\/\/www.oarcanjo.net\/site\/jose-antonio-de-maria-ibiapina\/","url":"https:\/\/www.oarcanjo.net\/site\/jose-antonio-de-maria-ibiapina\/","name":"Jos\u00e9 Ant\u00f4nio de Maria Ibiapina - O Arcanjo no ar","isPartOf":{"@id":"https:\/\/www.oarcanjo.net\/site\/#website"},"primaryImageOfPage":{"@id":"https:\/\/www.oarcanjo.net\/site\/jose-antonio-de-maria-ibiapina\/#primaryimage"},"image":{"@id":"https:\/\/www.oarcanjo.net\/site\/jose-antonio-de-maria-ibiapina\/#primaryimage"},"thumbnailUrl":"http:\/\/www.onordeste.com\/administrador\/personalidades\/imagemPersonalidade\/9414401cf64139fc21282235f7cad28378.jpg","datePublished":"2019-02-19T03:57:46+00:00","dateModified":"2019-02-20T10:59:55+00:00","breadcrumb":{"@id":"https:\/\/www.oarcanjo.net\/site\/jose-antonio-de-maria-ibiapina\/#breadcrumb"},"inLanguage":"pt-BR","potentialAction":[{"@type":"ReadAction","target":["https:\/\/www.oarcanjo.net\/site\/jose-antonio-de-maria-ibiapina\/"]}]},{"@type":"ImageObject","inLanguage":"pt-BR","@id":"https:\/\/www.oarcanjo.net\/site\/jose-antonio-de-maria-ibiapina\/#primaryimage","url":"http:\/\/www.onordeste.com\/administrador\/personalidades\/imagemPersonalidade\/9414401cf64139fc21282235f7cad28378.jpg","contentUrl":"http:\/\/www.onordeste.com\/administrador\/personalidades\/imagemPersonalidade\/9414401cf64139fc21282235f7cad28378.jpg"},{"@type":"BreadcrumbList","@id":"https:\/\/www.oarcanjo.net\/site\/jose-antonio-de-maria-ibiapina\/#breadcrumb","itemListElement":[{"@type":"ListItem","position":1,"name":"In\u00edcio","item":"https:\/\/www.oarcanjo.net\/site\/"},{"@type":"ListItem","position":2,"name":"Jos\u00e9 Ant\u00f4nio de Maria Ibiapina"}]},{"@type":"WebSite","@id":"https:\/\/www.oarcanjo.net\/site\/#website","url":"https:\/\/www.oarcanjo.net\/site\/","name":"O Arcanjo no ar","description":"Site da Par\u00f3quia S\u00e3o Miguel Arcanjo (Arquidiocese de SP)","publisher":{"@id":"https:\/\/www.oarcanjo.net\/site\/#organization"},"potentialAction":[{"@type":"SearchAction","target":{"@type":"EntryPoint","urlTemplate":"https:\/\/www.oarcanjo.net\/site\/?s={search_term_string}"},"query-input":{"@type":"PropertyValueSpecification","valueRequired":true,"valueName":"search_term_string"}}],"inLanguage":"pt-BR"},{"@type":"Organization","@id":"https:\/\/www.oarcanjo.net\/site\/#organization","name":"Par\u00f3quia S\u00e3o Miguel Arcanjo","url":"https:\/\/www.oarcanjo.net\/site\/","logo":{"@type":"ImageObject","inLanguage":"pt-BR","@id":"https:\/\/www.oarcanjo.net\/site\/#\/schema\/logo\/image\/","url":"https:\/\/www.oarcanjo.net\/site\/wp-content\/uploads\/LogoOArcanjo.png","contentUrl":"https:\/\/www.oarcanjo.net\/site\/wp-content\/uploads\/LogoOArcanjo.png","width":319,"height":99,"caption":"Par\u00f3quia S\u00e3o Miguel Arcanjo"},"image":{"@id":"https:\/\/www.oarcanjo.net\/site\/#\/schema\/logo\/image\/"},"sameAs":["https:\/\/www.facebook.com\/OArcanjoNoAr\/"]},{"@type":"Person","@id":"https:\/\/www.oarcanjo.net\/site\/#\/schema\/person\/5eb9480bedd2f3c97e430ce128c29c6c","name":"danilo"}]}},"publishpress_future_action":{"enabled":false,"date":"2026-05-08 02:22:18","action":"category","newStatus":"draft","terms":[],"taxonomy":"category"},"publishpress_future_workflow_manual_trigger":{"enabledWorkflows":[]},"_links":{"self":[{"href":"https:\/\/www.oarcanjo.net\/site\/wp-json\/wp\/v2\/posts\/7847"}],"collection":[{"href":"https:\/\/www.oarcanjo.net\/site\/wp-json\/wp\/v2\/posts"}],"about":[{"href":"https:\/\/www.oarcanjo.net\/site\/wp-json\/wp\/v2\/types\/post"}],"author":[{"embeddable":true,"href":"https:\/\/www.oarcanjo.net\/site\/wp-json\/wp\/v2\/users\/14"}],"replies":[{"embeddable":true,"href":"https:\/\/www.oarcanjo.net\/site\/wp-json\/wp\/v2\/comments?post=7847"}],"version-history":[{"count":1,"href":"https:\/\/www.oarcanjo.net\/site\/wp-json\/wp\/v2\/posts\/7847\/revisions"}],"predecessor-version":[{"id":92920,"href":"https:\/\/www.oarcanjo.net\/site\/wp-json\/wp\/v2\/posts\/7847\/revisions\/92920"}],"wp:attachment":[{"href":"https:\/\/www.oarcanjo.net\/site\/wp-json\/wp\/v2\/media?parent=7847"}],"wp:term":[{"taxonomy":"category","embeddable":true,"href":"https:\/\/www.oarcanjo.net\/site\/wp-json\/wp\/v2\/categories?post=7847"},{"taxonomy":"post_tag","embeddable":true,"href":"https:\/\/www.oarcanjo.net\/site\/wp-json\/wp\/v2\/tags?post=7847"}],"curies":[{"name":"wp","href":"https:\/\/api.w.org\/{rel}","templated":true}]}}