
{"id":785,"date":"2008-11-29T00:24:00","date_gmt":"2008-11-29T03:24:00","guid":{"rendered":"http:\/\/www.oarcanjo.net\/site\/?p=785"},"modified":"2008-11-29T00:24:00","modified_gmt":"2008-11-29T03:24:00","slug":"um-feliz-natal-pra-jesus","status":"publish","type":"post","link":"https:\/\/www.oarcanjo.net\/site\/um-feliz-natal-pra-jesus\/","title":{"rendered":"Um Feliz Natal pra Jesus?"},"content":{"rendered":"<p>Que tempo interessante \u00e9 este do final de ano! Pessoas mais que usualmente estressadas correndo pelas ruas, abarrotando lojas, gerando um turbilh\u00e3o rumoroso por onde uma grande parte dos ve\u00edculos, que ali transitam, acessam shopping centres e outros mais centros de com\u00e9rcio e caixas eletr\u00f4nicos. Muitos enfeites declaram, pela suntuosidade de suas \u00e1rvores gigantescas, suas luzes a piscar, bonecos enormes de papais-no\u00e9is e renas cobertas de uma pelagem invernal, que chegou, mais uma vez, a oportunidade de uma grande festa. N\u00e3o obstante as imagens n\u00f3rdicas do velhinho barbudo e seus animais, que flutuam velozmente por um c\u00e9u desenhado da imagina\u00e7\u00e3o de algu\u00e9m que n\u00e3o os quis colocar com apar\u00eancias mais confort\u00e1veis em rela\u00e7\u00e3o ao calor e as imagens reais deste pa\u00eds tropical, toda esta correria, todo este af\u00e3 de comprar e consumir, tantos congestionamentos que, nesta \u00e9poca, nascem e se desenvolvem, \u00e9 porque vai chegando o Natal.<\/p>\n<p>Ao mesmo instante em que as cenas do agito comercial invadem e tornam mais ca\u00f3tica a vida nesta grande e turbulenta cidade, em outro canto desta mesma metr\u00f3pole algu\u00e9m chega para aqui encontrar um abrigo. Os terminais de \u00f4nibus, procedentes de lugares distantes, repousando de viagens absurdamente demoradas e cansativas, d\u00e3o a perceber as dist\u00e2ncias continentais e sociais deste pa\u00eds e seus decorrentes abismos que separam ricos e pobres, que aqui vivem e sobrevivem. Alguns, logo que chegam, j\u00e1 s\u00e3o envoltos pela onda de viol\u00eancia e desprezo \u00e0 vida humana porque, a poucos passos dados, ali mesmo s\u00e3o assaltados. Outros, ing\u00eanuos, pensam que encontrar\u00e3o, logo ali, \u00e0s portas daquele terminal, os parentes e amigos que, sup\u00f5em, residem nos quarteir\u00f5es adjacentes daquele local, inconscientes da dimens\u00e3o t\u00e3o falada e, para eles, fantasticamente incompreens\u00edvel e g\u00e9lida desta cidade.<\/p>\n<p>Faz-se \u00f3bvia uma conclus\u00e3o: o Natal \u00e9 uma festa quente demais para o Papai Noel com casaco de pele, mas dolorosamente fria para os descal\u00e7os, maltrapilhos e desconsiderados moradores deste lugar. Natal quente e calorosamente consumista. Natal frio e glacialmente carente de acolhimento. Faz-se \u00f3bvia esta outra conclus\u00e3o: o Natal \u00e9, ao mesmo tempo, a festa fria do exageradamente agasalhado Papai Noel e a c\u00e1lida lembran\u00e7a de um menino nazareno migrante, que viajou a uma cidade onde, para ele, n\u00e3o havia lugar.<\/p>\n<p>S\u00e3o Paulo \u00e9 a nossa Bel\u00e9m. Aqui, nascem os beb\u00eas Jesus das nossas frias e esquecidas periferias. Nela, os moradores de rua s\u00e3o os pastores de um rebanho, que, s\u00f3 com a imagina\u00e7\u00e3o do artista das renas, se pode desenhar. As manjedouras s\u00e3o os caixotes da feira que se foi, deixando atr\u00e1s seus entulhos, e a palha o refugo do lixo da festa de certos \u201cgrandes natais\u201d. O est\u00e1bulo \u00e9 o lugar dos pobres; os animais deste pres\u00e9pio s\u00e3o seus cachorros, fi\u00e9is companheiros de suas longas jornadas de viajantes sem lugar. Os anjos? Quem ser\u00e3o os anjos? N\u00e3o ser\u00e3o mais ningu\u00e9m al\u00e9m dos profetas e profetizas, que, na cidade de luzes e papais-no\u00e9is inadequados, anunciam que Jesus est\u00e1 aqui e seu Reino, ainda aqui, precisa acontecer.<\/p>\n<p><em>Padre Tarcisio Marques Mesquita<\/em><\/p>\n<div id=\"themify_builder_content-785\" data-postid=\"785\" class=\"themify_builder_content themify_builder_content-785 themify_builder themify_builder_front\">\n\t<\/div>\n<!-- \/themify_builder_content -->","protected":false},"excerpt":{"rendered":"<p>Que tempo interessante \u00e9 este do final de ano! Pessoas mais que usualmente estressadas correndo pelas ruas, abarrotando lojas, gerando um turbilh\u00e3o rumoroso por onde uma grande parte dos ve\u00edculos, que ali transitam, acessam shopping centres e outros mais centros de com\u00e9rcio e caixas eletr\u00f4nicos. Muitos enfeites declaram, pela suntuosidade de suas \u00e1rvores gigantescas, suas [&hellip;]<\/p>\n","protected":false},"author":5,"featured_media":0,"comment_status":"open","ping_status":"open","sticky":false,"template":"","format":"standard","meta":{"ngg_post_thumbnail":0,"footnotes":""},"categories":[9],"tags":[60],"yoast_head":"<!-- This site is optimized with the Yoast SEO plugin v23.5 - https:\/\/yoast.com\/wordpress\/plugins\/seo\/ -->\n<title>Um Feliz Natal pra Jesus? - O Arcanjo no ar<\/title>\n<meta name=\"robots\" content=\"index, follow, max-snippet:-1, max-image-preview:large, max-video-preview:-1\" \/>\n<link rel=\"canonical\" href=\"https:\/\/www.oarcanjo.net\/site\/um-feliz-natal-pra-jesus\/\" \/>\n<meta property=\"og:locale\" content=\"pt_BR\" \/>\n<meta property=\"og:type\" content=\"article\" \/>\n<meta property=\"og:title\" content=\"Um Feliz Natal pra Jesus? - O Arcanjo no ar\" \/>\n<meta property=\"og:description\" content=\"Que tempo interessante \u00e9 este do final de ano! Pessoas mais que usualmente estressadas correndo pelas ruas, abarrotando lojas, gerando um turbilh\u00e3o rumoroso por onde uma grande parte dos ve\u00edculos, que ali transitam, acessam shopping centres e outros mais centros de com\u00e9rcio e caixas eletr\u00f4nicos. Muitos enfeites declaram, pela suntuosidade de suas \u00e1rvores gigantescas, suas [&hellip;]\" \/>\n<meta property=\"og:url\" content=\"https:\/\/www.oarcanjo.net\/site\/um-feliz-natal-pra-jesus\/\" \/>\n<meta property=\"og:site_name\" content=\"O Arcanjo no ar\" \/>\n<meta property=\"article:publisher\" content=\"https:\/\/www.facebook.com\/OArcanjoNoAr\/\" \/>\n<meta property=\"article:published_time\" content=\"2008-11-29T03:24:00+00:00\" \/>\n<meta property=\"og:image\" content=\"https:\/\/www.oarcanjo.net\/site\/wp-content\/uploads\/logo-o-arcanjo-no-ar-facebook.png\" \/>\n\t<meta property=\"og:image:width\" content=\"300\" \/>\n\t<meta property=\"og:image:height\" content=\"300\" \/>\n\t<meta property=\"og:image:type\" content=\"image\/png\" \/>\n<meta name=\"author\" content=\"editor\" \/>\n<meta name=\"twitter:card\" content=\"summary_large_image\" \/>\n<meta name=\"twitter:label1\" content=\"Escrito por\" \/>\n\t<meta name=\"twitter:data1\" content=\"editor\" \/>\n\t<meta name=\"twitter:label2\" content=\"Est. tempo de leitura\" \/>\n\t<meta name=\"twitter:data2\" content=\"3 minutos\" \/>\n<script type=\"application\/ld+json\" class=\"yoast-schema-graph\">{\"@context\":\"https:\/\/schema.org\",\"@graph\":[{\"@type\":\"Article\",\"@id\":\"https:\/\/www.oarcanjo.net\/site\/um-feliz-natal-pra-jesus\/#article\",\"isPartOf\":{\"@id\":\"https:\/\/www.oarcanjo.net\/site\/um-feliz-natal-pra-jesus\/\"},\"author\":{\"name\":\"editor\",\"@id\":\"https:\/\/www.oarcanjo.net\/site\/#\/schema\/person\/f7024d007863202483a31326673a0838\"},\"headline\":\"Um Feliz Natal pra Jesus?\",\"datePublished\":\"2008-11-29T03:24:00+00:00\",\"dateModified\":\"2008-11-29T03:24:00+00:00\",\"mainEntityOfPage\":{\"@id\":\"https:\/\/www.oarcanjo.net\/site\/um-feliz-natal-pra-jesus\/\"},\"wordCount\":548,\"commentCount\":0,\"publisher\":{\"@id\":\"https:\/\/www.oarcanjo.net\/site\/#organization\"},\"keywords\":[\"natal\"],\"articleSection\":[\"Reflex\u00f5es\"],\"inLanguage\":\"pt-BR\",\"potentialAction\":[{\"@type\":\"CommentAction\",\"name\":\"Comment\",\"target\":[\"https:\/\/www.oarcanjo.net\/site\/um-feliz-natal-pra-jesus\/#respond\"]}]},{\"@type\":\"WebPage\",\"@id\":\"https:\/\/www.oarcanjo.net\/site\/um-feliz-natal-pra-jesus\/\",\"url\":\"https:\/\/www.oarcanjo.net\/site\/um-feliz-natal-pra-jesus\/\",\"name\":\"Um Feliz Natal pra Jesus? - O Arcanjo no ar\",\"isPartOf\":{\"@id\":\"https:\/\/www.oarcanjo.net\/site\/#website\"},\"datePublished\":\"2008-11-29T03:24:00+00:00\",\"dateModified\":\"2008-11-29T03:24:00+00:00\",\"breadcrumb\":{\"@id\":\"https:\/\/www.oarcanjo.net\/site\/um-feliz-natal-pra-jesus\/#breadcrumb\"},\"inLanguage\":\"pt-BR\",\"potentialAction\":[{\"@type\":\"ReadAction\",\"target\":[\"https:\/\/www.oarcanjo.net\/site\/um-feliz-natal-pra-jesus\/\"]}]},{\"@type\":\"BreadcrumbList\",\"@id\":\"https:\/\/www.oarcanjo.net\/site\/um-feliz-natal-pra-jesus\/#breadcrumb\",\"itemListElement\":[{\"@type\":\"ListItem\",\"position\":1,\"name\":\"In\u00edcio\",\"item\":\"https:\/\/www.oarcanjo.net\/site\/\"},{\"@type\":\"ListItem\",\"position\":2,\"name\":\"Um Feliz Natal pra Jesus?\"}]},{\"@type\":\"WebSite\",\"@id\":\"https:\/\/www.oarcanjo.net\/site\/#website\",\"url\":\"https:\/\/www.oarcanjo.net\/site\/\",\"name\":\"O Arcanjo no ar\",\"description\":\"Site da Par\u00f3quia S\u00e3o Miguel Arcanjo (Arquidiocese de SP)\",\"publisher\":{\"@id\":\"https:\/\/www.oarcanjo.net\/site\/#organization\"},\"potentialAction\":[{\"@type\":\"SearchAction\",\"target\":{\"@type\":\"EntryPoint\",\"urlTemplate\":\"https:\/\/www.oarcanjo.net\/site\/?s={search_term_string}\"},\"query-input\":{\"@type\":\"PropertyValueSpecification\",\"valueRequired\":true,\"valueName\":\"search_term_string\"}}],\"inLanguage\":\"pt-BR\"},{\"@type\":\"Organization\",\"@id\":\"https:\/\/www.oarcanjo.net\/site\/#organization\",\"name\":\"Par\u00f3quia S\u00e3o Miguel Arcanjo\",\"url\":\"https:\/\/www.oarcanjo.net\/site\/\",\"logo\":{\"@type\":\"ImageObject\",\"inLanguage\":\"pt-BR\",\"@id\":\"https:\/\/www.oarcanjo.net\/site\/#\/schema\/logo\/image\/\",\"url\":\"https:\/\/www.oarcanjo.net\/site\/wp-content\/uploads\/LogoOArcanjo.png\",\"contentUrl\":\"https:\/\/www.oarcanjo.net\/site\/wp-content\/uploads\/LogoOArcanjo.png\",\"width\":319,\"height\":99,\"caption\":\"Par\u00f3quia S\u00e3o Miguel Arcanjo\"},\"image\":{\"@id\":\"https:\/\/www.oarcanjo.net\/site\/#\/schema\/logo\/image\/\"},\"sameAs\":[\"https:\/\/www.facebook.com\/OArcanjoNoAr\/\"]},{\"@type\":\"Person\",\"@id\":\"https:\/\/www.oarcanjo.net\/site\/#\/schema\/person\/f7024d007863202483a31326673a0838\",\"name\":\"editor\",\"sameAs\":[\"http:\/\/www.oarcanjo.net\"]}]}<\/script>\n<!-- \/ Yoast SEO plugin. -->","yoast_head_json":{"title":"Um Feliz Natal pra Jesus? - O Arcanjo no ar","robots":{"index":"index","follow":"follow","max-snippet":"max-snippet:-1","max-image-preview":"max-image-preview:large","max-video-preview":"max-video-preview:-1"},"canonical":"https:\/\/www.oarcanjo.net\/site\/um-feliz-natal-pra-jesus\/","og_locale":"pt_BR","og_type":"article","og_title":"Um Feliz Natal pra Jesus? - O Arcanjo no ar","og_description":"Que tempo interessante \u00e9 este do final de ano! Pessoas mais que usualmente estressadas correndo pelas ruas, abarrotando lojas, gerando um turbilh\u00e3o rumoroso por onde uma grande parte dos ve\u00edculos, que ali transitam, acessam shopping centres e outros mais centros de com\u00e9rcio e caixas eletr\u00f4nicos. Muitos enfeites declaram, pela suntuosidade de suas \u00e1rvores gigantescas, suas [&hellip;]","og_url":"https:\/\/www.oarcanjo.net\/site\/um-feliz-natal-pra-jesus\/","og_site_name":"O Arcanjo no ar","article_publisher":"https:\/\/www.facebook.com\/OArcanjoNoAr\/","article_published_time":"2008-11-29T03:24:00+00:00","og_image":[{"width":300,"height":300,"url":"https:\/\/www.oarcanjo.net\/site\/wp-content\/uploads\/logo-o-arcanjo-no-ar-facebook.png","type":"image\/png"}],"author":"editor","twitter_card":"summary_large_image","twitter_misc":{"Escrito por":"editor","Est. tempo de leitura":"3 minutos"},"schema":{"@context":"https:\/\/schema.org","@graph":[{"@type":"Article","@id":"https:\/\/www.oarcanjo.net\/site\/um-feliz-natal-pra-jesus\/#article","isPartOf":{"@id":"https:\/\/www.oarcanjo.net\/site\/um-feliz-natal-pra-jesus\/"},"author":{"name":"editor","@id":"https:\/\/www.oarcanjo.net\/site\/#\/schema\/person\/f7024d007863202483a31326673a0838"},"headline":"Um Feliz Natal pra Jesus?","datePublished":"2008-11-29T03:24:00+00:00","dateModified":"2008-11-29T03:24:00+00:00","mainEntityOfPage":{"@id":"https:\/\/www.oarcanjo.net\/site\/um-feliz-natal-pra-jesus\/"},"wordCount":548,"commentCount":0,"publisher":{"@id":"https:\/\/www.oarcanjo.net\/site\/#organization"},"keywords":["natal"],"articleSection":["Reflex\u00f5es"],"inLanguage":"pt-BR","potentialAction":[{"@type":"CommentAction","name":"Comment","target":["https:\/\/www.oarcanjo.net\/site\/um-feliz-natal-pra-jesus\/#respond"]}]},{"@type":"WebPage","@id":"https:\/\/www.oarcanjo.net\/site\/um-feliz-natal-pra-jesus\/","url":"https:\/\/www.oarcanjo.net\/site\/um-feliz-natal-pra-jesus\/","name":"Um Feliz Natal pra Jesus? - O Arcanjo no ar","isPartOf":{"@id":"https:\/\/www.oarcanjo.net\/site\/#website"},"datePublished":"2008-11-29T03:24:00+00:00","dateModified":"2008-11-29T03:24:00+00:00","breadcrumb":{"@id":"https:\/\/www.oarcanjo.net\/site\/um-feliz-natal-pra-jesus\/#breadcrumb"},"inLanguage":"pt-BR","potentialAction":[{"@type":"ReadAction","target":["https:\/\/www.oarcanjo.net\/site\/um-feliz-natal-pra-jesus\/"]}]},{"@type":"BreadcrumbList","@id":"https:\/\/www.oarcanjo.net\/site\/um-feliz-natal-pra-jesus\/#breadcrumb","itemListElement":[{"@type":"ListItem","position":1,"name":"In\u00edcio","item":"https:\/\/www.oarcanjo.net\/site\/"},{"@type":"ListItem","position":2,"name":"Um Feliz Natal pra Jesus?"}]},{"@type":"WebSite","@id":"https:\/\/www.oarcanjo.net\/site\/#website","url":"https:\/\/www.oarcanjo.net\/site\/","name":"O Arcanjo no ar","description":"Site da Par\u00f3quia S\u00e3o Miguel Arcanjo (Arquidiocese de SP)","publisher":{"@id":"https:\/\/www.oarcanjo.net\/site\/#organization"},"potentialAction":[{"@type":"SearchAction","target":{"@type":"EntryPoint","urlTemplate":"https:\/\/www.oarcanjo.net\/site\/?s={search_term_string}"},"query-input":{"@type":"PropertyValueSpecification","valueRequired":true,"valueName":"search_term_string"}}],"inLanguage":"pt-BR"},{"@type":"Organization","@id":"https:\/\/www.oarcanjo.net\/site\/#organization","name":"Par\u00f3quia S\u00e3o Miguel Arcanjo","url":"https:\/\/www.oarcanjo.net\/site\/","logo":{"@type":"ImageObject","inLanguage":"pt-BR","@id":"https:\/\/www.oarcanjo.net\/site\/#\/schema\/logo\/image\/","url":"https:\/\/www.oarcanjo.net\/site\/wp-content\/uploads\/LogoOArcanjo.png","contentUrl":"https:\/\/www.oarcanjo.net\/site\/wp-content\/uploads\/LogoOArcanjo.png","width":319,"height":99,"caption":"Par\u00f3quia S\u00e3o Miguel Arcanjo"},"image":{"@id":"https:\/\/www.oarcanjo.net\/site\/#\/schema\/logo\/image\/"},"sameAs":["https:\/\/www.facebook.com\/OArcanjoNoAr\/"]},{"@type":"Person","@id":"https:\/\/www.oarcanjo.net\/site\/#\/schema\/person\/f7024d007863202483a31326673a0838","name":"editor","sameAs":["http:\/\/www.oarcanjo.net"]}]}},"publishpress_future_action":{"enabled":false,"date":"2026-05-08 22:06:49","action":"category","newStatus":"draft","terms":[],"taxonomy":"category"},"publishpress_future_workflow_manual_trigger":{"enabledWorkflows":[]},"_links":{"self":[{"href":"https:\/\/www.oarcanjo.net\/site\/wp-json\/wp\/v2\/posts\/785"}],"collection":[{"href":"https:\/\/www.oarcanjo.net\/site\/wp-json\/wp\/v2\/posts"}],"about":[{"href":"https:\/\/www.oarcanjo.net\/site\/wp-json\/wp\/v2\/types\/post"}],"author":[{"embeddable":true,"href":"https:\/\/www.oarcanjo.net\/site\/wp-json\/wp\/v2\/users\/5"}],"replies":[{"embeddable":true,"href":"https:\/\/www.oarcanjo.net\/site\/wp-json\/wp\/v2\/comments?post=785"}],"version-history":[{"count":0,"href":"https:\/\/www.oarcanjo.net\/site\/wp-json\/wp\/v2\/posts\/785\/revisions"}],"wp:attachment":[{"href":"https:\/\/www.oarcanjo.net\/site\/wp-json\/wp\/v2\/media?parent=785"}],"wp:term":[{"taxonomy":"category","embeddable":true,"href":"https:\/\/www.oarcanjo.net\/site\/wp-json\/wp\/v2\/categories?post=785"},{"taxonomy":"post_tag","embeddable":true,"href":"https:\/\/www.oarcanjo.net\/site\/wp-json\/wp\/v2\/tags?post=785"}],"curies":[{"name":"wp","href":"https:\/\/api.w.org\/{rel}","templated":true}]}}