
{"id":7856,"date":"2010-02-05T10:28:11","date_gmt":"2010-02-05T12:28:11","guid":{"rendered":"http:\/\/www.oarcanjo.net\/site\/?p=7856"},"modified":"2010-02-05T10:28:11","modified_gmt":"2010-02-05T12:28:11","slug":"comemoracoes-do-centenario-de-nascimento-de-dom-helder-chegam-ao-fim","status":"publish","type":"post","link":"https:\/\/www.oarcanjo.net\/site\/comemoracoes-do-centenario-de-nascimento-de-dom-helder-chegam-ao-fim\/","title":{"rendered":"Comemora\u00e7\u00f5es do centen\u00e1rio de nascimento de Dom Helder chegam ao fim"},"content":{"rendered":"<p>Acontecer\u00e1 no pr\u00f3ximo domingo (7), a partir das 10h, na Igreja das Fronteiras, em Recife, Pernambuco, uma celebra\u00e7\u00e3o eucar\u00edstica para marcar o encerramento das comemora\u00e7\u00f5es do centen\u00e1rio de nascimento de Dom Helder Camara, que ser\u00e1 presidida pelo Pe. Ernanne Pinheiro, secret\u00e1rio executivo do Centro Nacional de F\u00e9 e Pol\u00edtica Dom Helder Camara, da CNBB.<\/p>\n<p>Ap\u00f3s a missa ser\u00e1 lan\u00e7ado o livro &#8220;Mem\u00f3ria e Miss\u00e3o &#8211; Experi\u00eancia de Vida&#8221;, no Espa\u00e7o Dom Lamartine Soares (Terra\u00e7o das Fronteiras), escrito pelo Pe. Ernanne Pinheiro e que narra sua parceira com Dom Helder. O Bloco Brinque na Paz, do Comit\u00ea da A\u00e7\u00e3o da Cidadania Pernambuco Solid\u00e1rio, vai se apresentar no p\u00e1tio externo do Espa\u00e7o.<\/p>\n<div id=\"themify_builder_content-7856\" data-postid=\"7856\" class=\"themify_builder_content themify_builder_content-7856 themify_builder themify_builder_front\">\n\t<\/div>\n<!-- \/themify_builder_content -->","protected":false},"excerpt":{"rendered":"<p>Acontecer\u00e1 no pr\u00f3ximo domingo (7), a partir das 10h, na Igreja das Fronteiras, em Recife, Pernambuco, uma celebra\u00e7\u00e3o eucar\u00edstica para marcar o encerramento das comemora\u00e7\u00f5es do centen\u00e1rio de nascimento de Dom Helder Camara, que ser\u00e1 presidida pelo Pe. Ernanne Pinheiro, secret\u00e1rio executivo do Centro Nacional de F\u00e9 e Pol\u00edtica Dom Helder Camara, da CNBB. Ap\u00f3s [&hellip;]<\/p>\n","protected":false},"author":5,"featured_media":0,"comment_status":"open","ping_status":"open","sticky":false,"template":"","format":"standard","meta":{"ngg_post_thumbnail":0,"footnotes":""},"categories":[192,8],"tags":[210],"yoast_head":"<!-- This site is optimized with the Yoast SEO plugin v23.5 - https:\/\/yoast.com\/wordpress\/plugins\/seo\/ -->\n<title>Comemora\u00e7\u00f5es do centen\u00e1rio de nascimento de Dom Helder chegam ao fim - O Arcanjo no ar<\/title>\n<meta name=\"robots\" content=\"index, follow, max-snippet:-1, max-image-preview:large, max-video-preview:-1\" \/>\n<link rel=\"canonical\" href=\"https:\/\/www.oarcanjo.net\/site\/comemoracoes-do-centenario-de-nascimento-de-dom-helder-chegam-ao-fim\/\" \/>\n<meta property=\"og:locale\" content=\"pt_BR\" \/>\n<meta property=\"og:type\" content=\"article\" \/>\n<meta property=\"og:title\" content=\"Comemora\u00e7\u00f5es do centen\u00e1rio de nascimento de Dom Helder chegam ao fim - O Arcanjo no ar\" \/>\n<meta property=\"og:description\" content=\"Acontecer\u00e1 no pr\u00f3ximo domingo (7), a partir das 10h, na Igreja das Fronteiras, em Recife, Pernambuco, uma celebra\u00e7\u00e3o eucar\u00edstica para marcar o encerramento das comemora\u00e7\u00f5es do centen\u00e1rio de nascimento de Dom Helder Camara, que ser\u00e1 presidida pelo Pe. Ernanne Pinheiro, secret\u00e1rio executivo do Centro Nacional de F\u00e9 e Pol\u00edtica Dom Helder Camara, da CNBB. Ap\u00f3s [&hellip;]\" \/>\n<meta property=\"og:url\" content=\"https:\/\/www.oarcanjo.net\/site\/comemoracoes-do-centenario-de-nascimento-de-dom-helder-chegam-ao-fim\/\" \/>\n<meta property=\"og:site_name\" content=\"O Arcanjo no ar\" \/>\n<meta property=\"article:publisher\" content=\"https:\/\/www.facebook.com\/OArcanjoNoAr\/\" \/>\n<meta property=\"article:published_time\" content=\"2010-02-05T12:28:11+00:00\" \/>\n<meta property=\"og:image\" content=\"https:\/\/www.oarcanjo.net\/site\/wp-content\/uploads\/logo-o-arcanjo-no-ar-facebook.png\" \/>\n\t<meta property=\"og:image:width\" content=\"300\" \/>\n\t<meta property=\"og:image:height\" content=\"300\" \/>\n\t<meta property=\"og:image:type\" content=\"image\/png\" \/>\n<meta name=\"author\" content=\"editor\" \/>\n<meta name=\"twitter:card\" content=\"summary_large_image\" \/>\n<meta name=\"twitter:label1\" content=\"Escrito por\" \/>\n\t<meta name=\"twitter:data1\" content=\"editor\" \/>\n\t<meta name=\"twitter:label2\" content=\"Est. tempo de leitura\" \/>\n\t<meta name=\"twitter:data2\" content=\"1 minuto\" \/>\n<script type=\"application\/ld+json\" class=\"yoast-schema-graph\">{\"@context\":\"https:\/\/schema.org\",\"@graph\":[{\"@type\":\"Article\",\"@id\":\"https:\/\/www.oarcanjo.net\/site\/comemoracoes-do-centenario-de-nascimento-de-dom-helder-chegam-ao-fim\/#article\",\"isPartOf\":{\"@id\":\"https:\/\/www.oarcanjo.net\/site\/comemoracoes-do-centenario-de-nascimento-de-dom-helder-chegam-ao-fim\/\"},\"author\":{\"name\":\"editor\",\"@id\":\"https:\/\/www.oarcanjo.net\/site\/#\/schema\/person\/f7024d007863202483a31326673a0838\"},\"headline\":\"Comemora\u00e7\u00f5es do centen\u00e1rio de nascimento de Dom Helder chegam ao fim\",\"datePublished\":\"2010-02-05T12:28:11+00:00\",\"dateModified\":\"2010-02-05T12:28:11+00:00\",\"mainEntityOfPage\":{\"@id\":\"https:\/\/www.oarcanjo.net\/site\/comemoracoes-do-centenario-de-nascimento-de-dom-helder-chegam-ao-fim\/\"},\"wordCount\":140,\"commentCount\":0,\"publisher\":{\"@id\":\"https:\/\/www.oarcanjo.net\/site\/#organization\"},\"keywords\":[\"Dom Helder Camara\"],\"articleSection\":[\"D. Helder C\u00e2mara\",\"Not\u00edcias\"],\"inLanguage\":\"pt-BR\",\"potentialAction\":[{\"@type\":\"CommentAction\",\"name\":\"Comment\",\"target\":[\"https:\/\/www.oarcanjo.net\/site\/comemoracoes-do-centenario-de-nascimento-de-dom-helder-chegam-ao-fim\/#respond\"]}]},{\"@type\":\"WebPage\",\"@id\":\"https:\/\/www.oarcanjo.net\/site\/comemoracoes-do-centenario-de-nascimento-de-dom-helder-chegam-ao-fim\/\",\"url\":\"https:\/\/www.oarcanjo.net\/site\/comemoracoes-do-centenario-de-nascimento-de-dom-helder-chegam-ao-fim\/\",\"name\":\"Comemora\u00e7\u00f5es do centen\u00e1rio de nascimento de Dom Helder chegam ao fim - O Arcanjo no ar\",\"isPartOf\":{\"@id\":\"https:\/\/www.oarcanjo.net\/site\/#website\"},\"datePublished\":\"2010-02-05T12:28:11+00:00\",\"dateModified\":\"2010-02-05T12:28:11+00:00\",\"breadcrumb\":{\"@id\":\"https:\/\/www.oarcanjo.net\/site\/comemoracoes-do-centenario-de-nascimento-de-dom-helder-chegam-ao-fim\/#breadcrumb\"},\"inLanguage\":\"pt-BR\",\"potentialAction\":[{\"@type\":\"ReadAction\",\"target\":[\"https:\/\/www.oarcanjo.net\/site\/comemoracoes-do-centenario-de-nascimento-de-dom-helder-chegam-ao-fim\/\"]}]},{\"@type\":\"BreadcrumbList\",\"@id\":\"https:\/\/www.oarcanjo.net\/site\/comemoracoes-do-centenario-de-nascimento-de-dom-helder-chegam-ao-fim\/#breadcrumb\",\"itemListElement\":[{\"@type\":\"ListItem\",\"position\":1,\"name\":\"In\u00edcio\",\"item\":\"https:\/\/www.oarcanjo.net\/site\/\"},{\"@type\":\"ListItem\",\"position\":2,\"name\":\"Comemora\u00e7\u00f5es do centen\u00e1rio de nascimento de Dom Helder chegam ao fim\"}]},{\"@type\":\"WebSite\",\"@id\":\"https:\/\/www.oarcanjo.net\/site\/#website\",\"url\":\"https:\/\/www.oarcanjo.net\/site\/\",\"name\":\"O Arcanjo no ar\",\"description\":\"Site da Par\u00f3quia S\u00e3o Miguel Arcanjo (Arquidiocese de SP)\",\"publisher\":{\"@id\":\"https:\/\/www.oarcanjo.net\/site\/#organization\"},\"potentialAction\":[{\"@type\":\"SearchAction\",\"target\":{\"@type\":\"EntryPoint\",\"urlTemplate\":\"https:\/\/www.oarcanjo.net\/site\/?s={search_term_string}\"},\"query-input\":{\"@type\":\"PropertyValueSpecification\",\"valueRequired\":true,\"valueName\":\"search_term_string\"}}],\"inLanguage\":\"pt-BR\"},{\"@type\":\"Organization\",\"@id\":\"https:\/\/www.oarcanjo.net\/site\/#organization\",\"name\":\"Par\u00f3quia S\u00e3o Miguel Arcanjo\",\"url\":\"https:\/\/www.oarcanjo.net\/site\/\",\"logo\":{\"@type\":\"ImageObject\",\"inLanguage\":\"pt-BR\",\"@id\":\"https:\/\/www.oarcanjo.net\/site\/#\/schema\/logo\/image\/\",\"url\":\"https:\/\/www.oarcanjo.net\/site\/wp-content\/uploads\/LogoOArcanjo.png\",\"contentUrl\":\"https:\/\/www.oarcanjo.net\/site\/wp-content\/uploads\/LogoOArcanjo.png\",\"width\":319,\"height\":99,\"caption\":\"Par\u00f3quia S\u00e3o Miguel Arcanjo\"},\"image\":{\"@id\":\"https:\/\/www.oarcanjo.net\/site\/#\/schema\/logo\/image\/\"},\"sameAs\":[\"https:\/\/www.facebook.com\/OArcanjoNoAr\/\"]},{\"@type\":\"Person\",\"@id\":\"https:\/\/www.oarcanjo.net\/site\/#\/schema\/person\/f7024d007863202483a31326673a0838\",\"name\":\"editor\",\"sameAs\":[\"http:\/\/www.oarcanjo.net\"]}]}<\/script>\n<!-- \/ Yoast SEO plugin. -->","yoast_head_json":{"title":"Comemora\u00e7\u00f5es do centen\u00e1rio de nascimento de Dom Helder chegam ao fim - O Arcanjo no ar","robots":{"index":"index","follow":"follow","max-snippet":"max-snippet:-1","max-image-preview":"max-image-preview:large","max-video-preview":"max-video-preview:-1"},"canonical":"https:\/\/www.oarcanjo.net\/site\/comemoracoes-do-centenario-de-nascimento-de-dom-helder-chegam-ao-fim\/","og_locale":"pt_BR","og_type":"article","og_title":"Comemora\u00e7\u00f5es do centen\u00e1rio de nascimento de Dom Helder chegam ao fim - O Arcanjo no ar","og_description":"Acontecer\u00e1 no pr\u00f3ximo domingo (7), a partir das 10h, na Igreja das Fronteiras, em Recife, Pernambuco, uma celebra\u00e7\u00e3o eucar\u00edstica para marcar o encerramento das comemora\u00e7\u00f5es do centen\u00e1rio de nascimento de Dom Helder Camara, que ser\u00e1 presidida pelo Pe. Ernanne Pinheiro, secret\u00e1rio executivo do Centro Nacional de F\u00e9 e Pol\u00edtica Dom Helder Camara, da CNBB. Ap\u00f3s [&hellip;]","og_url":"https:\/\/www.oarcanjo.net\/site\/comemoracoes-do-centenario-de-nascimento-de-dom-helder-chegam-ao-fim\/","og_site_name":"O Arcanjo no ar","article_publisher":"https:\/\/www.facebook.com\/OArcanjoNoAr\/","article_published_time":"2010-02-05T12:28:11+00:00","og_image":[{"width":300,"height":300,"url":"https:\/\/www.oarcanjo.net\/site\/wp-content\/uploads\/logo-o-arcanjo-no-ar-facebook.png","type":"image\/png"}],"author":"editor","twitter_card":"summary_large_image","twitter_misc":{"Escrito por":"editor","Est. tempo de leitura":"1 minuto"},"schema":{"@context":"https:\/\/schema.org","@graph":[{"@type":"Article","@id":"https:\/\/www.oarcanjo.net\/site\/comemoracoes-do-centenario-de-nascimento-de-dom-helder-chegam-ao-fim\/#article","isPartOf":{"@id":"https:\/\/www.oarcanjo.net\/site\/comemoracoes-do-centenario-de-nascimento-de-dom-helder-chegam-ao-fim\/"},"author":{"name":"editor","@id":"https:\/\/www.oarcanjo.net\/site\/#\/schema\/person\/f7024d007863202483a31326673a0838"},"headline":"Comemora\u00e7\u00f5es do centen\u00e1rio de nascimento de Dom Helder chegam ao fim","datePublished":"2010-02-05T12:28:11+00:00","dateModified":"2010-02-05T12:28:11+00:00","mainEntityOfPage":{"@id":"https:\/\/www.oarcanjo.net\/site\/comemoracoes-do-centenario-de-nascimento-de-dom-helder-chegam-ao-fim\/"},"wordCount":140,"commentCount":0,"publisher":{"@id":"https:\/\/www.oarcanjo.net\/site\/#organization"},"keywords":["Dom Helder Camara"],"articleSection":["D. Helder C\u00e2mara","Not\u00edcias"],"inLanguage":"pt-BR","potentialAction":[{"@type":"CommentAction","name":"Comment","target":["https:\/\/www.oarcanjo.net\/site\/comemoracoes-do-centenario-de-nascimento-de-dom-helder-chegam-ao-fim\/#respond"]}]},{"@type":"WebPage","@id":"https:\/\/www.oarcanjo.net\/site\/comemoracoes-do-centenario-de-nascimento-de-dom-helder-chegam-ao-fim\/","url":"https:\/\/www.oarcanjo.net\/site\/comemoracoes-do-centenario-de-nascimento-de-dom-helder-chegam-ao-fim\/","name":"Comemora\u00e7\u00f5es do centen\u00e1rio de nascimento de Dom Helder chegam ao fim - O Arcanjo no ar","isPartOf":{"@id":"https:\/\/www.oarcanjo.net\/site\/#website"},"datePublished":"2010-02-05T12:28:11+00:00","dateModified":"2010-02-05T12:28:11+00:00","breadcrumb":{"@id":"https:\/\/www.oarcanjo.net\/site\/comemoracoes-do-centenario-de-nascimento-de-dom-helder-chegam-ao-fim\/#breadcrumb"},"inLanguage":"pt-BR","potentialAction":[{"@type":"ReadAction","target":["https:\/\/www.oarcanjo.net\/site\/comemoracoes-do-centenario-de-nascimento-de-dom-helder-chegam-ao-fim\/"]}]},{"@type":"BreadcrumbList","@id":"https:\/\/www.oarcanjo.net\/site\/comemoracoes-do-centenario-de-nascimento-de-dom-helder-chegam-ao-fim\/#breadcrumb","itemListElement":[{"@type":"ListItem","position":1,"name":"In\u00edcio","item":"https:\/\/www.oarcanjo.net\/site\/"},{"@type":"ListItem","position":2,"name":"Comemora\u00e7\u00f5es do centen\u00e1rio de nascimento de Dom Helder chegam ao fim"}]},{"@type":"WebSite","@id":"https:\/\/www.oarcanjo.net\/site\/#website","url":"https:\/\/www.oarcanjo.net\/site\/","name":"O Arcanjo no ar","description":"Site da Par\u00f3quia S\u00e3o Miguel Arcanjo (Arquidiocese de SP)","publisher":{"@id":"https:\/\/www.oarcanjo.net\/site\/#organization"},"potentialAction":[{"@type":"SearchAction","target":{"@type":"EntryPoint","urlTemplate":"https:\/\/www.oarcanjo.net\/site\/?s={search_term_string}"},"query-input":{"@type":"PropertyValueSpecification","valueRequired":true,"valueName":"search_term_string"}}],"inLanguage":"pt-BR"},{"@type":"Organization","@id":"https:\/\/www.oarcanjo.net\/site\/#organization","name":"Par\u00f3quia S\u00e3o Miguel Arcanjo","url":"https:\/\/www.oarcanjo.net\/site\/","logo":{"@type":"ImageObject","inLanguage":"pt-BR","@id":"https:\/\/www.oarcanjo.net\/site\/#\/schema\/logo\/image\/","url":"https:\/\/www.oarcanjo.net\/site\/wp-content\/uploads\/LogoOArcanjo.png","contentUrl":"https:\/\/www.oarcanjo.net\/site\/wp-content\/uploads\/LogoOArcanjo.png","width":319,"height":99,"caption":"Par\u00f3quia S\u00e3o Miguel Arcanjo"},"image":{"@id":"https:\/\/www.oarcanjo.net\/site\/#\/schema\/logo\/image\/"},"sameAs":["https:\/\/www.facebook.com\/OArcanjoNoAr\/"]},{"@type":"Person","@id":"https:\/\/www.oarcanjo.net\/site\/#\/schema\/person\/f7024d007863202483a31326673a0838","name":"editor","sameAs":["http:\/\/www.oarcanjo.net"]}]}},"publishpress_future_action":{"enabled":false,"date":"2026-05-07 11:50:52","action":"category","newStatus":"draft","terms":[],"taxonomy":"category"},"publishpress_future_workflow_manual_trigger":{"enabledWorkflows":[]},"_links":{"self":[{"href":"https:\/\/www.oarcanjo.net\/site\/wp-json\/wp\/v2\/posts\/7856"}],"collection":[{"href":"https:\/\/www.oarcanjo.net\/site\/wp-json\/wp\/v2\/posts"}],"about":[{"href":"https:\/\/www.oarcanjo.net\/site\/wp-json\/wp\/v2\/types\/post"}],"author":[{"embeddable":true,"href":"https:\/\/www.oarcanjo.net\/site\/wp-json\/wp\/v2\/users\/5"}],"replies":[{"embeddable":true,"href":"https:\/\/www.oarcanjo.net\/site\/wp-json\/wp\/v2\/comments?post=7856"}],"version-history":[{"count":0,"href":"https:\/\/www.oarcanjo.net\/site\/wp-json\/wp\/v2\/posts\/7856\/revisions"}],"wp:attachment":[{"href":"https:\/\/www.oarcanjo.net\/site\/wp-json\/wp\/v2\/media?parent=7856"}],"wp:term":[{"taxonomy":"category","embeddable":true,"href":"https:\/\/www.oarcanjo.net\/site\/wp-json\/wp\/v2\/categories?post=7856"},{"taxonomy":"post_tag","embeddable":true,"href":"https:\/\/www.oarcanjo.net\/site\/wp-json\/wp\/v2\/tags?post=7856"}],"curies":[{"name":"wp","href":"https:\/\/api.w.org\/{rel}","templated":true}]}}