
{"id":787,"date":"2008-11-30T16:20:07","date_gmt":"2008-11-30T19:20:07","guid":{"rendered":"http:\/\/www.oarcanjo.net\/site\/?p=787"},"modified":"2009-02-24T11:22:26","modified_gmt":"2009-02-24T14:22:26","slug":"carlos-de-foucauld","status":"publish","type":"post","link":"https:\/\/www.oarcanjo.net\/site\/carlos-de-foucauld\/","title":{"rendered":"Carlos de Foucauld"},"content":{"rendered":"<p><img loading=\"lazy\" decoding=\"async\" src=\"http:\/\/www.oarcanjo.net\/site\/wp-content\/uploads\/charlesfoucald.png\" alt=\"Carlos de Foucauld\" title=\"Carlos de Foucauld\" width=\"240\" height=\"344\" class=\"alignnone size-full wp-image-795\" align=\"right\" srcset=\"https:\/\/www.oarcanjo.net\/site\/wp-content\/uploads\/charlesfoucald.png 240w, https:\/\/www.oarcanjo.net\/site\/wp-content\/uploads\/charlesfoucald-209x300.png 209w\" sizes=\"(max-width: 240px) 100vw, 240px\" \/><\/a><\/p>\n<p>O primeiro dia de dezembro nos traz a mem\u00f3ria do mart\u00edrio do Irm\u00e3o Carlos de Foucauld.<\/p>\n<p>A sua presen\u00e7a na vida da Igreja \u00e9 o mist\u00e9rio do amor encarnado na vida dos pobres e pequenos, vida desarmada e desprotegida, vida entregue em suprema confian\u00e7a na vontade de Deus.<\/p>\n<p>Reproduzimos aqui a Ora\u00e7\u00e3o do abandono do Irm\u00e3o Carlos que poder\u00edamos rezar profundamente todos os dias desse Advento.<\/p>\n<p><em>Meu Pai, a v\u00f3s me abandono:<br \/>\nfazei de mim o que quiserdes!<br \/>\nO que de mim fizerdes,<br \/>\neu vos agrade\u00e7o.<br \/>\nEstou pronto para tudo, aceito tudo,<br \/>\ncontanto que a vossa vontade<br \/>\nse fa\u00e7a em mim<br \/>\nem todas as vossas criaturas.<br \/>\nN\u00e3o quero outra coisa, meu Deus.<br \/>\nEntrego minha vida em vossas m\u00e3os,<br \/>\neu vo-la dou, meu Deus.<br \/>\nCom todo o amor do meu cora\u00e7\u00e3o,<br \/>\nporque eu vos amo.<br \/>\nE porque \u00e9 para mim<br \/>\numa necessidade de amor dar-me,<br \/>\nentregar-me em vossas m\u00e3os<br \/>\nsem medida, com infinita confian\u00e7a<br \/>\nporque sois meu Pai.<\/p>\n<p><\/em><\/p>\n<hr \/>\n<p><object width=\"425\" height=\"344\"><param name=\"movie\" value=\"http:\/\/www.youtube.com\/v\/RLwY02kWXXc&#038;hl=pt-br&#038;fs=1\"><\/param><param name=\"allowFullScreen\" value=\"true\"><\/param><param name=\"allowscriptaccess\" value=\"always\"><\/param><embed src=\"http:\/\/www.youtube.com\/v\/RLwY02kWXXc&#038;hl=pt-br&#038;fs=1\" type=\"application\/x-shockwave-flash\" allowscriptaccess=\"always\" allowfullscreen=\"true\" width=\"425\" height=\"344\"><\/embed><\/object><\/p>\n<div id=\"themify_builder_content-787\" data-postid=\"787\" class=\"themify_builder_content themify_builder_content-787 themify_builder themify_builder_front\">\n\t<\/div>\n<!-- \/themify_builder_content -->","protected":false},"excerpt":{"rendered":"<p>O primeiro dia de dezembro nos traz a mem\u00f3ria do mart\u00edrio do Irm\u00e3o Carlos de Foucauld. A sua presen\u00e7a na vida da Igreja \u00e9 o mist\u00e9rio do amor encarnado na vida dos pobres e pequenos, vida desarmada e desprotegida, vida entregue em suprema confian\u00e7a na vontade de Deus. Reproduzimos aqui a Ora\u00e7\u00e3o do abandono do [&hellip;]<\/p>\n","protected":false},"author":4,"featured_media":0,"comment_status":"open","ping_status":"open","sticky":false,"template":"","format":"standard","meta":{"ngg_post_thumbnail":0,"footnotes":""},"categories":[4,280],"tags":[127,14],"yoast_head":"<!-- This site is optimized with the Yoast SEO plugin v23.5 - https:\/\/yoast.com\/wordpress\/plugins\/seo\/ -->\n<title>Carlos de Foucauld - O Arcanjo no ar<\/title>\n<meta name=\"robots\" content=\"index, follow, max-snippet:-1, max-image-preview:large, max-video-preview:-1\" \/>\n<link rel=\"canonical\" href=\"https:\/\/www.oarcanjo.net\/site\/carlos-de-foucauld\/\" \/>\n<meta property=\"og:locale\" content=\"pt_BR\" \/>\n<meta property=\"og:type\" content=\"article\" \/>\n<meta property=\"og:title\" content=\"Carlos de Foucauld - O Arcanjo no ar\" \/>\n<meta property=\"og:description\" content=\"O primeiro dia de dezembro nos traz a mem\u00f3ria do mart\u00edrio do Irm\u00e3o Carlos de Foucauld. A sua presen\u00e7a na vida da Igreja \u00e9 o mist\u00e9rio do amor encarnado na vida dos pobres e pequenos, vida desarmada e desprotegida, vida entregue em suprema confian\u00e7a na vontade de Deus. Reproduzimos aqui a Ora\u00e7\u00e3o do abandono do [&hellip;]\" \/>\n<meta property=\"og:url\" content=\"https:\/\/www.oarcanjo.net\/site\/carlos-de-foucauld\/\" \/>\n<meta property=\"og:site_name\" content=\"O Arcanjo no ar\" \/>\n<meta property=\"article:publisher\" content=\"https:\/\/www.facebook.com\/OArcanjoNoAr\/\" \/>\n<meta property=\"article:published_time\" content=\"2008-11-30T19:20:07+00:00\" \/>\n<meta property=\"article:modified_time\" content=\"2009-02-24T14:22:26+00:00\" \/>\n<meta property=\"og:image\" content=\"http:\/\/www.oarcanjo.net\/site\/wp-content\/uploads\/charlesfoucald.png\" \/>\n<meta name=\"author\" content=\"julio\" \/>\n<meta name=\"twitter:card\" content=\"summary_large_image\" \/>\n<meta name=\"twitter:label1\" content=\"Escrito por\" \/>\n\t<meta name=\"twitter:data1\" content=\"julio\" \/>\n\t<meta name=\"twitter:label2\" content=\"Est. tempo de leitura\" \/>\n\t<meta name=\"twitter:data2\" content=\"1 minuto\" \/>\n<script type=\"application\/ld+json\" class=\"yoast-schema-graph\">{\"@context\":\"https:\/\/schema.org\",\"@graph\":[{\"@type\":\"Article\",\"@id\":\"https:\/\/www.oarcanjo.net\/site\/carlos-de-foucauld\/#article\",\"isPartOf\":{\"@id\":\"https:\/\/www.oarcanjo.net\/site\/carlos-de-foucauld\/\"},\"author\":{\"name\":\"julio\",\"@id\":\"https:\/\/www.oarcanjo.net\/site\/#\/schema\/person\/d78ea01c648c91e29c364b516767079e\"},\"headline\":\"Carlos de Foucauld\",\"datePublished\":\"2008-11-30T19:20:07+00:00\",\"dateModified\":\"2009-02-24T14:22:26+00:00\",\"mainEntityOfPage\":{\"@id\":\"https:\/\/www.oarcanjo.net\/site\/carlos-de-foucauld\/\"},\"wordCount\":175,\"commentCount\":0,\"publisher\":{\"@id\":\"https:\/\/www.oarcanjo.net\/site\/#organization\"},\"image\":{\"@id\":\"https:\/\/www.oarcanjo.net\/site\/carlos-de-foucauld\/#primaryimage\"},\"thumbnailUrl\":\"http:\/\/www.oarcanjo.net\/site\/wp-content\/uploads\/charlesfoucald.png\",\"keywords\":[\"Foucauld\",\"ora\u00e7\u00e3o\"],\"articleSection\":[\"Blog\",\"V\u00eddeos\"],\"inLanguage\":\"pt-BR\",\"potentialAction\":[{\"@type\":\"CommentAction\",\"name\":\"Comment\",\"target\":[\"https:\/\/www.oarcanjo.net\/site\/carlos-de-foucauld\/#respond\"]}]},{\"@type\":\"WebPage\",\"@id\":\"https:\/\/www.oarcanjo.net\/site\/carlos-de-foucauld\/\",\"url\":\"https:\/\/www.oarcanjo.net\/site\/carlos-de-foucauld\/\",\"name\":\"Carlos de Foucauld - O Arcanjo no ar\",\"isPartOf\":{\"@id\":\"https:\/\/www.oarcanjo.net\/site\/#website\"},\"primaryImageOfPage\":{\"@id\":\"https:\/\/www.oarcanjo.net\/site\/carlos-de-foucauld\/#primaryimage\"},\"image\":{\"@id\":\"https:\/\/www.oarcanjo.net\/site\/carlos-de-foucauld\/#primaryimage\"},\"thumbnailUrl\":\"http:\/\/www.oarcanjo.net\/site\/wp-content\/uploads\/charlesfoucald.png\",\"datePublished\":\"2008-11-30T19:20:07+00:00\",\"dateModified\":\"2009-02-24T14:22:26+00:00\",\"breadcrumb\":{\"@id\":\"https:\/\/www.oarcanjo.net\/site\/carlos-de-foucauld\/#breadcrumb\"},\"inLanguage\":\"pt-BR\",\"potentialAction\":[{\"@type\":\"ReadAction\",\"target\":[\"https:\/\/www.oarcanjo.net\/site\/carlos-de-foucauld\/\"]}]},{\"@type\":\"ImageObject\",\"inLanguage\":\"pt-BR\",\"@id\":\"https:\/\/www.oarcanjo.net\/site\/carlos-de-foucauld\/#primaryimage\",\"url\":\"https:\/\/www.oarcanjo.net\/site\/wp-content\/uploads\/charlesfoucald.png\",\"contentUrl\":\"https:\/\/www.oarcanjo.net\/site\/wp-content\/uploads\/charlesfoucald.png\",\"width\":240,\"height\":344},{\"@type\":\"BreadcrumbList\",\"@id\":\"https:\/\/www.oarcanjo.net\/site\/carlos-de-foucauld\/#breadcrumb\",\"itemListElement\":[{\"@type\":\"ListItem\",\"position\":1,\"name\":\"In\u00edcio\",\"item\":\"https:\/\/www.oarcanjo.net\/site\/\"},{\"@type\":\"ListItem\",\"position\":2,\"name\":\"Carlos de Foucauld\"}]},{\"@type\":\"WebSite\",\"@id\":\"https:\/\/www.oarcanjo.net\/site\/#website\",\"url\":\"https:\/\/www.oarcanjo.net\/site\/\",\"name\":\"O Arcanjo no ar\",\"description\":\"Site da Par\u00f3quia S\u00e3o Miguel Arcanjo (Arquidiocese de SP)\",\"publisher\":{\"@id\":\"https:\/\/www.oarcanjo.net\/site\/#organization\"},\"potentialAction\":[{\"@type\":\"SearchAction\",\"target\":{\"@type\":\"EntryPoint\",\"urlTemplate\":\"https:\/\/www.oarcanjo.net\/site\/?s={search_term_string}\"},\"query-input\":{\"@type\":\"PropertyValueSpecification\",\"valueRequired\":true,\"valueName\":\"search_term_string\"}}],\"inLanguage\":\"pt-BR\"},{\"@type\":\"Organization\",\"@id\":\"https:\/\/www.oarcanjo.net\/site\/#organization\",\"name\":\"Par\u00f3quia S\u00e3o Miguel Arcanjo\",\"url\":\"https:\/\/www.oarcanjo.net\/site\/\",\"logo\":{\"@type\":\"ImageObject\",\"inLanguage\":\"pt-BR\",\"@id\":\"https:\/\/www.oarcanjo.net\/site\/#\/schema\/logo\/image\/\",\"url\":\"https:\/\/www.oarcanjo.net\/site\/wp-content\/uploads\/LogoOArcanjo.png\",\"contentUrl\":\"https:\/\/www.oarcanjo.net\/site\/wp-content\/uploads\/LogoOArcanjo.png\",\"width\":319,\"height\":99,\"caption\":\"Par\u00f3quia S\u00e3o Miguel Arcanjo\"},\"image\":{\"@id\":\"https:\/\/www.oarcanjo.net\/site\/#\/schema\/logo\/image\/\"},\"sameAs\":[\"https:\/\/www.facebook.com\/OArcanjoNoAr\/\"]},{\"@type\":\"Person\",\"@id\":\"https:\/\/www.oarcanjo.net\/site\/#\/schema\/person\/d78ea01c648c91e29c364b516767079e\",\"name\":\"julio\",\"sameAs\":[\"http:\/\/www.oarcanjo.net\"]}]}<\/script>\n<!-- \/ Yoast SEO plugin. -->","yoast_head_json":{"title":"Carlos de Foucauld - O Arcanjo no ar","robots":{"index":"index","follow":"follow","max-snippet":"max-snippet:-1","max-image-preview":"max-image-preview:large","max-video-preview":"max-video-preview:-1"},"canonical":"https:\/\/www.oarcanjo.net\/site\/carlos-de-foucauld\/","og_locale":"pt_BR","og_type":"article","og_title":"Carlos de Foucauld - O Arcanjo no ar","og_description":"O primeiro dia de dezembro nos traz a mem\u00f3ria do mart\u00edrio do Irm\u00e3o Carlos de Foucauld. A sua presen\u00e7a na vida da Igreja \u00e9 o mist\u00e9rio do amor encarnado na vida dos pobres e pequenos, vida desarmada e desprotegida, vida entregue em suprema confian\u00e7a na vontade de Deus. Reproduzimos aqui a Ora\u00e7\u00e3o do abandono do [&hellip;]","og_url":"https:\/\/www.oarcanjo.net\/site\/carlos-de-foucauld\/","og_site_name":"O Arcanjo no ar","article_publisher":"https:\/\/www.facebook.com\/OArcanjoNoAr\/","article_published_time":"2008-11-30T19:20:07+00:00","article_modified_time":"2009-02-24T14:22:26+00:00","og_image":[{"url":"http:\/\/www.oarcanjo.net\/site\/wp-content\/uploads\/charlesfoucald.png"}],"author":"julio","twitter_card":"summary_large_image","twitter_misc":{"Escrito por":"julio","Est. tempo de leitura":"1 minuto"},"schema":{"@context":"https:\/\/schema.org","@graph":[{"@type":"Article","@id":"https:\/\/www.oarcanjo.net\/site\/carlos-de-foucauld\/#article","isPartOf":{"@id":"https:\/\/www.oarcanjo.net\/site\/carlos-de-foucauld\/"},"author":{"name":"julio","@id":"https:\/\/www.oarcanjo.net\/site\/#\/schema\/person\/d78ea01c648c91e29c364b516767079e"},"headline":"Carlos de Foucauld","datePublished":"2008-11-30T19:20:07+00:00","dateModified":"2009-02-24T14:22:26+00:00","mainEntityOfPage":{"@id":"https:\/\/www.oarcanjo.net\/site\/carlos-de-foucauld\/"},"wordCount":175,"commentCount":0,"publisher":{"@id":"https:\/\/www.oarcanjo.net\/site\/#organization"},"image":{"@id":"https:\/\/www.oarcanjo.net\/site\/carlos-de-foucauld\/#primaryimage"},"thumbnailUrl":"http:\/\/www.oarcanjo.net\/site\/wp-content\/uploads\/charlesfoucald.png","keywords":["Foucauld","ora\u00e7\u00e3o"],"articleSection":["Blog","V\u00eddeos"],"inLanguage":"pt-BR","potentialAction":[{"@type":"CommentAction","name":"Comment","target":["https:\/\/www.oarcanjo.net\/site\/carlos-de-foucauld\/#respond"]}]},{"@type":"WebPage","@id":"https:\/\/www.oarcanjo.net\/site\/carlos-de-foucauld\/","url":"https:\/\/www.oarcanjo.net\/site\/carlos-de-foucauld\/","name":"Carlos de Foucauld - O Arcanjo no ar","isPartOf":{"@id":"https:\/\/www.oarcanjo.net\/site\/#website"},"primaryImageOfPage":{"@id":"https:\/\/www.oarcanjo.net\/site\/carlos-de-foucauld\/#primaryimage"},"image":{"@id":"https:\/\/www.oarcanjo.net\/site\/carlos-de-foucauld\/#primaryimage"},"thumbnailUrl":"http:\/\/www.oarcanjo.net\/site\/wp-content\/uploads\/charlesfoucald.png","datePublished":"2008-11-30T19:20:07+00:00","dateModified":"2009-02-24T14:22:26+00:00","breadcrumb":{"@id":"https:\/\/www.oarcanjo.net\/site\/carlos-de-foucauld\/#breadcrumb"},"inLanguage":"pt-BR","potentialAction":[{"@type":"ReadAction","target":["https:\/\/www.oarcanjo.net\/site\/carlos-de-foucauld\/"]}]},{"@type":"ImageObject","inLanguage":"pt-BR","@id":"https:\/\/www.oarcanjo.net\/site\/carlos-de-foucauld\/#primaryimage","url":"https:\/\/www.oarcanjo.net\/site\/wp-content\/uploads\/charlesfoucald.png","contentUrl":"https:\/\/www.oarcanjo.net\/site\/wp-content\/uploads\/charlesfoucald.png","width":240,"height":344},{"@type":"BreadcrumbList","@id":"https:\/\/www.oarcanjo.net\/site\/carlos-de-foucauld\/#breadcrumb","itemListElement":[{"@type":"ListItem","position":1,"name":"In\u00edcio","item":"https:\/\/www.oarcanjo.net\/site\/"},{"@type":"ListItem","position":2,"name":"Carlos de Foucauld"}]},{"@type":"WebSite","@id":"https:\/\/www.oarcanjo.net\/site\/#website","url":"https:\/\/www.oarcanjo.net\/site\/","name":"O Arcanjo no ar","description":"Site da Par\u00f3quia S\u00e3o Miguel Arcanjo (Arquidiocese de SP)","publisher":{"@id":"https:\/\/www.oarcanjo.net\/site\/#organization"},"potentialAction":[{"@type":"SearchAction","target":{"@type":"EntryPoint","urlTemplate":"https:\/\/www.oarcanjo.net\/site\/?s={search_term_string}"},"query-input":{"@type":"PropertyValueSpecification","valueRequired":true,"valueName":"search_term_string"}}],"inLanguage":"pt-BR"},{"@type":"Organization","@id":"https:\/\/www.oarcanjo.net\/site\/#organization","name":"Par\u00f3quia S\u00e3o Miguel Arcanjo","url":"https:\/\/www.oarcanjo.net\/site\/","logo":{"@type":"ImageObject","inLanguage":"pt-BR","@id":"https:\/\/www.oarcanjo.net\/site\/#\/schema\/logo\/image\/","url":"https:\/\/www.oarcanjo.net\/site\/wp-content\/uploads\/LogoOArcanjo.png","contentUrl":"https:\/\/www.oarcanjo.net\/site\/wp-content\/uploads\/LogoOArcanjo.png","width":319,"height":99,"caption":"Par\u00f3quia S\u00e3o Miguel Arcanjo"},"image":{"@id":"https:\/\/www.oarcanjo.net\/site\/#\/schema\/logo\/image\/"},"sameAs":["https:\/\/www.facebook.com\/OArcanjoNoAr\/"]},{"@type":"Person","@id":"https:\/\/www.oarcanjo.net\/site\/#\/schema\/person\/d78ea01c648c91e29c364b516767079e","name":"julio","sameAs":["http:\/\/www.oarcanjo.net"]}]}},"publishpress_future_action":{"enabled":false,"date":"2026-05-06 07:25:20","action":"category","newStatus":"draft","terms":[],"taxonomy":"category"},"publishpress_future_workflow_manual_trigger":{"enabledWorkflows":[]},"_links":{"self":[{"href":"https:\/\/www.oarcanjo.net\/site\/wp-json\/wp\/v2\/posts\/787"}],"collection":[{"href":"https:\/\/www.oarcanjo.net\/site\/wp-json\/wp\/v2\/posts"}],"about":[{"href":"https:\/\/www.oarcanjo.net\/site\/wp-json\/wp\/v2\/types\/post"}],"author":[{"embeddable":true,"href":"https:\/\/www.oarcanjo.net\/site\/wp-json\/wp\/v2\/users\/4"}],"replies":[{"embeddable":true,"href":"https:\/\/www.oarcanjo.net\/site\/wp-json\/wp\/v2\/comments?post=787"}],"version-history":[{"count":0,"href":"https:\/\/www.oarcanjo.net\/site\/wp-json\/wp\/v2\/posts\/787\/revisions"}],"wp:attachment":[{"href":"https:\/\/www.oarcanjo.net\/site\/wp-json\/wp\/v2\/media?parent=787"}],"wp:term":[{"taxonomy":"category","embeddable":true,"href":"https:\/\/www.oarcanjo.net\/site\/wp-json\/wp\/v2\/categories?post=787"},{"taxonomy":"post_tag","embeddable":true,"href":"https:\/\/www.oarcanjo.net\/site\/wp-json\/wp\/v2\/tags?post=787"}],"curies":[{"name":"wp","href":"https:\/\/api.w.org\/{rel}","templated":true}]}}