
{"id":78788,"date":"2017-01-08T18:57:33","date_gmt":"2017-01-08T20:57:33","guid":{"rendered":"http:\/\/www.oarcanjo.net\/site\/?p=78788"},"modified":"2017-01-08T19:00:33","modified_gmt":"2017-01-08T21:00:33","slug":"nota-da-cnbb-sobre-o-massacre-no-complexo-penitenciario-de-manaus","status":"publish","type":"post","link":"https:\/\/www.oarcanjo.net\/site\/nota-da-cnbb-sobre-o-massacre-no-complexo-penitenciario-de-manaus\/","title":{"rendered":"Nota da CNBB sobre o massacre no Complexo Penitenci\u00e1rio de Manaus"},"content":{"rendered":"<p><em>Estive na pris\u00e3o e me visitastes (Mt 25,36)<\/em><\/p>\n<p>A Confer\u00eancia Nacional dos Bispos do Brasil \u2013 CNBB, atrav\u00e9s da sua Presid\u00eancia, manifesta seu rep\u00fadio e sua indigna\u00e7\u00e3o diante do massacre de presos ocorrido, no Complexo Penitenci\u00e1rio An\u00edsio Jobim, em Manaus (AM). N\u00f3s nos unimos ao arcebispo de Manaus, Dom S\u00e9rgio Castriani, e \u00e0 Pastoral Carcer\u00e1ria, para reafirmar a defesa incondicional da vida dos encarcerados e a solidariedade com as suas fam\u00edlias. \u201cManifestamos nosso rep\u00fadio contra a mentalidade daqueles que banalizam a vida achando que a mesma \u00e9 descart\u00e1vel e que se pode matar e praticar todo tipo de crime e viol\u00eancia contra os cidad\u00e3os\u201d (Nota P\u00fablica da Arquidiocese de Manaus).<\/p>\n<p>O Papa Francisco, na audi\u00eancia geral desta quarta-feira, 4 de janeiro, referindo-se a esse massacre, afirmou: \u201cRenovo o apelo para que as pris\u00f5es sejam lugares de reeduca\u00e7\u00e3o e reinser\u00e7\u00e3o social, e que as condi\u00e7\u00f5es de vida dos reclusos sejam dignas de pessoas humanas\u201d. Nestes tr\u00eas pilares mencionados pelo Papa, est\u00e3o constru\u00eddas, h\u00e1 muitos anos, a posi\u00e7\u00e3o e solicitude da Igreja, diante da realidade de vida dos encarcerados no Brasil: a reeduca\u00e7\u00e3o, a reinser\u00e7\u00e3o social e o respeito pela dignidade humana.<\/p>\n<p>A Igreja tem oferecido a sua contribui\u00e7\u00e3o para defesa da dignidade dos encarcerados e promo\u00e7\u00e3o da justi\u00e7a social. Por interm\u00e9dio da CNBB, manifesta sua disposi\u00e7\u00e3o de continuar trabalhando, para que se implante uma seguran\u00e7a que proporcione condi\u00e7\u00f5es de vida pac\u00edfica para os cidad\u00e3os e para as comunidades.<\/p>\n<p>A Pastoral Carcer\u00e1ria acompanha as unidades prisionais em todo o Pa\u00eds e tem, reiteradas vezes, chamado a aten\u00e7\u00e3o para os graves problemas do sistema penitenci\u00e1rio: a superlota\u00e7\u00e3o e a falta de estrutura das unidades prisionais, a privatiza\u00e7\u00e3o dos pres\u00eddios, a necess\u00e1ria reeduca\u00e7\u00e3o e reinser\u00e7\u00e3o social dos presos. Nos \u00faltimos anos, a Pastoral Carcer\u00e1ria tem insistido na elabora\u00e7\u00e3o e execu\u00e7\u00e3o de Pol\u00edticas P\u00fablicas que contemplem o revigoramento das Defensorias P\u00fablicas, Ouvidorias e Corregedorias aut\u00f4nomas, bem como o controle externo das pol\u00edticas penitenci\u00e1rias no Pa\u00eds.<\/p>\n<p>Pedimos \u00e0s autoridades competentes a rigorosa apura\u00e7\u00e3o dessa trag\u00e9dia, na sua complexidade conjuntural e estrutural, e, acima de tudo, a busca de um sistema penitenci\u00e1rio mais justo, digno e humano.<\/p>\n<p>Solid\u00e1rios com as fam\u00edlias das v\u00edtimas desse massacre, rezemos, com o Papa Francisco, \u201cpelos detentos mortos e vivos, e tamb\u00e9m por todos os encarcerados do mundo, para que as pris\u00f5es sejam para reinserir e n\u00e3o sejam superlotadas\u201d.<\/p>\n<p>Bras\u00edlia-DF, 4 de janeiro de 2017<\/p>\n<p>Dom Sergio da Rocha<br \/>\nCardeal Arcebispo de Bras\u00edlia<br \/>\nPresidente da CNBB &nbsp;<\/p>\n<p>Dom Murilo Sebasti\u00e3o Ramos Krieger<br \/>\nArcebispo de S\u00e3o Salvador da Bahia<br \/>\nVice-Presidente da CNBB<\/p>\n<p>Dom Leonardo Ulrich Steiner<br \/>\nBispo Auxiliar de Bras\u00edlia<br \/>\nSecret\u00e1rio-Geral da CNBB<\/p>\n<div id=\"themify_builder_content-78788\" data-postid=\"78788\" class=\"themify_builder_content themify_builder_content-78788 themify_builder themify_builder_front\">\n\t<\/div>\n<!-- \/themify_builder_content -->","protected":false},"excerpt":{"rendered":"<p>Estive na pris\u00e3o e me visitastes (Mt 25,36) A Confer\u00eancia Nacional dos Bispos do Brasil \u2013 CNBB, atrav\u00e9s da sua Presid\u00eancia, manifesta seu rep\u00fadio e sua indigna\u00e7\u00e3o diante do massacre de presos ocorrido, no Complexo Penitenci\u00e1rio An\u00edsio Jobim, em Manaus (AM). N\u00f3s nos unimos ao arcebispo de Manaus, Dom S\u00e9rgio Castriani, e \u00e0 Pastoral Carcer\u00e1ria, [&hellip;]<\/p>\n","protected":false},"author":5,"featured_media":0,"comment_status":"open","ping_status":"open","sticky":false,"template":"","format":"standard","meta":{"ngg_post_thumbnail":0,"footnotes":""},"categories":[9],"tags":[],"yoast_head":"<!-- This site is optimized with the Yoast SEO plugin v23.5 - https:\/\/yoast.com\/wordpress\/plugins\/seo\/ -->\n<title>Nota da CNBB sobre o massacre no Complexo Penitenci\u00e1rio de Manaus - O Arcanjo no ar<\/title>\n<meta name=\"robots\" content=\"index, follow, max-snippet:-1, max-image-preview:large, max-video-preview:-1\" \/>\n<link rel=\"canonical\" href=\"https:\/\/www.oarcanjo.net\/site\/nota-da-cnbb-sobre-o-massacre-no-complexo-penitenciario-de-manaus\/\" \/>\n<meta property=\"og:locale\" content=\"pt_BR\" \/>\n<meta property=\"og:type\" content=\"article\" \/>\n<meta property=\"og:title\" content=\"Nota da CNBB sobre o massacre no Complexo Penitenci\u00e1rio de Manaus - O Arcanjo no ar\" \/>\n<meta property=\"og:description\" content=\"Estive na pris\u00e3o e me visitastes (Mt 25,36) A Confer\u00eancia Nacional dos Bispos do Brasil \u2013 CNBB, atrav\u00e9s da sua Presid\u00eancia, manifesta seu rep\u00fadio e sua indigna\u00e7\u00e3o diante do massacre de presos ocorrido, no Complexo Penitenci\u00e1rio An\u00edsio Jobim, em Manaus (AM). N\u00f3s nos unimos ao arcebispo de Manaus, Dom S\u00e9rgio Castriani, e \u00e0 Pastoral Carcer\u00e1ria, [&hellip;]\" \/>\n<meta property=\"og:url\" content=\"https:\/\/www.oarcanjo.net\/site\/nota-da-cnbb-sobre-o-massacre-no-complexo-penitenciario-de-manaus\/\" \/>\n<meta property=\"og:site_name\" content=\"O Arcanjo no ar\" \/>\n<meta property=\"article:publisher\" content=\"https:\/\/www.facebook.com\/OArcanjoNoAr\/\" \/>\n<meta property=\"article:published_time\" content=\"2017-01-08T20:57:33+00:00\" \/>\n<meta property=\"article:modified_time\" content=\"2017-01-08T21:00:33+00:00\" \/>\n<meta property=\"og:image\" content=\"https:\/\/www.oarcanjo.net\/site\/wp-content\/uploads\/logo-o-arcanjo-no-ar-facebook.png\" \/>\n\t<meta property=\"og:image:width\" content=\"300\" \/>\n\t<meta property=\"og:image:height\" content=\"300\" \/>\n\t<meta property=\"og:image:type\" content=\"image\/png\" \/>\n<meta name=\"author\" content=\"editor\" \/>\n<meta name=\"twitter:card\" content=\"summary_large_image\" \/>\n<meta name=\"twitter:label1\" content=\"Escrito por\" \/>\n\t<meta name=\"twitter:data1\" content=\"editor\" \/>\n\t<meta name=\"twitter:label2\" content=\"Est. tempo de leitura\" \/>\n\t<meta name=\"twitter:data2\" content=\"2 minutos\" \/>\n<script type=\"application\/ld+json\" class=\"yoast-schema-graph\">{\"@context\":\"https:\/\/schema.org\",\"@graph\":[{\"@type\":\"Article\",\"@id\":\"https:\/\/www.oarcanjo.net\/site\/nota-da-cnbb-sobre-o-massacre-no-complexo-penitenciario-de-manaus\/#article\",\"isPartOf\":{\"@id\":\"https:\/\/www.oarcanjo.net\/site\/nota-da-cnbb-sobre-o-massacre-no-complexo-penitenciario-de-manaus\/\"},\"author\":{\"name\":\"editor\",\"@id\":\"https:\/\/www.oarcanjo.net\/site\/#\/schema\/person\/f7024d007863202483a31326673a0838\"},\"headline\":\"Nota da CNBB sobre o massacre no Complexo Penitenci\u00e1rio de Manaus\",\"datePublished\":\"2017-01-08T20:57:33+00:00\",\"dateModified\":\"2017-01-08T21:00:33+00:00\",\"mainEntityOfPage\":{\"@id\":\"https:\/\/www.oarcanjo.net\/site\/nota-da-cnbb-sobre-o-massacre-no-complexo-penitenciario-de-manaus\/\"},\"wordCount\":507,\"commentCount\":0,\"publisher\":{\"@id\":\"https:\/\/www.oarcanjo.net\/site\/#organization\"},\"articleSection\":[\"Reflex\u00f5es\"],\"inLanguage\":\"pt-BR\",\"potentialAction\":[{\"@type\":\"CommentAction\",\"name\":\"Comment\",\"target\":[\"https:\/\/www.oarcanjo.net\/site\/nota-da-cnbb-sobre-o-massacre-no-complexo-penitenciario-de-manaus\/#respond\"]}]},{\"@type\":\"WebPage\",\"@id\":\"https:\/\/www.oarcanjo.net\/site\/nota-da-cnbb-sobre-o-massacre-no-complexo-penitenciario-de-manaus\/\",\"url\":\"https:\/\/www.oarcanjo.net\/site\/nota-da-cnbb-sobre-o-massacre-no-complexo-penitenciario-de-manaus\/\",\"name\":\"Nota da CNBB sobre o massacre no Complexo Penitenci\u00e1rio de Manaus - O Arcanjo no ar\",\"isPartOf\":{\"@id\":\"https:\/\/www.oarcanjo.net\/site\/#website\"},\"datePublished\":\"2017-01-08T20:57:33+00:00\",\"dateModified\":\"2017-01-08T21:00:33+00:00\",\"breadcrumb\":{\"@id\":\"https:\/\/www.oarcanjo.net\/site\/nota-da-cnbb-sobre-o-massacre-no-complexo-penitenciario-de-manaus\/#breadcrumb\"},\"inLanguage\":\"pt-BR\",\"potentialAction\":[{\"@type\":\"ReadAction\",\"target\":[\"https:\/\/www.oarcanjo.net\/site\/nota-da-cnbb-sobre-o-massacre-no-complexo-penitenciario-de-manaus\/\"]}]},{\"@type\":\"BreadcrumbList\",\"@id\":\"https:\/\/www.oarcanjo.net\/site\/nota-da-cnbb-sobre-o-massacre-no-complexo-penitenciario-de-manaus\/#breadcrumb\",\"itemListElement\":[{\"@type\":\"ListItem\",\"position\":1,\"name\":\"In\u00edcio\",\"item\":\"https:\/\/www.oarcanjo.net\/site\/\"},{\"@type\":\"ListItem\",\"position\":2,\"name\":\"Nota da CNBB sobre o massacre no Complexo Penitenci\u00e1rio de Manaus\"}]},{\"@type\":\"WebSite\",\"@id\":\"https:\/\/www.oarcanjo.net\/site\/#website\",\"url\":\"https:\/\/www.oarcanjo.net\/site\/\",\"name\":\"O Arcanjo no ar\",\"description\":\"Site da Par\u00f3quia S\u00e3o Miguel Arcanjo (Arquidiocese de SP)\",\"publisher\":{\"@id\":\"https:\/\/www.oarcanjo.net\/site\/#organization\"},\"potentialAction\":[{\"@type\":\"SearchAction\",\"target\":{\"@type\":\"EntryPoint\",\"urlTemplate\":\"https:\/\/www.oarcanjo.net\/site\/?s={search_term_string}\"},\"query-input\":{\"@type\":\"PropertyValueSpecification\",\"valueRequired\":true,\"valueName\":\"search_term_string\"}}],\"inLanguage\":\"pt-BR\"},{\"@type\":\"Organization\",\"@id\":\"https:\/\/www.oarcanjo.net\/site\/#organization\",\"name\":\"Par\u00f3quia S\u00e3o Miguel Arcanjo\",\"url\":\"https:\/\/www.oarcanjo.net\/site\/\",\"logo\":{\"@type\":\"ImageObject\",\"inLanguage\":\"pt-BR\",\"@id\":\"https:\/\/www.oarcanjo.net\/site\/#\/schema\/logo\/image\/\",\"url\":\"https:\/\/www.oarcanjo.net\/site\/wp-content\/uploads\/LogoOArcanjo.png\",\"contentUrl\":\"https:\/\/www.oarcanjo.net\/site\/wp-content\/uploads\/LogoOArcanjo.png\",\"width\":319,\"height\":99,\"caption\":\"Par\u00f3quia S\u00e3o Miguel Arcanjo\"},\"image\":{\"@id\":\"https:\/\/www.oarcanjo.net\/site\/#\/schema\/logo\/image\/\"},\"sameAs\":[\"https:\/\/www.facebook.com\/OArcanjoNoAr\/\"]},{\"@type\":\"Person\",\"@id\":\"https:\/\/www.oarcanjo.net\/site\/#\/schema\/person\/f7024d007863202483a31326673a0838\",\"name\":\"editor\",\"sameAs\":[\"http:\/\/www.oarcanjo.net\"]}]}<\/script>\n<!-- \/ Yoast SEO plugin. -->","yoast_head_json":{"title":"Nota da CNBB sobre o massacre no Complexo Penitenci\u00e1rio de Manaus - O Arcanjo no ar","robots":{"index":"index","follow":"follow","max-snippet":"max-snippet:-1","max-image-preview":"max-image-preview:large","max-video-preview":"max-video-preview:-1"},"canonical":"https:\/\/www.oarcanjo.net\/site\/nota-da-cnbb-sobre-o-massacre-no-complexo-penitenciario-de-manaus\/","og_locale":"pt_BR","og_type":"article","og_title":"Nota da CNBB sobre o massacre no Complexo Penitenci\u00e1rio de Manaus - O Arcanjo no ar","og_description":"Estive na pris\u00e3o e me visitastes (Mt 25,36) A Confer\u00eancia Nacional dos Bispos do Brasil \u2013 CNBB, atrav\u00e9s da sua Presid\u00eancia, manifesta seu rep\u00fadio e sua indigna\u00e7\u00e3o diante do massacre de presos ocorrido, no Complexo Penitenci\u00e1rio An\u00edsio Jobim, em Manaus (AM). N\u00f3s nos unimos ao arcebispo de Manaus, Dom S\u00e9rgio Castriani, e \u00e0 Pastoral Carcer\u00e1ria, [&hellip;]","og_url":"https:\/\/www.oarcanjo.net\/site\/nota-da-cnbb-sobre-o-massacre-no-complexo-penitenciario-de-manaus\/","og_site_name":"O Arcanjo no ar","article_publisher":"https:\/\/www.facebook.com\/OArcanjoNoAr\/","article_published_time":"2017-01-08T20:57:33+00:00","article_modified_time":"2017-01-08T21:00:33+00:00","og_image":[{"width":300,"height":300,"url":"https:\/\/www.oarcanjo.net\/site\/wp-content\/uploads\/logo-o-arcanjo-no-ar-facebook.png","type":"image\/png"}],"author":"editor","twitter_card":"summary_large_image","twitter_misc":{"Escrito por":"editor","Est. tempo de leitura":"2 minutos"},"schema":{"@context":"https:\/\/schema.org","@graph":[{"@type":"Article","@id":"https:\/\/www.oarcanjo.net\/site\/nota-da-cnbb-sobre-o-massacre-no-complexo-penitenciario-de-manaus\/#article","isPartOf":{"@id":"https:\/\/www.oarcanjo.net\/site\/nota-da-cnbb-sobre-o-massacre-no-complexo-penitenciario-de-manaus\/"},"author":{"name":"editor","@id":"https:\/\/www.oarcanjo.net\/site\/#\/schema\/person\/f7024d007863202483a31326673a0838"},"headline":"Nota da CNBB sobre o massacre no Complexo Penitenci\u00e1rio de Manaus","datePublished":"2017-01-08T20:57:33+00:00","dateModified":"2017-01-08T21:00:33+00:00","mainEntityOfPage":{"@id":"https:\/\/www.oarcanjo.net\/site\/nota-da-cnbb-sobre-o-massacre-no-complexo-penitenciario-de-manaus\/"},"wordCount":507,"commentCount":0,"publisher":{"@id":"https:\/\/www.oarcanjo.net\/site\/#organization"},"articleSection":["Reflex\u00f5es"],"inLanguage":"pt-BR","potentialAction":[{"@type":"CommentAction","name":"Comment","target":["https:\/\/www.oarcanjo.net\/site\/nota-da-cnbb-sobre-o-massacre-no-complexo-penitenciario-de-manaus\/#respond"]}]},{"@type":"WebPage","@id":"https:\/\/www.oarcanjo.net\/site\/nota-da-cnbb-sobre-o-massacre-no-complexo-penitenciario-de-manaus\/","url":"https:\/\/www.oarcanjo.net\/site\/nota-da-cnbb-sobre-o-massacre-no-complexo-penitenciario-de-manaus\/","name":"Nota da CNBB sobre o massacre no Complexo Penitenci\u00e1rio de Manaus - O Arcanjo no ar","isPartOf":{"@id":"https:\/\/www.oarcanjo.net\/site\/#website"},"datePublished":"2017-01-08T20:57:33+00:00","dateModified":"2017-01-08T21:00:33+00:00","breadcrumb":{"@id":"https:\/\/www.oarcanjo.net\/site\/nota-da-cnbb-sobre-o-massacre-no-complexo-penitenciario-de-manaus\/#breadcrumb"},"inLanguage":"pt-BR","potentialAction":[{"@type":"ReadAction","target":["https:\/\/www.oarcanjo.net\/site\/nota-da-cnbb-sobre-o-massacre-no-complexo-penitenciario-de-manaus\/"]}]},{"@type":"BreadcrumbList","@id":"https:\/\/www.oarcanjo.net\/site\/nota-da-cnbb-sobre-o-massacre-no-complexo-penitenciario-de-manaus\/#breadcrumb","itemListElement":[{"@type":"ListItem","position":1,"name":"In\u00edcio","item":"https:\/\/www.oarcanjo.net\/site\/"},{"@type":"ListItem","position":2,"name":"Nota da CNBB sobre o massacre no Complexo Penitenci\u00e1rio de Manaus"}]},{"@type":"WebSite","@id":"https:\/\/www.oarcanjo.net\/site\/#website","url":"https:\/\/www.oarcanjo.net\/site\/","name":"O Arcanjo no ar","description":"Site da Par\u00f3quia S\u00e3o Miguel Arcanjo (Arquidiocese de SP)","publisher":{"@id":"https:\/\/www.oarcanjo.net\/site\/#organization"},"potentialAction":[{"@type":"SearchAction","target":{"@type":"EntryPoint","urlTemplate":"https:\/\/www.oarcanjo.net\/site\/?s={search_term_string}"},"query-input":{"@type":"PropertyValueSpecification","valueRequired":true,"valueName":"search_term_string"}}],"inLanguage":"pt-BR"},{"@type":"Organization","@id":"https:\/\/www.oarcanjo.net\/site\/#organization","name":"Par\u00f3quia S\u00e3o Miguel Arcanjo","url":"https:\/\/www.oarcanjo.net\/site\/","logo":{"@type":"ImageObject","inLanguage":"pt-BR","@id":"https:\/\/www.oarcanjo.net\/site\/#\/schema\/logo\/image\/","url":"https:\/\/www.oarcanjo.net\/site\/wp-content\/uploads\/LogoOArcanjo.png","contentUrl":"https:\/\/www.oarcanjo.net\/site\/wp-content\/uploads\/LogoOArcanjo.png","width":319,"height":99,"caption":"Par\u00f3quia S\u00e3o Miguel Arcanjo"},"image":{"@id":"https:\/\/www.oarcanjo.net\/site\/#\/schema\/logo\/image\/"},"sameAs":["https:\/\/www.facebook.com\/OArcanjoNoAr\/"]},{"@type":"Person","@id":"https:\/\/www.oarcanjo.net\/site\/#\/schema\/person\/f7024d007863202483a31326673a0838","name":"editor","sameAs":["http:\/\/www.oarcanjo.net"]}]}},"publishpress_future_action":{"enabled":false,"date":"2026-05-08 15:12:48","action":"category","newStatus":"draft","terms":[],"taxonomy":"category"},"publishpress_future_workflow_manual_trigger":{"enabledWorkflows":[]},"_links":{"self":[{"href":"https:\/\/www.oarcanjo.net\/site\/wp-json\/wp\/v2\/posts\/78788"}],"collection":[{"href":"https:\/\/www.oarcanjo.net\/site\/wp-json\/wp\/v2\/posts"}],"about":[{"href":"https:\/\/www.oarcanjo.net\/site\/wp-json\/wp\/v2\/types\/post"}],"author":[{"embeddable":true,"href":"https:\/\/www.oarcanjo.net\/site\/wp-json\/wp\/v2\/users\/5"}],"replies":[{"embeddable":true,"href":"https:\/\/www.oarcanjo.net\/site\/wp-json\/wp\/v2\/comments?post=78788"}],"version-history":[{"count":0,"href":"https:\/\/www.oarcanjo.net\/site\/wp-json\/wp\/v2\/posts\/78788\/revisions"}],"wp:attachment":[{"href":"https:\/\/www.oarcanjo.net\/site\/wp-json\/wp\/v2\/media?parent=78788"}],"wp:term":[{"taxonomy":"category","embeddable":true,"href":"https:\/\/www.oarcanjo.net\/site\/wp-json\/wp\/v2\/categories?post=78788"},{"taxonomy":"post_tag","embeddable":true,"href":"https:\/\/www.oarcanjo.net\/site\/wp-json\/wp\/v2\/tags?post=78788"}],"curies":[{"name":"wp","href":"https:\/\/api.w.org\/{rel}","templated":true}]}}