
{"id":78793,"date":"2017-01-14T13:23:41","date_gmt":"2017-01-14T15:23:41","guid":{"rendered":"http:\/\/www.oarcanjo.net\/site\/?p=78793"},"modified":"2017-01-14T13:24:29","modified_gmt":"2017-01-14T15:24:29","slug":"entrevista-do-pe-julio-ao-reporter-sao-paulo-da-tv-brasil","status":"publish","type":"post","link":"https:\/\/www.oarcanjo.net\/site\/entrevista-do-pe-julio-ao-reporter-sao-paulo-da-tv-brasil\/","title":{"rendered":"Entrevista do Pe. Julio ao &#8220;Rep\u00f3rter S\u00e3o Paulo&#8221;, da TV Brasil"},"content":{"rendered":"<p>Pelo menos 20 mil pessoas vivem nas ruas de S\u00e3o Paulo, segundo a Pastoral do Povo da Rua. Esse n\u00famero vem aumentando e as a\u00e7\u00f5es dos governos n\u00e3o t\u00eam sido suficientes para enfrentar a complexidade dos problemas. Para o Pe. Julio, \u00e9 preciso ouvir as pessoas e gerar respostas \u00e1geis, sem burocracia e principalmente sem viol\u00eancia. Comentando o programa chamado de \u201cCidade Linda\u201d, da nova gest\u00e3o da Prefeitura de S\u00e3o Paulo, ele afirmou que \u201ca lindeza da cidade s\u00e3o as pessoas, mesmo que elas estejam momentaneamente desfiguradas ou machucadas\u201d. Acompanhe a entrevista do Pe. Julio \u00e0 TV Brasil:<\/p>\n<p><iframe loading=\"lazy\" width=\"700\" height=\"394\" src=\"https:\/\/www.youtube.com\/embed\/6M_7BcJwA34?rel=0\" frameborder=\"0\" allowfullscreen><\/iframe><\/p>\n<p>Entrevista feita ao vivo no jornal &#8220;Rep\u00f3rter S\u00e3o Paulo&#8221;, da TV Brasil, em 10\/01\/2017<\/p>\n<div id=\"themify_builder_content-78793\" data-postid=\"78793\" class=\"themify_builder_content themify_builder_content-78793 themify_builder themify_builder_front\">\n\t<\/div>\n<!-- \/themify_builder_content -->","protected":false},"excerpt":{"rendered":"<p>Pelo menos 20 mil pessoas vivem nas ruas de S\u00e3o Paulo e \u00e9 preciso ouvir essas pessoas para obter respostas \u00e1geis, sem burocracia e principalmente sem viol\u00eancia<\/p>\n","protected":false},"author":5,"featured_media":78794,"comment_status":"open","ping_status":"open","sticky":false,"template":"","format":"standard","meta":{"ngg_post_thumbnail":0,"footnotes":""},"categories":[3,8,280],"tags":[],"yoast_head":"<!-- This site is optimized with the Yoast SEO plugin v23.5 - https:\/\/yoast.com\/wordpress\/plugins\/seo\/ -->\n<title>Entrevista do Pe. Julio ao &quot;Rep\u00f3rter S\u00e3o Paulo&quot;, da TV Brasil - O Arcanjo no ar<\/title>\n<meta name=\"robots\" content=\"index, follow, max-snippet:-1, max-image-preview:large, max-video-preview:-1\" \/>\n<link rel=\"canonical\" href=\"https:\/\/www.oarcanjo.net\/site\/entrevista-do-pe-julio-ao-reporter-sao-paulo-da-tv-brasil\/\" \/>\n<meta property=\"og:locale\" content=\"pt_BR\" \/>\n<meta property=\"og:type\" content=\"article\" \/>\n<meta property=\"og:title\" content=\"Entrevista do Pe. Julio ao &quot;Rep\u00f3rter S\u00e3o Paulo&quot;, da TV Brasil - O Arcanjo no ar\" \/>\n<meta property=\"og:description\" content=\"Pelo menos 20 mil pessoas vivem nas ruas de S\u00e3o Paulo e \u00e9 preciso ouvir essas pessoas para obter respostas \u00e1geis, sem burocracia e principalmente sem viol\u00eancia\" \/>\n<meta property=\"og:url\" content=\"https:\/\/www.oarcanjo.net\/site\/entrevista-do-pe-julio-ao-reporter-sao-paulo-da-tv-brasil\/\" \/>\n<meta property=\"og:site_name\" content=\"O Arcanjo no ar\" \/>\n<meta property=\"article:publisher\" content=\"https:\/\/www.facebook.com\/OArcanjoNoAr\/\" \/>\n<meta property=\"article:published_time\" content=\"2017-01-14T15:23:41+00:00\" \/>\n<meta property=\"article:modified_time\" content=\"2017-01-14T15:24:29+00:00\" \/>\n<meta property=\"og:image\" content=\"https:\/\/www.oarcanjo.net\/site\/wp-content\/uploads\/20170114JulioTBRasil.png\" \/>\n\t<meta property=\"og:image:width\" content=\"752\" \/>\n\t<meta property=\"og:image:height\" content=\"405\" \/>\n\t<meta property=\"og:image:type\" content=\"image\/png\" \/>\n<meta name=\"author\" content=\"editor\" \/>\n<meta name=\"twitter:card\" content=\"summary_large_image\" \/>\n<meta name=\"twitter:label1\" content=\"Escrito por\" \/>\n\t<meta name=\"twitter:data1\" content=\"editor\" \/>\n\t<meta name=\"twitter:label2\" content=\"Est. tempo de leitura\" \/>\n\t<meta name=\"twitter:data2\" content=\"1 minuto\" \/>\n<script type=\"application\/ld+json\" class=\"yoast-schema-graph\">{\"@context\":\"https:\/\/schema.org\",\"@graph\":[{\"@type\":\"Article\",\"@id\":\"https:\/\/www.oarcanjo.net\/site\/entrevista-do-pe-julio-ao-reporter-sao-paulo-da-tv-brasil\/#article\",\"isPartOf\":{\"@id\":\"https:\/\/www.oarcanjo.net\/site\/entrevista-do-pe-julio-ao-reporter-sao-paulo-da-tv-brasil\/\"},\"author\":{\"name\":\"editor\",\"@id\":\"https:\/\/www.oarcanjo.net\/site\/#\/schema\/person\/f7024d007863202483a31326673a0838\"},\"headline\":\"Entrevista do Pe. Julio ao &#8220;Rep\u00f3rter S\u00e3o Paulo&#8221;, da TV Brasil\",\"datePublished\":\"2017-01-14T15:23:41+00:00\",\"dateModified\":\"2017-01-14T15:24:29+00:00\",\"mainEntityOfPage\":{\"@id\":\"https:\/\/www.oarcanjo.net\/site\/entrevista-do-pe-julio-ao-reporter-sao-paulo-da-tv-brasil\/\"},\"wordCount\":132,\"commentCount\":0,\"publisher\":{\"@id\":\"https:\/\/www.oarcanjo.net\/site\/#organization\"},\"image\":{\"@id\":\"https:\/\/www.oarcanjo.net\/site\/entrevista-do-pe-julio-ao-reporter-sao-paulo-da-tv-brasil\/#primaryimage\"},\"thumbnailUrl\":\"https:\/\/www.oarcanjo.net\/site\/wp-content\/uploads\/20170114JulioTBRasil.png\",\"articleSection\":[\"Destaques\",\"Not\u00edcias\",\"V\u00eddeos\"],\"inLanguage\":\"pt-BR\",\"potentialAction\":[{\"@type\":\"CommentAction\",\"name\":\"Comment\",\"target\":[\"https:\/\/www.oarcanjo.net\/site\/entrevista-do-pe-julio-ao-reporter-sao-paulo-da-tv-brasil\/#respond\"]}]},{\"@type\":\"WebPage\",\"@id\":\"https:\/\/www.oarcanjo.net\/site\/entrevista-do-pe-julio-ao-reporter-sao-paulo-da-tv-brasil\/\",\"url\":\"https:\/\/www.oarcanjo.net\/site\/entrevista-do-pe-julio-ao-reporter-sao-paulo-da-tv-brasil\/\",\"name\":\"Entrevista do Pe. Julio ao \\\"Rep\u00f3rter S\u00e3o Paulo\\\", da TV Brasil - O Arcanjo no ar\",\"isPartOf\":{\"@id\":\"https:\/\/www.oarcanjo.net\/site\/#website\"},\"primaryImageOfPage\":{\"@id\":\"https:\/\/www.oarcanjo.net\/site\/entrevista-do-pe-julio-ao-reporter-sao-paulo-da-tv-brasil\/#primaryimage\"},\"image\":{\"@id\":\"https:\/\/www.oarcanjo.net\/site\/entrevista-do-pe-julio-ao-reporter-sao-paulo-da-tv-brasil\/#primaryimage\"},\"thumbnailUrl\":\"https:\/\/www.oarcanjo.net\/site\/wp-content\/uploads\/20170114JulioTBRasil.png\",\"datePublished\":\"2017-01-14T15:23:41+00:00\",\"dateModified\":\"2017-01-14T15:24:29+00:00\",\"breadcrumb\":{\"@id\":\"https:\/\/www.oarcanjo.net\/site\/entrevista-do-pe-julio-ao-reporter-sao-paulo-da-tv-brasil\/#breadcrumb\"},\"inLanguage\":\"pt-BR\",\"potentialAction\":[{\"@type\":\"ReadAction\",\"target\":[\"https:\/\/www.oarcanjo.net\/site\/entrevista-do-pe-julio-ao-reporter-sao-paulo-da-tv-brasil\/\"]}]},{\"@type\":\"ImageObject\",\"inLanguage\":\"pt-BR\",\"@id\":\"https:\/\/www.oarcanjo.net\/site\/entrevista-do-pe-julio-ao-reporter-sao-paulo-da-tv-brasil\/#primaryimage\",\"url\":\"https:\/\/www.oarcanjo.net\/site\/wp-content\/uploads\/20170114JulioTBRasil.png\",\"contentUrl\":\"https:\/\/www.oarcanjo.net\/site\/wp-content\/uploads\/20170114JulioTBRasil.png\",\"width\":752,\"height\":405},{\"@type\":\"BreadcrumbList\",\"@id\":\"https:\/\/www.oarcanjo.net\/site\/entrevista-do-pe-julio-ao-reporter-sao-paulo-da-tv-brasil\/#breadcrumb\",\"itemListElement\":[{\"@type\":\"ListItem\",\"position\":1,\"name\":\"In\u00edcio\",\"item\":\"https:\/\/www.oarcanjo.net\/site\/\"},{\"@type\":\"ListItem\",\"position\":2,\"name\":\"Entrevista do Pe. Julio ao &#8220;Rep\u00f3rter S\u00e3o Paulo&#8221;, da TV Brasil\"}]},{\"@type\":\"WebSite\",\"@id\":\"https:\/\/www.oarcanjo.net\/site\/#website\",\"url\":\"https:\/\/www.oarcanjo.net\/site\/\",\"name\":\"O Arcanjo no ar\",\"description\":\"Site da Par\u00f3quia S\u00e3o Miguel Arcanjo (Arquidiocese de SP)\",\"publisher\":{\"@id\":\"https:\/\/www.oarcanjo.net\/site\/#organization\"},\"potentialAction\":[{\"@type\":\"SearchAction\",\"target\":{\"@type\":\"EntryPoint\",\"urlTemplate\":\"https:\/\/www.oarcanjo.net\/site\/?s={search_term_string}\"},\"query-input\":{\"@type\":\"PropertyValueSpecification\",\"valueRequired\":true,\"valueName\":\"search_term_string\"}}],\"inLanguage\":\"pt-BR\"},{\"@type\":\"Organization\",\"@id\":\"https:\/\/www.oarcanjo.net\/site\/#organization\",\"name\":\"Par\u00f3quia S\u00e3o Miguel Arcanjo\",\"url\":\"https:\/\/www.oarcanjo.net\/site\/\",\"logo\":{\"@type\":\"ImageObject\",\"inLanguage\":\"pt-BR\",\"@id\":\"https:\/\/www.oarcanjo.net\/site\/#\/schema\/logo\/image\/\",\"url\":\"https:\/\/www.oarcanjo.net\/site\/wp-content\/uploads\/LogoOArcanjo.png\",\"contentUrl\":\"https:\/\/www.oarcanjo.net\/site\/wp-content\/uploads\/LogoOArcanjo.png\",\"width\":319,\"height\":99,\"caption\":\"Par\u00f3quia S\u00e3o Miguel Arcanjo\"},\"image\":{\"@id\":\"https:\/\/www.oarcanjo.net\/site\/#\/schema\/logo\/image\/\"},\"sameAs\":[\"https:\/\/www.facebook.com\/OArcanjoNoAr\/\"]},{\"@type\":\"Person\",\"@id\":\"https:\/\/www.oarcanjo.net\/site\/#\/schema\/person\/f7024d007863202483a31326673a0838\",\"name\":\"editor\",\"sameAs\":[\"http:\/\/www.oarcanjo.net\"]}]}<\/script>\n<!-- \/ Yoast SEO plugin. -->","yoast_head_json":{"title":"Entrevista do Pe. Julio ao \"Rep\u00f3rter S\u00e3o Paulo\", da TV Brasil - O Arcanjo no ar","robots":{"index":"index","follow":"follow","max-snippet":"max-snippet:-1","max-image-preview":"max-image-preview:large","max-video-preview":"max-video-preview:-1"},"canonical":"https:\/\/www.oarcanjo.net\/site\/entrevista-do-pe-julio-ao-reporter-sao-paulo-da-tv-brasil\/","og_locale":"pt_BR","og_type":"article","og_title":"Entrevista do Pe. Julio ao \"Rep\u00f3rter S\u00e3o Paulo\", da TV Brasil - O Arcanjo no ar","og_description":"Pelo menos 20 mil pessoas vivem nas ruas de S\u00e3o Paulo e \u00e9 preciso ouvir essas pessoas para obter respostas \u00e1geis, sem burocracia e principalmente sem viol\u00eancia","og_url":"https:\/\/www.oarcanjo.net\/site\/entrevista-do-pe-julio-ao-reporter-sao-paulo-da-tv-brasil\/","og_site_name":"O Arcanjo no ar","article_publisher":"https:\/\/www.facebook.com\/OArcanjoNoAr\/","article_published_time":"2017-01-14T15:23:41+00:00","article_modified_time":"2017-01-14T15:24:29+00:00","og_image":[{"width":752,"height":405,"url":"https:\/\/www.oarcanjo.net\/site\/wp-content\/uploads\/20170114JulioTBRasil.png","type":"image\/png"}],"author":"editor","twitter_card":"summary_large_image","twitter_misc":{"Escrito por":"editor","Est. tempo de leitura":"1 minuto"},"schema":{"@context":"https:\/\/schema.org","@graph":[{"@type":"Article","@id":"https:\/\/www.oarcanjo.net\/site\/entrevista-do-pe-julio-ao-reporter-sao-paulo-da-tv-brasil\/#article","isPartOf":{"@id":"https:\/\/www.oarcanjo.net\/site\/entrevista-do-pe-julio-ao-reporter-sao-paulo-da-tv-brasil\/"},"author":{"name":"editor","@id":"https:\/\/www.oarcanjo.net\/site\/#\/schema\/person\/f7024d007863202483a31326673a0838"},"headline":"Entrevista do Pe. Julio ao &#8220;Rep\u00f3rter S\u00e3o Paulo&#8221;, da TV Brasil","datePublished":"2017-01-14T15:23:41+00:00","dateModified":"2017-01-14T15:24:29+00:00","mainEntityOfPage":{"@id":"https:\/\/www.oarcanjo.net\/site\/entrevista-do-pe-julio-ao-reporter-sao-paulo-da-tv-brasil\/"},"wordCount":132,"commentCount":0,"publisher":{"@id":"https:\/\/www.oarcanjo.net\/site\/#organization"},"image":{"@id":"https:\/\/www.oarcanjo.net\/site\/entrevista-do-pe-julio-ao-reporter-sao-paulo-da-tv-brasil\/#primaryimage"},"thumbnailUrl":"https:\/\/www.oarcanjo.net\/site\/wp-content\/uploads\/20170114JulioTBRasil.png","articleSection":["Destaques","Not\u00edcias","V\u00eddeos"],"inLanguage":"pt-BR","potentialAction":[{"@type":"CommentAction","name":"Comment","target":["https:\/\/www.oarcanjo.net\/site\/entrevista-do-pe-julio-ao-reporter-sao-paulo-da-tv-brasil\/#respond"]}]},{"@type":"WebPage","@id":"https:\/\/www.oarcanjo.net\/site\/entrevista-do-pe-julio-ao-reporter-sao-paulo-da-tv-brasil\/","url":"https:\/\/www.oarcanjo.net\/site\/entrevista-do-pe-julio-ao-reporter-sao-paulo-da-tv-brasil\/","name":"Entrevista do Pe. Julio ao \"Rep\u00f3rter S\u00e3o Paulo\", da TV Brasil - O Arcanjo no ar","isPartOf":{"@id":"https:\/\/www.oarcanjo.net\/site\/#website"},"primaryImageOfPage":{"@id":"https:\/\/www.oarcanjo.net\/site\/entrevista-do-pe-julio-ao-reporter-sao-paulo-da-tv-brasil\/#primaryimage"},"image":{"@id":"https:\/\/www.oarcanjo.net\/site\/entrevista-do-pe-julio-ao-reporter-sao-paulo-da-tv-brasil\/#primaryimage"},"thumbnailUrl":"https:\/\/www.oarcanjo.net\/site\/wp-content\/uploads\/20170114JulioTBRasil.png","datePublished":"2017-01-14T15:23:41+00:00","dateModified":"2017-01-14T15:24:29+00:00","breadcrumb":{"@id":"https:\/\/www.oarcanjo.net\/site\/entrevista-do-pe-julio-ao-reporter-sao-paulo-da-tv-brasil\/#breadcrumb"},"inLanguage":"pt-BR","potentialAction":[{"@type":"ReadAction","target":["https:\/\/www.oarcanjo.net\/site\/entrevista-do-pe-julio-ao-reporter-sao-paulo-da-tv-brasil\/"]}]},{"@type":"ImageObject","inLanguage":"pt-BR","@id":"https:\/\/www.oarcanjo.net\/site\/entrevista-do-pe-julio-ao-reporter-sao-paulo-da-tv-brasil\/#primaryimage","url":"https:\/\/www.oarcanjo.net\/site\/wp-content\/uploads\/20170114JulioTBRasil.png","contentUrl":"https:\/\/www.oarcanjo.net\/site\/wp-content\/uploads\/20170114JulioTBRasil.png","width":752,"height":405},{"@type":"BreadcrumbList","@id":"https:\/\/www.oarcanjo.net\/site\/entrevista-do-pe-julio-ao-reporter-sao-paulo-da-tv-brasil\/#breadcrumb","itemListElement":[{"@type":"ListItem","position":1,"name":"In\u00edcio","item":"https:\/\/www.oarcanjo.net\/site\/"},{"@type":"ListItem","position":2,"name":"Entrevista do Pe. Julio ao &#8220;Rep\u00f3rter S\u00e3o Paulo&#8221;, da TV Brasil"}]},{"@type":"WebSite","@id":"https:\/\/www.oarcanjo.net\/site\/#website","url":"https:\/\/www.oarcanjo.net\/site\/","name":"O Arcanjo no ar","description":"Site da Par\u00f3quia S\u00e3o Miguel Arcanjo (Arquidiocese de SP)","publisher":{"@id":"https:\/\/www.oarcanjo.net\/site\/#organization"},"potentialAction":[{"@type":"SearchAction","target":{"@type":"EntryPoint","urlTemplate":"https:\/\/www.oarcanjo.net\/site\/?s={search_term_string}"},"query-input":{"@type":"PropertyValueSpecification","valueRequired":true,"valueName":"search_term_string"}}],"inLanguage":"pt-BR"},{"@type":"Organization","@id":"https:\/\/www.oarcanjo.net\/site\/#organization","name":"Par\u00f3quia S\u00e3o Miguel Arcanjo","url":"https:\/\/www.oarcanjo.net\/site\/","logo":{"@type":"ImageObject","inLanguage":"pt-BR","@id":"https:\/\/www.oarcanjo.net\/site\/#\/schema\/logo\/image\/","url":"https:\/\/www.oarcanjo.net\/site\/wp-content\/uploads\/LogoOArcanjo.png","contentUrl":"https:\/\/www.oarcanjo.net\/site\/wp-content\/uploads\/LogoOArcanjo.png","width":319,"height":99,"caption":"Par\u00f3quia S\u00e3o Miguel Arcanjo"},"image":{"@id":"https:\/\/www.oarcanjo.net\/site\/#\/schema\/logo\/image\/"},"sameAs":["https:\/\/www.facebook.com\/OArcanjoNoAr\/"]},{"@type":"Person","@id":"https:\/\/www.oarcanjo.net\/site\/#\/schema\/person\/f7024d007863202483a31326673a0838","name":"editor","sameAs":["http:\/\/www.oarcanjo.net"]}]}},"publishpress_future_action":{"enabled":false,"date":"2026-05-09 06:18:04","action":"category","newStatus":"draft","terms":[],"taxonomy":"category"},"publishpress_future_workflow_manual_trigger":{"enabledWorkflows":[]},"_links":{"self":[{"href":"https:\/\/www.oarcanjo.net\/site\/wp-json\/wp\/v2\/posts\/78793"}],"collection":[{"href":"https:\/\/www.oarcanjo.net\/site\/wp-json\/wp\/v2\/posts"}],"about":[{"href":"https:\/\/www.oarcanjo.net\/site\/wp-json\/wp\/v2\/types\/post"}],"author":[{"embeddable":true,"href":"https:\/\/www.oarcanjo.net\/site\/wp-json\/wp\/v2\/users\/5"}],"replies":[{"embeddable":true,"href":"https:\/\/www.oarcanjo.net\/site\/wp-json\/wp\/v2\/comments?post=78793"}],"version-history":[{"count":0,"href":"https:\/\/www.oarcanjo.net\/site\/wp-json\/wp\/v2\/posts\/78793\/revisions"}],"wp:featuredmedia":[{"embeddable":true,"href":"https:\/\/www.oarcanjo.net\/site\/wp-json\/wp\/v2\/media\/78794"}],"wp:attachment":[{"href":"https:\/\/www.oarcanjo.net\/site\/wp-json\/wp\/v2\/media?parent=78793"}],"wp:term":[{"taxonomy":"category","embeddable":true,"href":"https:\/\/www.oarcanjo.net\/site\/wp-json\/wp\/v2\/categories?post=78793"},{"taxonomy":"post_tag","embeddable":true,"href":"https:\/\/www.oarcanjo.net\/site\/wp-json\/wp\/v2\/tags?post=78793"}],"curies":[{"name":"wp","href":"https:\/\/api.w.org\/{rel}","templated":true}]}}