
{"id":78814,"date":"2017-01-18T08:58:58","date_gmt":"2017-01-18T10:58:58","guid":{"rendered":"http:\/\/www.oarcanjo.net\/site\/?p=78814"},"modified":"2017-01-18T08:58:58","modified_gmt":"2017-01-18T10:58:58","slug":"para-uma-reforma-do-sistema-prisional","status":"publish","type":"post","link":"https:\/\/www.oarcanjo.net\/site\/para-uma-reforma-do-sistema-prisional\/","title":{"rendered":"Para uma reforma do sistema prisional"},"content":{"rendered":"<p><em>Frei Betto<\/em><\/p>\n<p>Qualquer projeto de reforma penitenci\u00e1ria ter\u00e1 de ouvir todas as partes interessadas, a menos que fique no papel e seus recursos abocanhados pela corrup\u00e7\u00e3o. S\u00e3o partes interessadas: presos e suas fam\u00edlias; agentes penitenci\u00e1rios; funcion\u00e1rios qualificados (psic\u00f3logos, m\u00e9dicos, mestres de oficinas etc); advogados e ju\u00edzes; al\u00e9m de institui\u00e7\u00f5es como a Pastoral Carcer\u00e1ria, que lidam h\u00e1 d\u00e9cadas com o universo prisional.<\/p>\n<p>Cada ponto de vista \u00e9 a vista a partir de um ponto. Ouvir uns e fazer ouvidos moucos a outros \u00e9 correr o risco de cair na cilada das vers\u00f5es dos que n\u00e3o querem mudar quase nada, pois isso significaria fechar a boca da cornuc\u00f3pia que alimenta a corrup\u00e7\u00e3o de funcion\u00e1rios p\u00fablicos, de agentes penitenci\u00e1rios a ju\u00edzes.<\/p>\n<p>Quando me transferiram para o Carandiru havia ali 5 mil detentos. A capacidade era de apenas 1.800. Naquela masmorra, as drogas corriam soltas, muitos portavam facas e estiletes, e havia leil\u00f5es de gays (muitos \u00e0 for\u00e7a, sob pena de levarem facadas) nos corredores dos pavilh\u00f5es.<\/p>\n<p>Grande parte da m\u00e3o de obra era dos pr\u00f3prios presos: eletricistas, encanadores, pedreiros etc. O que mais me intrigou foi, na chegada, ao ser transferido da Penitenci\u00e1ria do Estado, passar por uma revista&#8230; feita pelos pr\u00f3prios presos! Era a \u201celite\u201d da cadeia, que falava em p\u00e9 de igualdade com a dire\u00e7\u00e3o do pres\u00eddio. Um deles, para a minha surpresa, era Ronaldo Castro, acusado de ter assassinado, no Rio, A\u00edda Cury, crime que ocupou muitas edi\u00e7\u00f5es da revista O Cruzeiro.<\/p>\n<p>Fui falar com o diretor, coronel Guedes. Como admitia tantos abusos e ilegalidades ali dentro? Reagiu sem tergiversar: \u201cIsso aqui \u00e9 um barril de p\u00f3lvora. Pode explodir a qualquer momento. Meu papel \u00e9 retardar a explos\u00e3o. Por isso fa\u00e7o vista grossa. Aqui s\u00f3 n\u00e3o permito duas coisas: mulher e helic\u00f3ptero.\u201d<\/p>\n<p>A explos\u00e3o aconteceu em 1992, e resultou no massacre de 111 presos pela PM de S\u00e3o Paulo. At\u00e9 hoje os respons\u00e1veis n\u00e3o sofreram condena\u00e7\u00e3o definitiva.<\/p>\n<p>Na Penitenci\u00e1ria do Estado, um preso me disse ter uma arma de fogo. Perguntei como conseguira faz\u00ea-la entrar. Contou que pelo funcion\u00e1rio respons\u00e1vel pela alfaiataria. Um idoso com cara de av\u00f4 da gente e do qual jamais se suspeitaria de qualquer deslize. \u201cE ele teve coragem de trazer a arma?\u201d \u201cN\u00e3o\u201d, disse o preso, \u201cmas como est\u00e1 para se aposentar, ameacei melar o final de carreira dele e denunci\u00e1-lo como nosso fornecedor de drogas caso n\u00e3o buscasse a arma em m\u00e3os de minha mulher.\u201d<\/p>\n<p>Na Penitenci\u00e1ria de Presidente Venceslau, as drogas entravam via funcion\u00e1rios. Os comparsas dos presos, soltos aqui fora, conheciam o endere\u00e7o de todos eles. E amea\u00e7avam suas fam\u00edlias caso n\u00e3o obedecessem as ordens das gangues internas.<\/p>\n<p>Havia um rebanho de vacas no setor agr\u00edcola da penitenci\u00e1ria. E nenhum copo de leite era servido aos presos. O diretor comercializava o produto. Al\u00e9m de obrigar os detentos do ateli\u00ea de pinturas a fazerem c\u00f3pias de telas famosas para presentear os amigos.<\/p>\n<p>Haveria muito mais a contar. Esses exemplos s\u00e3o suficientes para enfatizar que n\u00e3o haver\u00e1 solu\u00e7\u00e3o para a quest\u00e3o carcer\u00e1ria enquanto os agentes penitenci\u00e1rios n\u00e3o forem aprovados em cursos de qualifica\u00e7\u00e3o, nos quais \u00e9tica e pedagogia mere\u00e7am prioridade. O objetivo \u00e9 recuperar para o conv\u00edvio social homens e mulheres que ali se encontram, e n\u00e3o transform\u00e1-los em monstros atrav\u00e9s de torturas, castigos injustos e cumplicidade em a\u00e7\u00f5es ilegais. Um carcereiro mal remunerado precisa ter muita \u00e9tica para se recusar a receber o dobro de seu sal\u00e1rio mensal em troca de um celular contrabandeado para dentro das grades.<\/p>\n<p>N\u00e3o \u00e9 preciso reinventar a roda para reformar nossas pris\u00f5es. H\u00e1 suficientes exemplos mundo afora de como se reduz o \u00edndice de reincid\u00eancia. O que falta ao poder publico \u00e9 fechar as in\u00fameras torneiras da corrup\u00e7\u00e3o no sistema. Basta fazer as contas: os recursos que o Estado gasta com esse regime de enjaulamento sum\u00e1rio s\u00e3o infinitamente superiores do que despenderia com a forma\u00e7\u00e3o e qualifica\u00e7\u00e3o de todos que trabalham na esfera prisional.<\/p>\n<p>Solu\u00e7\u00f5es existem. E n\u00e3o incluem a multiplica\u00e7\u00e3o de cadeias. O que falta \u00e9 vontade pol\u00edtica para dissociar os agentes p\u00fablicos da criminalidade, e acreditar que, se ningu\u00e9m nasce bandido, h\u00e1 sempre a possibilidade de ressocializar quem infringe a lei.<\/p>\n<div id=\"themify_builder_content-78814\" data-postid=\"78814\" class=\"themify_builder_content themify_builder_content-78814 themify_builder themify_builder_front\">\n\t<\/div>\n<!-- \/themify_builder_content -->","protected":false},"excerpt":{"rendered":"<p>Reflex\u00e3o do dominicano frei Betto, que foi preso durante a ditadura: &#8220;qualquer projeto de reforma penitenci\u00e1ria ter\u00e1 de ouvir todas as partes interessadas&#8221;<\/p>\n","protected":false},"author":5,"featured_media":0,"comment_status":"open","ping_status":"open","sticky":false,"template":"","format":"standard","meta":{"ngg_post_thumbnail":0,"footnotes":""},"categories":[9],"tags":[],"yoast_head":"<!-- This site is optimized with the Yoast SEO plugin v23.5 - https:\/\/yoast.com\/wordpress\/plugins\/seo\/ -->\n<title>Para uma reforma do sistema prisional - O Arcanjo no ar<\/title>\n<meta name=\"robots\" content=\"index, follow, max-snippet:-1, max-image-preview:large, max-video-preview:-1\" \/>\n<link rel=\"canonical\" href=\"https:\/\/www.oarcanjo.net\/site\/para-uma-reforma-do-sistema-prisional\/\" \/>\n<meta property=\"og:locale\" content=\"pt_BR\" \/>\n<meta property=\"og:type\" content=\"article\" \/>\n<meta property=\"og:title\" content=\"Para uma reforma do sistema prisional - O Arcanjo no ar\" \/>\n<meta property=\"og:description\" content=\"Reflex\u00e3o do dominicano frei Betto, que foi preso durante a ditadura: &quot;qualquer projeto de reforma penitenci\u00e1ria ter\u00e1 de ouvir todas as partes interessadas&quot;\" \/>\n<meta property=\"og:url\" content=\"https:\/\/www.oarcanjo.net\/site\/para-uma-reforma-do-sistema-prisional\/\" \/>\n<meta property=\"og:site_name\" content=\"O Arcanjo no ar\" \/>\n<meta property=\"article:publisher\" content=\"https:\/\/www.facebook.com\/OArcanjoNoAr\/\" \/>\n<meta property=\"article:published_time\" content=\"2017-01-18T10:58:58+00:00\" \/>\n<meta property=\"og:image\" content=\"https:\/\/www.oarcanjo.net\/site\/wp-content\/uploads\/logo-o-arcanjo-no-ar-facebook.png\" \/>\n\t<meta property=\"og:image:width\" content=\"300\" \/>\n\t<meta property=\"og:image:height\" content=\"300\" \/>\n\t<meta property=\"og:image:type\" content=\"image\/png\" \/>\n<meta name=\"author\" content=\"editor\" \/>\n<meta name=\"twitter:card\" content=\"summary_large_image\" \/>\n<meta name=\"twitter:label1\" content=\"Escrito por\" \/>\n\t<meta name=\"twitter:data1\" content=\"editor\" \/>\n\t<meta name=\"twitter:label2\" content=\"Est. tempo de leitura\" \/>\n\t<meta name=\"twitter:data2\" content=\"4 minutos\" \/>\n<script type=\"application\/ld+json\" class=\"yoast-schema-graph\">{\"@context\":\"https:\/\/schema.org\",\"@graph\":[{\"@type\":\"Article\",\"@id\":\"https:\/\/www.oarcanjo.net\/site\/para-uma-reforma-do-sistema-prisional\/#article\",\"isPartOf\":{\"@id\":\"https:\/\/www.oarcanjo.net\/site\/para-uma-reforma-do-sistema-prisional\/\"},\"author\":{\"name\":\"editor\",\"@id\":\"https:\/\/www.oarcanjo.net\/site\/#\/schema\/person\/f7024d007863202483a31326673a0838\"},\"headline\":\"Para uma reforma do sistema prisional\",\"datePublished\":\"2017-01-18T10:58:58+00:00\",\"dateModified\":\"2017-01-18T10:58:58+00:00\",\"mainEntityOfPage\":{\"@id\":\"https:\/\/www.oarcanjo.net\/site\/para-uma-reforma-do-sistema-prisional\/\"},\"wordCount\":769,\"commentCount\":0,\"publisher\":{\"@id\":\"https:\/\/www.oarcanjo.net\/site\/#organization\"},\"articleSection\":[\"Reflex\u00f5es\"],\"inLanguage\":\"pt-BR\",\"potentialAction\":[{\"@type\":\"CommentAction\",\"name\":\"Comment\",\"target\":[\"https:\/\/www.oarcanjo.net\/site\/para-uma-reforma-do-sistema-prisional\/#respond\"]}]},{\"@type\":\"WebPage\",\"@id\":\"https:\/\/www.oarcanjo.net\/site\/para-uma-reforma-do-sistema-prisional\/\",\"url\":\"https:\/\/www.oarcanjo.net\/site\/para-uma-reforma-do-sistema-prisional\/\",\"name\":\"Para uma reforma do sistema prisional - O Arcanjo no ar\",\"isPartOf\":{\"@id\":\"https:\/\/www.oarcanjo.net\/site\/#website\"},\"datePublished\":\"2017-01-18T10:58:58+00:00\",\"dateModified\":\"2017-01-18T10:58:58+00:00\",\"breadcrumb\":{\"@id\":\"https:\/\/www.oarcanjo.net\/site\/para-uma-reforma-do-sistema-prisional\/#breadcrumb\"},\"inLanguage\":\"pt-BR\",\"potentialAction\":[{\"@type\":\"ReadAction\",\"target\":[\"https:\/\/www.oarcanjo.net\/site\/para-uma-reforma-do-sistema-prisional\/\"]}]},{\"@type\":\"BreadcrumbList\",\"@id\":\"https:\/\/www.oarcanjo.net\/site\/para-uma-reforma-do-sistema-prisional\/#breadcrumb\",\"itemListElement\":[{\"@type\":\"ListItem\",\"position\":1,\"name\":\"In\u00edcio\",\"item\":\"https:\/\/www.oarcanjo.net\/site\/\"},{\"@type\":\"ListItem\",\"position\":2,\"name\":\"Para uma reforma do sistema prisional\"}]},{\"@type\":\"WebSite\",\"@id\":\"https:\/\/www.oarcanjo.net\/site\/#website\",\"url\":\"https:\/\/www.oarcanjo.net\/site\/\",\"name\":\"O Arcanjo no ar\",\"description\":\"Site da Par\u00f3quia S\u00e3o Miguel Arcanjo (Arquidiocese de SP)\",\"publisher\":{\"@id\":\"https:\/\/www.oarcanjo.net\/site\/#organization\"},\"potentialAction\":[{\"@type\":\"SearchAction\",\"target\":{\"@type\":\"EntryPoint\",\"urlTemplate\":\"https:\/\/www.oarcanjo.net\/site\/?s={search_term_string}\"},\"query-input\":{\"@type\":\"PropertyValueSpecification\",\"valueRequired\":true,\"valueName\":\"search_term_string\"}}],\"inLanguage\":\"pt-BR\"},{\"@type\":\"Organization\",\"@id\":\"https:\/\/www.oarcanjo.net\/site\/#organization\",\"name\":\"Par\u00f3quia S\u00e3o Miguel Arcanjo\",\"url\":\"https:\/\/www.oarcanjo.net\/site\/\",\"logo\":{\"@type\":\"ImageObject\",\"inLanguage\":\"pt-BR\",\"@id\":\"https:\/\/www.oarcanjo.net\/site\/#\/schema\/logo\/image\/\",\"url\":\"https:\/\/www.oarcanjo.net\/site\/wp-content\/uploads\/LogoOArcanjo.png\",\"contentUrl\":\"https:\/\/www.oarcanjo.net\/site\/wp-content\/uploads\/LogoOArcanjo.png\",\"width\":319,\"height\":99,\"caption\":\"Par\u00f3quia S\u00e3o Miguel Arcanjo\"},\"image\":{\"@id\":\"https:\/\/www.oarcanjo.net\/site\/#\/schema\/logo\/image\/\"},\"sameAs\":[\"https:\/\/www.facebook.com\/OArcanjoNoAr\/\"]},{\"@type\":\"Person\",\"@id\":\"https:\/\/www.oarcanjo.net\/site\/#\/schema\/person\/f7024d007863202483a31326673a0838\",\"name\":\"editor\",\"sameAs\":[\"http:\/\/www.oarcanjo.net\"]}]}<\/script>\n<!-- \/ Yoast SEO plugin. -->","yoast_head_json":{"title":"Para uma reforma do sistema prisional - O Arcanjo no ar","robots":{"index":"index","follow":"follow","max-snippet":"max-snippet:-1","max-image-preview":"max-image-preview:large","max-video-preview":"max-video-preview:-1"},"canonical":"https:\/\/www.oarcanjo.net\/site\/para-uma-reforma-do-sistema-prisional\/","og_locale":"pt_BR","og_type":"article","og_title":"Para uma reforma do sistema prisional - O Arcanjo no ar","og_description":"Reflex\u00e3o do dominicano frei Betto, que foi preso durante a ditadura: \"qualquer projeto de reforma penitenci\u00e1ria ter\u00e1 de ouvir todas as partes interessadas\"","og_url":"https:\/\/www.oarcanjo.net\/site\/para-uma-reforma-do-sistema-prisional\/","og_site_name":"O Arcanjo no ar","article_publisher":"https:\/\/www.facebook.com\/OArcanjoNoAr\/","article_published_time":"2017-01-18T10:58:58+00:00","og_image":[{"width":300,"height":300,"url":"https:\/\/www.oarcanjo.net\/site\/wp-content\/uploads\/logo-o-arcanjo-no-ar-facebook.png","type":"image\/png"}],"author":"editor","twitter_card":"summary_large_image","twitter_misc":{"Escrito por":"editor","Est. tempo de leitura":"4 minutos"},"schema":{"@context":"https:\/\/schema.org","@graph":[{"@type":"Article","@id":"https:\/\/www.oarcanjo.net\/site\/para-uma-reforma-do-sistema-prisional\/#article","isPartOf":{"@id":"https:\/\/www.oarcanjo.net\/site\/para-uma-reforma-do-sistema-prisional\/"},"author":{"name":"editor","@id":"https:\/\/www.oarcanjo.net\/site\/#\/schema\/person\/f7024d007863202483a31326673a0838"},"headline":"Para uma reforma do sistema prisional","datePublished":"2017-01-18T10:58:58+00:00","dateModified":"2017-01-18T10:58:58+00:00","mainEntityOfPage":{"@id":"https:\/\/www.oarcanjo.net\/site\/para-uma-reforma-do-sistema-prisional\/"},"wordCount":769,"commentCount":0,"publisher":{"@id":"https:\/\/www.oarcanjo.net\/site\/#organization"},"articleSection":["Reflex\u00f5es"],"inLanguage":"pt-BR","potentialAction":[{"@type":"CommentAction","name":"Comment","target":["https:\/\/www.oarcanjo.net\/site\/para-uma-reforma-do-sistema-prisional\/#respond"]}]},{"@type":"WebPage","@id":"https:\/\/www.oarcanjo.net\/site\/para-uma-reforma-do-sistema-prisional\/","url":"https:\/\/www.oarcanjo.net\/site\/para-uma-reforma-do-sistema-prisional\/","name":"Para uma reforma do sistema prisional - O Arcanjo no ar","isPartOf":{"@id":"https:\/\/www.oarcanjo.net\/site\/#website"},"datePublished":"2017-01-18T10:58:58+00:00","dateModified":"2017-01-18T10:58:58+00:00","breadcrumb":{"@id":"https:\/\/www.oarcanjo.net\/site\/para-uma-reforma-do-sistema-prisional\/#breadcrumb"},"inLanguage":"pt-BR","potentialAction":[{"@type":"ReadAction","target":["https:\/\/www.oarcanjo.net\/site\/para-uma-reforma-do-sistema-prisional\/"]}]},{"@type":"BreadcrumbList","@id":"https:\/\/www.oarcanjo.net\/site\/para-uma-reforma-do-sistema-prisional\/#breadcrumb","itemListElement":[{"@type":"ListItem","position":1,"name":"In\u00edcio","item":"https:\/\/www.oarcanjo.net\/site\/"},{"@type":"ListItem","position":2,"name":"Para uma reforma do sistema prisional"}]},{"@type":"WebSite","@id":"https:\/\/www.oarcanjo.net\/site\/#website","url":"https:\/\/www.oarcanjo.net\/site\/","name":"O Arcanjo no ar","description":"Site da Par\u00f3quia S\u00e3o Miguel Arcanjo (Arquidiocese de SP)","publisher":{"@id":"https:\/\/www.oarcanjo.net\/site\/#organization"},"potentialAction":[{"@type":"SearchAction","target":{"@type":"EntryPoint","urlTemplate":"https:\/\/www.oarcanjo.net\/site\/?s={search_term_string}"},"query-input":{"@type":"PropertyValueSpecification","valueRequired":true,"valueName":"search_term_string"}}],"inLanguage":"pt-BR"},{"@type":"Organization","@id":"https:\/\/www.oarcanjo.net\/site\/#organization","name":"Par\u00f3quia S\u00e3o Miguel Arcanjo","url":"https:\/\/www.oarcanjo.net\/site\/","logo":{"@type":"ImageObject","inLanguage":"pt-BR","@id":"https:\/\/www.oarcanjo.net\/site\/#\/schema\/logo\/image\/","url":"https:\/\/www.oarcanjo.net\/site\/wp-content\/uploads\/LogoOArcanjo.png","contentUrl":"https:\/\/www.oarcanjo.net\/site\/wp-content\/uploads\/LogoOArcanjo.png","width":319,"height":99,"caption":"Par\u00f3quia S\u00e3o Miguel Arcanjo"},"image":{"@id":"https:\/\/www.oarcanjo.net\/site\/#\/schema\/logo\/image\/"},"sameAs":["https:\/\/www.facebook.com\/OArcanjoNoAr\/"]},{"@type":"Person","@id":"https:\/\/www.oarcanjo.net\/site\/#\/schema\/person\/f7024d007863202483a31326673a0838","name":"editor","sameAs":["http:\/\/www.oarcanjo.net"]}]}},"publishpress_future_action":{"enabled":false,"date":"2026-05-07 16:05:56","action":"category","newStatus":"draft","terms":[],"taxonomy":"category"},"publishpress_future_workflow_manual_trigger":{"enabledWorkflows":[]},"_links":{"self":[{"href":"https:\/\/www.oarcanjo.net\/site\/wp-json\/wp\/v2\/posts\/78814"}],"collection":[{"href":"https:\/\/www.oarcanjo.net\/site\/wp-json\/wp\/v2\/posts"}],"about":[{"href":"https:\/\/www.oarcanjo.net\/site\/wp-json\/wp\/v2\/types\/post"}],"author":[{"embeddable":true,"href":"https:\/\/www.oarcanjo.net\/site\/wp-json\/wp\/v2\/users\/5"}],"replies":[{"embeddable":true,"href":"https:\/\/www.oarcanjo.net\/site\/wp-json\/wp\/v2\/comments?post=78814"}],"version-history":[{"count":0,"href":"https:\/\/www.oarcanjo.net\/site\/wp-json\/wp\/v2\/posts\/78814\/revisions"}],"wp:attachment":[{"href":"https:\/\/www.oarcanjo.net\/site\/wp-json\/wp\/v2\/media?parent=78814"}],"wp:term":[{"taxonomy":"category","embeddable":true,"href":"https:\/\/www.oarcanjo.net\/site\/wp-json\/wp\/v2\/categories?post=78814"},{"taxonomy":"post_tag","embeddable":true,"href":"https:\/\/www.oarcanjo.net\/site\/wp-json\/wp\/v2\/tags?post=78814"}],"curies":[{"name":"wp","href":"https:\/\/api.w.org\/{rel}","templated":true}]}}