
{"id":78820,"date":"2017-01-19T17:20:42","date_gmt":"2017-01-19T19:20:42","guid":{"rendered":"http:\/\/www.oarcanjo.net\/site\/?p=78820"},"modified":"2017-01-21T17:34:51","modified_gmt":"2017-01-21T19:34:51","slug":"carta-pastoral-viva-a-mae-de-deus-e-nossa","status":"publish","type":"post","link":"https:\/\/www.oarcanjo.net\/site\/carta-pastoral-viva-a-mae-de-deus-e-nossa\/","title":{"rendered":"Carta Pastoral: &#8220;Viva a M\u00e3e de Deus e nossa&#8221;"},"content":{"rendered":"<p>O Arcebispo de S\u00e3o Paulo, cardeal Odilo Pedro Scherer, lan\u00e7ou a Carta Pastoral &#8220;Viva a M\u00e3e de Deus e nossa&#8221; por ocasi\u00e3o do Ano Mariano, que est\u00e1 sendo celebrado no Brasil at\u00e9 o dia 12 de outubro.<\/p>\n<p>Este ano, o pa\u00eds celebra os 300 anos do encontro da imagem de Nossa Senhora Aparecida no rio Para\u00edba do Sul.<\/p>\n<p>Segundo D. Odilo, &#8220;\u00e9 uma ocasi\u00e3o especial para o aprofundamento da nossa f\u00e9 e da nossa rela\u00e7\u00e3o filial e eclesial com Maria, por isso resolvi escrever esta carta, para que sirva de motiva\u00e7\u00e3o e orienta\u00e7\u00e3o para a viv\u00eancia e as pr\u00e1ticas deste Ano Mariano&#8221;.&nbsp;<\/p>\n<p>Clique na capa abaixo para copiar a <strong>Carta Pastoral<\/strong>:<\/p>\n<p><a href=\"\/\/www.oarcanjo.net\/site\/wp-content\/uploads\/carta_pastoral_18012017.pdf\" target=\"_blank\"><img loading=\"lazy\" decoding=\"async\" width=\"430\" height=\"644\" class=\"alignnone wp-image-78822 size-full\" alt=\"Carta Pastoral Ano Mariano\" src=\"http:\/\/www.oarcanjo.net\/site\/wp-content\/uploads\/DomOdiloAnoMariano-Capa.png\" srcset=\"https:\/\/www.oarcanjo.net\/site\/wp-content\/uploads\/DomOdiloAnoMariano-Capa.png 430w, https:\/\/www.oarcanjo.net\/site\/wp-content\/uploads\/DomOdiloAnoMariano-Capa-200x300.png 200w\" sizes=\"(max-width: 430px) 100vw, 430px\" \/><\/a><\/p>\n<div id=\"themify_builder_content-78820\" data-postid=\"78820\" class=\"themify_builder_content themify_builder_content-78820 themify_builder themify_builder_front\">\n\t<\/div>\n<!-- \/themify_builder_content -->","protected":false},"excerpt":{"rendered":"<p>O Arcebispo de S\u00e3o Paulo, cardeal Odilo Pedro Scherer, lan\u00e7ou a Carta Pastoral &#8220;Viva a M\u00e3e de Deus e nossa&#8221; por ocasi\u00e3o do Ano Mariano, que est\u00e1 sendo celebrado no Brasil at\u00e9 o dia 12 de outubro. Este ano, o pa\u00eds celebra os 300 anos do encontro da imagem de Nossa Senhora Aparecida no rio [&hellip;]<\/p>\n","protected":false},"author":5,"featured_media":78823,"comment_status":"open","ping_status":"open","sticky":false,"template":"","format":"standard","meta":{"ngg_post_thumbnail":0,"footnotes":""},"categories":[3,9],"tags":[],"yoast_head":"<!-- This site is optimized with the Yoast SEO plugin v23.5 - https:\/\/yoast.com\/wordpress\/plugins\/seo\/ -->\n<title>Carta Pastoral: &quot;Viva a M\u00e3e de Deus e nossa&quot; - O Arcanjo no ar<\/title>\n<meta name=\"robots\" content=\"index, follow, max-snippet:-1, max-image-preview:large, max-video-preview:-1\" \/>\n<link rel=\"canonical\" href=\"https:\/\/www.oarcanjo.net\/site\/carta-pastoral-viva-a-mae-de-deus-e-nossa\/\" \/>\n<meta property=\"og:locale\" content=\"pt_BR\" \/>\n<meta property=\"og:type\" content=\"article\" \/>\n<meta property=\"og:title\" content=\"Carta Pastoral: &quot;Viva a M\u00e3e de Deus e nossa&quot; - O Arcanjo no ar\" \/>\n<meta property=\"og:description\" content=\"O Arcebispo de S\u00e3o Paulo, cardeal Odilo Pedro Scherer, lan\u00e7ou a Carta Pastoral &#8220;Viva a M\u00e3e de Deus e nossa&#8221; por ocasi\u00e3o do Ano Mariano, que est\u00e1 sendo celebrado no Brasil at\u00e9 o dia 12 de outubro. Este ano, o pa\u00eds celebra os 300 anos do encontro da imagem de Nossa Senhora Aparecida no rio [&hellip;]\" \/>\n<meta property=\"og:url\" content=\"https:\/\/www.oarcanjo.net\/site\/carta-pastoral-viva-a-mae-de-deus-e-nossa\/\" \/>\n<meta property=\"og:site_name\" content=\"O Arcanjo no ar\" \/>\n<meta property=\"article:publisher\" content=\"https:\/\/www.facebook.com\/OArcanjoNoAr\/\" \/>\n<meta property=\"article:published_time\" content=\"2017-01-19T19:20:42+00:00\" \/>\n<meta property=\"article:modified_time\" content=\"2017-01-21T19:34:51+00:00\" \/>\n<meta property=\"og:image\" content=\"https:\/\/www.oarcanjo.net\/site\/wp-content\/uploads\/DomOdiloAnoMariano.png\" \/>\n\t<meta property=\"og:image:width\" content=\"481\" \/>\n\t<meta property=\"og:image:height\" content=\"488\" \/>\n\t<meta property=\"og:image:type\" content=\"image\/png\" \/>\n<meta name=\"author\" content=\"editor\" \/>\n<meta name=\"twitter:card\" content=\"summary_large_image\" \/>\n<meta name=\"twitter:label1\" content=\"Escrito por\" \/>\n\t<meta name=\"twitter:data1\" content=\"editor\" \/>\n\t<meta name=\"twitter:label2\" content=\"Est. tempo de leitura\" \/>\n\t<meta name=\"twitter:data2\" content=\"1 minuto\" \/>\n<script type=\"application\/ld+json\" class=\"yoast-schema-graph\">{\"@context\":\"https:\/\/schema.org\",\"@graph\":[{\"@type\":\"Article\",\"@id\":\"https:\/\/www.oarcanjo.net\/site\/carta-pastoral-viva-a-mae-de-deus-e-nossa\/#article\",\"isPartOf\":{\"@id\":\"https:\/\/www.oarcanjo.net\/site\/carta-pastoral-viva-a-mae-de-deus-e-nossa\/\"},\"author\":{\"name\":\"editor\",\"@id\":\"https:\/\/www.oarcanjo.net\/site\/#\/schema\/person\/f7024d007863202483a31326673a0838\"},\"headline\":\"Carta Pastoral: &#8220;Viva a M\u00e3e de Deus e nossa&#8221;\",\"datePublished\":\"2017-01-19T19:20:42+00:00\",\"dateModified\":\"2017-01-21T19:34:51+00:00\",\"mainEntityOfPage\":{\"@id\":\"https:\/\/www.oarcanjo.net\/site\/carta-pastoral-viva-a-mae-de-deus-e-nossa\/\"},\"wordCount\":131,\"commentCount\":0,\"publisher\":{\"@id\":\"https:\/\/www.oarcanjo.net\/site\/#organization\"},\"image\":{\"@id\":\"https:\/\/www.oarcanjo.net\/site\/carta-pastoral-viva-a-mae-de-deus-e-nossa\/#primaryimage\"},\"thumbnailUrl\":\"https:\/\/www.oarcanjo.net\/site\/wp-content\/uploads\/DomOdiloAnoMariano.png\",\"articleSection\":[\"Destaques\",\"Reflex\u00f5es\"],\"inLanguage\":\"pt-BR\",\"potentialAction\":[{\"@type\":\"CommentAction\",\"name\":\"Comment\",\"target\":[\"https:\/\/www.oarcanjo.net\/site\/carta-pastoral-viva-a-mae-de-deus-e-nossa\/#respond\"]}]},{\"@type\":\"WebPage\",\"@id\":\"https:\/\/www.oarcanjo.net\/site\/carta-pastoral-viva-a-mae-de-deus-e-nossa\/\",\"url\":\"https:\/\/www.oarcanjo.net\/site\/carta-pastoral-viva-a-mae-de-deus-e-nossa\/\",\"name\":\"Carta Pastoral: \\\"Viva a M\u00e3e de Deus e nossa\\\" - O Arcanjo no ar\",\"isPartOf\":{\"@id\":\"https:\/\/www.oarcanjo.net\/site\/#website\"},\"primaryImageOfPage\":{\"@id\":\"https:\/\/www.oarcanjo.net\/site\/carta-pastoral-viva-a-mae-de-deus-e-nossa\/#primaryimage\"},\"image\":{\"@id\":\"https:\/\/www.oarcanjo.net\/site\/carta-pastoral-viva-a-mae-de-deus-e-nossa\/#primaryimage\"},\"thumbnailUrl\":\"https:\/\/www.oarcanjo.net\/site\/wp-content\/uploads\/DomOdiloAnoMariano.png\",\"datePublished\":\"2017-01-19T19:20:42+00:00\",\"dateModified\":\"2017-01-21T19:34:51+00:00\",\"breadcrumb\":{\"@id\":\"https:\/\/www.oarcanjo.net\/site\/carta-pastoral-viva-a-mae-de-deus-e-nossa\/#breadcrumb\"},\"inLanguage\":\"pt-BR\",\"potentialAction\":[{\"@type\":\"ReadAction\",\"target\":[\"https:\/\/www.oarcanjo.net\/site\/carta-pastoral-viva-a-mae-de-deus-e-nossa\/\"]}]},{\"@type\":\"ImageObject\",\"inLanguage\":\"pt-BR\",\"@id\":\"https:\/\/www.oarcanjo.net\/site\/carta-pastoral-viva-a-mae-de-deus-e-nossa\/#primaryimage\",\"url\":\"https:\/\/www.oarcanjo.net\/site\/wp-content\/uploads\/DomOdiloAnoMariano.png\",\"contentUrl\":\"https:\/\/www.oarcanjo.net\/site\/wp-content\/uploads\/DomOdiloAnoMariano.png\",\"width\":481,\"height\":488},{\"@type\":\"BreadcrumbList\",\"@id\":\"https:\/\/www.oarcanjo.net\/site\/carta-pastoral-viva-a-mae-de-deus-e-nossa\/#breadcrumb\",\"itemListElement\":[{\"@type\":\"ListItem\",\"position\":1,\"name\":\"In\u00edcio\",\"item\":\"https:\/\/www.oarcanjo.net\/site\/\"},{\"@type\":\"ListItem\",\"position\":2,\"name\":\"Carta Pastoral: &#8220;Viva a M\u00e3e de Deus e nossa&#8221;\"}]},{\"@type\":\"WebSite\",\"@id\":\"https:\/\/www.oarcanjo.net\/site\/#website\",\"url\":\"https:\/\/www.oarcanjo.net\/site\/\",\"name\":\"O Arcanjo no ar\",\"description\":\"Site da Par\u00f3quia S\u00e3o Miguel Arcanjo (Arquidiocese de SP)\",\"publisher\":{\"@id\":\"https:\/\/www.oarcanjo.net\/site\/#organization\"},\"potentialAction\":[{\"@type\":\"SearchAction\",\"target\":{\"@type\":\"EntryPoint\",\"urlTemplate\":\"https:\/\/www.oarcanjo.net\/site\/?s={search_term_string}\"},\"query-input\":{\"@type\":\"PropertyValueSpecification\",\"valueRequired\":true,\"valueName\":\"search_term_string\"}}],\"inLanguage\":\"pt-BR\"},{\"@type\":\"Organization\",\"@id\":\"https:\/\/www.oarcanjo.net\/site\/#organization\",\"name\":\"Par\u00f3quia S\u00e3o Miguel Arcanjo\",\"url\":\"https:\/\/www.oarcanjo.net\/site\/\",\"logo\":{\"@type\":\"ImageObject\",\"inLanguage\":\"pt-BR\",\"@id\":\"https:\/\/www.oarcanjo.net\/site\/#\/schema\/logo\/image\/\",\"url\":\"https:\/\/www.oarcanjo.net\/site\/wp-content\/uploads\/LogoOArcanjo.png\",\"contentUrl\":\"https:\/\/www.oarcanjo.net\/site\/wp-content\/uploads\/LogoOArcanjo.png\",\"width\":319,\"height\":99,\"caption\":\"Par\u00f3quia S\u00e3o Miguel Arcanjo\"},\"image\":{\"@id\":\"https:\/\/www.oarcanjo.net\/site\/#\/schema\/logo\/image\/\"},\"sameAs\":[\"https:\/\/www.facebook.com\/OArcanjoNoAr\/\"]},{\"@type\":\"Person\",\"@id\":\"https:\/\/www.oarcanjo.net\/site\/#\/schema\/person\/f7024d007863202483a31326673a0838\",\"name\":\"editor\",\"sameAs\":[\"http:\/\/www.oarcanjo.net\"]}]}<\/script>\n<!-- \/ Yoast SEO plugin. -->","yoast_head_json":{"title":"Carta Pastoral: \"Viva a M\u00e3e de Deus e nossa\" - O Arcanjo no ar","robots":{"index":"index","follow":"follow","max-snippet":"max-snippet:-1","max-image-preview":"max-image-preview:large","max-video-preview":"max-video-preview:-1"},"canonical":"https:\/\/www.oarcanjo.net\/site\/carta-pastoral-viva-a-mae-de-deus-e-nossa\/","og_locale":"pt_BR","og_type":"article","og_title":"Carta Pastoral: \"Viva a M\u00e3e de Deus e nossa\" - O Arcanjo no ar","og_description":"O Arcebispo de S\u00e3o Paulo, cardeal Odilo Pedro Scherer, lan\u00e7ou a Carta Pastoral &#8220;Viva a M\u00e3e de Deus e nossa&#8221; por ocasi\u00e3o do Ano Mariano, que est\u00e1 sendo celebrado no Brasil at\u00e9 o dia 12 de outubro. Este ano, o pa\u00eds celebra os 300 anos do encontro da imagem de Nossa Senhora Aparecida no rio [&hellip;]","og_url":"https:\/\/www.oarcanjo.net\/site\/carta-pastoral-viva-a-mae-de-deus-e-nossa\/","og_site_name":"O Arcanjo no ar","article_publisher":"https:\/\/www.facebook.com\/OArcanjoNoAr\/","article_published_time":"2017-01-19T19:20:42+00:00","article_modified_time":"2017-01-21T19:34:51+00:00","og_image":[{"width":481,"height":488,"url":"https:\/\/www.oarcanjo.net\/site\/wp-content\/uploads\/DomOdiloAnoMariano.png","type":"image\/png"}],"author":"editor","twitter_card":"summary_large_image","twitter_misc":{"Escrito por":"editor","Est. tempo de leitura":"1 minuto"},"schema":{"@context":"https:\/\/schema.org","@graph":[{"@type":"Article","@id":"https:\/\/www.oarcanjo.net\/site\/carta-pastoral-viva-a-mae-de-deus-e-nossa\/#article","isPartOf":{"@id":"https:\/\/www.oarcanjo.net\/site\/carta-pastoral-viva-a-mae-de-deus-e-nossa\/"},"author":{"name":"editor","@id":"https:\/\/www.oarcanjo.net\/site\/#\/schema\/person\/f7024d007863202483a31326673a0838"},"headline":"Carta Pastoral: &#8220;Viva a M\u00e3e de Deus e nossa&#8221;","datePublished":"2017-01-19T19:20:42+00:00","dateModified":"2017-01-21T19:34:51+00:00","mainEntityOfPage":{"@id":"https:\/\/www.oarcanjo.net\/site\/carta-pastoral-viva-a-mae-de-deus-e-nossa\/"},"wordCount":131,"commentCount":0,"publisher":{"@id":"https:\/\/www.oarcanjo.net\/site\/#organization"},"image":{"@id":"https:\/\/www.oarcanjo.net\/site\/carta-pastoral-viva-a-mae-de-deus-e-nossa\/#primaryimage"},"thumbnailUrl":"https:\/\/www.oarcanjo.net\/site\/wp-content\/uploads\/DomOdiloAnoMariano.png","articleSection":["Destaques","Reflex\u00f5es"],"inLanguage":"pt-BR","potentialAction":[{"@type":"CommentAction","name":"Comment","target":["https:\/\/www.oarcanjo.net\/site\/carta-pastoral-viva-a-mae-de-deus-e-nossa\/#respond"]}]},{"@type":"WebPage","@id":"https:\/\/www.oarcanjo.net\/site\/carta-pastoral-viva-a-mae-de-deus-e-nossa\/","url":"https:\/\/www.oarcanjo.net\/site\/carta-pastoral-viva-a-mae-de-deus-e-nossa\/","name":"Carta Pastoral: \"Viva a M\u00e3e de Deus e nossa\" - O Arcanjo no ar","isPartOf":{"@id":"https:\/\/www.oarcanjo.net\/site\/#website"},"primaryImageOfPage":{"@id":"https:\/\/www.oarcanjo.net\/site\/carta-pastoral-viva-a-mae-de-deus-e-nossa\/#primaryimage"},"image":{"@id":"https:\/\/www.oarcanjo.net\/site\/carta-pastoral-viva-a-mae-de-deus-e-nossa\/#primaryimage"},"thumbnailUrl":"https:\/\/www.oarcanjo.net\/site\/wp-content\/uploads\/DomOdiloAnoMariano.png","datePublished":"2017-01-19T19:20:42+00:00","dateModified":"2017-01-21T19:34:51+00:00","breadcrumb":{"@id":"https:\/\/www.oarcanjo.net\/site\/carta-pastoral-viva-a-mae-de-deus-e-nossa\/#breadcrumb"},"inLanguage":"pt-BR","potentialAction":[{"@type":"ReadAction","target":["https:\/\/www.oarcanjo.net\/site\/carta-pastoral-viva-a-mae-de-deus-e-nossa\/"]}]},{"@type":"ImageObject","inLanguage":"pt-BR","@id":"https:\/\/www.oarcanjo.net\/site\/carta-pastoral-viva-a-mae-de-deus-e-nossa\/#primaryimage","url":"https:\/\/www.oarcanjo.net\/site\/wp-content\/uploads\/DomOdiloAnoMariano.png","contentUrl":"https:\/\/www.oarcanjo.net\/site\/wp-content\/uploads\/DomOdiloAnoMariano.png","width":481,"height":488},{"@type":"BreadcrumbList","@id":"https:\/\/www.oarcanjo.net\/site\/carta-pastoral-viva-a-mae-de-deus-e-nossa\/#breadcrumb","itemListElement":[{"@type":"ListItem","position":1,"name":"In\u00edcio","item":"https:\/\/www.oarcanjo.net\/site\/"},{"@type":"ListItem","position":2,"name":"Carta Pastoral: &#8220;Viva a M\u00e3e de Deus e nossa&#8221;"}]},{"@type":"WebSite","@id":"https:\/\/www.oarcanjo.net\/site\/#website","url":"https:\/\/www.oarcanjo.net\/site\/","name":"O Arcanjo no ar","description":"Site da Par\u00f3quia S\u00e3o Miguel Arcanjo (Arquidiocese de SP)","publisher":{"@id":"https:\/\/www.oarcanjo.net\/site\/#organization"},"potentialAction":[{"@type":"SearchAction","target":{"@type":"EntryPoint","urlTemplate":"https:\/\/www.oarcanjo.net\/site\/?s={search_term_string}"},"query-input":{"@type":"PropertyValueSpecification","valueRequired":true,"valueName":"search_term_string"}}],"inLanguage":"pt-BR"},{"@type":"Organization","@id":"https:\/\/www.oarcanjo.net\/site\/#organization","name":"Par\u00f3quia S\u00e3o Miguel Arcanjo","url":"https:\/\/www.oarcanjo.net\/site\/","logo":{"@type":"ImageObject","inLanguage":"pt-BR","@id":"https:\/\/www.oarcanjo.net\/site\/#\/schema\/logo\/image\/","url":"https:\/\/www.oarcanjo.net\/site\/wp-content\/uploads\/LogoOArcanjo.png","contentUrl":"https:\/\/www.oarcanjo.net\/site\/wp-content\/uploads\/LogoOArcanjo.png","width":319,"height":99,"caption":"Par\u00f3quia S\u00e3o Miguel Arcanjo"},"image":{"@id":"https:\/\/www.oarcanjo.net\/site\/#\/schema\/logo\/image\/"},"sameAs":["https:\/\/www.facebook.com\/OArcanjoNoAr\/"]},{"@type":"Person","@id":"https:\/\/www.oarcanjo.net\/site\/#\/schema\/person\/f7024d007863202483a31326673a0838","name":"editor","sameAs":["http:\/\/www.oarcanjo.net"]}]}},"publishpress_future_action":{"enabled":false,"date":"2026-05-07 17:44:03","action":"category","newStatus":"draft","terms":[],"taxonomy":"category"},"publishpress_future_workflow_manual_trigger":{"enabledWorkflows":[]},"_links":{"self":[{"href":"https:\/\/www.oarcanjo.net\/site\/wp-json\/wp\/v2\/posts\/78820"}],"collection":[{"href":"https:\/\/www.oarcanjo.net\/site\/wp-json\/wp\/v2\/posts"}],"about":[{"href":"https:\/\/www.oarcanjo.net\/site\/wp-json\/wp\/v2\/types\/post"}],"author":[{"embeddable":true,"href":"https:\/\/www.oarcanjo.net\/site\/wp-json\/wp\/v2\/users\/5"}],"replies":[{"embeddable":true,"href":"https:\/\/www.oarcanjo.net\/site\/wp-json\/wp\/v2\/comments?post=78820"}],"version-history":[{"count":0,"href":"https:\/\/www.oarcanjo.net\/site\/wp-json\/wp\/v2\/posts\/78820\/revisions"}],"wp:featuredmedia":[{"embeddable":true,"href":"https:\/\/www.oarcanjo.net\/site\/wp-json\/wp\/v2\/media\/78823"}],"wp:attachment":[{"href":"https:\/\/www.oarcanjo.net\/site\/wp-json\/wp\/v2\/media?parent=78820"}],"wp:term":[{"taxonomy":"category","embeddable":true,"href":"https:\/\/www.oarcanjo.net\/site\/wp-json\/wp\/v2\/categories?post=78820"},{"taxonomy":"post_tag","embeddable":true,"href":"https:\/\/www.oarcanjo.net\/site\/wp-json\/wp\/v2\/tags?post=78820"}],"curies":[{"name":"wp","href":"https:\/\/api.w.org\/{rel}","templated":true}]}}