
{"id":78828,"date":"2017-01-22T20:00:13","date_gmt":"2017-01-22T22:00:13","guid":{"rendered":"http:\/\/www.oarcanjo.net\/site\/?p=78828"},"modified":"2017-01-22T21:46:57","modified_gmt":"2017-01-22T23:46:57","slug":"avisos-paroquiais-da-semana-22012017","status":"publish","type":"post","link":"https:\/\/www.oarcanjo.net\/site\/avisos-paroquiais-da-semana-22012017\/","title":{"rendered":"Avisos paroquiais da semana &#8211; 22\/01\/2017"},"content":{"rendered":"<p>Dom Odilo Scherer, cardeal arcebispo de S\u00e3o Paulo, lan\u00e7ou a <strong>Carta Pastoral &#8220;Viva a M\u00e3e de Deus e nossa&#8221;<\/strong> por ocasi\u00e3o do Ano Mariano que a Igreja do Brasil celebra at\u00e9 12 de outubro. A carta pode ser encontrada no portal da Arquidiocese, em sites como <a href=\"http:\/\/www.oarcanjo.net\/site\/index.php\/destaque\/carta-pastoral-viva-a-mae-de-deus-e-nossa\/\">O Arcanjo no ar<\/a> e na edi\u00e7\u00e3o desta semana do jornal O S\u00e3o Paulo. Mais detalhes nos avisos paroquiais da semana:<\/p>\n<p><iframe loading=\"lazy\" width=\"700\" height=\"394\" src=\"https:\/\/www.youtube.com\/embed\/7PcJdOJhJSg?rel=0\" frameborder=\"0\" allowfullscreen=\"allowfullscreen\"><\/iframe><\/p>\n<p>Grava\u00e7\u00e3o realizada no final da missa das 10h de 22\/01\/2017, na capela da Universidade S\u00e3o Judas Tadeu.<\/p>\n<div id=\"themify_builder_content-78828\" data-postid=\"78828\" class=\"themify_builder_content themify_builder_content-78828 themify_builder themify_builder_front\">\n\t<\/div>\n<!-- \/themify_builder_content -->","protected":false},"excerpt":{"rendered":"<p>Jornal O S\u00e3o Paulo traz a Carta Pastoral &#8220;Viva a M\u00e3e de Deus e nossa&#8221;, lan\u00e7ada por Dom Odilo Scherer para o Ano Mariano<\/p>\n","protected":false},"author":5,"featured_media":78849,"comment_status":"open","ping_status":"open","sticky":false,"template":"","format":"standard","meta":{"ngg_post_thumbnail":0,"footnotes":""},"categories":[476,8],"tags":[],"yoast_head":"<!-- This site is optimized with the Yoast SEO plugin v23.5 - https:\/\/yoast.com\/wordpress\/plugins\/seo\/ -->\n<title>Avisos paroquiais da semana - 22\/01\/2017 - O Arcanjo no ar<\/title>\n<meta name=\"robots\" content=\"index, follow, max-snippet:-1, max-image-preview:large, max-video-preview:-1\" \/>\n<link rel=\"canonical\" href=\"https:\/\/www.oarcanjo.net\/site\/avisos-paroquiais-da-semana-22012017\/\" \/>\n<meta property=\"og:locale\" content=\"pt_BR\" \/>\n<meta property=\"og:type\" content=\"article\" \/>\n<meta property=\"og:title\" content=\"Avisos paroquiais da semana - 22\/01\/2017 - O Arcanjo no ar\" \/>\n<meta property=\"og:description\" content=\"Jornal O S\u00e3o Paulo traz a Carta Pastoral &quot;Viva a M\u00e3e de Deus e nossa&quot;, lan\u00e7ada por Dom Odilo Scherer para o Ano Mariano\" \/>\n<meta property=\"og:url\" content=\"https:\/\/www.oarcanjo.net\/site\/avisos-paroquiais-da-semana-22012017\/\" \/>\n<meta property=\"og:site_name\" content=\"O Arcanjo no ar\" \/>\n<meta property=\"article:publisher\" content=\"https:\/\/www.facebook.com\/OArcanjoNoAr\/\" \/>\n<meta property=\"article:published_time\" content=\"2017-01-22T22:00:13+00:00\" \/>\n<meta property=\"article:modified_time\" content=\"2017-01-22T23:46:57+00:00\" \/>\n<meta property=\"og:image\" content=\"https:\/\/www.oarcanjo.net\/site\/wp-content\/uploads\/20170122Avisos.png\" \/>\n\t<meta property=\"og:image:width\" content=\"479\" \/>\n\t<meta property=\"og:image:height\" content=\"271\" \/>\n\t<meta property=\"og:image:type\" content=\"image\/png\" \/>\n<meta name=\"author\" content=\"editor\" \/>\n<meta name=\"twitter:card\" content=\"summary_large_image\" \/>\n<meta name=\"twitter:label1\" content=\"Escrito por\" \/>\n\t<meta name=\"twitter:data1\" content=\"editor\" \/>\n<script type=\"application\/ld+json\" class=\"yoast-schema-graph\">{\"@context\":\"https:\/\/schema.org\",\"@graph\":[{\"@type\":\"Article\",\"@id\":\"https:\/\/www.oarcanjo.net\/site\/avisos-paroquiais-da-semana-22012017\/#article\",\"isPartOf\":{\"@id\":\"https:\/\/www.oarcanjo.net\/site\/avisos-paroquiais-da-semana-22012017\/\"},\"author\":{\"name\":\"editor\",\"@id\":\"https:\/\/www.oarcanjo.net\/site\/#\/schema\/person\/f7024d007863202483a31326673a0838\"},\"headline\":\"Avisos paroquiais da semana &#8211; 22\/01\/2017\",\"datePublished\":\"2017-01-22T22:00:13+00:00\",\"dateModified\":\"2017-01-22T23:46:57+00:00\",\"mainEntityOfPage\":{\"@id\":\"https:\/\/www.oarcanjo.net\/site\/avisos-paroquiais-da-semana-22012017\/\"},\"wordCount\":95,\"commentCount\":0,\"publisher\":{\"@id\":\"https:\/\/www.oarcanjo.net\/site\/#organization\"},\"image\":{\"@id\":\"https:\/\/www.oarcanjo.net\/site\/avisos-paroquiais-da-semana-22012017\/#primaryimage\"},\"thumbnailUrl\":\"https:\/\/www.oarcanjo.net\/site\/wp-content\/uploads\/20170122Avisos.png\",\"articleSection\":[\"Avisos\",\"Not\u00edcias\"],\"inLanguage\":\"pt-BR\",\"potentialAction\":[{\"@type\":\"CommentAction\",\"name\":\"Comment\",\"target\":[\"https:\/\/www.oarcanjo.net\/site\/avisos-paroquiais-da-semana-22012017\/#respond\"]}]},{\"@type\":\"WebPage\",\"@id\":\"https:\/\/www.oarcanjo.net\/site\/avisos-paroquiais-da-semana-22012017\/\",\"url\":\"https:\/\/www.oarcanjo.net\/site\/avisos-paroquiais-da-semana-22012017\/\",\"name\":\"Avisos paroquiais da semana - 22\/01\/2017 - O Arcanjo no ar\",\"isPartOf\":{\"@id\":\"https:\/\/www.oarcanjo.net\/site\/#website\"},\"primaryImageOfPage\":{\"@id\":\"https:\/\/www.oarcanjo.net\/site\/avisos-paroquiais-da-semana-22012017\/#primaryimage\"},\"image\":{\"@id\":\"https:\/\/www.oarcanjo.net\/site\/avisos-paroquiais-da-semana-22012017\/#primaryimage\"},\"thumbnailUrl\":\"https:\/\/www.oarcanjo.net\/site\/wp-content\/uploads\/20170122Avisos.png\",\"datePublished\":\"2017-01-22T22:00:13+00:00\",\"dateModified\":\"2017-01-22T23:46:57+00:00\",\"breadcrumb\":{\"@id\":\"https:\/\/www.oarcanjo.net\/site\/avisos-paroquiais-da-semana-22012017\/#breadcrumb\"},\"inLanguage\":\"pt-BR\",\"potentialAction\":[{\"@type\":\"ReadAction\",\"target\":[\"https:\/\/www.oarcanjo.net\/site\/avisos-paroquiais-da-semana-22012017\/\"]}]},{\"@type\":\"ImageObject\",\"inLanguage\":\"pt-BR\",\"@id\":\"https:\/\/www.oarcanjo.net\/site\/avisos-paroquiais-da-semana-22012017\/#primaryimage\",\"url\":\"https:\/\/www.oarcanjo.net\/site\/wp-content\/uploads\/20170122Avisos.png\",\"contentUrl\":\"https:\/\/www.oarcanjo.net\/site\/wp-content\/uploads\/20170122Avisos.png\",\"width\":479,\"height\":271},{\"@type\":\"BreadcrumbList\",\"@id\":\"https:\/\/www.oarcanjo.net\/site\/avisos-paroquiais-da-semana-22012017\/#breadcrumb\",\"itemListElement\":[{\"@type\":\"ListItem\",\"position\":1,\"name\":\"In\u00edcio\",\"item\":\"https:\/\/www.oarcanjo.net\/site\/\"},{\"@type\":\"ListItem\",\"position\":2,\"name\":\"Avisos paroquiais da semana &#8211; 22\/01\/2017\"}]},{\"@type\":\"WebSite\",\"@id\":\"https:\/\/www.oarcanjo.net\/site\/#website\",\"url\":\"https:\/\/www.oarcanjo.net\/site\/\",\"name\":\"O Arcanjo no ar\",\"description\":\"Site da Par\u00f3quia S\u00e3o Miguel Arcanjo (Arquidiocese de SP)\",\"publisher\":{\"@id\":\"https:\/\/www.oarcanjo.net\/site\/#organization\"},\"potentialAction\":[{\"@type\":\"SearchAction\",\"target\":{\"@type\":\"EntryPoint\",\"urlTemplate\":\"https:\/\/www.oarcanjo.net\/site\/?s={search_term_string}\"},\"query-input\":{\"@type\":\"PropertyValueSpecification\",\"valueRequired\":true,\"valueName\":\"search_term_string\"}}],\"inLanguage\":\"pt-BR\"},{\"@type\":\"Organization\",\"@id\":\"https:\/\/www.oarcanjo.net\/site\/#organization\",\"name\":\"Par\u00f3quia S\u00e3o Miguel Arcanjo\",\"url\":\"https:\/\/www.oarcanjo.net\/site\/\",\"logo\":{\"@type\":\"ImageObject\",\"inLanguage\":\"pt-BR\",\"@id\":\"https:\/\/www.oarcanjo.net\/site\/#\/schema\/logo\/image\/\",\"url\":\"https:\/\/www.oarcanjo.net\/site\/wp-content\/uploads\/LogoOArcanjo.png\",\"contentUrl\":\"https:\/\/www.oarcanjo.net\/site\/wp-content\/uploads\/LogoOArcanjo.png\",\"width\":319,\"height\":99,\"caption\":\"Par\u00f3quia S\u00e3o Miguel Arcanjo\"},\"image\":{\"@id\":\"https:\/\/www.oarcanjo.net\/site\/#\/schema\/logo\/image\/\"},\"sameAs\":[\"https:\/\/www.facebook.com\/OArcanjoNoAr\/\"]},{\"@type\":\"Person\",\"@id\":\"https:\/\/www.oarcanjo.net\/site\/#\/schema\/person\/f7024d007863202483a31326673a0838\",\"name\":\"editor\",\"sameAs\":[\"http:\/\/www.oarcanjo.net\"]}]}<\/script>\n<!-- \/ Yoast SEO plugin. -->","yoast_head_json":{"title":"Avisos paroquiais da semana - 22\/01\/2017 - O Arcanjo no ar","robots":{"index":"index","follow":"follow","max-snippet":"max-snippet:-1","max-image-preview":"max-image-preview:large","max-video-preview":"max-video-preview:-1"},"canonical":"https:\/\/www.oarcanjo.net\/site\/avisos-paroquiais-da-semana-22012017\/","og_locale":"pt_BR","og_type":"article","og_title":"Avisos paroquiais da semana - 22\/01\/2017 - O Arcanjo no ar","og_description":"Jornal O S\u00e3o Paulo traz a Carta Pastoral \"Viva a M\u00e3e de Deus e nossa\", lan\u00e7ada por Dom Odilo Scherer para o Ano Mariano","og_url":"https:\/\/www.oarcanjo.net\/site\/avisos-paroquiais-da-semana-22012017\/","og_site_name":"O Arcanjo no ar","article_publisher":"https:\/\/www.facebook.com\/OArcanjoNoAr\/","article_published_time":"2017-01-22T22:00:13+00:00","article_modified_time":"2017-01-22T23:46:57+00:00","og_image":[{"width":479,"height":271,"url":"https:\/\/www.oarcanjo.net\/site\/wp-content\/uploads\/20170122Avisos.png","type":"image\/png"}],"author":"editor","twitter_card":"summary_large_image","twitter_misc":{"Escrito por":"editor"},"schema":{"@context":"https:\/\/schema.org","@graph":[{"@type":"Article","@id":"https:\/\/www.oarcanjo.net\/site\/avisos-paroquiais-da-semana-22012017\/#article","isPartOf":{"@id":"https:\/\/www.oarcanjo.net\/site\/avisos-paroquiais-da-semana-22012017\/"},"author":{"name":"editor","@id":"https:\/\/www.oarcanjo.net\/site\/#\/schema\/person\/f7024d007863202483a31326673a0838"},"headline":"Avisos paroquiais da semana &#8211; 22\/01\/2017","datePublished":"2017-01-22T22:00:13+00:00","dateModified":"2017-01-22T23:46:57+00:00","mainEntityOfPage":{"@id":"https:\/\/www.oarcanjo.net\/site\/avisos-paroquiais-da-semana-22012017\/"},"wordCount":95,"commentCount":0,"publisher":{"@id":"https:\/\/www.oarcanjo.net\/site\/#organization"},"image":{"@id":"https:\/\/www.oarcanjo.net\/site\/avisos-paroquiais-da-semana-22012017\/#primaryimage"},"thumbnailUrl":"https:\/\/www.oarcanjo.net\/site\/wp-content\/uploads\/20170122Avisos.png","articleSection":["Avisos","Not\u00edcias"],"inLanguage":"pt-BR","potentialAction":[{"@type":"CommentAction","name":"Comment","target":["https:\/\/www.oarcanjo.net\/site\/avisos-paroquiais-da-semana-22012017\/#respond"]}]},{"@type":"WebPage","@id":"https:\/\/www.oarcanjo.net\/site\/avisos-paroquiais-da-semana-22012017\/","url":"https:\/\/www.oarcanjo.net\/site\/avisos-paroquiais-da-semana-22012017\/","name":"Avisos paroquiais da semana - 22\/01\/2017 - O Arcanjo no ar","isPartOf":{"@id":"https:\/\/www.oarcanjo.net\/site\/#website"},"primaryImageOfPage":{"@id":"https:\/\/www.oarcanjo.net\/site\/avisos-paroquiais-da-semana-22012017\/#primaryimage"},"image":{"@id":"https:\/\/www.oarcanjo.net\/site\/avisos-paroquiais-da-semana-22012017\/#primaryimage"},"thumbnailUrl":"https:\/\/www.oarcanjo.net\/site\/wp-content\/uploads\/20170122Avisos.png","datePublished":"2017-01-22T22:00:13+00:00","dateModified":"2017-01-22T23:46:57+00:00","breadcrumb":{"@id":"https:\/\/www.oarcanjo.net\/site\/avisos-paroquiais-da-semana-22012017\/#breadcrumb"},"inLanguage":"pt-BR","potentialAction":[{"@type":"ReadAction","target":["https:\/\/www.oarcanjo.net\/site\/avisos-paroquiais-da-semana-22012017\/"]}]},{"@type":"ImageObject","inLanguage":"pt-BR","@id":"https:\/\/www.oarcanjo.net\/site\/avisos-paroquiais-da-semana-22012017\/#primaryimage","url":"https:\/\/www.oarcanjo.net\/site\/wp-content\/uploads\/20170122Avisos.png","contentUrl":"https:\/\/www.oarcanjo.net\/site\/wp-content\/uploads\/20170122Avisos.png","width":479,"height":271},{"@type":"BreadcrumbList","@id":"https:\/\/www.oarcanjo.net\/site\/avisos-paroquiais-da-semana-22012017\/#breadcrumb","itemListElement":[{"@type":"ListItem","position":1,"name":"In\u00edcio","item":"https:\/\/www.oarcanjo.net\/site\/"},{"@type":"ListItem","position":2,"name":"Avisos paroquiais da semana &#8211; 22\/01\/2017"}]},{"@type":"WebSite","@id":"https:\/\/www.oarcanjo.net\/site\/#website","url":"https:\/\/www.oarcanjo.net\/site\/","name":"O Arcanjo no ar","description":"Site da Par\u00f3quia S\u00e3o Miguel Arcanjo (Arquidiocese de SP)","publisher":{"@id":"https:\/\/www.oarcanjo.net\/site\/#organization"},"potentialAction":[{"@type":"SearchAction","target":{"@type":"EntryPoint","urlTemplate":"https:\/\/www.oarcanjo.net\/site\/?s={search_term_string}"},"query-input":{"@type":"PropertyValueSpecification","valueRequired":true,"valueName":"search_term_string"}}],"inLanguage":"pt-BR"},{"@type":"Organization","@id":"https:\/\/www.oarcanjo.net\/site\/#organization","name":"Par\u00f3quia S\u00e3o Miguel Arcanjo","url":"https:\/\/www.oarcanjo.net\/site\/","logo":{"@type":"ImageObject","inLanguage":"pt-BR","@id":"https:\/\/www.oarcanjo.net\/site\/#\/schema\/logo\/image\/","url":"https:\/\/www.oarcanjo.net\/site\/wp-content\/uploads\/LogoOArcanjo.png","contentUrl":"https:\/\/www.oarcanjo.net\/site\/wp-content\/uploads\/LogoOArcanjo.png","width":319,"height":99,"caption":"Par\u00f3quia S\u00e3o Miguel Arcanjo"},"image":{"@id":"https:\/\/www.oarcanjo.net\/site\/#\/schema\/logo\/image\/"},"sameAs":["https:\/\/www.facebook.com\/OArcanjoNoAr\/"]},{"@type":"Person","@id":"https:\/\/www.oarcanjo.net\/site\/#\/schema\/person\/f7024d007863202483a31326673a0838","name":"editor","sameAs":["http:\/\/www.oarcanjo.net"]}]}},"publishpress_future_action":{"enabled":false,"date":"2026-05-09 07:57:11","action":"category","newStatus":"draft","terms":[],"taxonomy":"category"},"publishpress_future_workflow_manual_trigger":{"enabledWorkflows":[]},"_links":{"self":[{"href":"https:\/\/www.oarcanjo.net\/site\/wp-json\/wp\/v2\/posts\/78828"}],"collection":[{"href":"https:\/\/www.oarcanjo.net\/site\/wp-json\/wp\/v2\/posts"}],"about":[{"href":"https:\/\/www.oarcanjo.net\/site\/wp-json\/wp\/v2\/types\/post"}],"author":[{"embeddable":true,"href":"https:\/\/www.oarcanjo.net\/site\/wp-json\/wp\/v2\/users\/5"}],"replies":[{"embeddable":true,"href":"https:\/\/www.oarcanjo.net\/site\/wp-json\/wp\/v2\/comments?post=78828"}],"version-history":[{"count":0,"href":"https:\/\/www.oarcanjo.net\/site\/wp-json\/wp\/v2\/posts\/78828\/revisions"}],"wp:featuredmedia":[{"embeddable":true,"href":"https:\/\/www.oarcanjo.net\/site\/wp-json\/wp\/v2\/media\/78849"}],"wp:attachment":[{"href":"https:\/\/www.oarcanjo.net\/site\/wp-json\/wp\/v2\/media?parent=78828"}],"wp:term":[{"taxonomy":"category","embeddable":true,"href":"https:\/\/www.oarcanjo.net\/site\/wp-json\/wp\/v2\/categories?post=78828"},{"taxonomy":"post_tag","embeddable":true,"href":"https:\/\/www.oarcanjo.net\/site\/wp-json\/wp\/v2\/tags?post=78828"}],"curies":[{"name":"wp","href":"https:\/\/api.w.org\/{rel}","templated":true}]}}