
{"id":7893,"date":"2010-02-10T23:02:36","date_gmt":"2010-02-11T01:02:36","guid":{"rendered":"http:\/\/www.oarcanjo.net\/site\/?p=7893"},"modified":"2010-02-11T06:50:00","modified_gmt":"2010-02-11T08:50:00","slug":"lancamento-da-campanha-da-fraternidade","status":"publish","type":"post","link":"https:\/\/www.oarcanjo.net\/site\/lancamento-da-campanha-da-fraternidade\/","title":{"rendered":"Lan\u00e7amento da Campanha da Fraternidade"},"content":{"rendered":"<p><object classid=\"clsid:d27cdb6e-ae6d-11cf-96b8-444553540000\" width=\"480\" height=\"385\" codebase=\"http:\/\/download.macromedia.com\/pub\/shockwave\/cabs\/flash\/swflash.cab#version=6,0,40,0\"><param name=\"allowFullScreen\" value=\"true\" \/><param name=\"allowscriptaccess\" value=\"always\" \/><param name=\"src\" value=\"http:\/\/www.youtube.com\/v\/ootOhIhKKPY&amp;hl=pt_BR&amp;fs=1&amp;rel=0&amp;color1=0xe1600f&amp;color2=0xfebd01\" \/><param name=\"allowfullscreen\" value=\"true\" \/><embed type=\"application\/x-shockwave-flash\" width=\"480\" height=\"385\" src=\"http:\/\/www.youtube.com\/v\/ootOhIhKKPY&amp;hl=pt_BR&amp;fs=1&amp;rel=0&amp;color1=0xe1600f&amp;color2=0xfebd01\" allowscriptaccess=\"always\" allowfullscreen=\"true\"><\/embed><\/object><\/p>\n<p>Com o lema &#8220;<em>Voc\u00eas n\u00e3o podem servir a Deus e ao dinheiro<\/em>&#8220;, a Campanha da Fraternidade deste ano traz o tema &#8220;Economia e vida&#8221; para a reflex\u00e3o dos crist\u00e3os. Durante a Quaresma, per\u00edodo lit\u00fargico que come\u00e7a na quarta-feira de Cinzas, as igrejas que integram o Conic &#8211; Conselho Nacional das Igrejas Crist\u00e3s &#8211; e outras denomina\u00e7\u00f5es e pessoas de boa vontade promovem a campanha ecum\u00eanica que tem como objetivo &#8220;colaborar na promo\u00e7\u00e3o de uma economia a servi\u00e7o da vida, fundamentada no ideal da cultura da paz (&#8230;) para que todos contribuam na constru\u00e7\u00e3o do bem comum em vista de uma sociedade sem exclus\u00e3o&#8221;.<\/p>\n<p>O lan\u00e7amento da CF 2010 na Regi\u00e3o Bel\u00e9m aconteceu domingo, 07\/02, com a participa\u00e7\u00e3o de representantes de diversas par\u00f3quias e comunidades. A acolhida e anima\u00e7\u00e3o ficou sob a responsabilidade da irm\u00e3 Iracema, secret\u00e1ria de Pastoral da Regi\u00e3o.<\/p>\n<p><img loading=\"lazy\" decoding=\"async\" src=\"http:\/\/www.oarcanjo.net\/site\/wp-content\/uploads\/lancamento-CF-07022010-003-tb.jpg\" alt=\"Lan\u00e7amento da Campanha da Fraternidade de 2010\" title=\"Lan\u00e7amento da Campanha da Fraternidade de 2010\" width=\"450\" height=\"301\" class=\"alignnone size-full wp-image-7910\" srcset=\"https:\/\/www.oarcanjo.net\/site\/wp-content\/uploads\/lancamento-CF-07022010-003-tb.jpg 450w, https:\/\/www.oarcanjo.net\/site\/wp-content\/uploads\/lancamento-CF-07022010-003-tb-300x200.jpg 300w\" sizes=\"(max-width: 450px) 100vw, 450px\" \/><\/p>\n<p>O Vig\u00e1rio Episcopal, Pe. Cesar Gobbo, falou na abertura do encontro que a Campanha serve para questionar as estruturas mas tamb\u00e9m as pessoas: &#8220;enquanto o dinheiro est\u00e1 servindo a vida, tudo bem; ele n\u00e3o pode estar no cora\u00e7\u00e3o, gerando depend\u00eancia e invers\u00e3o de valores&#8221;.<\/p>\n<p>Pe. Jos\u00e9 Bizon, assessor da CNBB para o Ecumenismo e Di\u00e1logo Inter-religioso, fez uma apresenta\u00e7\u00e3o sobre a hist\u00f3ria da CF em suas diversas fases, os temas e lemas abordados, as edi\u00e7\u00f5es ecum\u00eanicas e os desafios deste ano.<\/p>\n<p>Veja abaixo mais fotos do lan\u00e7amento:<\/p>\nngg_shortcode_0_placeholder\n<p><em>Evento registrado por Carlos Alberto Beatriz<\/em><\/p>\n<div id=\"themify_builder_content-7893\" data-postid=\"7893\" class=\"themify_builder_content themify_builder_content-7893 themify_builder themify_builder_front\">\n\t<\/div>\n<!-- \/themify_builder_content -->","protected":false},"excerpt":{"rendered":"<p>Com o lema &#8220;Voc\u00eas n\u00e3o podem servir a Deus e ao dinheiro&#8220;, a Campanha da Fraternidade deste ano traz o tema &#8220;Economia e vida&#8221; para a reflex\u00e3o dos crist\u00e3os. Durante a Quaresma, per\u00edodo lit\u00fargico que come\u00e7a na quarta-feira de Cinzas, as igrejas que integram o Conic &#8211; Conselho Nacional das Igrejas Crist\u00e3s &#8211; e outras [&hellip;]<\/p>\n","protected":false},"author":2,"featured_media":0,"comment_status":"open","ping_status":"open","sticky":false,"template":"","format":"standard","meta":{"ngg_post_thumbnail":0,"footnotes":""},"categories":[241,3,8],"tags":[229,63,717,29],"yoast_head":"<!-- This site is optimized with the Yoast SEO plugin v23.5 - https:\/\/yoast.com\/wordpress\/plugins\/seo\/ -->\n<title>Lan\u00e7amento da Campanha da Fraternidade - O Arcanjo no ar<\/title>\n<meta name=\"robots\" content=\"index, follow, max-snippet:-1, max-image-preview:large, max-video-preview:-1\" \/>\n<link rel=\"canonical\" href=\"https:\/\/www.oarcanjo.net\/site\/lancamento-da-campanha-da-fraternidade\/\" \/>\n<meta property=\"og:locale\" content=\"pt_BR\" \/>\n<meta property=\"og:type\" content=\"article\" \/>\n<meta property=\"og:title\" content=\"Lan\u00e7amento da Campanha da Fraternidade - O Arcanjo no ar\" \/>\n<meta property=\"og:description\" content=\"Com o lema &#8220;Voc\u00eas n\u00e3o podem servir a Deus e ao dinheiro&#8220;, a Campanha da Fraternidade deste ano traz o tema &#8220;Economia e vida&#8221; para a reflex\u00e3o dos crist\u00e3os. Durante a Quaresma, per\u00edodo lit\u00fargico que come\u00e7a na quarta-feira de Cinzas, as igrejas que integram o Conic &#8211; Conselho Nacional das Igrejas Crist\u00e3s &#8211; e outras [&hellip;]\" \/>\n<meta property=\"og:url\" content=\"https:\/\/www.oarcanjo.net\/site\/lancamento-da-campanha-da-fraternidade\/\" \/>\n<meta property=\"og:site_name\" content=\"O Arcanjo no ar\" \/>\n<meta property=\"article:publisher\" content=\"https:\/\/www.facebook.com\/OArcanjoNoAr\/\" \/>\n<meta property=\"article:published_time\" content=\"2010-02-11T01:02:36+00:00\" \/>\n<meta property=\"article:modified_time\" content=\"2010-02-11T08:50:00+00:00\" \/>\n<meta property=\"og:image\" content=\"http:\/\/www.oarcanjo.net\/site\/wp-content\/uploads\/lancamento-CF-07022010-003-tb.jpg\" \/>\n<meta name=\"author\" content=\"rubens.meyer\" \/>\n<meta name=\"twitter:card\" content=\"summary_large_image\" \/>\n<meta name=\"twitter:label1\" content=\"Escrito por\" \/>\n\t<meta name=\"twitter:data1\" content=\"rubens.meyer\" \/>\n\t<meta name=\"twitter:label2\" content=\"Est. tempo de leitura\" \/>\n\t<meta name=\"twitter:data2\" content=\"1 minuto\" \/>\n<script type=\"application\/ld+json\" class=\"yoast-schema-graph\">{\"@context\":\"https:\/\/schema.org\",\"@graph\":[{\"@type\":\"Article\",\"@id\":\"https:\/\/www.oarcanjo.net\/site\/lancamento-da-campanha-da-fraternidade\/#article\",\"isPartOf\":{\"@id\":\"https:\/\/www.oarcanjo.net\/site\/lancamento-da-campanha-da-fraternidade\/\"},\"author\":{\"name\":\"rubens.meyer\",\"@id\":\"https:\/\/www.oarcanjo.net\/site\/#\/schema\/person\/8f702af457b0cfb4ac1a7228ee23f026\"},\"headline\":\"Lan\u00e7amento da Campanha da Fraternidade\",\"datePublished\":\"2010-02-11T01:02:36+00:00\",\"dateModified\":\"2010-02-11T08:50:00+00:00\",\"mainEntityOfPage\":{\"@id\":\"https:\/\/www.oarcanjo.net\/site\/lancamento-da-campanha-da-fraternidade\/\"},\"wordCount\":272,\"commentCount\":4,\"publisher\":{\"@id\":\"https:\/\/www.oarcanjo.net\/site\/#organization\"},\"image\":{\"@id\":\"https:\/\/www.oarcanjo.net\/site\/lancamento-da-campanha-da-fraternidade\/#primaryimage\"},\"thumbnailUrl\":\"http:\/\/www.oarcanjo.net\/site\/wp-content\/uploads\/lancamento-CF-07022010-003-tb.jpg\",\"keywords\":[\"Campanha da Fraternidade\",\"CNBB\",\"Conic\",\"Regi\u00e3o Bel\u00e9m\"],\"articleSection\":[\"CF\",\"Destaques\",\"Not\u00edcias\"],\"inLanguage\":\"pt-BR\",\"potentialAction\":[{\"@type\":\"CommentAction\",\"name\":\"Comment\",\"target\":[\"https:\/\/www.oarcanjo.net\/site\/lancamento-da-campanha-da-fraternidade\/#respond\"]}]},{\"@type\":\"WebPage\",\"@id\":\"https:\/\/www.oarcanjo.net\/site\/lancamento-da-campanha-da-fraternidade\/\",\"url\":\"https:\/\/www.oarcanjo.net\/site\/lancamento-da-campanha-da-fraternidade\/\",\"name\":\"Lan\u00e7amento da Campanha da Fraternidade - O Arcanjo no ar\",\"isPartOf\":{\"@id\":\"https:\/\/www.oarcanjo.net\/site\/#website\"},\"primaryImageOfPage\":{\"@id\":\"https:\/\/www.oarcanjo.net\/site\/lancamento-da-campanha-da-fraternidade\/#primaryimage\"},\"image\":{\"@id\":\"https:\/\/www.oarcanjo.net\/site\/lancamento-da-campanha-da-fraternidade\/#primaryimage\"},\"thumbnailUrl\":\"http:\/\/www.oarcanjo.net\/site\/wp-content\/uploads\/lancamento-CF-07022010-003-tb.jpg\",\"datePublished\":\"2010-02-11T01:02:36+00:00\",\"dateModified\":\"2010-02-11T08:50:00+00:00\",\"breadcrumb\":{\"@id\":\"https:\/\/www.oarcanjo.net\/site\/lancamento-da-campanha-da-fraternidade\/#breadcrumb\"},\"inLanguage\":\"pt-BR\",\"potentialAction\":[{\"@type\":\"ReadAction\",\"target\":[\"https:\/\/www.oarcanjo.net\/site\/lancamento-da-campanha-da-fraternidade\/\"]}]},{\"@type\":\"ImageObject\",\"inLanguage\":\"pt-BR\",\"@id\":\"https:\/\/www.oarcanjo.net\/site\/lancamento-da-campanha-da-fraternidade\/#primaryimage\",\"url\":\"https:\/\/www.oarcanjo.net\/site\/wp-content\/uploads\/lancamento-CF-07022010-003-tb.jpg\",\"contentUrl\":\"https:\/\/www.oarcanjo.net\/site\/wp-content\/uploads\/lancamento-CF-07022010-003-tb.jpg\",\"width\":\"450\",\"height\":\"301\",\"caption\":\"Lan\u00e7amento da Campanha da Fraternidade de 2010\"},{\"@type\":\"BreadcrumbList\",\"@id\":\"https:\/\/www.oarcanjo.net\/site\/lancamento-da-campanha-da-fraternidade\/#breadcrumb\",\"itemListElement\":[{\"@type\":\"ListItem\",\"position\":1,\"name\":\"In\u00edcio\",\"item\":\"https:\/\/www.oarcanjo.net\/site\/\"},{\"@type\":\"ListItem\",\"position\":2,\"name\":\"Lan\u00e7amento da Campanha da Fraternidade\"}]},{\"@type\":\"WebSite\",\"@id\":\"https:\/\/www.oarcanjo.net\/site\/#website\",\"url\":\"https:\/\/www.oarcanjo.net\/site\/\",\"name\":\"O Arcanjo no ar\",\"description\":\"Site da Par\u00f3quia S\u00e3o Miguel Arcanjo (Arquidiocese de SP)\",\"publisher\":{\"@id\":\"https:\/\/www.oarcanjo.net\/site\/#organization\"},\"potentialAction\":[{\"@type\":\"SearchAction\",\"target\":{\"@type\":\"EntryPoint\",\"urlTemplate\":\"https:\/\/www.oarcanjo.net\/site\/?s={search_term_string}\"},\"query-input\":{\"@type\":\"PropertyValueSpecification\",\"valueRequired\":true,\"valueName\":\"search_term_string\"}}],\"inLanguage\":\"pt-BR\"},{\"@type\":\"Organization\",\"@id\":\"https:\/\/www.oarcanjo.net\/site\/#organization\",\"name\":\"Par\u00f3quia S\u00e3o Miguel Arcanjo\",\"url\":\"https:\/\/www.oarcanjo.net\/site\/\",\"logo\":{\"@type\":\"ImageObject\",\"inLanguage\":\"pt-BR\",\"@id\":\"https:\/\/www.oarcanjo.net\/site\/#\/schema\/logo\/image\/\",\"url\":\"https:\/\/www.oarcanjo.net\/site\/wp-content\/uploads\/LogoOArcanjo.png\",\"contentUrl\":\"https:\/\/www.oarcanjo.net\/site\/wp-content\/uploads\/LogoOArcanjo.png\",\"width\":319,\"height\":99,\"caption\":\"Par\u00f3quia S\u00e3o Miguel Arcanjo\"},\"image\":{\"@id\":\"https:\/\/www.oarcanjo.net\/site\/#\/schema\/logo\/image\/\"},\"sameAs\":[\"https:\/\/www.facebook.com\/OArcanjoNoAr\/\"]},{\"@type\":\"Person\",\"@id\":\"https:\/\/www.oarcanjo.net\/site\/#\/schema\/person\/8f702af457b0cfb4ac1a7228ee23f026\",\"name\":\"rubens.meyer\"}]}<\/script>\n<!-- \/ Yoast SEO plugin. -->","yoast_head_json":{"title":"Lan\u00e7amento da Campanha da Fraternidade - O Arcanjo no ar","robots":{"index":"index","follow":"follow","max-snippet":"max-snippet:-1","max-image-preview":"max-image-preview:large","max-video-preview":"max-video-preview:-1"},"canonical":"https:\/\/www.oarcanjo.net\/site\/lancamento-da-campanha-da-fraternidade\/","og_locale":"pt_BR","og_type":"article","og_title":"Lan\u00e7amento da Campanha da Fraternidade - O Arcanjo no ar","og_description":"Com o lema &#8220;Voc\u00eas n\u00e3o podem servir a Deus e ao dinheiro&#8220;, a Campanha da Fraternidade deste ano traz o tema &#8220;Economia e vida&#8221; para a reflex\u00e3o dos crist\u00e3os. Durante a Quaresma, per\u00edodo lit\u00fargico que come\u00e7a na quarta-feira de Cinzas, as igrejas que integram o Conic &#8211; Conselho Nacional das Igrejas Crist\u00e3s &#8211; e outras [&hellip;]","og_url":"https:\/\/www.oarcanjo.net\/site\/lancamento-da-campanha-da-fraternidade\/","og_site_name":"O Arcanjo no ar","article_publisher":"https:\/\/www.facebook.com\/OArcanjoNoAr\/","article_published_time":"2010-02-11T01:02:36+00:00","article_modified_time":"2010-02-11T08:50:00+00:00","og_image":[{"url":"http:\/\/www.oarcanjo.net\/site\/wp-content\/uploads\/lancamento-CF-07022010-003-tb.jpg"}],"author":"rubens.meyer","twitter_card":"summary_large_image","twitter_misc":{"Escrito por":"rubens.meyer","Est. tempo de leitura":"1 minuto"},"schema":{"@context":"https:\/\/schema.org","@graph":[{"@type":"Article","@id":"https:\/\/www.oarcanjo.net\/site\/lancamento-da-campanha-da-fraternidade\/#article","isPartOf":{"@id":"https:\/\/www.oarcanjo.net\/site\/lancamento-da-campanha-da-fraternidade\/"},"author":{"name":"rubens.meyer","@id":"https:\/\/www.oarcanjo.net\/site\/#\/schema\/person\/8f702af457b0cfb4ac1a7228ee23f026"},"headline":"Lan\u00e7amento da Campanha da Fraternidade","datePublished":"2010-02-11T01:02:36+00:00","dateModified":"2010-02-11T08:50:00+00:00","mainEntityOfPage":{"@id":"https:\/\/www.oarcanjo.net\/site\/lancamento-da-campanha-da-fraternidade\/"},"wordCount":272,"commentCount":4,"publisher":{"@id":"https:\/\/www.oarcanjo.net\/site\/#organization"},"image":{"@id":"https:\/\/www.oarcanjo.net\/site\/lancamento-da-campanha-da-fraternidade\/#primaryimage"},"thumbnailUrl":"http:\/\/www.oarcanjo.net\/site\/wp-content\/uploads\/lancamento-CF-07022010-003-tb.jpg","keywords":["Campanha da Fraternidade","CNBB","Conic","Regi\u00e3o Bel\u00e9m"],"articleSection":["CF","Destaques","Not\u00edcias"],"inLanguage":"pt-BR","potentialAction":[{"@type":"CommentAction","name":"Comment","target":["https:\/\/www.oarcanjo.net\/site\/lancamento-da-campanha-da-fraternidade\/#respond"]}]},{"@type":"WebPage","@id":"https:\/\/www.oarcanjo.net\/site\/lancamento-da-campanha-da-fraternidade\/","url":"https:\/\/www.oarcanjo.net\/site\/lancamento-da-campanha-da-fraternidade\/","name":"Lan\u00e7amento da Campanha da Fraternidade - O Arcanjo no ar","isPartOf":{"@id":"https:\/\/www.oarcanjo.net\/site\/#website"},"primaryImageOfPage":{"@id":"https:\/\/www.oarcanjo.net\/site\/lancamento-da-campanha-da-fraternidade\/#primaryimage"},"image":{"@id":"https:\/\/www.oarcanjo.net\/site\/lancamento-da-campanha-da-fraternidade\/#primaryimage"},"thumbnailUrl":"http:\/\/www.oarcanjo.net\/site\/wp-content\/uploads\/lancamento-CF-07022010-003-tb.jpg","datePublished":"2010-02-11T01:02:36+00:00","dateModified":"2010-02-11T08:50:00+00:00","breadcrumb":{"@id":"https:\/\/www.oarcanjo.net\/site\/lancamento-da-campanha-da-fraternidade\/#breadcrumb"},"inLanguage":"pt-BR","potentialAction":[{"@type":"ReadAction","target":["https:\/\/www.oarcanjo.net\/site\/lancamento-da-campanha-da-fraternidade\/"]}]},{"@type":"ImageObject","inLanguage":"pt-BR","@id":"https:\/\/www.oarcanjo.net\/site\/lancamento-da-campanha-da-fraternidade\/#primaryimage","url":"https:\/\/www.oarcanjo.net\/site\/wp-content\/uploads\/lancamento-CF-07022010-003-tb.jpg","contentUrl":"https:\/\/www.oarcanjo.net\/site\/wp-content\/uploads\/lancamento-CF-07022010-003-tb.jpg","width":"450","height":"301","caption":"Lan\u00e7amento da Campanha da Fraternidade de 2010"},{"@type":"BreadcrumbList","@id":"https:\/\/www.oarcanjo.net\/site\/lancamento-da-campanha-da-fraternidade\/#breadcrumb","itemListElement":[{"@type":"ListItem","position":1,"name":"In\u00edcio","item":"https:\/\/www.oarcanjo.net\/site\/"},{"@type":"ListItem","position":2,"name":"Lan\u00e7amento da Campanha da Fraternidade"}]},{"@type":"WebSite","@id":"https:\/\/www.oarcanjo.net\/site\/#website","url":"https:\/\/www.oarcanjo.net\/site\/","name":"O Arcanjo no ar","description":"Site da Par\u00f3quia S\u00e3o Miguel Arcanjo (Arquidiocese de SP)","publisher":{"@id":"https:\/\/www.oarcanjo.net\/site\/#organization"},"potentialAction":[{"@type":"SearchAction","target":{"@type":"EntryPoint","urlTemplate":"https:\/\/www.oarcanjo.net\/site\/?s={search_term_string}"},"query-input":{"@type":"PropertyValueSpecification","valueRequired":true,"valueName":"search_term_string"}}],"inLanguage":"pt-BR"},{"@type":"Organization","@id":"https:\/\/www.oarcanjo.net\/site\/#organization","name":"Par\u00f3quia S\u00e3o Miguel Arcanjo","url":"https:\/\/www.oarcanjo.net\/site\/","logo":{"@type":"ImageObject","inLanguage":"pt-BR","@id":"https:\/\/www.oarcanjo.net\/site\/#\/schema\/logo\/image\/","url":"https:\/\/www.oarcanjo.net\/site\/wp-content\/uploads\/LogoOArcanjo.png","contentUrl":"https:\/\/www.oarcanjo.net\/site\/wp-content\/uploads\/LogoOArcanjo.png","width":319,"height":99,"caption":"Par\u00f3quia S\u00e3o Miguel Arcanjo"},"image":{"@id":"https:\/\/www.oarcanjo.net\/site\/#\/schema\/logo\/image\/"},"sameAs":["https:\/\/www.facebook.com\/OArcanjoNoAr\/"]},{"@type":"Person","@id":"https:\/\/www.oarcanjo.net\/site\/#\/schema\/person\/8f702af457b0cfb4ac1a7228ee23f026","name":"rubens.meyer"}]}},"publishpress_future_action":{"enabled":false,"date":"2026-05-07 16:04:34","action":"category","newStatus":"draft","terms":[],"taxonomy":"category"},"publishpress_future_workflow_manual_trigger":{"enabledWorkflows":[]},"_links":{"self":[{"href":"https:\/\/www.oarcanjo.net\/site\/wp-json\/wp\/v2\/posts\/7893"}],"collection":[{"href":"https:\/\/www.oarcanjo.net\/site\/wp-json\/wp\/v2\/posts"}],"about":[{"href":"https:\/\/www.oarcanjo.net\/site\/wp-json\/wp\/v2\/types\/post"}],"author":[{"embeddable":true,"href":"https:\/\/www.oarcanjo.net\/site\/wp-json\/wp\/v2\/users\/2"}],"replies":[{"embeddable":true,"href":"https:\/\/www.oarcanjo.net\/site\/wp-json\/wp\/v2\/comments?post=7893"}],"version-history":[{"count":0,"href":"https:\/\/www.oarcanjo.net\/site\/wp-json\/wp\/v2\/posts\/7893\/revisions"}],"wp:attachment":[{"href":"https:\/\/www.oarcanjo.net\/site\/wp-json\/wp\/v2\/media?parent=7893"}],"wp:term":[{"taxonomy":"category","embeddable":true,"href":"https:\/\/www.oarcanjo.net\/site\/wp-json\/wp\/v2\/categories?post=7893"},{"taxonomy":"post_tag","embeddable":true,"href":"https:\/\/www.oarcanjo.net\/site\/wp-json\/wp\/v2\/tags?post=7893"}],"curies":[{"name":"wp","href":"https:\/\/api.w.org\/{rel}","templated":true}]}}