
{"id":7922,"date":"2010-02-13T15:18:57","date_gmt":"2010-02-13T17:18:57","guid":{"rendered":"http:\/\/www.oarcanjo.net\/site\/?p=7922"},"modified":"2010-02-13T15:18:57","modified_gmt":"2010-02-13T17:18:57","slug":"economia-e-vida-ii-deus-e-idolos-na-economia","status":"publish","type":"post","link":"https:\/\/www.oarcanjo.net\/site\/economia-e-vida-ii-deus-e-idolos-na-economia\/","title":{"rendered":"Economia e Vida (II): Deus e \u00eddolos na economia"},"content":{"rendered":"<p>Jung Mo Sung<\/p>\n<p>No artigo anterior , eu tratei da &#8220;materialidade da vida&#8221;, que \u00e9 um dos aspectos fundamentais do tema da CF deste ano: &#8220;Economia e vida&#8221;. Neste artigo, eu quero continuar a reflex\u00e3o abordando um segundo aspecto, &#8220;o aspecto teol\u00f3gico-espiritual da economia&#8221;.<\/p>\n<p>\u00c0 primeira vista, falar em aspecto teol\u00f3gico-espiritual da economia soa estranho para a maioria da popula\u00e7\u00e3o. Pois a economia trataria das quest\u00f5es materiais e a teologia e a espiritualidade, das quest\u00f5es imateriais. Esta vis\u00e3o que separa e op\u00f5e a economia da teologia e espiritualidade \u00e9 uma caracter\u00edstica do mundo moderno, que separou os campos da vida social (por ex, o campo econ\u00f4mico e o religioso) de uma forma que os v\u00ea como independentes e aut\u00f4nomos. E, estranhamente, muitos dos grupos religiosos que se op\u00f5em ao mundo moderno assumem essa separa\u00e7\u00e3o moderna como algo &#8220;natural&#8221; ou &#8220;divino&#8221;.<\/p>\n<p>A afirma\u00e7\u00e3o de Jesus, &#8220;Ningu\u00e9m pode servir a dois senhores. &#8230; N\u00e3o podeis servir a Deus e ao Dinheiro.&#8221; (Mt 6,24), mostra que na tradi\u00e7\u00e3o crist\u00e3, e nas sociedades antigas, h\u00e1 uma rela\u00e7\u00e3o entre a economia e teologia. E aqui \u00e9 preciso prestar aten\u00e7\u00e3o: n\u00e3o \u00e9 rela\u00e7\u00e3o entre economia e \u00e9tica ou entre a economia e a doutrina social da Igreja, mas sim entre economia e teologia! Jesus coloca uma disjuntiva: servir a Deus ou a Dinheiro. Isto \u00e9, Jesus mostra que dinheiro pode ser e foi colocado no mesmo n\u00edvel de Deus. Por isso, h\u00e1 rela\u00e7\u00f5es de seres humanos com o dinheiro que se tornam uma quest\u00e3o teol\u00f3gica, uma quest\u00e3o de discernimento entre o Deus verdadeiro e o deus falso, ou \u00eddolo.<\/p>\n<p>O que as Igrejas crist\u00e3s fazem normalmente, quando tratam das quest\u00f5es econ\u00f4micas, \u00e9 propor uma doutrina social, que costuma n\u00e3o ter o mesmo status de teologia. \u00c9 como se fosse uma aplica\u00e7\u00e3o derivada da teologia aos problemas do mundo social, uma aplica\u00e7\u00e3o que n\u00e3o faria parte da ess\u00eancia da reflex\u00e3o teol\u00f3gica e da evangeliza\u00e7\u00e3o. Entretanto, Jesus, ao colocar a oposi\u00e7\u00e3o entre o &#8220;servir ao Dinheiro&#8221; e o &#8220;servir a Deus&#8221;, eleva a quest\u00e3o econ\u00f4mica ao cora\u00e7\u00e3o da teologia e da evangeliza\u00e7\u00e3o.<\/p>\n<p>Por\u00e9m, \u00e9 preciso tomar outro cuidado. Jesus n\u00e3o condena dinheiro ou economia de uma forma geral. O que ele condena \u00e9 a transforma\u00e7\u00e3o do dinheiro no sentido \u00faltimo da vida, no crit\u00e9rio m\u00e1ximo para decidir o que \u00e9 bom ou mal, quem deve viver ou morrer. Na Teologia da Liberta\u00e7\u00e3o, essa discuss\u00e3o foi desenvolvida especialmente pela &#8220;escola do DEI&#8221; (Departamento Ecum\u00e9nico de Investigaciones, em Costa Rica, com nomes como Franz Hinkelammert e Hugo Assmann), que cunhou a express\u00e3o &#8220;a idolatria do mercado&#8221;. A economia de hoje \u00e9 muito diferente do tempo de Jesus, por isso, a melhor forma de criticar a idolatria que ocorre na ou via economia \u00e9 a do mercado, e n\u00e3o mais a do dinheiro. Por\u00e9m, \u00e9 preciso lembrar que Assmann e Hinkelammert tamb\u00e9m criticam o fazer do mercado algo absoluto, o \u00faltimo crit\u00e9rio para as decis\u00f5es sobre a vida e a morte na sociedade (idolatria); mas n\u00e3o o mercado como tal. Pois, n\u00e3o \u00e9 poss\u00edvel organizar a economia e a sociedade hoje sem mercado.<\/p>\n<p>Servir a um &#8220;deus falso&#8221;, \u00eddolo, deus que exige sacrif\u00edcios de vidas humanas, \u00e9 um tema da teologia, mas tamb\u00e9m da espiritualidade. Pois &#8220;servir&#8221; a Deus ou \u00eddolo implica em dedicar uma vida, em encontrar o sentido da vida e a motiva\u00e7\u00e3o para viver nesse servi\u00e7o. A quest\u00e3o central hoje, em termos de evangeliza\u00e7\u00e3o, n\u00e3o \u00e9 anunciar a Deus a um mundo n\u00e3o-crente. Mas a de discernir entre uma espiritualidade e teologia que nos leva a Deus que se revelou na vida, morte e ressurrei\u00e7\u00e3o de Jesus; e a outra que nos leva ao \u00eddolo, que sempre se mostra como um deus poderoso, radiante e glorioso no mundo.<\/p>\n<p>Esta breve reflex\u00e3o nos mostra que h\u00e1, pelo menos, dois n\u00edveis na discuss\u00e3o da economia. A tarefa teol\u00f3gica da cr\u00edtica da idolatria &#8211; que pertence ao cora\u00e7\u00e3o da tradi\u00e7\u00e3o b\u00edblica &#8211; que ocorre na economia e da proposi\u00e7\u00e3o de uma nova no\u00e7\u00e3o de Deus como fundamento de uma nova economia. (Max Weber chega a dizer que as ci\u00eancias sociais devem desvelar os deuses impessoais que est\u00e3o por detr\u00e1s das a\u00e7\u00f5es na economia e na sociedade, mas n\u00e3o prop\u00f5e uma cr\u00edtica a esses deuses.) Outro n\u00edvel \u00e9 o do campo t\u00e9cnico-operacional da economia. A discuss\u00e3o sobre a melhor forma de combater a infla\u00e7\u00e3o, de aumentar o n\u00edvel de emprego ou melhorar a distribui\u00e7\u00e3o de renda, n\u00e3o \u00e9 do campo da teologia, mas sim das ci\u00eancias econ\u00f4micas. Isto \u00e9, n\u00e3o podemos tirar da B\u00edblia, da teologia, ou at\u00e9 mesmo da doutrina social da Igreja, cr\u00edticas ou propostas no campo operacional da economia.<\/p>\n<p>\u00c9 preciso fazer uso das &#8220;media\u00e7\u00f5es&#8221;, como sempre insistiu a Teologia da Liberta\u00e7\u00e3o. Da an\u00e1lise da economia, desvelar os seus fundamentos teol\u00f3gicos e econ\u00f4micos; da reflex\u00e3o teol\u00f3gico-b\u00edblica, dialogar com as ci\u00eancias econ\u00f4micas, sociais, pol\u00edticas e antropol\u00f3gicas para ver quais as diretrizes que melhor expressam os valores da f\u00e9.  Diretrizes essas que n\u00e3o podem ser confundidas com &#8220;receitas&#8221; ou pr\u00e1ticas econ\u00f4micas concretas, pois esse \u00e9 o campo da discuss\u00e3o e de resultados sempre provis\u00f3rios. Devemos evitar a tenta\u00e7\u00e3o de absolutizar as &#8220;nossas&#8221; propostas econ\u00f4micas, negando di\u00e1logo e debate com grupos que, mesmo tendo valores convergentes, pensam de modo diferente os caminhos concretos da economia.<\/p>\n<p>Por tudo isso, para uma boa reflex\u00e3o teol\u00f3gica socialmente relevante hoje, \u00e9 fundamental estudarmos as interfaces entre a teologia e economia.<\/p>\n<p>(No pr\u00f3ximo artigo, espiritualidade nas experi\u00eancias econ\u00f4micas do cotidiano).<\/p>\n<div id=\"themify_builder_content-7922\" data-postid=\"7922\" class=\"themify_builder_content themify_builder_content-7922 themify_builder themify_builder_front\">\n\t<\/div>\n<!-- \/themify_builder_content -->","protected":false},"excerpt":{"rendered":"<p>Jung Mo Sung No artigo anterior , eu tratei da &#8220;materialidade da vida&#8221;, que \u00e9 um dos aspectos fundamentais do tema da CF deste ano: &#8220;Economia e vida&#8221;. Neste artigo, eu quero continuar a reflex\u00e3o abordando um segundo aspecto, &#8220;o aspecto teol\u00f3gico-espiritual da economia&#8221;. \u00c0 primeira vista, falar em aspecto teol\u00f3gico-espiritual da economia soa estranho [&hellip;]<\/p>\n","protected":false},"author":5,"featured_media":0,"comment_status":"open","ping_status":"open","sticky":false,"template":"","format":"standard","meta":{"ngg_post_thumbnail":0,"footnotes":""},"categories":[241],"tags":[229,1372],"yoast_head":"<!-- This site is optimized with the Yoast SEO plugin v23.5 - https:\/\/yoast.com\/wordpress\/plugins\/seo\/ -->\n<title>Economia e Vida (II): Deus e \u00eddolos na economia - O Arcanjo no ar<\/title>\n<meta name=\"robots\" content=\"index, follow, max-snippet:-1, max-image-preview:large, max-video-preview:-1\" \/>\n<link rel=\"canonical\" href=\"https:\/\/www.oarcanjo.net\/site\/economia-e-vida-ii-deus-e-idolos-na-economia\/\" \/>\n<meta property=\"og:locale\" content=\"pt_BR\" \/>\n<meta property=\"og:type\" content=\"article\" \/>\n<meta property=\"og:title\" content=\"Economia e Vida (II): Deus e \u00eddolos na economia - O Arcanjo no ar\" \/>\n<meta property=\"og:description\" content=\"Jung Mo Sung No artigo anterior , eu tratei da &#8220;materialidade da vida&#8221;, que \u00e9 um dos aspectos fundamentais do tema da CF deste ano: &#8220;Economia e vida&#8221;. Neste artigo, eu quero continuar a reflex\u00e3o abordando um segundo aspecto, &#8220;o aspecto teol\u00f3gico-espiritual da economia&#8221;. \u00c0 primeira vista, falar em aspecto teol\u00f3gico-espiritual da economia soa estranho [&hellip;]\" \/>\n<meta property=\"og:url\" content=\"https:\/\/www.oarcanjo.net\/site\/economia-e-vida-ii-deus-e-idolos-na-economia\/\" \/>\n<meta property=\"og:site_name\" content=\"O Arcanjo no ar\" \/>\n<meta property=\"article:publisher\" content=\"https:\/\/www.facebook.com\/OArcanjoNoAr\/\" \/>\n<meta property=\"article:published_time\" content=\"2010-02-13T17:18:57+00:00\" \/>\n<meta property=\"og:image\" content=\"https:\/\/www.oarcanjo.net\/site\/wp-content\/uploads\/logo-o-arcanjo-no-ar-facebook.png\" \/>\n\t<meta property=\"og:image:width\" content=\"300\" \/>\n\t<meta property=\"og:image:height\" content=\"300\" \/>\n\t<meta property=\"og:image:type\" content=\"image\/png\" \/>\n<meta name=\"author\" content=\"editor\" \/>\n<meta name=\"twitter:card\" content=\"summary_large_image\" \/>\n<meta name=\"twitter:label1\" content=\"Escrito por\" \/>\n\t<meta name=\"twitter:data1\" content=\"editor\" \/>\n\t<meta name=\"twitter:label2\" content=\"Est. tempo de leitura\" \/>\n\t<meta name=\"twitter:data2\" content=\"5 minutos\" \/>\n<script type=\"application\/ld+json\" class=\"yoast-schema-graph\">{\"@context\":\"https:\/\/schema.org\",\"@graph\":[{\"@type\":\"Article\",\"@id\":\"https:\/\/www.oarcanjo.net\/site\/economia-e-vida-ii-deus-e-idolos-na-economia\/#article\",\"isPartOf\":{\"@id\":\"https:\/\/www.oarcanjo.net\/site\/economia-e-vida-ii-deus-e-idolos-na-economia\/\"},\"author\":{\"name\":\"editor\",\"@id\":\"https:\/\/www.oarcanjo.net\/site\/#\/schema\/person\/f7024d007863202483a31326673a0838\"},\"headline\":\"Economia e Vida (II): Deus e \u00eddolos na economia\",\"datePublished\":\"2010-02-13T17:18:57+00:00\",\"dateModified\":\"2010-02-13T17:18:57+00:00\",\"mainEntityOfPage\":{\"@id\":\"https:\/\/www.oarcanjo.net\/site\/economia-e-vida-ii-deus-e-idolos-na-economia\/\"},\"wordCount\":1008,\"commentCount\":0,\"publisher\":{\"@id\":\"https:\/\/www.oarcanjo.net\/site\/#organization\"},\"keywords\":[\"Campanha da Fraternidade\",\"Economia e Vida\"],\"articleSection\":[\"CF\"],\"inLanguage\":\"pt-BR\",\"potentialAction\":[{\"@type\":\"CommentAction\",\"name\":\"Comment\",\"target\":[\"https:\/\/www.oarcanjo.net\/site\/economia-e-vida-ii-deus-e-idolos-na-economia\/#respond\"]}]},{\"@type\":\"WebPage\",\"@id\":\"https:\/\/www.oarcanjo.net\/site\/economia-e-vida-ii-deus-e-idolos-na-economia\/\",\"url\":\"https:\/\/www.oarcanjo.net\/site\/economia-e-vida-ii-deus-e-idolos-na-economia\/\",\"name\":\"Economia e Vida (II): Deus e \u00eddolos na economia - O Arcanjo no ar\",\"isPartOf\":{\"@id\":\"https:\/\/www.oarcanjo.net\/site\/#website\"},\"datePublished\":\"2010-02-13T17:18:57+00:00\",\"dateModified\":\"2010-02-13T17:18:57+00:00\",\"breadcrumb\":{\"@id\":\"https:\/\/www.oarcanjo.net\/site\/economia-e-vida-ii-deus-e-idolos-na-economia\/#breadcrumb\"},\"inLanguage\":\"pt-BR\",\"potentialAction\":[{\"@type\":\"ReadAction\",\"target\":[\"https:\/\/www.oarcanjo.net\/site\/economia-e-vida-ii-deus-e-idolos-na-economia\/\"]}]},{\"@type\":\"BreadcrumbList\",\"@id\":\"https:\/\/www.oarcanjo.net\/site\/economia-e-vida-ii-deus-e-idolos-na-economia\/#breadcrumb\",\"itemListElement\":[{\"@type\":\"ListItem\",\"position\":1,\"name\":\"In\u00edcio\",\"item\":\"https:\/\/www.oarcanjo.net\/site\/\"},{\"@type\":\"ListItem\",\"position\":2,\"name\":\"Economia e Vida (II): Deus e \u00eddolos na economia\"}]},{\"@type\":\"WebSite\",\"@id\":\"https:\/\/www.oarcanjo.net\/site\/#website\",\"url\":\"https:\/\/www.oarcanjo.net\/site\/\",\"name\":\"O Arcanjo no ar\",\"description\":\"Site da Par\u00f3quia S\u00e3o Miguel Arcanjo (Arquidiocese de SP)\",\"publisher\":{\"@id\":\"https:\/\/www.oarcanjo.net\/site\/#organization\"},\"potentialAction\":[{\"@type\":\"SearchAction\",\"target\":{\"@type\":\"EntryPoint\",\"urlTemplate\":\"https:\/\/www.oarcanjo.net\/site\/?s={search_term_string}\"},\"query-input\":{\"@type\":\"PropertyValueSpecification\",\"valueRequired\":true,\"valueName\":\"search_term_string\"}}],\"inLanguage\":\"pt-BR\"},{\"@type\":\"Organization\",\"@id\":\"https:\/\/www.oarcanjo.net\/site\/#organization\",\"name\":\"Par\u00f3quia S\u00e3o Miguel Arcanjo\",\"url\":\"https:\/\/www.oarcanjo.net\/site\/\",\"logo\":{\"@type\":\"ImageObject\",\"inLanguage\":\"pt-BR\",\"@id\":\"https:\/\/www.oarcanjo.net\/site\/#\/schema\/logo\/image\/\",\"url\":\"https:\/\/www.oarcanjo.net\/site\/wp-content\/uploads\/LogoOArcanjo.png\",\"contentUrl\":\"https:\/\/www.oarcanjo.net\/site\/wp-content\/uploads\/LogoOArcanjo.png\",\"width\":319,\"height\":99,\"caption\":\"Par\u00f3quia S\u00e3o Miguel Arcanjo\"},\"image\":{\"@id\":\"https:\/\/www.oarcanjo.net\/site\/#\/schema\/logo\/image\/\"},\"sameAs\":[\"https:\/\/www.facebook.com\/OArcanjoNoAr\/\"]},{\"@type\":\"Person\",\"@id\":\"https:\/\/www.oarcanjo.net\/site\/#\/schema\/person\/f7024d007863202483a31326673a0838\",\"name\":\"editor\",\"sameAs\":[\"http:\/\/www.oarcanjo.net\"]}]}<\/script>\n<!-- \/ Yoast SEO plugin. -->","yoast_head_json":{"title":"Economia e Vida (II): Deus e \u00eddolos na economia - O Arcanjo no ar","robots":{"index":"index","follow":"follow","max-snippet":"max-snippet:-1","max-image-preview":"max-image-preview:large","max-video-preview":"max-video-preview:-1"},"canonical":"https:\/\/www.oarcanjo.net\/site\/economia-e-vida-ii-deus-e-idolos-na-economia\/","og_locale":"pt_BR","og_type":"article","og_title":"Economia e Vida (II): Deus e \u00eddolos na economia - O Arcanjo no ar","og_description":"Jung Mo Sung No artigo anterior , eu tratei da &#8220;materialidade da vida&#8221;, que \u00e9 um dos aspectos fundamentais do tema da CF deste ano: &#8220;Economia e vida&#8221;. Neste artigo, eu quero continuar a reflex\u00e3o abordando um segundo aspecto, &#8220;o aspecto teol\u00f3gico-espiritual da economia&#8221;. \u00c0 primeira vista, falar em aspecto teol\u00f3gico-espiritual da economia soa estranho [&hellip;]","og_url":"https:\/\/www.oarcanjo.net\/site\/economia-e-vida-ii-deus-e-idolos-na-economia\/","og_site_name":"O Arcanjo no ar","article_publisher":"https:\/\/www.facebook.com\/OArcanjoNoAr\/","article_published_time":"2010-02-13T17:18:57+00:00","og_image":[{"width":300,"height":300,"url":"https:\/\/www.oarcanjo.net\/site\/wp-content\/uploads\/logo-o-arcanjo-no-ar-facebook.png","type":"image\/png"}],"author":"editor","twitter_card":"summary_large_image","twitter_misc":{"Escrito por":"editor","Est. tempo de leitura":"5 minutos"},"schema":{"@context":"https:\/\/schema.org","@graph":[{"@type":"Article","@id":"https:\/\/www.oarcanjo.net\/site\/economia-e-vida-ii-deus-e-idolos-na-economia\/#article","isPartOf":{"@id":"https:\/\/www.oarcanjo.net\/site\/economia-e-vida-ii-deus-e-idolos-na-economia\/"},"author":{"name":"editor","@id":"https:\/\/www.oarcanjo.net\/site\/#\/schema\/person\/f7024d007863202483a31326673a0838"},"headline":"Economia e Vida (II): Deus e \u00eddolos na economia","datePublished":"2010-02-13T17:18:57+00:00","dateModified":"2010-02-13T17:18:57+00:00","mainEntityOfPage":{"@id":"https:\/\/www.oarcanjo.net\/site\/economia-e-vida-ii-deus-e-idolos-na-economia\/"},"wordCount":1008,"commentCount":0,"publisher":{"@id":"https:\/\/www.oarcanjo.net\/site\/#organization"},"keywords":["Campanha da Fraternidade","Economia e Vida"],"articleSection":["CF"],"inLanguage":"pt-BR","potentialAction":[{"@type":"CommentAction","name":"Comment","target":["https:\/\/www.oarcanjo.net\/site\/economia-e-vida-ii-deus-e-idolos-na-economia\/#respond"]}]},{"@type":"WebPage","@id":"https:\/\/www.oarcanjo.net\/site\/economia-e-vida-ii-deus-e-idolos-na-economia\/","url":"https:\/\/www.oarcanjo.net\/site\/economia-e-vida-ii-deus-e-idolos-na-economia\/","name":"Economia e Vida (II): Deus e \u00eddolos na economia - O Arcanjo no ar","isPartOf":{"@id":"https:\/\/www.oarcanjo.net\/site\/#website"},"datePublished":"2010-02-13T17:18:57+00:00","dateModified":"2010-02-13T17:18:57+00:00","breadcrumb":{"@id":"https:\/\/www.oarcanjo.net\/site\/economia-e-vida-ii-deus-e-idolos-na-economia\/#breadcrumb"},"inLanguage":"pt-BR","potentialAction":[{"@type":"ReadAction","target":["https:\/\/www.oarcanjo.net\/site\/economia-e-vida-ii-deus-e-idolos-na-economia\/"]}]},{"@type":"BreadcrumbList","@id":"https:\/\/www.oarcanjo.net\/site\/economia-e-vida-ii-deus-e-idolos-na-economia\/#breadcrumb","itemListElement":[{"@type":"ListItem","position":1,"name":"In\u00edcio","item":"https:\/\/www.oarcanjo.net\/site\/"},{"@type":"ListItem","position":2,"name":"Economia e Vida (II): Deus e \u00eddolos na economia"}]},{"@type":"WebSite","@id":"https:\/\/www.oarcanjo.net\/site\/#website","url":"https:\/\/www.oarcanjo.net\/site\/","name":"O Arcanjo no ar","description":"Site da Par\u00f3quia S\u00e3o Miguel Arcanjo (Arquidiocese de SP)","publisher":{"@id":"https:\/\/www.oarcanjo.net\/site\/#organization"},"potentialAction":[{"@type":"SearchAction","target":{"@type":"EntryPoint","urlTemplate":"https:\/\/www.oarcanjo.net\/site\/?s={search_term_string}"},"query-input":{"@type":"PropertyValueSpecification","valueRequired":true,"valueName":"search_term_string"}}],"inLanguage":"pt-BR"},{"@type":"Organization","@id":"https:\/\/www.oarcanjo.net\/site\/#organization","name":"Par\u00f3quia S\u00e3o Miguel Arcanjo","url":"https:\/\/www.oarcanjo.net\/site\/","logo":{"@type":"ImageObject","inLanguage":"pt-BR","@id":"https:\/\/www.oarcanjo.net\/site\/#\/schema\/logo\/image\/","url":"https:\/\/www.oarcanjo.net\/site\/wp-content\/uploads\/LogoOArcanjo.png","contentUrl":"https:\/\/www.oarcanjo.net\/site\/wp-content\/uploads\/LogoOArcanjo.png","width":319,"height":99,"caption":"Par\u00f3quia S\u00e3o Miguel Arcanjo"},"image":{"@id":"https:\/\/www.oarcanjo.net\/site\/#\/schema\/logo\/image\/"},"sameAs":["https:\/\/www.facebook.com\/OArcanjoNoAr\/"]},{"@type":"Person","@id":"https:\/\/www.oarcanjo.net\/site\/#\/schema\/person\/f7024d007863202483a31326673a0838","name":"editor","sameAs":["http:\/\/www.oarcanjo.net"]}]}},"publishpress_future_action":{"enabled":false,"date":"2026-05-07 18:46:31","action":"category","newStatus":"draft","terms":[],"taxonomy":"category"},"publishpress_future_workflow_manual_trigger":{"enabledWorkflows":[]},"_links":{"self":[{"href":"https:\/\/www.oarcanjo.net\/site\/wp-json\/wp\/v2\/posts\/7922"}],"collection":[{"href":"https:\/\/www.oarcanjo.net\/site\/wp-json\/wp\/v2\/posts"}],"about":[{"href":"https:\/\/www.oarcanjo.net\/site\/wp-json\/wp\/v2\/types\/post"}],"author":[{"embeddable":true,"href":"https:\/\/www.oarcanjo.net\/site\/wp-json\/wp\/v2\/users\/5"}],"replies":[{"embeddable":true,"href":"https:\/\/www.oarcanjo.net\/site\/wp-json\/wp\/v2\/comments?post=7922"}],"version-history":[{"count":0,"href":"https:\/\/www.oarcanjo.net\/site\/wp-json\/wp\/v2\/posts\/7922\/revisions"}],"wp:attachment":[{"href":"https:\/\/www.oarcanjo.net\/site\/wp-json\/wp\/v2\/media?parent=7922"}],"wp:term":[{"taxonomy":"category","embeddable":true,"href":"https:\/\/www.oarcanjo.net\/site\/wp-json\/wp\/v2\/categories?post=7922"},{"taxonomy":"post_tag","embeddable":true,"href":"https:\/\/www.oarcanjo.net\/site\/wp-json\/wp\/v2\/tags?post=7922"}],"curies":[{"name":"wp","href":"https:\/\/api.w.org\/{rel}","templated":true}]}}