
{"id":79268,"date":"2017-02-13T00:07:47","date_gmt":"2017-02-13T02:07:47","guid":{"rendered":"http:\/\/www.oarcanjo.net\/site\/?p=79268"},"modified":"2017-02-19T21:46:40","modified_gmt":"2017-02-20T00:46:40","slug":"sabado-252-sera-o-encerramento-da-peregrinacao-da-imagem-de-nossa-senhora-aparecida","status":"publish","type":"post","link":"https:\/\/www.oarcanjo.net\/site\/sabado-252-sera-o-encerramento-da-peregrinacao-da-imagem-de-nossa-senhora-aparecida\/","title":{"rendered":"S\u00e1bado, 25\/2, termina a peregrina\u00e7\u00e3o da imagem de Nossa Senhora Aparecida"},"content":{"rendered":"<p>Depois de 9 meses passando por par\u00f3quias, comunidades, capelas, col\u00e9gios cat\u00f3licos, entre outras institui\u00e7\u00f5es da Regi\u00e3o Bel\u00e9m, a peregina\u00e7\u00e3o da imagem de Nossa Senhora Aparecida termina no s\u00e1bado, 25 de fevereiro, \u00e0s 16h, na Par\u00f3quia Nossa Senhora da Concei\u00e7\u00e3o, na pra\u00e7a Silvio Romero. Mais detalhes nos avisos paroquiais da semana:<\/p>\n<p><iframe loading=\"lazy\" width=\"700\" height=\"394\" src=\"https:\/\/www.youtube.com\/embed\/mO1tLniPVsc?rel=0&amp;controls=0?ecver=1\" frameborder=\"0\" allowfullscreen=\"allowfullscreen\"><\/iframe><\/p>\n<p>Grava\u00e7\u00e3o realizada na missa das 7h30 de 12\/02\/2017, na igreja S\u00e3o Miguel Arcanjo.<\/p>\n<div id=\"themify_builder_content-79268\" data-postid=\"79268\" class=\"themify_builder_content themify_builder_content-79268 themify_builder themify_builder_front\">\n\t<\/div>\n<!-- \/themify_builder_content -->","protected":false},"excerpt":{"rendered":"<p>Depois de 9 meses, a peregina\u00e7\u00e3o da imagem de Nossa Senhora Aparecida termina no s\u00e1bado de carnaval, \u00e0s 16h, na Par\u00f3quia Nossa Senhora da Concei\u00e7\u00e3o<\/p>\n","protected":false},"author":5,"featured_media":79269,"comment_status":"open","ping_status":"open","sticky":false,"template":"","format":"standard","meta":{"ngg_post_thumbnail":0,"footnotes":""},"categories":[476,8],"tags":[],"yoast_head":"<!-- This site is optimized with the Yoast SEO plugin v23.5 - https:\/\/yoast.com\/wordpress\/plugins\/seo\/ -->\n<title>S\u00e1bado, 25\/2, termina a peregrina\u00e7\u00e3o da imagem de Nossa Senhora Aparecida - O Arcanjo no ar<\/title>\n<meta name=\"robots\" content=\"index, follow, max-snippet:-1, max-image-preview:large, max-video-preview:-1\" \/>\n<link rel=\"canonical\" href=\"https:\/\/www.oarcanjo.net\/site\/sabado-252-sera-o-encerramento-da-peregrinacao-da-imagem-de-nossa-senhora-aparecida\/\" \/>\n<meta property=\"og:locale\" content=\"pt_BR\" \/>\n<meta property=\"og:type\" content=\"article\" \/>\n<meta property=\"og:title\" content=\"S\u00e1bado, 25\/2, termina a peregrina\u00e7\u00e3o da imagem de Nossa Senhora Aparecida - O Arcanjo no ar\" \/>\n<meta property=\"og:description\" content=\"Depois de 9 meses, a peregina\u00e7\u00e3o da imagem de Nossa Senhora Aparecida termina no s\u00e1bado de carnaval, \u00e0s 16h, na Par\u00f3quia Nossa Senhora da Concei\u00e7\u00e3o\" \/>\n<meta property=\"og:url\" content=\"https:\/\/www.oarcanjo.net\/site\/sabado-252-sera-o-encerramento-da-peregrinacao-da-imagem-de-nossa-senhora-aparecida\/\" \/>\n<meta property=\"og:site_name\" content=\"O Arcanjo no ar\" \/>\n<meta property=\"article:publisher\" content=\"https:\/\/www.facebook.com\/OArcanjoNoAr\/\" \/>\n<meta property=\"article:published_time\" content=\"2017-02-13T02:07:47+00:00\" \/>\n<meta property=\"article:modified_time\" content=\"2017-02-20T00:46:40+00:00\" \/>\n<meta property=\"og:image\" content=\"https:\/\/www.oarcanjo.net\/site\/wp-content\/uploads\/20170212Avisos.jpg\" \/>\n\t<meta property=\"og:image:width\" content=\"1280\" \/>\n\t<meta property=\"og:image:height\" content=\"720\" \/>\n\t<meta property=\"og:image:type\" content=\"image\/jpeg\" \/>\n<meta name=\"author\" content=\"editor\" \/>\n<meta name=\"twitter:card\" content=\"summary_large_image\" \/>\n<meta name=\"twitter:label1\" content=\"Escrito por\" \/>\n\t<meta name=\"twitter:data1\" content=\"editor\" \/>\n<script type=\"application\/ld+json\" class=\"yoast-schema-graph\">{\"@context\":\"https:\/\/schema.org\",\"@graph\":[{\"@type\":\"Article\",\"@id\":\"https:\/\/www.oarcanjo.net\/site\/sabado-252-sera-o-encerramento-da-peregrinacao-da-imagem-de-nossa-senhora-aparecida\/#article\",\"isPartOf\":{\"@id\":\"https:\/\/www.oarcanjo.net\/site\/sabado-252-sera-o-encerramento-da-peregrinacao-da-imagem-de-nossa-senhora-aparecida\/\"},\"author\":{\"name\":\"editor\",\"@id\":\"https:\/\/www.oarcanjo.net\/site\/#\/schema\/person\/f7024d007863202483a31326673a0838\"},\"headline\":\"S\u00e1bado, 25\/2, termina a peregrina\u00e7\u00e3o da imagem de Nossa Senhora Aparecida\",\"datePublished\":\"2017-02-13T02:07:47+00:00\",\"dateModified\":\"2017-02-20T00:46:40+00:00\",\"mainEntityOfPage\":{\"@id\":\"https:\/\/www.oarcanjo.net\/site\/sabado-252-sera-o-encerramento-da-peregrinacao-da-imagem-de-nossa-senhora-aparecida\/\"},\"wordCount\":85,\"commentCount\":0,\"publisher\":{\"@id\":\"https:\/\/www.oarcanjo.net\/site\/#organization\"},\"image\":{\"@id\":\"https:\/\/www.oarcanjo.net\/site\/sabado-252-sera-o-encerramento-da-peregrinacao-da-imagem-de-nossa-senhora-aparecida\/#primaryimage\"},\"thumbnailUrl\":\"https:\/\/www.oarcanjo.net\/site\/wp-content\/uploads\/20170212Avisos.jpg\",\"articleSection\":[\"Avisos\",\"Not\u00edcias\"],\"inLanguage\":\"pt-BR\",\"potentialAction\":[{\"@type\":\"CommentAction\",\"name\":\"Comment\",\"target\":[\"https:\/\/www.oarcanjo.net\/site\/sabado-252-sera-o-encerramento-da-peregrinacao-da-imagem-de-nossa-senhora-aparecida\/#respond\"]}]},{\"@type\":\"WebPage\",\"@id\":\"https:\/\/www.oarcanjo.net\/site\/sabado-252-sera-o-encerramento-da-peregrinacao-da-imagem-de-nossa-senhora-aparecida\/\",\"url\":\"https:\/\/www.oarcanjo.net\/site\/sabado-252-sera-o-encerramento-da-peregrinacao-da-imagem-de-nossa-senhora-aparecida\/\",\"name\":\"S\u00e1bado, 25\/2, termina a peregrina\u00e7\u00e3o da imagem de Nossa Senhora Aparecida - O Arcanjo no ar\",\"isPartOf\":{\"@id\":\"https:\/\/www.oarcanjo.net\/site\/#website\"},\"primaryImageOfPage\":{\"@id\":\"https:\/\/www.oarcanjo.net\/site\/sabado-252-sera-o-encerramento-da-peregrinacao-da-imagem-de-nossa-senhora-aparecida\/#primaryimage\"},\"image\":{\"@id\":\"https:\/\/www.oarcanjo.net\/site\/sabado-252-sera-o-encerramento-da-peregrinacao-da-imagem-de-nossa-senhora-aparecida\/#primaryimage\"},\"thumbnailUrl\":\"https:\/\/www.oarcanjo.net\/site\/wp-content\/uploads\/20170212Avisos.jpg\",\"datePublished\":\"2017-02-13T02:07:47+00:00\",\"dateModified\":\"2017-02-20T00:46:40+00:00\",\"breadcrumb\":{\"@id\":\"https:\/\/www.oarcanjo.net\/site\/sabado-252-sera-o-encerramento-da-peregrinacao-da-imagem-de-nossa-senhora-aparecida\/#breadcrumb\"},\"inLanguage\":\"pt-BR\",\"potentialAction\":[{\"@type\":\"ReadAction\",\"target\":[\"https:\/\/www.oarcanjo.net\/site\/sabado-252-sera-o-encerramento-da-peregrinacao-da-imagem-de-nossa-senhora-aparecida\/\"]}]},{\"@type\":\"ImageObject\",\"inLanguage\":\"pt-BR\",\"@id\":\"https:\/\/www.oarcanjo.net\/site\/sabado-252-sera-o-encerramento-da-peregrinacao-da-imagem-de-nossa-senhora-aparecida\/#primaryimage\",\"url\":\"https:\/\/www.oarcanjo.net\/site\/wp-content\/uploads\/20170212Avisos.jpg\",\"contentUrl\":\"https:\/\/www.oarcanjo.net\/site\/wp-content\/uploads\/20170212Avisos.jpg\",\"width\":1280,\"height\":720},{\"@type\":\"BreadcrumbList\",\"@id\":\"https:\/\/www.oarcanjo.net\/site\/sabado-252-sera-o-encerramento-da-peregrinacao-da-imagem-de-nossa-senhora-aparecida\/#breadcrumb\",\"itemListElement\":[{\"@type\":\"ListItem\",\"position\":1,\"name\":\"In\u00edcio\",\"item\":\"https:\/\/www.oarcanjo.net\/site\/\"},{\"@type\":\"ListItem\",\"position\":2,\"name\":\"S\u00e1bado, 25\/2, termina a peregrina\u00e7\u00e3o da imagem de Nossa Senhora Aparecida\"}]},{\"@type\":\"WebSite\",\"@id\":\"https:\/\/www.oarcanjo.net\/site\/#website\",\"url\":\"https:\/\/www.oarcanjo.net\/site\/\",\"name\":\"O Arcanjo no ar\",\"description\":\"Site da Par\u00f3quia S\u00e3o Miguel Arcanjo (Arquidiocese de SP)\",\"publisher\":{\"@id\":\"https:\/\/www.oarcanjo.net\/site\/#organization\"},\"potentialAction\":[{\"@type\":\"SearchAction\",\"target\":{\"@type\":\"EntryPoint\",\"urlTemplate\":\"https:\/\/www.oarcanjo.net\/site\/?s={search_term_string}\"},\"query-input\":{\"@type\":\"PropertyValueSpecification\",\"valueRequired\":true,\"valueName\":\"search_term_string\"}}],\"inLanguage\":\"pt-BR\"},{\"@type\":\"Organization\",\"@id\":\"https:\/\/www.oarcanjo.net\/site\/#organization\",\"name\":\"Par\u00f3quia S\u00e3o Miguel Arcanjo\",\"url\":\"https:\/\/www.oarcanjo.net\/site\/\",\"logo\":{\"@type\":\"ImageObject\",\"inLanguage\":\"pt-BR\",\"@id\":\"https:\/\/www.oarcanjo.net\/site\/#\/schema\/logo\/image\/\",\"url\":\"https:\/\/www.oarcanjo.net\/site\/wp-content\/uploads\/LogoOArcanjo.png\",\"contentUrl\":\"https:\/\/www.oarcanjo.net\/site\/wp-content\/uploads\/LogoOArcanjo.png\",\"width\":319,\"height\":99,\"caption\":\"Par\u00f3quia S\u00e3o Miguel Arcanjo\"},\"image\":{\"@id\":\"https:\/\/www.oarcanjo.net\/site\/#\/schema\/logo\/image\/\"},\"sameAs\":[\"https:\/\/www.facebook.com\/OArcanjoNoAr\/\"]},{\"@type\":\"Person\",\"@id\":\"https:\/\/www.oarcanjo.net\/site\/#\/schema\/person\/f7024d007863202483a31326673a0838\",\"name\":\"editor\",\"sameAs\":[\"http:\/\/www.oarcanjo.net\"]}]}<\/script>\n<!-- \/ Yoast SEO plugin. -->","yoast_head_json":{"title":"S\u00e1bado, 25\/2, termina a peregrina\u00e7\u00e3o da imagem de Nossa Senhora Aparecida - O Arcanjo no ar","robots":{"index":"index","follow":"follow","max-snippet":"max-snippet:-1","max-image-preview":"max-image-preview:large","max-video-preview":"max-video-preview:-1"},"canonical":"https:\/\/www.oarcanjo.net\/site\/sabado-252-sera-o-encerramento-da-peregrinacao-da-imagem-de-nossa-senhora-aparecida\/","og_locale":"pt_BR","og_type":"article","og_title":"S\u00e1bado, 25\/2, termina a peregrina\u00e7\u00e3o da imagem de Nossa Senhora Aparecida - O Arcanjo no ar","og_description":"Depois de 9 meses, a peregina\u00e7\u00e3o da imagem de Nossa Senhora Aparecida termina no s\u00e1bado de carnaval, \u00e0s 16h, na Par\u00f3quia Nossa Senhora da Concei\u00e7\u00e3o","og_url":"https:\/\/www.oarcanjo.net\/site\/sabado-252-sera-o-encerramento-da-peregrinacao-da-imagem-de-nossa-senhora-aparecida\/","og_site_name":"O Arcanjo no ar","article_publisher":"https:\/\/www.facebook.com\/OArcanjoNoAr\/","article_published_time":"2017-02-13T02:07:47+00:00","article_modified_time":"2017-02-20T00:46:40+00:00","og_image":[{"width":1280,"height":720,"url":"https:\/\/www.oarcanjo.net\/site\/wp-content\/uploads\/20170212Avisos.jpg","type":"image\/jpeg"}],"author":"editor","twitter_card":"summary_large_image","twitter_misc":{"Escrito por":"editor"},"schema":{"@context":"https:\/\/schema.org","@graph":[{"@type":"Article","@id":"https:\/\/www.oarcanjo.net\/site\/sabado-252-sera-o-encerramento-da-peregrinacao-da-imagem-de-nossa-senhora-aparecida\/#article","isPartOf":{"@id":"https:\/\/www.oarcanjo.net\/site\/sabado-252-sera-o-encerramento-da-peregrinacao-da-imagem-de-nossa-senhora-aparecida\/"},"author":{"name":"editor","@id":"https:\/\/www.oarcanjo.net\/site\/#\/schema\/person\/f7024d007863202483a31326673a0838"},"headline":"S\u00e1bado, 25\/2, termina a peregrina\u00e7\u00e3o da imagem de Nossa Senhora Aparecida","datePublished":"2017-02-13T02:07:47+00:00","dateModified":"2017-02-20T00:46:40+00:00","mainEntityOfPage":{"@id":"https:\/\/www.oarcanjo.net\/site\/sabado-252-sera-o-encerramento-da-peregrinacao-da-imagem-de-nossa-senhora-aparecida\/"},"wordCount":85,"commentCount":0,"publisher":{"@id":"https:\/\/www.oarcanjo.net\/site\/#organization"},"image":{"@id":"https:\/\/www.oarcanjo.net\/site\/sabado-252-sera-o-encerramento-da-peregrinacao-da-imagem-de-nossa-senhora-aparecida\/#primaryimage"},"thumbnailUrl":"https:\/\/www.oarcanjo.net\/site\/wp-content\/uploads\/20170212Avisos.jpg","articleSection":["Avisos","Not\u00edcias"],"inLanguage":"pt-BR","potentialAction":[{"@type":"CommentAction","name":"Comment","target":["https:\/\/www.oarcanjo.net\/site\/sabado-252-sera-o-encerramento-da-peregrinacao-da-imagem-de-nossa-senhora-aparecida\/#respond"]}]},{"@type":"WebPage","@id":"https:\/\/www.oarcanjo.net\/site\/sabado-252-sera-o-encerramento-da-peregrinacao-da-imagem-de-nossa-senhora-aparecida\/","url":"https:\/\/www.oarcanjo.net\/site\/sabado-252-sera-o-encerramento-da-peregrinacao-da-imagem-de-nossa-senhora-aparecida\/","name":"S\u00e1bado, 25\/2, termina a peregrina\u00e7\u00e3o da imagem de Nossa Senhora Aparecida - O Arcanjo no ar","isPartOf":{"@id":"https:\/\/www.oarcanjo.net\/site\/#website"},"primaryImageOfPage":{"@id":"https:\/\/www.oarcanjo.net\/site\/sabado-252-sera-o-encerramento-da-peregrinacao-da-imagem-de-nossa-senhora-aparecida\/#primaryimage"},"image":{"@id":"https:\/\/www.oarcanjo.net\/site\/sabado-252-sera-o-encerramento-da-peregrinacao-da-imagem-de-nossa-senhora-aparecida\/#primaryimage"},"thumbnailUrl":"https:\/\/www.oarcanjo.net\/site\/wp-content\/uploads\/20170212Avisos.jpg","datePublished":"2017-02-13T02:07:47+00:00","dateModified":"2017-02-20T00:46:40+00:00","breadcrumb":{"@id":"https:\/\/www.oarcanjo.net\/site\/sabado-252-sera-o-encerramento-da-peregrinacao-da-imagem-de-nossa-senhora-aparecida\/#breadcrumb"},"inLanguage":"pt-BR","potentialAction":[{"@type":"ReadAction","target":["https:\/\/www.oarcanjo.net\/site\/sabado-252-sera-o-encerramento-da-peregrinacao-da-imagem-de-nossa-senhora-aparecida\/"]}]},{"@type":"ImageObject","inLanguage":"pt-BR","@id":"https:\/\/www.oarcanjo.net\/site\/sabado-252-sera-o-encerramento-da-peregrinacao-da-imagem-de-nossa-senhora-aparecida\/#primaryimage","url":"https:\/\/www.oarcanjo.net\/site\/wp-content\/uploads\/20170212Avisos.jpg","contentUrl":"https:\/\/www.oarcanjo.net\/site\/wp-content\/uploads\/20170212Avisos.jpg","width":1280,"height":720},{"@type":"BreadcrumbList","@id":"https:\/\/www.oarcanjo.net\/site\/sabado-252-sera-o-encerramento-da-peregrinacao-da-imagem-de-nossa-senhora-aparecida\/#breadcrumb","itemListElement":[{"@type":"ListItem","position":1,"name":"In\u00edcio","item":"https:\/\/www.oarcanjo.net\/site\/"},{"@type":"ListItem","position":2,"name":"S\u00e1bado, 25\/2, termina a peregrina\u00e7\u00e3o da imagem de Nossa Senhora Aparecida"}]},{"@type":"WebSite","@id":"https:\/\/www.oarcanjo.net\/site\/#website","url":"https:\/\/www.oarcanjo.net\/site\/","name":"O Arcanjo no ar","description":"Site da Par\u00f3quia S\u00e3o Miguel Arcanjo (Arquidiocese de SP)","publisher":{"@id":"https:\/\/www.oarcanjo.net\/site\/#organization"},"potentialAction":[{"@type":"SearchAction","target":{"@type":"EntryPoint","urlTemplate":"https:\/\/www.oarcanjo.net\/site\/?s={search_term_string}"},"query-input":{"@type":"PropertyValueSpecification","valueRequired":true,"valueName":"search_term_string"}}],"inLanguage":"pt-BR"},{"@type":"Organization","@id":"https:\/\/www.oarcanjo.net\/site\/#organization","name":"Par\u00f3quia S\u00e3o Miguel Arcanjo","url":"https:\/\/www.oarcanjo.net\/site\/","logo":{"@type":"ImageObject","inLanguage":"pt-BR","@id":"https:\/\/www.oarcanjo.net\/site\/#\/schema\/logo\/image\/","url":"https:\/\/www.oarcanjo.net\/site\/wp-content\/uploads\/LogoOArcanjo.png","contentUrl":"https:\/\/www.oarcanjo.net\/site\/wp-content\/uploads\/LogoOArcanjo.png","width":319,"height":99,"caption":"Par\u00f3quia S\u00e3o Miguel Arcanjo"},"image":{"@id":"https:\/\/www.oarcanjo.net\/site\/#\/schema\/logo\/image\/"},"sameAs":["https:\/\/www.facebook.com\/OArcanjoNoAr\/"]},{"@type":"Person","@id":"https:\/\/www.oarcanjo.net\/site\/#\/schema\/person\/f7024d007863202483a31326673a0838","name":"editor","sameAs":["http:\/\/www.oarcanjo.net"]}]}},"publishpress_future_action":{"enabled":false,"date":"2026-05-09 09:30:00","action":"category","newStatus":"draft","terms":[],"taxonomy":"category"},"publishpress_future_workflow_manual_trigger":{"enabledWorkflows":[]},"_links":{"self":[{"href":"https:\/\/www.oarcanjo.net\/site\/wp-json\/wp\/v2\/posts\/79268"}],"collection":[{"href":"https:\/\/www.oarcanjo.net\/site\/wp-json\/wp\/v2\/posts"}],"about":[{"href":"https:\/\/www.oarcanjo.net\/site\/wp-json\/wp\/v2\/types\/post"}],"author":[{"embeddable":true,"href":"https:\/\/www.oarcanjo.net\/site\/wp-json\/wp\/v2\/users\/5"}],"replies":[{"embeddable":true,"href":"https:\/\/www.oarcanjo.net\/site\/wp-json\/wp\/v2\/comments?post=79268"}],"version-history":[{"count":0,"href":"https:\/\/www.oarcanjo.net\/site\/wp-json\/wp\/v2\/posts\/79268\/revisions"}],"wp:featuredmedia":[{"embeddable":true,"href":"https:\/\/www.oarcanjo.net\/site\/wp-json\/wp\/v2\/media\/79269"}],"wp:attachment":[{"href":"https:\/\/www.oarcanjo.net\/site\/wp-json\/wp\/v2\/media?parent=79268"}],"wp:term":[{"taxonomy":"category","embeddable":true,"href":"https:\/\/www.oarcanjo.net\/site\/wp-json\/wp\/v2\/categories?post=79268"},{"taxonomy":"post_tag","embeddable":true,"href":"https:\/\/www.oarcanjo.net\/site\/wp-json\/wp\/v2\/tags?post=79268"}],"curies":[{"name":"wp","href":"https:\/\/api.w.org\/{rel}","templated":true}]}}