
{"id":79274,"date":"2017-02-19T12:26:42","date_gmt":"2017-02-19T15:26:42","guid":{"rendered":"http:\/\/www.oarcanjo.net\/site\/?p=79274"},"modified":"2017-03-01T11:45:32","modified_gmt":"2017-03-01T14:45:32","slug":"subsidios-para-a-campanha-da-fraternidade-2017","status":"publish","type":"post","link":"https:\/\/www.oarcanjo.net\/site\/subsidios-para-a-campanha-da-fraternidade-2017\/","title":{"rendered":"Subs\u00eddios para a Campanha da Fraternidade 2017"},"content":{"rendered":"<p>A Campanha da Fraternidade de 2017 trata dos biomas brasileiros e das amea\u00e7as que enfrentam. O lema deste ano \u00e9 inspirado no Livro do G\u00eanesis: &#8220;Cultivar e guardar a cria\u00e7\u00e3o&#8221;. Durante a Quaresma, os crist\u00e3os s\u00e3o convidados a refletir sobre o assunto e buscar a convers\u00e3o, uma verdadeira mudan\u00e7a de vida, para preservar os biomas do pa\u00eds e promover rela\u00e7\u00f5es fraternas com a vida e a cultura dos povos, \u00e0 luz do Evangelho.<\/p>\n<p>Os v\u00eddeos abaixo&nbsp;registram o encontro de forma\u00e7\u00e3o para a Campanha da Fraternidade realizado no Centro Pastoral S\u00e3o Jos\u00e9, em S\u00e3o Paulo, dia 03\/12\/2016.<\/p>\n<p>M\u00e1rcia Castro, da Pastoral F\u00e9 e Pol\u00edtica da Regi\u00e3o Episcopal Bel\u00e9m, apresenta o tema da CF:<\/p>\n<p><iframe loading=\"lazy\" width=\"853\" height=\"480\" src=\"https:\/\/www.youtube.com\/embed\/V5hzuL5xq1s?rel=0&amp;controls=0\" frameborder=\"0\" allowfullscreen=\"allowfullscreen\"><\/iframe><\/p>\n<p>Dom Luiz Carlos Dias, Vig\u00e1rio Episcopal da Regi\u00e3o Bel\u00e9m, resgata a hist\u00f3ria da CF no projeto pastoral da Igreja no Brasil:<\/p>\n<p><iframe loading=\"lazy\" width=\"853\" height=\"480\" src=\"https:\/\/www.youtube.com\/embed\/tqkzyCYBB1Y?rel=0&amp;controls=0\" frameborder=\"0\" allowfullscreen=\"allowfullscreen\"><\/iframe><\/p>\n<p>O ge\u00f3grafo Danilo Pereira, da ABRA &#8211; Associa\u00e7\u00e3o Brasileira de Reforma Agr\u00e1ria -, apresenta o hist\u00f3rico de devasta\u00e7\u00e3o no Estado de S\u00e3o Paulo, com foco na regi\u00e3o do Vale do Ribeira. Neste v\u00eddeo, ele mostra como os interesses econ\u00f4micos se imp\u00f5em nos territ\u00f3rios e os focos de resist\u00eancia:<\/p>\n<p><iframe loading=\"lazy\" width=\"853\" height=\"480\" src=\"https:\/\/www.youtube.com\/embed\/wqgl51DvxK4?rel=0&amp;controls=0\" frameborder=\"0\" allowfullscreen=\"allowfullscreen\"><\/iframe><\/p>\n<p>Gustavo Cherubina, presidente da Sociedade do Sol, fala sobre o projeto para obter energia solar usando materiais de baixo custo:<\/p>\n<p><iframe loading=\"lazy\" width=\"853\" height=\"480\" src=\"https:\/\/www.youtube.com\/embed\/7EQ8yb7GuFA?rel=0&amp;controls=0\" frameborder=\"0\" allowfullscreen=\"allowfullscreen\"><\/iframe><\/p>\n<p>Entre as ideias de a\u00e7\u00e3o concreta apresentadas na Regi\u00e3o Bel\u00e9m est\u00e1 a experi\u00eancia do Movimento de Integra\u00e7\u00e3o Campo Cidade. Neste v\u00eddeo, o vice-presidente do MICC, Fl\u00e1vio Castro, conta como surgiu a associa\u00e7\u00e3o, sua evolu\u00e7\u00e3o, o apoio aos pequenos produtores e os benef\u00edcios para os moradores das cidades:<\/p>\n<p><iframe loading=\"lazy\" width=\"853\" height=\"480\" src=\"https:\/\/www.youtube.com\/embed\/1phLI5VymXw?rel=0&amp;controls=0\" frameborder=\"0\" allowfullscreen=\"allowfullscreen\"><\/iframe><\/p>\n<p>Outra experi\u00eancia pr\u00e1tica \u00e9 a Associa\u00e7\u00e3o dos Agricultores da Zona Leste. Neste v\u00eddeo, Sebastiana de Farias fala sobre a caminhada do grupo, a produ\u00e7\u00e3o sem agrot\u00f3xicos e os resultados concretos:<\/p>\n<p><iframe loading=\"lazy\" width=\"853\" height=\"480\" src=\"https:\/\/www.youtube.com\/embed\/DBFecG34-2k?rel=0&amp;controls=0\" frameborder=\"0\" allowfullscreen=\"allowfullscreen\"><\/iframe><\/p>\n<p>Regiane Nigro, do Instituto Kair\u00f3s, entidade que desenvolve projetos de agroecologia nas zonas leste e sul de S\u00e3o Paulo fala sobre a fossa s\u00e9ptica biodigestora, desenvolvida usando tecnologia social, para preservar o ambiente, e sobre as minicisternas:<\/p>\n<p><iframe loading=\"lazy\" width=\"853\" height=\"480\" src=\"https:\/\/www.youtube.com\/embed\/6VN6w1UVhWI?rel=0&amp;controls=0\" frameborder=\"0\" allowfullscreen=\"allowfullscreen\"><\/iframe><\/p>\n<p>Em sua segunda participa\u00e7\u00e3o no encontro da Regi\u00e3o Bel\u00e9m sobre a CF 2017, o ge\u00f3grafo Danilo Pereira, fala sobre o engajamento da ABRA &#8211; Associa\u00e7\u00e3o Brasileira de Reforma Agr\u00e1ria &#8211; em lutas como a campanha permanente contra o agrot\u00f3xico. Ele tamb\u00e9m se colocou \u00e0 disposi\u00e7\u00e3o para firmar parcerias, fazer apresenta\u00e7\u00f5es e atividades de forma\u00e7\u00e3o:<\/p>\n<p><iframe loading=\"lazy\" width=\"853\" height=\"480\" src=\"https:\/\/www.youtube.com\/embed\/tCobscpkRjI?rel=0&amp;controls=0\" frameborder=\"0\" allowfullscreen=\"allowfullscreen\"><\/iframe><\/p>\n<p>O presidente da Sociedade do Sol, Gustavo Cherubina, voltou&nbsp;\u00e0 apresenta\u00e7\u00e3o&nbsp;para explicar a rela\u00e7\u00e3o entre urubu, Tom Jobim, energia solar, desafio apresentado no in\u00edcio do evento. E apresentar a experi\u00eancia dos mutir\u00f5es solares para construir aquecedores de baixo custo, baseados em tecnologia livre:<\/p>\n<p><iframe loading=\"lazy\" width=\"853\" height=\"480\" src=\"https:\/\/www.youtube.com\/embed\/3vGyg1gZMnQ?rel=0&amp;controls=0\" frameborder=\"0\" allowfullscreen=\"allowfullscreen\"><\/iframe><\/p>\n<div id=\"themify_builder_content-79274\" data-postid=\"79274\" class=\"themify_builder_content themify_builder_content-79274 themify_builder themify_builder_front\">\n\t<\/div>\n<!-- \/themify_builder_content -->","protected":false},"excerpt":{"rendered":"<p>Assista aos v\u00eddeos produzidos pela Regi\u00e3o Bel\u00e9m para a Campanha da Fraternidade de 2017<\/p>\n","protected":false},"author":3,"featured_media":79277,"comment_status":"open","ping_status":"open","sticky":false,"template":"","format":"standard","meta":{"ngg_post_thumbnail":0,"footnotes":""},"categories":[3258,241,3,8],"tags":[3256,3255,3254,3257],"yoast_head":"<!-- This site is optimized with the Yoast SEO plugin v23.5 - https:\/\/yoast.com\/wordpress\/plugins\/seo\/ -->\n<title>Subs\u00eddios para a Campanha da Fraternidade 2017 - O Arcanjo no ar<\/title>\n<meta name=\"robots\" content=\"index, follow, max-snippet:-1, max-image-preview:large, max-video-preview:-1\" \/>\n<link rel=\"canonical\" href=\"https:\/\/www.oarcanjo.net\/site\/subsidios-para-a-campanha-da-fraternidade-2017\/\" \/>\n<meta property=\"og:locale\" content=\"pt_BR\" \/>\n<meta property=\"og:type\" content=\"article\" \/>\n<meta property=\"og:title\" content=\"Subs\u00eddios para a Campanha da Fraternidade 2017 - O Arcanjo no ar\" \/>\n<meta property=\"og:description\" content=\"Assista aos v\u00eddeos produzidos pela Regi\u00e3o Bel\u00e9m para a Campanha da Fraternidade de 2017\" \/>\n<meta property=\"og:url\" content=\"https:\/\/www.oarcanjo.net\/site\/subsidios-para-a-campanha-da-fraternidade-2017\/\" \/>\n<meta property=\"og:site_name\" content=\"O Arcanjo no ar\" \/>\n<meta property=\"article:publisher\" content=\"https:\/\/www.facebook.com\/OArcanjoNoAr\/\" \/>\n<meta property=\"article:published_time\" content=\"2017-02-19T15:26:42+00:00\" \/>\n<meta property=\"article:modified_time\" content=\"2017-03-01T14:45:32+00:00\" \/>\n<meta property=\"og:image\" content=\"https:\/\/www.oarcanjo.net\/site\/wp-content\/uploads\/banner-subsidios-cf2017-fev-2017.jpg\" \/>\n\t<meta property=\"og:image:width\" content=\"698\" \/>\n\t<meta property=\"og:image:height\" content=\"393\" \/>\n\t<meta property=\"og:image:type\" content=\"image\/jpeg\" \/>\n<meta name=\"author\" content=\"miriam.meyer\" \/>\n<meta name=\"twitter:card\" content=\"summary_large_image\" \/>\n<meta name=\"twitter:label1\" content=\"Escrito por\" \/>\n\t<meta name=\"twitter:data1\" content=\"miriam.meyer\" \/>\n\t<meta name=\"twitter:label2\" content=\"Est. tempo de leitura\" \/>\n\t<meta name=\"twitter:data2\" content=\"2 minutos\" \/>\n<script type=\"application\/ld+json\" class=\"yoast-schema-graph\">{\"@context\":\"https:\/\/schema.org\",\"@graph\":[{\"@type\":\"Article\",\"@id\":\"https:\/\/www.oarcanjo.net\/site\/subsidios-para-a-campanha-da-fraternidade-2017\/#article\",\"isPartOf\":{\"@id\":\"https:\/\/www.oarcanjo.net\/site\/subsidios-para-a-campanha-da-fraternidade-2017\/\"},\"author\":{\"name\":\"miriam.meyer\",\"@id\":\"https:\/\/www.oarcanjo.net\/site\/#\/schema\/person\/ce0fba3450314a09c6442cfee983a3d8\"},\"headline\":\"Subs\u00eddios para a Campanha da Fraternidade 2017\",\"datePublished\":\"2017-02-19T15:26:42+00:00\",\"dateModified\":\"2017-03-01T14:45:32+00:00\",\"mainEntityOfPage\":{\"@id\":\"https:\/\/www.oarcanjo.net\/site\/subsidios-para-a-campanha-da-fraternidade-2017\/\"},\"wordCount\":484,\"commentCount\":0,\"publisher\":{\"@id\":\"https:\/\/www.oarcanjo.net\/site\/#organization\"},\"image\":{\"@id\":\"https:\/\/www.oarcanjo.net\/site\/subsidios-para-a-campanha-da-fraternidade-2017\/#primaryimage\"},\"thumbnailUrl\":\"https:\/\/www.oarcanjo.net\/site\/wp-content\/uploads\/banner-subsidios-cf2017-fev-2017.jpg\",\"keywords\":[\"Biomas brasileiros\",\"Campanha da Fraternidade 2017\",\"CF 2017\",\"Cultivar e guardar a cria\u00e7\u00e3o\"],\"articleSection\":[\"Campanha da Fraternidade 2017\",\"CF\",\"Destaques\",\"Not\u00edcias\"],\"inLanguage\":\"pt-BR\",\"potentialAction\":[{\"@type\":\"CommentAction\",\"name\":\"Comment\",\"target\":[\"https:\/\/www.oarcanjo.net\/site\/subsidios-para-a-campanha-da-fraternidade-2017\/#respond\"]}]},{\"@type\":\"WebPage\",\"@id\":\"https:\/\/www.oarcanjo.net\/site\/subsidios-para-a-campanha-da-fraternidade-2017\/\",\"url\":\"https:\/\/www.oarcanjo.net\/site\/subsidios-para-a-campanha-da-fraternidade-2017\/\",\"name\":\"Subs\u00eddios para a Campanha da Fraternidade 2017 - O Arcanjo no ar\",\"isPartOf\":{\"@id\":\"https:\/\/www.oarcanjo.net\/site\/#website\"},\"primaryImageOfPage\":{\"@id\":\"https:\/\/www.oarcanjo.net\/site\/subsidios-para-a-campanha-da-fraternidade-2017\/#primaryimage\"},\"image\":{\"@id\":\"https:\/\/www.oarcanjo.net\/site\/subsidios-para-a-campanha-da-fraternidade-2017\/#primaryimage\"},\"thumbnailUrl\":\"https:\/\/www.oarcanjo.net\/site\/wp-content\/uploads\/banner-subsidios-cf2017-fev-2017.jpg\",\"datePublished\":\"2017-02-19T15:26:42+00:00\",\"dateModified\":\"2017-03-01T14:45:32+00:00\",\"breadcrumb\":{\"@id\":\"https:\/\/www.oarcanjo.net\/site\/subsidios-para-a-campanha-da-fraternidade-2017\/#breadcrumb\"},\"inLanguage\":\"pt-BR\",\"potentialAction\":[{\"@type\":\"ReadAction\",\"target\":[\"https:\/\/www.oarcanjo.net\/site\/subsidios-para-a-campanha-da-fraternidade-2017\/\"]}]},{\"@type\":\"ImageObject\",\"inLanguage\":\"pt-BR\",\"@id\":\"https:\/\/www.oarcanjo.net\/site\/subsidios-para-a-campanha-da-fraternidade-2017\/#primaryimage\",\"url\":\"https:\/\/www.oarcanjo.net\/site\/wp-content\/uploads\/banner-subsidios-cf2017-fev-2017.jpg\",\"contentUrl\":\"https:\/\/www.oarcanjo.net\/site\/wp-content\/uploads\/banner-subsidios-cf2017-fev-2017.jpg\",\"width\":698,\"height\":393},{\"@type\":\"BreadcrumbList\",\"@id\":\"https:\/\/www.oarcanjo.net\/site\/subsidios-para-a-campanha-da-fraternidade-2017\/#breadcrumb\",\"itemListElement\":[{\"@type\":\"ListItem\",\"position\":1,\"name\":\"In\u00edcio\",\"item\":\"https:\/\/www.oarcanjo.net\/site\/\"},{\"@type\":\"ListItem\",\"position\":2,\"name\":\"Subs\u00eddios para a Campanha da Fraternidade 2017\"}]},{\"@type\":\"WebSite\",\"@id\":\"https:\/\/www.oarcanjo.net\/site\/#website\",\"url\":\"https:\/\/www.oarcanjo.net\/site\/\",\"name\":\"O Arcanjo no ar\",\"description\":\"Site da Par\u00f3quia S\u00e3o Miguel Arcanjo (Arquidiocese de SP)\",\"publisher\":{\"@id\":\"https:\/\/www.oarcanjo.net\/site\/#organization\"},\"potentialAction\":[{\"@type\":\"SearchAction\",\"target\":{\"@type\":\"EntryPoint\",\"urlTemplate\":\"https:\/\/www.oarcanjo.net\/site\/?s={search_term_string}\"},\"query-input\":{\"@type\":\"PropertyValueSpecification\",\"valueRequired\":true,\"valueName\":\"search_term_string\"}}],\"inLanguage\":\"pt-BR\"},{\"@type\":\"Organization\",\"@id\":\"https:\/\/www.oarcanjo.net\/site\/#organization\",\"name\":\"Par\u00f3quia S\u00e3o Miguel Arcanjo\",\"url\":\"https:\/\/www.oarcanjo.net\/site\/\",\"logo\":{\"@type\":\"ImageObject\",\"inLanguage\":\"pt-BR\",\"@id\":\"https:\/\/www.oarcanjo.net\/site\/#\/schema\/logo\/image\/\",\"url\":\"https:\/\/www.oarcanjo.net\/site\/wp-content\/uploads\/LogoOArcanjo.png\",\"contentUrl\":\"https:\/\/www.oarcanjo.net\/site\/wp-content\/uploads\/LogoOArcanjo.png\",\"width\":319,\"height\":99,\"caption\":\"Par\u00f3quia S\u00e3o Miguel Arcanjo\"},\"image\":{\"@id\":\"https:\/\/www.oarcanjo.net\/site\/#\/schema\/logo\/image\/\"},\"sameAs\":[\"https:\/\/www.facebook.com\/OArcanjoNoAr\/\"]},{\"@type\":\"Person\",\"@id\":\"https:\/\/www.oarcanjo.net\/site\/#\/schema\/person\/ce0fba3450314a09c6442cfee983a3d8\",\"name\":\"miriam.meyer\"}]}<\/script>\n<!-- \/ Yoast SEO plugin. -->","yoast_head_json":{"title":"Subs\u00eddios para a Campanha da Fraternidade 2017 - O Arcanjo no ar","robots":{"index":"index","follow":"follow","max-snippet":"max-snippet:-1","max-image-preview":"max-image-preview:large","max-video-preview":"max-video-preview:-1"},"canonical":"https:\/\/www.oarcanjo.net\/site\/subsidios-para-a-campanha-da-fraternidade-2017\/","og_locale":"pt_BR","og_type":"article","og_title":"Subs\u00eddios para a Campanha da Fraternidade 2017 - O Arcanjo no ar","og_description":"Assista aos v\u00eddeos produzidos pela Regi\u00e3o Bel\u00e9m para a Campanha da Fraternidade de 2017","og_url":"https:\/\/www.oarcanjo.net\/site\/subsidios-para-a-campanha-da-fraternidade-2017\/","og_site_name":"O Arcanjo no ar","article_publisher":"https:\/\/www.facebook.com\/OArcanjoNoAr\/","article_published_time":"2017-02-19T15:26:42+00:00","article_modified_time":"2017-03-01T14:45:32+00:00","og_image":[{"width":698,"height":393,"url":"https:\/\/www.oarcanjo.net\/site\/wp-content\/uploads\/banner-subsidios-cf2017-fev-2017.jpg","type":"image\/jpeg"}],"author":"miriam.meyer","twitter_card":"summary_large_image","twitter_misc":{"Escrito por":"miriam.meyer","Est. tempo de leitura":"2 minutos"},"schema":{"@context":"https:\/\/schema.org","@graph":[{"@type":"Article","@id":"https:\/\/www.oarcanjo.net\/site\/subsidios-para-a-campanha-da-fraternidade-2017\/#article","isPartOf":{"@id":"https:\/\/www.oarcanjo.net\/site\/subsidios-para-a-campanha-da-fraternidade-2017\/"},"author":{"name":"miriam.meyer","@id":"https:\/\/www.oarcanjo.net\/site\/#\/schema\/person\/ce0fba3450314a09c6442cfee983a3d8"},"headline":"Subs\u00eddios para a Campanha da Fraternidade 2017","datePublished":"2017-02-19T15:26:42+00:00","dateModified":"2017-03-01T14:45:32+00:00","mainEntityOfPage":{"@id":"https:\/\/www.oarcanjo.net\/site\/subsidios-para-a-campanha-da-fraternidade-2017\/"},"wordCount":484,"commentCount":0,"publisher":{"@id":"https:\/\/www.oarcanjo.net\/site\/#organization"},"image":{"@id":"https:\/\/www.oarcanjo.net\/site\/subsidios-para-a-campanha-da-fraternidade-2017\/#primaryimage"},"thumbnailUrl":"https:\/\/www.oarcanjo.net\/site\/wp-content\/uploads\/banner-subsidios-cf2017-fev-2017.jpg","keywords":["Biomas brasileiros","Campanha da Fraternidade 2017","CF 2017","Cultivar e guardar a cria\u00e7\u00e3o"],"articleSection":["Campanha da Fraternidade 2017","CF","Destaques","Not\u00edcias"],"inLanguage":"pt-BR","potentialAction":[{"@type":"CommentAction","name":"Comment","target":["https:\/\/www.oarcanjo.net\/site\/subsidios-para-a-campanha-da-fraternidade-2017\/#respond"]}]},{"@type":"WebPage","@id":"https:\/\/www.oarcanjo.net\/site\/subsidios-para-a-campanha-da-fraternidade-2017\/","url":"https:\/\/www.oarcanjo.net\/site\/subsidios-para-a-campanha-da-fraternidade-2017\/","name":"Subs\u00eddios para a Campanha da Fraternidade 2017 - O Arcanjo no ar","isPartOf":{"@id":"https:\/\/www.oarcanjo.net\/site\/#website"},"primaryImageOfPage":{"@id":"https:\/\/www.oarcanjo.net\/site\/subsidios-para-a-campanha-da-fraternidade-2017\/#primaryimage"},"image":{"@id":"https:\/\/www.oarcanjo.net\/site\/subsidios-para-a-campanha-da-fraternidade-2017\/#primaryimage"},"thumbnailUrl":"https:\/\/www.oarcanjo.net\/site\/wp-content\/uploads\/banner-subsidios-cf2017-fev-2017.jpg","datePublished":"2017-02-19T15:26:42+00:00","dateModified":"2017-03-01T14:45:32+00:00","breadcrumb":{"@id":"https:\/\/www.oarcanjo.net\/site\/subsidios-para-a-campanha-da-fraternidade-2017\/#breadcrumb"},"inLanguage":"pt-BR","potentialAction":[{"@type":"ReadAction","target":["https:\/\/www.oarcanjo.net\/site\/subsidios-para-a-campanha-da-fraternidade-2017\/"]}]},{"@type":"ImageObject","inLanguage":"pt-BR","@id":"https:\/\/www.oarcanjo.net\/site\/subsidios-para-a-campanha-da-fraternidade-2017\/#primaryimage","url":"https:\/\/www.oarcanjo.net\/site\/wp-content\/uploads\/banner-subsidios-cf2017-fev-2017.jpg","contentUrl":"https:\/\/www.oarcanjo.net\/site\/wp-content\/uploads\/banner-subsidios-cf2017-fev-2017.jpg","width":698,"height":393},{"@type":"BreadcrumbList","@id":"https:\/\/www.oarcanjo.net\/site\/subsidios-para-a-campanha-da-fraternidade-2017\/#breadcrumb","itemListElement":[{"@type":"ListItem","position":1,"name":"In\u00edcio","item":"https:\/\/www.oarcanjo.net\/site\/"},{"@type":"ListItem","position":2,"name":"Subs\u00eddios para a Campanha da Fraternidade 2017"}]},{"@type":"WebSite","@id":"https:\/\/www.oarcanjo.net\/site\/#website","url":"https:\/\/www.oarcanjo.net\/site\/","name":"O Arcanjo no ar","description":"Site da Par\u00f3quia S\u00e3o Miguel Arcanjo (Arquidiocese de SP)","publisher":{"@id":"https:\/\/www.oarcanjo.net\/site\/#organization"},"potentialAction":[{"@type":"SearchAction","target":{"@type":"EntryPoint","urlTemplate":"https:\/\/www.oarcanjo.net\/site\/?s={search_term_string}"},"query-input":{"@type":"PropertyValueSpecification","valueRequired":true,"valueName":"search_term_string"}}],"inLanguage":"pt-BR"},{"@type":"Organization","@id":"https:\/\/www.oarcanjo.net\/site\/#organization","name":"Par\u00f3quia S\u00e3o Miguel Arcanjo","url":"https:\/\/www.oarcanjo.net\/site\/","logo":{"@type":"ImageObject","inLanguage":"pt-BR","@id":"https:\/\/www.oarcanjo.net\/site\/#\/schema\/logo\/image\/","url":"https:\/\/www.oarcanjo.net\/site\/wp-content\/uploads\/LogoOArcanjo.png","contentUrl":"https:\/\/www.oarcanjo.net\/site\/wp-content\/uploads\/LogoOArcanjo.png","width":319,"height":99,"caption":"Par\u00f3quia S\u00e3o Miguel Arcanjo"},"image":{"@id":"https:\/\/www.oarcanjo.net\/site\/#\/schema\/logo\/image\/"},"sameAs":["https:\/\/www.facebook.com\/OArcanjoNoAr\/"]},{"@type":"Person","@id":"https:\/\/www.oarcanjo.net\/site\/#\/schema\/person\/ce0fba3450314a09c6442cfee983a3d8","name":"miriam.meyer"}]}},"publishpress_future_action":{"enabled":false,"date":"2026-05-09 07:56:37","action":"category","newStatus":"draft","terms":[],"taxonomy":"category"},"publishpress_future_workflow_manual_trigger":{"enabledWorkflows":[]},"_links":{"self":[{"href":"https:\/\/www.oarcanjo.net\/site\/wp-json\/wp\/v2\/posts\/79274"}],"collection":[{"href":"https:\/\/www.oarcanjo.net\/site\/wp-json\/wp\/v2\/posts"}],"about":[{"href":"https:\/\/www.oarcanjo.net\/site\/wp-json\/wp\/v2\/types\/post"}],"author":[{"embeddable":true,"href":"https:\/\/www.oarcanjo.net\/site\/wp-json\/wp\/v2\/users\/3"}],"replies":[{"embeddable":true,"href":"https:\/\/www.oarcanjo.net\/site\/wp-json\/wp\/v2\/comments?post=79274"}],"version-history":[{"count":0,"href":"https:\/\/www.oarcanjo.net\/site\/wp-json\/wp\/v2\/posts\/79274\/revisions"}],"wp:featuredmedia":[{"embeddable":true,"href":"https:\/\/www.oarcanjo.net\/site\/wp-json\/wp\/v2\/media\/79277"}],"wp:attachment":[{"href":"https:\/\/www.oarcanjo.net\/site\/wp-json\/wp\/v2\/media?parent=79274"}],"wp:term":[{"taxonomy":"category","embeddable":true,"href":"https:\/\/www.oarcanjo.net\/site\/wp-json\/wp\/v2\/categories?post=79274"},{"taxonomy":"post_tag","embeddable":true,"href":"https:\/\/www.oarcanjo.net\/site\/wp-json\/wp\/v2\/tags?post=79274"}],"curies":[{"name":"wp","href":"https:\/\/api.w.org\/{rel}","templated":true}]}}