
{"id":7946,"date":"2017-02-20T00:20:26","date_gmt":"2017-02-20T03:20:26","guid":{"rendered":"http:\/\/www.oarcanjo.net\/site\/?p=7946"},"modified":"2016-12-27T07:01:50","modified_gmt":"2016-12-27T09:01:50","slug":"bem-aventurada-jacinta-de-jesus-marto","status":"publish","type":"post","link":"https:\/\/www.oarcanjo.net\/site\/bem-aventurada-jacinta-de-jesus-marto\/","title":{"rendered":"Bem Aventurada Jacinta de Jesus Marto"},"content":{"rendered":"<p><img decoding=\"async\" src=\"http:\/\/www.cad-cascais.org\/pastoral\/writer\/JacintoMarto_794F\/Beata_Giacinta_Marto_P.jpg\" alt=\"\" \/>\u00a0<a title=\"Wikipedia portrait of Jacinta Marto\" href=\"http:\/\/en.wikipedia.org\/wiki\/File:Jacinta-marto-fatima-portugal-1917.jpg\" target=\"_blank\"><img loading=\"lazy\" decoding=\"async\" src=\"http:\/\/www.astro.com\/imwiki\/adb\/with\/thumb039572.jpg\" border=\"0\" alt=\"Portrait of Jacinta Marto\" width=\"137\" height=\"222\" \/><\/a><\/p>\n<p>20 de Janeiro<\/p>\n<p>Jacinta de Jesus Marto nasceu em Aljustrel, F\u00e1tima, a 11 de mar\u00e7o de 1910. Foi batizada uma semana depois. \u00c1 ela junto com o irm\u00e3o Francisco e a prima L\u00facia, tr\u00eas simples crian\u00e7as pastoras analfabetas, foi dada a gra\u00e7a de presenciar as apari\u00e7\u00f5es de Nossa Senhora, na sua pequenina aldeia.<\/p>\n<p>Al\u00e9m das cinco apari\u00e7\u00f5es da Cova da Iria e uma dos Valinhos, Nossa Senhora apareceu \u00e0 Jacinta mais quatro vezes em casa durante a doen\u00e7a, uma grave pneumonia que a acometeu juntamente com seu irm\u00e3o Francisco.<\/p>\n<p>Nessa primeira apari\u00e7\u00e3o, quando ambos j\u00e1 estavam acamados, assim descreve a pequenina: &#8220;Nossa Senhora veio nos ver e diz que vem buscar o Francisco muito em breve. E a mim perguntou-me se queria ainda converter mais pecadores. Disse-lhe que sim&#8221;. De fato, logo depois Francisco morreu santamente.<\/p>\n<p>Nessa ocasi\u00e3o, ao aproximar-se o momento da partida de Francisco, Jacinta recomenda-lhe: &#8220;Leve muitas saudades minhas a Nosso Senhor e a Nossa Senhora e diz-lhes que sofro tudo quanto Eles quiserem para converter os pecadores&#8221;. Jacinta ficara t\u00e3o impressionada com a vis\u00e3o do inferno durante uma das apari\u00e7\u00f5es da Virgem em F\u00e1tima, ocorrida em 13 de julho de 1917, que nenhuma mortifica\u00e7\u00e3o e penit\u00eancia era demais para salvar os pecadores.<\/p>\n<p>A vida da pequena Jacinta foi caracterizada por esse extremo esp\u00edrito de sacrif\u00edcio, o amor ao Cora\u00e7\u00e3o de Maria, ao Santo Padre e aos pecadores. Sempre levada pela preocupa\u00e7\u00e3o da salva\u00e7\u00e3o dos pecadores e do desagravo ao Cora\u00e7\u00e3o Imaculado de Maria, de tudo oferecia um sacrif\u00edcio a Deus, dizendo sempre a ora\u00e7\u00e3o que Nossa Senhora lhes ensinara: &#8220;\u00d2 Jesus, \u00e9 por Vosso Amor, pela convers\u00e3o dos pecadores e em repara\u00e7\u00e3o pelos pecados cometidos contra o Imaculado Cora\u00e7\u00e3o de Maria&#8221;.<\/p>\n<p>Quase um ano depois da morte de Francisco, Jacinta faleceu, era 20 de fevereiro de 1920. O seu corpo foi enterrado no cemit\u00e9rio de Our\u00e9m, sendo transladado em 1935 para o cemit\u00e9rio de F\u00e1tima. Em 1951 foi finalmente transferida para a Bas\u00edlica do Santu\u00e1rio.<\/p>\n<p>No dia 13 de maio de 2001, dia da festa de Nossa Senhora de F\u00e1tima, foi um dia muito especial n\u00e3o s\u00f3 para os portugueses, mas para a fam\u00edlia cat\u00f3lica inteira. O Papa Jo\u00e3o Paulo II, esteve na cidade portuguesa para beatificar Jacinta de Jesus Marto, marcando sua celebra\u00e7\u00e3o para a data de sua morte. A cerim\u00f4nia ocorreu na Bas\u00edlica de Nossa Senhora do Ros\u00e1rio de F\u00e1tima, com a presen\u00e7a da Irm\u00e3 L\u00facia de Jesus.<\/p>\n<p>Os acontecimentos de F\u00e1tima e os pastorzinhos s\u00e3o porta-vozes do convite materno de Maria ao acolhimento, ao amor, \u00e0 confian\u00e7a, \u00e0 pureza de vida e de cora\u00e7\u00e3o e \u00e0 entrega de si mesmo a Deus e aos outros, em atitude de solidariedade e de f\u00e9 inquebrant\u00e1vel. A beatifica\u00e7\u00e3o de Jacinta de Jesus Marto nos lembra a voca\u00e7\u00e3o \u00faltima da Igreja e a comunh\u00e3o dos santos.<\/p>\n<p><img decoding=\"async\" src=\"http:\/\/4.bp.blogspot.com\/_-v8-0jJMDoQ\/SyKbQ6yM9rI\/AAAAAAAACpg\/GDLj9xjaRK0\/s400\/L%C3%BAcia+%28no+meio,+aos+dez+anos+de+idade%29+e+seus+dois+primos+-+Francisco+%28nove+anos%29+e+Jacinta+Marto+%28sete+anos%29+segurando+seus+ros%C3%A1rios+%28fotografia+tirada+na+altura+das+apari%C3%A7%C3%B5es%29..jpg\" border=\"0\" alt=\"\" \/><img decoding=\"async\" src=\"http:\/\/3.bp.blogspot.com\/_N7qno7a5_DU\/SE3EXW-67QI\/AAAAAAAADPM\/mbDEFFRXaWI\/s200\/Jacinta,+L%C3%BAcia+e+Francisco.jpg\" alt=\"\" \/><\/p>\n<p>Tr\u00eas crian\u00e7as, L\u00facia de Jesus dos Santos (de 10 anos), Francisco Marto (de 9 anos) e Jacinta Marto (de 7 anos), afirmaram ter visto Nossa Senhora no dia 13 de Maio de 1917 quando apascentavam um pequeno rebanho na Cova da Iria, freguesia de Aljustrel, pertencente ao concelho de Vila Nova de Our\u00e9m, Portugal.<br \/>\nNossa Senhora aparecia sobre uma azinheira de 1 metro ou pouco mais de altura.<br \/>\nFrancisco apenas via Nossa Senhora e n\u00e3o A ouvia, Jacinta via e ouvia e L\u00facia via, ouvia e falava com a apari\u00e7\u00e3o.<br \/>\nAs apari\u00e7\u00f5es repetiram-se nos cinco meses seguintes e seriam portadoras de uma mensagem ao mundo.<br \/>\nOs relatos destes acontecimentos foram redigidos pela Irm\u00e3 L\u00facia a partir de 1935, em quatro manuscritos, habitualmente designados por Mem\u00f3rias I, II, III e IV e transcritos com outras fontes para este artigo.]<\/p>\n<p><img decoding=\"async\" src=\"http:\/\/lh6.ggpht.com\/_naj6dReXxIQ\/RzehAGaS4iI\/AAAAAAAAA-c\/YVeMBId7s8w\/s640\/DSC00734.JPG\" alt=\"\" \/><\/p>\n<p>Restos mortais de Jacinta e Lucia<\/p>\n<div id=\"themify_builder_content-7946\" data-postid=\"7946\" class=\"themify_builder_content themify_builder_content-7946 themify_builder themify_builder_front\">\n\t<\/div>\n<!-- \/themify_builder_content -->","protected":false},"excerpt":{"rendered":"<p>\u00a0 20 de Janeiro Jacinta de Jesus Marto nasceu em Aljustrel, F\u00e1tima, a 11 de mar\u00e7o de 1910. Foi batizada uma semana depois. \u00c1 ela junto com o irm\u00e3o Francisco e a prima L\u00facia, tr\u00eas simples crian\u00e7as pastoras analfabetas, foi dada a gra\u00e7a de presenciar as apari\u00e7\u00f5es de Nossa Senhora, na sua pequenina aldeia. Al\u00e9m [&hellip;]<\/p>\n","protected":false},"author":14,"featured_media":0,"comment_status":"open","ping_status":"open","sticky":false,"template":"","format":"standard","meta":{"ngg_post_thumbnail":0,"footnotes":""},"categories":[186],"tags":[],"yoast_head":"<!-- This site is optimized with the Yoast SEO plugin v23.5 - https:\/\/yoast.com\/wordpress\/plugins\/seo\/ -->\n<title>Bem Aventurada Jacinta de Jesus Marto - O Arcanjo no ar<\/title>\n<meta name=\"robots\" content=\"index, follow, max-snippet:-1, max-image-preview:large, max-video-preview:-1\" \/>\n<link rel=\"canonical\" href=\"https:\/\/www.oarcanjo.net\/site\/bem-aventurada-jacinta-de-jesus-marto\/\" \/>\n<meta property=\"og:locale\" content=\"pt_BR\" \/>\n<meta property=\"og:type\" content=\"article\" \/>\n<meta property=\"og:title\" content=\"Bem Aventurada Jacinta de Jesus Marto - O Arcanjo no ar\" \/>\n<meta property=\"og:description\" content=\"\u00a0 20 de Janeiro Jacinta de Jesus Marto nasceu em Aljustrel, F\u00e1tima, a 11 de mar\u00e7o de 1910. Foi batizada uma semana depois. \u00c1 ela junto com o irm\u00e3o Francisco e a prima L\u00facia, tr\u00eas simples crian\u00e7as pastoras analfabetas, foi dada a gra\u00e7a de presenciar as apari\u00e7\u00f5es de Nossa Senhora, na sua pequenina aldeia. Al\u00e9m [&hellip;]\" \/>\n<meta property=\"og:url\" content=\"https:\/\/www.oarcanjo.net\/site\/bem-aventurada-jacinta-de-jesus-marto\/\" \/>\n<meta property=\"og:site_name\" content=\"O Arcanjo no ar\" \/>\n<meta property=\"article:publisher\" content=\"https:\/\/www.facebook.com\/OArcanjoNoAr\/\" \/>\n<meta property=\"article:published_time\" content=\"2017-02-20T03:20:26+00:00\" \/>\n<meta property=\"article:modified_time\" content=\"2016-12-27T09:01:50+00:00\" \/>\n<meta property=\"og:image\" content=\"http:\/\/www.cad-cascais.org\/pastoral\/writer\/JacintoMarto_794F\/Beata_Giacinta_Marto_P.jpg\" \/>\n<meta name=\"author\" content=\"danilo\" \/>\n<meta name=\"twitter:card\" content=\"summary_large_image\" \/>\n<meta name=\"twitter:label1\" content=\"Escrito por\" \/>\n\t<meta name=\"twitter:data1\" content=\"danilo\" \/>\n\t<meta name=\"twitter:label2\" content=\"Est. tempo de leitura\" \/>\n\t<meta name=\"twitter:data2\" content=\"3 minutos\" \/>\n<script type=\"application\/ld+json\" class=\"yoast-schema-graph\">{\"@context\":\"https:\/\/schema.org\",\"@graph\":[{\"@type\":\"Article\",\"@id\":\"https:\/\/www.oarcanjo.net\/site\/bem-aventurada-jacinta-de-jesus-marto\/#article\",\"isPartOf\":{\"@id\":\"https:\/\/www.oarcanjo.net\/site\/bem-aventurada-jacinta-de-jesus-marto\/\"},\"author\":{\"name\":\"danilo\",\"@id\":\"https:\/\/www.oarcanjo.net\/site\/#\/schema\/person\/5eb9480bedd2f3c97e430ce128c29c6c\"},\"headline\":\"Bem Aventurada Jacinta de Jesus Marto\",\"datePublished\":\"2017-02-20T03:20:26+00:00\",\"dateModified\":\"2016-12-27T09:01:50+00:00\",\"mainEntityOfPage\":{\"@id\":\"https:\/\/www.oarcanjo.net\/site\/bem-aventurada-jacinta-de-jesus-marto\/\"},\"wordCount\":661,\"commentCount\":0,\"publisher\":{\"@id\":\"https:\/\/www.oarcanjo.net\/site\/#organization\"},\"image\":{\"@id\":\"https:\/\/www.oarcanjo.net\/site\/bem-aventurada-jacinta-de-jesus-marto\/#primaryimage\"},\"thumbnailUrl\":\"http:\/\/www.cad-cascais.org\/pastoral\/writer\/JacintoMarto_794F\/Beata_Giacinta_Marto_P.jpg\",\"articleSection\":[\"Testemunhos\"],\"inLanguage\":\"pt-BR\",\"potentialAction\":[{\"@type\":\"CommentAction\",\"name\":\"Comment\",\"target\":[\"https:\/\/www.oarcanjo.net\/site\/bem-aventurada-jacinta-de-jesus-marto\/#respond\"]}]},{\"@type\":\"WebPage\",\"@id\":\"https:\/\/www.oarcanjo.net\/site\/bem-aventurada-jacinta-de-jesus-marto\/\",\"url\":\"https:\/\/www.oarcanjo.net\/site\/bem-aventurada-jacinta-de-jesus-marto\/\",\"name\":\"Bem Aventurada Jacinta de Jesus Marto - O Arcanjo no ar\",\"isPartOf\":{\"@id\":\"https:\/\/www.oarcanjo.net\/site\/#website\"},\"primaryImageOfPage\":{\"@id\":\"https:\/\/www.oarcanjo.net\/site\/bem-aventurada-jacinta-de-jesus-marto\/#primaryimage\"},\"image\":{\"@id\":\"https:\/\/www.oarcanjo.net\/site\/bem-aventurada-jacinta-de-jesus-marto\/#primaryimage\"},\"thumbnailUrl\":\"http:\/\/www.cad-cascais.org\/pastoral\/writer\/JacintoMarto_794F\/Beata_Giacinta_Marto_P.jpg\",\"datePublished\":\"2017-02-20T03:20:26+00:00\",\"dateModified\":\"2016-12-27T09:01:50+00:00\",\"breadcrumb\":{\"@id\":\"https:\/\/www.oarcanjo.net\/site\/bem-aventurada-jacinta-de-jesus-marto\/#breadcrumb\"},\"inLanguage\":\"pt-BR\",\"potentialAction\":[{\"@type\":\"ReadAction\",\"target\":[\"https:\/\/www.oarcanjo.net\/site\/bem-aventurada-jacinta-de-jesus-marto\/\"]}]},{\"@type\":\"ImageObject\",\"inLanguage\":\"pt-BR\",\"@id\":\"https:\/\/www.oarcanjo.net\/site\/bem-aventurada-jacinta-de-jesus-marto\/#primaryimage\",\"url\":\"http:\/\/www.cad-cascais.org\/pastoral\/writer\/JacintoMarto_794F\/Beata_Giacinta_Marto_P.jpg\",\"contentUrl\":\"http:\/\/www.cad-cascais.org\/pastoral\/writer\/JacintoMarto_794F\/Beata_Giacinta_Marto_P.jpg\"},{\"@type\":\"BreadcrumbList\",\"@id\":\"https:\/\/www.oarcanjo.net\/site\/bem-aventurada-jacinta-de-jesus-marto\/#breadcrumb\",\"itemListElement\":[{\"@type\":\"ListItem\",\"position\":1,\"name\":\"In\u00edcio\",\"item\":\"https:\/\/www.oarcanjo.net\/site\/\"},{\"@type\":\"ListItem\",\"position\":2,\"name\":\"Bem Aventurada Jacinta de Jesus Marto\"}]},{\"@type\":\"WebSite\",\"@id\":\"https:\/\/www.oarcanjo.net\/site\/#website\",\"url\":\"https:\/\/www.oarcanjo.net\/site\/\",\"name\":\"O Arcanjo no ar\",\"description\":\"Site da Par\u00f3quia S\u00e3o Miguel Arcanjo (Arquidiocese de SP)\",\"publisher\":{\"@id\":\"https:\/\/www.oarcanjo.net\/site\/#organization\"},\"potentialAction\":[{\"@type\":\"SearchAction\",\"target\":{\"@type\":\"EntryPoint\",\"urlTemplate\":\"https:\/\/www.oarcanjo.net\/site\/?s={search_term_string}\"},\"query-input\":{\"@type\":\"PropertyValueSpecification\",\"valueRequired\":true,\"valueName\":\"search_term_string\"}}],\"inLanguage\":\"pt-BR\"},{\"@type\":\"Organization\",\"@id\":\"https:\/\/www.oarcanjo.net\/site\/#organization\",\"name\":\"Par\u00f3quia S\u00e3o Miguel Arcanjo\",\"url\":\"https:\/\/www.oarcanjo.net\/site\/\",\"logo\":{\"@type\":\"ImageObject\",\"inLanguage\":\"pt-BR\",\"@id\":\"https:\/\/www.oarcanjo.net\/site\/#\/schema\/logo\/image\/\",\"url\":\"https:\/\/www.oarcanjo.net\/site\/wp-content\/uploads\/LogoOArcanjo.png\",\"contentUrl\":\"https:\/\/www.oarcanjo.net\/site\/wp-content\/uploads\/LogoOArcanjo.png\",\"width\":319,\"height\":99,\"caption\":\"Par\u00f3quia S\u00e3o Miguel Arcanjo\"},\"image\":{\"@id\":\"https:\/\/www.oarcanjo.net\/site\/#\/schema\/logo\/image\/\"},\"sameAs\":[\"https:\/\/www.facebook.com\/OArcanjoNoAr\/\"]},{\"@type\":\"Person\",\"@id\":\"https:\/\/www.oarcanjo.net\/site\/#\/schema\/person\/5eb9480bedd2f3c97e430ce128c29c6c\",\"name\":\"danilo\"}]}<\/script>\n<!-- \/ Yoast SEO plugin. -->","yoast_head_json":{"title":"Bem Aventurada Jacinta de Jesus Marto - O Arcanjo no ar","robots":{"index":"index","follow":"follow","max-snippet":"max-snippet:-1","max-image-preview":"max-image-preview:large","max-video-preview":"max-video-preview:-1"},"canonical":"https:\/\/www.oarcanjo.net\/site\/bem-aventurada-jacinta-de-jesus-marto\/","og_locale":"pt_BR","og_type":"article","og_title":"Bem Aventurada Jacinta de Jesus Marto - O Arcanjo no ar","og_description":"\u00a0 20 de Janeiro Jacinta de Jesus Marto nasceu em Aljustrel, F\u00e1tima, a 11 de mar\u00e7o de 1910. Foi batizada uma semana depois. \u00c1 ela junto com o irm\u00e3o Francisco e a prima L\u00facia, tr\u00eas simples crian\u00e7as pastoras analfabetas, foi dada a gra\u00e7a de presenciar as apari\u00e7\u00f5es de Nossa Senhora, na sua pequenina aldeia. Al\u00e9m [&hellip;]","og_url":"https:\/\/www.oarcanjo.net\/site\/bem-aventurada-jacinta-de-jesus-marto\/","og_site_name":"O Arcanjo no ar","article_publisher":"https:\/\/www.facebook.com\/OArcanjoNoAr\/","article_published_time":"2017-02-20T03:20:26+00:00","article_modified_time":"2016-12-27T09:01:50+00:00","og_image":[{"url":"http:\/\/www.cad-cascais.org\/pastoral\/writer\/JacintoMarto_794F\/Beata_Giacinta_Marto_P.jpg"}],"author":"danilo","twitter_card":"summary_large_image","twitter_misc":{"Escrito por":"danilo","Est. tempo de leitura":"3 minutos"},"schema":{"@context":"https:\/\/schema.org","@graph":[{"@type":"Article","@id":"https:\/\/www.oarcanjo.net\/site\/bem-aventurada-jacinta-de-jesus-marto\/#article","isPartOf":{"@id":"https:\/\/www.oarcanjo.net\/site\/bem-aventurada-jacinta-de-jesus-marto\/"},"author":{"name":"danilo","@id":"https:\/\/www.oarcanjo.net\/site\/#\/schema\/person\/5eb9480bedd2f3c97e430ce128c29c6c"},"headline":"Bem Aventurada Jacinta de Jesus Marto","datePublished":"2017-02-20T03:20:26+00:00","dateModified":"2016-12-27T09:01:50+00:00","mainEntityOfPage":{"@id":"https:\/\/www.oarcanjo.net\/site\/bem-aventurada-jacinta-de-jesus-marto\/"},"wordCount":661,"commentCount":0,"publisher":{"@id":"https:\/\/www.oarcanjo.net\/site\/#organization"},"image":{"@id":"https:\/\/www.oarcanjo.net\/site\/bem-aventurada-jacinta-de-jesus-marto\/#primaryimage"},"thumbnailUrl":"http:\/\/www.cad-cascais.org\/pastoral\/writer\/JacintoMarto_794F\/Beata_Giacinta_Marto_P.jpg","articleSection":["Testemunhos"],"inLanguage":"pt-BR","potentialAction":[{"@type":"CommentAction","name":"Comment","target":["https:\/\/www.oarcanjo.net\/site\/bem-aventurada-jacinta-de-jesus-marto\/#respond"]}]},{"@type":"WebPage","@id":"https:\/\/www.oarcanjo.net\/site\/bem-aventurada-jacinta-de-jesus-marto\/","url":"https:\/\/www.oarcanjo.net\/site\/bem-aventurada-jacinta-de-jesus-marto\/","name":"Bem Aventurada Jacinta de Jesus Marto - O Arcanjo no ar","isPartOf":{"@id":"https:\/\/www.oarcanjo.net\/site\/#website"},"primaryImageOfPage":{"@id":"https:\/\/www.oarcanjo.net\/site\/bem-aventurada-jacinta-de-jesus-marto\/#primaryimage"},"image":{"@id":"https:\/\/www.oarcanjo.net\/site\/bem-aventurada-jacinta-de-jesus-marto\/#primaryimage"},"thumbnailUrl":"http:\/\/www.cad-cascais.org\/pastoral\/writer\/JacintoMarto_794F\/Beata_Giacinta_Marto_P.jpg","datePublished":"2017-02-20T03:20:26+00:00","dateModified":"2016-12-27T09:01:50+00:00","breadcrumb":{"@id":"https:\/\/www.oarcanjo.net\/site\/bem-aventurada-jacinta-de-jesus-marto\/#breadcrumb"},"inLanguage":"pt-BR","potentialAction":[{"@type":"ReadAction","target":["https:\/\/www.oarcanjo.net\/site\/bem-aventurada-jacinta-de-jesus-marto\/"]}]},{"@type":"ImageObject","inLanguage":"pt-BR","@id":"https:\/\/www.oarcanjo.net\/site\/bem-aventurada-jacinta-de-jesus-marto\/#primaryimage","url":"http:\/\/www.cad-cascais.org\/pastoral\/writer\/JacintoMarto_794F\/Beata_Giacinta_Marto_P.jpg","contentUrl":"http:\/\/www.cad-cascais.org\/pastoral\/writer\/JacintoMarto_794F\/Beata_Giacinta_Marto_P.jpg"},{"@type":"BreadcrumbList","@id":"https:\/\/www.oarcanjo.net\/site\/bem-aventurada-jacinta-de-jesus-marto\/#breadcrumb","itemListElement":[{"@type":"ListItem","position":1,"name":"In\u00edcio","item":"https:\/\/www.oarcanjo.net\/site\/"},{"@type":"ListItem","position":2,"name":"Bem Aventurada Jacinta de Jesus Marto"}]},{"@type":"WebSite","@id":"https:\/\/www.oarcanjo.net\/site\/#website","url":"https:\/\/www.oarcanjo.net\/site\/","name":"O Arcanjo no ar","description":"Site da Par\u00f3quia S\u00e3o Miguel Arcanjo (Arquidiocese de SP)","publisher":{"@id":"https:\/\/www.oarcanjo.net\/site\/#organization"},"potentialAction":[{"@type":"SearchAction","target":{"@type":"EntryPoint","urlTemplate":"https:\/\/www.oarcanjo.net\/site\/?s={search_term_string}"},"query-input":{"@type":"PropertyValueSpecification","valueRequired":true,"valueName":"search_term_string"}}],"inLanguage":"pt-BR"},{"@type":"Organization","@id":"https:\/\/www.oarcanjo.net\/site\/#organization","name":"Par\u00f3quia S\u00e3o Miguel Arcanjo","url":"https:\/\/www.oarcanjo.net\/site\/","logo":{"@type":"ImageObject","inLanguage":"pt-BR","@id":"https:\/\/www.oarcanjo.net\/site\/#\/schema\/logo\/image\/","url":"https:\/\/www.oarcanjo.net\/site\/wp-content\/uploads\/LogoOArcanjo.png","contentUrl":"https:\/\/www.oarcanjo.net\/site\/wp-content\/uploads\/LogoOArcanjo.png","width":319,"height":99,"caption":"Par\u00f3quia S\u00e3o Miguel Arcanjo"},"image":{"@id":"https:\/\/www.oarcanjo.net\/site\/#\/schema\/logo\/image\/"},"sameAs":["https:\/\/www.facebook.com\/OArcanjoNoAr\/"]},{"@type":"Person","@id":"https:\/\/www.oarcanjo.net\/site\/#\/schema\/person\/5eb9480bedd2f3c97e430ce128c29c6c","name":"danilo"}]}},"publishpress_future_action":{"enabled":false,"date":"2026-05-09 02:29:24","action":"category","newStatus":"draft","terms":[],"taxonomy":"category"},"publishpress_future_workflow_manual_trigger":{"enabledWorkflows":[]},"_links":{"self":[{"href":"https:\/\/www.oarcanjo.net\/site\/wp-json\/wp\/v2\/posts\/7946"}],"collection":[{"href":"https:\/\/www.oarcanjo.net\/site\/wp-json\/wp\/v2\/posts"}],"about":[{"href":"https:\/\/www.oarcanjo.net\/site\/wp-json\/wp\/v2\/types\/post"}],"author":[{"embeddable":true,"href":"https:\/\/www.oarcanjo.net\/site\/wp-json\/wp\/v2\/users\/14"}],"replies":[{"embeddable":true,"href":"https:\/\/www.oarcanjo.net\/site\/wp-json\/wp\/v2\/comments?post=7946"}],"version-history":[{"count":1,"href":"https:\/\/www.oarcanjo.net\/site\/wp-json\/wp\/v2\/posts\/7946\/revisions"}],"predecessor-version":[{"id":92860,"href":"https:\/\/www.oarcanjo.net\/site\/wp-json\/wp\/v2\/posts\/7946\/revisions\/92860"}],"wp:attachment":[{"href":"https:\/\/www.oarcanjo.net\/site\/wp-json\/wp\/v2\/media?parent=7946"}],"wp:term":[{"taxonomy":"category","embeddable":true,"href":"https:\/\/www.oarcanjo.net\/site\/wp-json\/wp\/v2\/categories?post=7946"},{"taxonomy":"post_tag","embeddable":true,"href":"https:\/\/www.oarcanjo.net\/site\/wp-json\/wp\/v2\/tags?post=7946"}],"curies":[{"name":"wp","href":"https:\/\/api.w.org\/{rel}","templated":true}]}}