
{"id":7951,"date":"2019-02-21T00:07:10","date_gmt":"2019-02-21T03:07:10","guid":{"rendered":"http:\/\/www.oarcanjo.net\/site\/?p=7951"},"modified":"2019-02-18T13:29:17","modified_gmt":"2019-02-18T16:29:17","slug":"sao-pedro-damiao","status":"publish","type":"post","link":"https:\/\/www.oarcanjo.net\/site\/sao-pedro-damiao\/","title":{"rendered":"S\u00e3o Pedro Dami\u00e3o"},"content":{"rendered":"<p><img decoding=\"async\" src=\"http:\/\/www.cancaonova.com\/portal\/canais\/santodia\/santos\/bycod\/000044.jpg\" alt=\"\" \/><\/p>\n<p>21 de Fevereiro<\/p>\n<p>Bispo e Doutor<\/p>\n<p>Pedro nasceu em Ravena, em 1007. Teve uma inf\u00e2ncia muito sofrida, ficou \u00f3rf\u00e3o muito cedo e foi criado de forma improvisada pelos irm\u00e3os que eram em grande n\u00famero. Mesmo assim, o irm\u00e3o mais velho, Dami\u00e3o, acabou por se responsabilizar sozinho por seus estudos. Estudou em Ravena, Faenza e P\u00e1dua e depois de ter ensinado em Parma, ingressou no mosteiro camaldulense de Fonte Avelana, na \u00dambria, que se tornou o centro de suas atividades reformadoras. Pedro, em retribui\u00e7\u00e3o \u00e0 seu irm\u00e3o Dami\u00e3o, assumiu tamb\u00e9m o seu nome ao se ordenar sacerdote.<\/p>\n<p>Pedro Dami\u00e3o, aos vinte e um anos, ent\u00e3o na Ordem Camaldulense, por seus m\u00e9ritos logo tornou o superior diretor. As regras da Ordem j\u00e1 eram duras, mas ele as tornou mais r\u00edgidas ainda. Passou a criticar severamente conventos onde n\u00e3o havia pobreza e sua influ\u00eancia se estendeu por mosteiros da It\u00e1lia e da Fran\u00e7a, entre eles Montecassino e Cluny, que passaram a seguir seus conceitos. Com seu reformismo, trabalhou incansavelmente para devolver \u00e0 vida religiosa seu sentido de consagra\u00e7\u00e3o total a Deus, na austeridade da solid\u00e3o e da penit\u00eancia.<\/p>\n<p>Pedro Dami\u00e3o era um sacerdote contemplativo, de vida simples, adepto \u00e0 vida mon\u00e1stica e desse modo singular atacava o luxo dos cardeais. Citava os ap\u00f3stolos Pedro e Paulo como exemplos, pois percorreram o mundo para evangelizar, sendo magros e andando descal\u00e7os, ou seja, para levar a Palavra de Deus, era necess\u00e1rio sobretudo se despojar dos apegos materiais. Foi desse modo que solidificou a austeridade religiosa e como viveu toda sua exist\u00eancia terrena.<\/p>\n<p>Seu trabalho n\u00e3o parou a\u00ed. Havia, na \u00e9poca, a venda de t\u00edtulos, fun\u00e7\u00f5es e cargos da Igreja, como se fazia com os t\u00edtulos feudais. A essa troca de favores se deu o nome de simonia clerical. O ato de comprar ou vender benesses espirituais, era antigo e esse nome deriva de Sim\u00e3o, o Mago, que procurou comprar dos Ap\u00f3stolos gra\u00e7as espirituais. Dessa forma, cargos da Igreja acabavam ocupados por pessoas despreparadas e indignas que se rebelavam contra a disciplina exigida deles, principalmente com rela\u00e7\u00e3o ao celibato.<\/p>\n<p>A Igreja, assim dilacerada, vitimada pelas disc\u00f3rdias e cismas, tinha necessidade de homens cultos e austeros como padre Pedro Dami\u00e3o. Por isso, ele foi chamado \u00e0 Santa Se para auxiliar nesses combates. Esteve ao lado de seis papas, como viajante da paz, e em particular colaborou com o cardeal Hildebrando, o grande reformador que se tornou o Papa Greg\u00f3rio VII.<\/p>\n<p>Pedro Dami\u00e3o ap\u00f3s v\u00e1rias peregrina\u00e7\u00f5es \u00e0 cidade de Mil\u00e3o, \u00e0 Fran\u00e7a e \u00e0 Alemanha, se tornou cardeal e foi designado para a diocese de \u00d3stia. Seus escritos, ap\u00f3s a sua morte, prosseguiram doutrinando religiosos importantes. Aos poucos, a situa\u00e7\u00e3o da Igreja foi se normalizando. J\u00e1 velho, foi enviado \u00e0 Ravena para recompor a quest\u00e3o do antipapa. Morreu em 1072, na cidade italiana de Faenza, quando voltava de uma miss\u00e3o de paz.<\/p>\n<p>A fama de sua santidade em vida se cristalizou junto aos fi\u00e9is, que ent\u00e3o passaram a vener\u00e1-lo como santo. Em 1828 o papa Le\u00e3o XII declarou Santo Pedro Dami\u00e3o e o proclamou tamb\u00e9m doutor da Igreja, por seus numerosos escritos teol\u00f3gicos e pela incans\u00e1vel e eficiente atua\u00e7\u00e3o para a unidade da Santa M\u00e3e, a Igreja Cat\u00f3lica de Roma.<\/p>\n<p><img decoding=\"async\" src=\"http:\/\/1.bp.blogspot.com\/_K5-9KuKdEMg\/SZ8onFYLgjI\/AAAAAAAAAHQ\/10Dl7jquIlc\/s320\/San_Pier_Damiani_F+II.jpg\" border=\"0\" alt=\"\" \/><\/p>\n<div id=\"themify_builder_content-7951\" data-postid=\"7951\" class=\"themify_builder_content themify_builder_content-7951 themify_builder themify_builder_front\">\n\t<\/div>\n<!-- \/themify_builder_content -->","protected":false},"excerpt":{"rendered":"<p>21 de Fevereiro Bispo e Doutor Pedro nasceu em Ravena, em 1007. Teve uma inf\u00e2ncia muito sofrida, ficou \u00f3rf\u00e3o muito cedo e foi criado de forma improvisada pelos irm\u00e3os que eram em grande n\u00famero. Mesmo assim, o irm\u00e3o mais velho, Dami\u00e3o, acabou por se responsabilizar sozinho por seus estudos. Estudou em Ravena, Faenza e P\u00e1dua [&hellip;]<\/p>\n","protected":false},"author":14,"featured_media":0,"comment_status":"open","ping_status":"open","sticky":false,"template":"","format":"standard","meta":{"ngg_post_thumbnail":0,"footnotes":""},"categories":[186],"tags":[],"yoast_head":"<!-- This site is optimized with the Yoast SEO plugin v23.5 - https:\/\/yoast.com\/wordpress\/plugins\/seo\/ -->\n<title>S\u00e3o Pedro Dami\u00e3o - O Arcanjo no ar<\/title>\n<meta name=\"robots\" content=\"index, follow, max-snippet:-1, max-image-preview:large, max-video-preview:-1\" \/>\n<link rel=\"canonical\" href=\"https:\/\/www.oarcanjo.net\/site\/sao-pedro-damiao\/\" \/>\n<meta property=\"og:locale\" content=\"pt_BR\" \/>\n<meta property=\"og:type\" content=\"article\" \/>\n<meta property=\"og:title\" content=\"S\u00e3o Pedro Dami\u00e3o - O Arcanjo no ar\" \/>\n<meta property=\"og:description\" content=\"21 de Fevereiro Bispo e Doutor Pedro nasceu em Ravena, em 1007. Teve uma inf\u00e2ncia muito sofrida, ficou \u00f3rf\u00e3o muito cedo e foi criado de forma improvisada pelos irm\u00e3os que eram em grande n\u00famero. Mesmo assim, o irm\u00e3o mais velho, Dami\u00e3o, acabou por se responsabilizar sozinho por seus estudos. Estudou em Ravena, Faenza e P\u00e1dua [&hellip;]\" \/>\n<meta property=\"og:url\" content=\"https:\/\/www.oarcanjo.net\/site\/sao-pedro-damiao\/\" \/>\n<meta property=\"og:site_name\" content=\"O Arcanjo no ar\" \/>\n<meta property=\"article:publisher\" content=\"https:\/\/www.facebook.com\/OArcanjoNoAr\/\" \/>\n<meta property=\"article:published_time\" content=\"2019-02-21T03:07:10+00:00\" \/>\n<meta property=\"article:modified_time\" content=\"2019-02-18T16:29:17+00:00\" \/>\n<meta property=\"og:image\" content=\"http:\/\/www.cancaonova.com\/portal\/canais\/santodia\/santos\/bycod\/000044.jpg\" \/>\n<meta name=\"author\" content=\"danilo\" \/>\n<meta name=\"twitter:card\" content=\"summary_large_image\" \/>\n<meta name=\"twitter:label1\" content=\"Escrito por\" \/>\n\t<meta name=\"twitter:data1\" content=\"danilo\" \/>\n\t<meta name=\"twitter:label2\" content=\"Est. tempo de leitura\" \/>\n\t<meta name=\"twitter:data2\" content=\"3 minutos\" \/>\n<script type=\"application\/ld+json\" class=\"yoast-schema-graph\">{\"@context\":\"https:\/\/schema.org\",\"@graph\":[{\"@type\":\"Article\",\"@id\":\"https:\/\/www.oarcanjo.net\/site\/sao-pedro-damiao\/#article\",\"isPartOf\":{\"@id\":\"https:\/\/www.oarcanjo.net\/site\/sao-pedro-damiao\/\"},\"author\":{\"name\":\"danilo\",\"@id\":\"https:\/\/www.oarcanjo.net\/site\/#\/schema\/person\/5eb9480bedd2f3c97e430ce128c29c6c\"},\"headline\":\"S\u00e3o Pedro Dami\u00e3o\",\"datePublished\":\"2019-02-21T03:07:10+00:00\",\"dateModified\":\"2019-02-18T16:29:17+00:00\",\"mainEntityOfPage\":{\"@id\":\"https:\/\/www.oarcanjo.net\/site\/sao-pedro-damiao\/\"},\"wordCount\":585,\"commentCount\":0,\"publisher\":{\"@id\":\"https:\/\/www.oarcanjo.net\/site\/#organization\"},\"image\":{\"@id\":\"https:\/\/www.oarcanjo.net\/site\/sao-pedro-damiao\/#primaryimage\"},\"thumbnailUrl\":\"http:\/\/www.cancaonova.com\/portal\/canais\/santodia\/santos\/bycod\/000044.jpg\",\"articleSection\":[\"Testemunhos\"],\"inLanguage\":\"pt-BR\",\"potentialAction\":[{\"@type\":\"CommentAction\",\"name\":\"Comment\",\"target\":[\"https:\/\/www.oarcanjo.net\/site\/sao-pedro-damiao\/#respond\"]}]},{\"@type\":\"WebPage\",\"@id\":\"https:\/\/www.oarcanjo.net\/site\/sao-pedro-damiao\/\",\"url\":\"https:\/\/www.oarcanjo.net\/site\/sao-pedro-damiao\/\",\"name\":\"S\u00e3o Pedro Dami\u00e3o - O Arcanjo no ar\",\"isPartOf\":{\"@id\":\"https:\/\/www.oarcanjo.net\/site\/#website\"},\"primaryImageOfPage\":{\"@id\":\"https:\/\/www.oarcanjo.net\/site\/sao-pedro-damiao\/#primaryimage\"},\"image\":{\"@id\":\"https:\/\/www.oarcanjo.net\/site\/sao-pedro-damiao\/#primaryimage\"},\"thumbnailUrl\":\"http:\/\/www.cancaonova.com\/portal\/canais\/santodia\/santos\/bycod\/000044.jpg\",\"datePublished\":\"2019-02-21T03:07:10+00:00\",\"dateModified\":\"2019-02-18T16:29:17+00:00\",\"breadcrumb\":{\"@id\":\"https:\/\/www.oarcanjo.net\/site\/sao-pedro-damiao\/#breadcrumb\"},\"inLanguage\":\"pt-BR\",\"potentialAction\":[{\"@type\":\"ReadAction\",\"target\":[\"https:\/\/www.oarcanjo.net\/site\/sao-pedro-damiao\/\"]}]},{\"@type\":\"ImageObject\",\"inLanguage\":\"pt-BR\",\"@id\":\"https:\/\/www.oarcanjo.net\/site\/sao-pedro-damiao\/#primaryimage\",\"url\":\"http:\/\/www.cancaonova.com\/portal\/canais\/santodia\/santos\/bycod\/000044.jpg\",\"contentUrl\":\"http:\/\/www.cancaonova.com\/portal\/canais\/santodia\/santos\/bycod\/000044.jpg\"},{\"@type\":\"BreadcrumbList\",\"@id\":\"https:\/\/www.oarcanjo.net\/site\/sao-pedro-damiao\/#breadcrumb\",\"itemListElement\":[{\"@type\":\"ListItem\",\"position\":1,\"name\":\"In\u00edcio\",\"item\":\"https:\/\/www.oarcanjo.net\/site\/\"},{\"@type\":\"ListItem\",\"position\":2,\"name\":\"S\u00e3o Pedro Dami\u00e3o\"}]},{\"@type\":\"WebSite\",\"@id\":\"https:\/\/www.oarcanjo.net\/site\/#website\",\"url\":\"https:\/\/www.oarcanjo.net\/site\/\",\"name\":\"O Arcanjo no ar\",\"description\":\"Site da Par\u00f3quia S\u00e3o Miguel Arcanjo (Arquidiocese de SP)\",\"publisher\":{\"@id\":\"https:\/\/www.oarcanjo.net\/site\/#organization\"},\"potentialAction\":[{\"@type\":\"SearchAction\",\"target\":{\"@type\":\"EntryPoint\",\"urlTemplate\":\"https:\/\/www.oarcanjo.net\/site\/?s={search_term_string}\"},\"query-input\":{\"@type\":\"PropertyValueSpecification\",\"valueRequired\":true,\"valueName\":\"search_term_string\"}}],\"inLanguage\":\"pt-BR\"},{\"@type\":\"Organization\",\"@id\":\"https:\/\/www.oarcanjo.net\/site\/#organization\",\"name\":\"Par\u00f3quia S\u00e3o Miguel Arcanjo\",\"url\":\"https:\/\/www.oarcanjo.net\/site\/\",\"logo\":{\"@type\":\"ImageObject\",\"inLanguage\":\"pt-BR\",\"@id\":\"https:\/\/www.oarcanjo.net\/site\/#\/schema\/logo\/image\/\",\"url\":\"https:\/\/www.oarcanjo.net\/site\/wp-content\/uploads\/LogoOArcanjo.png\",\"contentUrl\":\"https:\/\/www.oarcanjo.net\/site\/wp-content\/uploads\/LogoOArcanjo.png\",\"width\":319,\"height\":99,\"caption\":\"Par\u00f3quia S\u00e3o Miguel Arcanjo\"},\"image\":{\"@id\":\"https:\/\/www.oarcanjo.net\/site\/#\/schema\/logo\/image\/\"},\"sameAs\":[\"https:\/\/www.facebook.com\/OArcanjoNoAr\/\"]},{\"@type\":\"Person\",\"@id\":\"https:\/\/www.oarcanjo.net\/site\/#\/schema\/person\/5eb9480bedd2f3c97e430ce128c29c6c\",\"name\":\"danilo\"}]}<\/script>\n<!-- \/ Yoast SEO plugin. -->","yoast_head_json":{"title":"S\u00e3o Pedro Dami\u00e3o - O Arcanjo no ar","robots":{"index":"index","follow":"follow","max-snippet":"max-snippet:-1","max-image-preview":"max-image-preview:large","max-video-preview":"max-video-preview:-1"},"canonical":"https:\/\/www.oarcanjo.net\/site\/sao-pedro-damiao\/","og_locale":"pt_BR","og_type":"article","og_title":"S\u00e3o Pedro Dami\u00e3o - O Arcanjo no ar","og_description":"21 de Fevereiro Bispo e Doutor Pedro nasceu em Ravena, em 1007. Teve uma inf\u00e2ncia muito sofrida, ficou \u00f3rf\u00e3o muito cedo e foi criado de forma improvisada pelos irm\u00e3os que eram em grande n\u00famero. Mesmo assim, o irm\u00e3o mais velho, Dami\u00e3o, acabou por se responsabilizar sozinho por seus estudos. Estudou em Ravena, Faenza e P\u00e1dua [&hellip;]","og_url":"https:\/\/www.oarcanjo.net\/site\/sao-pedro-damiao\/","og_site_name":"O Arcanjo no ar","article_publisher":"https:\/\/www.facebook.com\/OArcanjoNoAr\/","article_published_time":"2019-02-21T03:07:10+00:00","article_modified_time":"2019-02-18T16:29:17+00:00","og_image":[{"url":"http:\/\/www.cancaonova.com\/portal\/canais\/santodia\/santos\/bycod\/000044.jpg"}],"author":"danilo","twitter_card":"summary_large_image","twitter_misc":{"Escrito por":"danilo","Est. tempo de leitura":"3 minutos"},"schema":{"@context":"https:\/\/schema.org","@graph":[{"@type":"Article","@id":"https:\/\/www.oarcanjo.net\/site\/sao-pedro-damiao\/#article","isPartOf":{"@id":"https:\/\/www.oarcanjo.net\/site\/sao-pedro-damiao\/"},"author":{"name":"danilo","@id":"https:\/\/www.oarcanjo.net\/site\/#\/schema\/person\/5eb9480bedd2f3c97e430ce128c29c6c"},"headline":"S\u00e3o Pedro Dami\u00e3o","datePublished":"2019-02-21T03:07:10+00:00","dateModified":"2019-02-18T16:29:17+00:00","mainEntityOfPage":{"@id":"https:\/\/www.oarcanjo.net\/site\/sao-pedro-damiao\/"},"wordCount":585,"commentCount":0,"publisher":{"@id":"https:\/\/www.oarcanjo.net\/site\/#organization"},"image":{"@id":"https:\/\/www.oarcanjo.net\/site\/sao-pedro-damiao\/#primaryimage"},"thumbnailUrl":"http:\/\/www.cancaonova.com\/portal\/canais\/santodia\/santos\/bycod\/000044.jpg","articleSection":["Testemunhos"],"inLanguage":"pt-BR","potentialAction":[{"@type":"CommentAction","name":"Comment","target":["https:\/\/www.oarcanjo.net\/site\/sao-pedro-damiao\/#respond"]}]},{"@type":"WebPage","@id":"https:\/\/www.oarcanjo.net\/site\/sao-pedro-damiao\/","url":"https:\/\/www.oarcanjo.net\/site\/sao-pedro-damiao\/","name":"S\u00e3o Pedro Dami\u00e3o - O Arcanjo no ar","isPartOf":{"@id":"https:\/\/www.oarcanjo.net\/site\/#website"},"primaryImageOfPage":{"@id":"https:\/\/www.oarcanjo.net\/site\/sao-pedro-damiao\/#primaryimage"},"image":{"@id":"https:\/\/www.oarcanjo.net\/site\/sao-pedro-damiao\/#primaryimage"},"thumbnailUrl":"http:\/\/www.cancaonova.com\/portal\/canais\/santodia\/santos\/bycod\/000044.jpg","datePublished":"2019-02-21T03:07:10+00:00","dateModified":"2019-02-18T16:29:17+00:00","breadcrumb":{"@id":"https:\/\/www.oarcanjo.net\/site\/sao-pedro-damiao\/#breadcrumb"},"inLanguage":"pt-BR","potentialAction":[{"@type":"ReadAction","target":["https:\/\/www.oarcanjo.net\/site\/sao-pedro-damiao\/"]}]},{"@type":"ImageObject","inLanguage":"pt-BR","@id":"https:\/\/www.oarcanjo.net\/site\/sao-pedro-damiao\/#primaryimage","url":"http:\/\/www.cancaonova.com\/portal\/canais\/santodia\/santos\/bycod\/000044.jpg","contentUrl":"http:\/\/www.cancaonova.com\/portal\/canais\/santodia\/santos\/bycod\/000044.jpg"},{"@type":"BreadcrumbList","@id":"https:\/\/www.oarcanjo.net\/site\/sao-pedro-damiao\/#breadcrumb","itemListElement":[{"@type":"ListItem","position":1,"name":"In\u00edcio","item":"https:\/\/www.oarcanjo.net\/site\/"},{"@type":"ListItem","position":2,"name":"S\u00e3o Pedro Dami\u00e3o"}]},{"@type":"WebSite","@id":"https:\/\/www.oarcanjo.net\/site\/#website","url":"https:\/\/www.oarcanjo.net\/site\/","name":"O Arcanjo no ar","description":"Site da Par\u00f3quia S\u00e3o Miguel Arcanjo (Arquidiocese de SP)","publisher":{"@id":"https:\/\/www.oarcanjo.net\/site\/#organization"},"potentialAction":[{"@type":"SearchAction","target":{"@type":"EntryPoint","urlTemplate":"https:\/\/www.oarcanjo.net\/site\/?s={search_term_string}"},"query-input":{"@type":"PropertyValueSpecification","valueRequired":true,"valueName":"search_term_string"}}],"inLanguage":"pt-BR"},{"@type":"Organization","@id":"https:\/\/www.oarcanjo.net\/site\/#organization","name":"Par\u00f3quia S\u00e3o Miguel Arcanjo","url":"https:\/\/www.oarcanjo.net\/site\/","logo":{"@type":"ImageObject","inLanguage":"pt-BR","@id":"https:\/\/www.oarcanjo.net\/site\/#\/schema\/logo\/image\/","url":"https:\/\/www.oarcanjo.net\/site\/wp-content\/uploads\/LogoOArcanjo.png","contentUrl":"https:\/\/www.oarcanjo.net\/site\/wp-content\/uploads\/LogoOArcanjo.png","width":319,"height":99,"caption":"Par\u00f3quia S\u00e3o Miguel Arcanjo"},"image":{"@id":"https:\/\/www.oarcanjo.net\/site\/#\/schema\/logo\/image\/"},"sameAs":["https:\/\/www.facebook.com\/OArcanjoNoAr\/"]},{"@type":"Person","@id":"https:\/\/www.oarcanjo.net\/site\/#\/schema\/person\/5eb9480bedd2f3c97e430ce128c29c6c","name":"danilo"}]}},"publishpress_future_action":{"enabled":false,"date":"2026-05-08 01:18:40","action":"category","newStatus":"draft","terms":[],"taxonomy":"category"},"publishpress_future_workflow_manual_trigger":{"enabledWorkflows":[]},"_links":{"self":[{"href":"https:\/\/www.oarcanjo.net\/site\/wp-json\/wp\/v2\/posts\/7951"}],"collection":[{"href":"https:\/\/www.oarcanjo.net\/site\/wp-json\/wp\/v2\/posts"}],"about":[{"href":"https:\/\/www.oarcanjo.net\/site\/wp-json\/wp\/v2\/types\/post"}],"author":[{"embeddable":true,"href":"https:\/\/www.oarcanjo.net\/site\/wp-json\/wp\/v2\/users\/14"}],"replies":[{"embeddable":true,"href":"https:\/\/www.oarcanjo.net\/site\/wp-json\/wp\/v2\/comments?post=7951"}],"version-history":[{"count":1,"href":"https:\/\/www.oarcanjo.net\/site\/wp-json\/wp\/v2\/posts\/7951\/revisions"}],"predecessor-version":[{"id":92862,"href":"https:\/\/www.oarcanjo.net\/site\/wp-json\/wp\/v2\/posts\/7951\/revisions\/92862"}],"wp:attachment":[{"href":"https:\/\/www.oarcanjo.net\/site\/wp-json\/wp\/v2\/media?parent=7951"}],"wp:term":[{"taxonomy":"category","embeddable":true,"href":"https:\/\/www.oarcanjo.net\/site\/wp-json\/wp\/v2\/categories?post=7951"},{"taxonomy":"post_tag","embeddable":true,"href":"https:\/\/www.oarcanjo.net\/site\/wp-json\/wp\/v2\/tags?post=7951"}],"curies":[{"name":"wp","href":"https:\/\/api.w.org\/{rel}","templated":true}]}}