
{"id":7954,"date":"2019-02-21T00:01:14","date_gmt":"2019-02-21T03:01:14","guid":{"rendered":"http:\/\/www.oarcanjo.net\/site\/?p=7954"},"modified":"2019-02-18T13:29:11","modified_gmt":"2019-02-18T16:29:11","slug":"sao-severiano","status":"publish","type":"post","link":"https:\/\/www.oarcanjo.net\/site\/sao-severiano\/","title":{"rendered":"S\u00e3o Severiano"},"content":{"rendered":"<p><img decoding=\"async\" src=\"http:\/\/lh5.ggpht.com\/_jTpss3bYcl4\/Sbc6Zfb402I\/AAAAAAAAT8w\/_AdRzBcIKM8\/21%20DE%20FEVEREIRO%20DIA%20DE%20S%C3%83O%20SEVERIANO.jpg\" alt=\"\" \/><\/p>\n<p>21 de Fevereiro<\/p>\n<p><span style=\"font-size: x-small;font-family: Arial\">No ano 451, se reuniu em Calced\u00f4nia o quarto Conc\u00edlio ecum\u00eanico, contra a heresia monofisista de Eutiques que estava se propogando r\u00e1pidamente na Igreja oriental. As dioceses se encontravam divididas em partidos, que em alguns casos escolhiam bispos rivais e recusavam a comunh\u00e3o dos membros do partido contr\u00e1rio. A maioria dos monjes da Palestina aceitaram, sem discutir, a decis\u00e3o do Conc\u00edlio contra a heresia, mas houveram v\u00e1rias excess\u00f5es. <\/span><\/p>\n<p><span style=\"font-size: x-small;font-family: Arial\">O principal dos rebeldes foi Teod\u00f3sio, que tinha suficientes partid\u00e1rios como para expulsar a Juvenal, o bispo de Jerusal\u00e9m e apoderar-se da sede. Se acrescentou a este fato uma sangrenta persegui\u00e7\u00e3o na cidade. Teod\u00f3sio se dedicou a devastar todo o pa\u00eds, por mais que tenha encontrado em alguns lugares crist\u00e3os decididos a permanecer na ortodoxia; entre eles se distinguiu Severiano, bispo de Escit\u00f3polis, que recebeu em pr\u00eamio a coroa do mart\u00edrio, pois os soldados se apoderaram dele, o arrastaram fora da cidade e o assassinaram.<\/span><\/p>\n<p><!-- InstanceEndEditable --><!--END ADVPRINT --><!-- InstanceEndEditable --><\/p>\n<div id=\"themify_builder_content-7954\" data-postid=\"7954\" class=\"themify_builder_content themify_builder_content-7954 themify_builder themify_builder_front\">\n\t<\/div>\n<!-- \/themify_builder_content -->","protected":false},"excerpt":{"rendered":"<p>21 de Fevereiro No ano 451, se reuniu em Calced\u00f4nia o quarto Conc\u00edlio ecum\u00eanico, contra a heresia monofisista de Eutiques que estava se propogando r\u00e1pidamente na Igreja oriental. As dioceses se encontravam divididas em partidos, que em alguns casos escolhiam bispos rivais e recusavam a comunh\u00e3o dos membros do partido contr\u00e1rio. A maioria dos monjes [&hellip;]<\/p>\n","protected":false},"author":14,"featured_media":0,"comment_status":"open","ping_status":"open","sticky":false,"template":"","format":"standard","meta":{"ngg_post_thumbnail":0,"footnotes":""},"categories":[186],"tags":[],"yoast_head":"<!-- This site is optimized with the Yoast SEO plugin v23.5 - https:\/\/yoast.com\/wordpress\/plugins\/seo\/ -->\n<title>S\u00e3o Severiano - O Arcanjo no ar<\/title>\n<meta name=\"robots\" content=\"index, follow, max-snippet:-1, max-image-preview:large, max-video-preview:-1\" \/>\n<link rel=\"canonical\" href=\"https:\/\/www.oarcanjo.net\/site\/sao-severiano\/\" \/>\n<meta property=\"og:locale\" content=\"pt_BR\" \/>\n<meta property=\"og:type\" content=\"article\" \/>\n<meta property=\"og:title\" content=\"S\u00e3o Severiano - O Arcanjo no ar\" \/>\n<meta property=\"og:description\" content=\"21 de Fevereiro No ano 451, se reuniu em Calced\u00f4nia o quarto Conc\u00edlio ecum\u00eanico, contra a heresia monofisista de Eutiques que estava se propogando r\u00e1pidamente na Igreja oriental. As dioceses se encontravam divididas em partidos, que em alguns casos escolhiam bispos rivais e recusavam a comunh\u00e3o dos membros do partido contr\u00e1rio. A maioria dos monjes [&hellip;]\" \/>\n<meta property=\"og:url\" content=\"https:\/\/www.oarcanjo.net\/site\/sao-severiano\/\" \/>\n<meta property=\"og:site_name\" content=\"O Arcanjo no ar\" \/>\n<meta property=\"article:publisher\" content=\"https:\/\/www.facebook.com\/OArcanjoNoAr\/\" \/>\n<meta property=\"article:published_time\" content=\"2019-02-21T03:01:14+00:00\" \/>\n<meta property=\"article:modified_time\" content=\"2019-02-18T16:29:11+00:00\" \/>\n<meta property=\"og:image\" content=\"http:\/\/lh5.ggpht.com\/_jTpss3bYcl4\/Sbc6Zfb402I\/AAAAAAAAT8w\/_AdRzBcIKM8\/21%20DE%20FEVEREIRO%20DIA%20DE%20S%C3%83O%20SEVERIANO.jpg\" \/>\n<meta name=\"author\" content=\"danilo\" \/>\n<meta name=\"twitter:card\" content=\"summary_large_image\" \/>\n<meta name=\"twitter:label1\" content=\"Escrito por\" \/>\n\t<meta name=\"twitter:data1\" content=\"danilo\" \/>\n\t<meta name=\"twitter:label2\" content=\"Est. tempo de leitura\" \/>\n\t<meta name=\"twitter:data2\" content=\"1 minuto\" \/>\n<script type=\"application\/ld+json\" class=\"yoast-schema-graph\">{\"@context\":\"https:\/\/schema.org\",\"@graph\":[{\"@type\":\"Article\",\"@id\":\"https:\/\/www.oarcanjo.net\/site\/sao-severiano\/#article\",\"isPartOf\":{\"@id\":\"https:\/\/www.oarcanjo.net\/site\/sao-severiano\/\"},\"author\":{\"name\":\"danilo\",\"@id\":\"https:\/\/www.oarcanjo.net\/site\/#\/schema\/person\/5eb9480bedd2f3c97e430ce128c29c6c\"},\"headline\":\"S\u00e3o Severiano\",\"datePublished\":\"2019-02-21T03:01:14+00:00\",\"dateModified\":\"2019-02-18T16:29:11+00:00\",\"mainEntityOfPage\":{\"@id\":\"https:\/\/www.oarcanjo.net\/site\/sao-severiano\/\"},\"wordCount\":177,\"commentCount\":0,\"publisher\":{\"@id\":\"https:\/\/www.oarcanjo.net\/site\/#organization\"},\"image\":{\"@id\":\"https:\/\/www.oarcanjo.net\/site\/sao-severiano\/#primaryimage\"},\"thumbnailUrl\":\"http:\/\/lh5.ggpht.com\/_jTpss3bYcl4\/Sbc6Zfb402I\/AAAAAAAAT8w\/_AdRzBcIKM8\/21%20DE%20FEVEREIRO%20DIA%20DE%20S%C3%83O%20SEVERIANO.jpg\",\"articleSection\":[\"Testemunhos\"],\"inLanguage\":\"pt-BR\",\"potentialAction\":[{\"@type\":\"CommentAction\",\"name\":\"Comment\",\"target\":[\"https:\/\/www.oarcanjo.net\/site\/sao-severiano\/#respond\"]}]},{\"@type\":\"WebPage\",\"@id\":\"https:\/\/www.oarcanjo.net\/site\/sao-severiano\/\",\"url\":\"https:\/\/www.oarcanjo.net\/site\/sao-severiano\/\",\"name\":\"S\u00e3o Severiano - O Arcanjo no ar\",\"isPartOf\":{\"@id\":\"https:\/\/www.oarcanjo.net\/site\/#website\"},\"primaryImageOfPage\":{\"@id\":\"https:\/\/www.oarcanjo.net\/site\/sao-severiano\/#primaryimage\"},\"image\":{\"@id\":\"https:\/\/www.oarcanjo.net\/site\/sao-severiano\/#primaryimage\"},\"thumbnailUrl\":\"http:\/\/lh5.ggpht.com\/_jTpss3bYcl4\/Sbc6Zfb402I\/AAAAAAAAT8w\/_AdRzBcIKM8\/21%20DE%20FEVEREIRO%20DIA%20DE%20S%C3%83O%20SEVERIANO.jpg\",\"datePublished\":\"2019-02-21T03:01:14+00:00\",\"dateModified\":\"2019-02-18T16:29:11+00:00\",\"breadcrumb\":{\"@id\":\"https:\/\/www.oarcanjo.net\/site\/sao-severiano\/#breadcrumb\"},\"inLanguage\":\"pt-BR\",\"potentialAction\":[{\"@type\":\"ReadAction\",\"target\":[\"https:\/\/www.oarcanjo.net\/site\/sao-severiano\/\"]}]},{\"@type\":\"ImageObject\",\"inLanguage\":\"pt-BR\",\"@id\":\"https:\/\/www.oarcanjo.net\/site\/sao-severiano\/#primaryimage\",\"url\":\"http:\/\/lh5.ggpht.com\/_jTpss3bYcl4\/Sbc6Zfb402I\/AAAAAAAAT8w\/_AdRzBcIKM8\/21%20DE%20FEVEREIRO%20DIA%20DE%20S%C3%83O%20SEVERIANO.jpg\",\"contentUrl\":\"http:\/\/lh5.ggpht.com\/_jTpss3bYcl4\/Sbc6Zfb402I\/AAAAAAAAT8w\/_AdRzBcIKM8\/21%20DE%20FEVEREIRO%20DIA%20DE%20S%C3%83O%20SEVERIANO.jpg\"},{\"@type\":\"BreadcrumbList\",\"@id\":\"https:\/\/www.oarcanjo.net\/site\/sao-severiano\/#breadcrumb\",\"itemListElement\":[{\"@type\":\"ListItem\",\"position\":1,\"name\":\"In\u00edcio\",\"item\":\"https:\/\/www.oarcanjo.net\/site\/\"},{\"@type\":\"ListItem\",\"position\":2,\"name\":\"S\u00e3o Severiano\"}]},{\"@type\":\"WebSite\",\"@id\":\"https:\/\/www.oarcanjo.net\/site\/#website\",\"url\":\"https:\/\/www.oarcanjo.net\/site\/\",\"name\":\"O Arcanjo no ar\",\"description\":\"Site da Par\u00f3quia S\u00e3o Miguel Arcanjo (Arquidiocese de SP)\",\"publisher\":{\"@id\":\"https:\/\/www.oarcanjo.net\/site\/#organization\"},\"potentialAction\":[{\"@type\":\"SearchAction\",\"target\":{\"@type\":\"EntryPoint\",\"urlTemplate\":\"https:\/\/www.oarcanjo.net\/site\/?s={search_term_string}\"},\"query-input\":{\"@type\":\"PropertyValueSpecification\",\"valueRequired\":true,\"valueName\":\"search_term_string\"}}],\"inLanguage\":\"pt-BR\"},{\"@type\":\"Organization\",\"@id\":\"https:\/\/www.oarcanjo.net\/site\/#organization\",\"name\":\"Par\u00f3quia S\u00e3o Miguel Arcanjo\",\"url\":\"https:\/\/www.oarcanjo.net\/site\/\",\"logo\":{\"@type\":\"ImageObject\",\"inLanguage\":\"pt-BR\",\"@id\":\"https:\/\/www.oarcanjo.net\/site\/#\/schema\/logo\/image\/\",\"url\":\"https:\/\/www.oarcanjo.net\/site\/wp-content\/uploads\/LogoOArcanjo.png\",\"contentUrl\":\"https:\/\/www.oarcanjo.net\/site\/wp-content\/uploads\/LogoOArcanjo.png\",\"width\":319,\"height\":99,\"caption\":\"Par\u00f3quia S\u00e3o Miguel Arcanjo\"},\"image\":{\"@id\":\"https:\/\/www.oarcanjo.net\/site\/#\/schema\/logo\/image\/\"},\"sameAs\":[\"https:\/\/www.facebook.com\/OArcanjoNoAr\/\"]},{\"@type\":\"Person\",\"@id\":\"https:\/\/www.oarcanjo.net\/site\/#\/schema\/person\/5eb9480bedd2f3c97e430ce128c29c6c\",\"name\":\"danilo\"}]}<\/script>\n<!-- \/ Yoast SEO plugin. -->","yoast_head_json":{"title":"S\u00e3o Severiano - O Arcanjo no ar","robots":{"index":"index","follow":"follow","max-snippet":"max-snippet:-1","max-image-preview":"max-image-preview:large","max-video-preview":"max-video-preview:-1"},"canonical":"https:\/\/www.oarcanjo.net\/site\/sao-severiano\/","og_locale":"pt_BR","og_type":"article","og_title":"S\u00e3o Severiano - O Arcanjo no ar","og_description":"21 de Fevereiro No ano 451, se reuniu em Calced\u00f4nia o quarto Conc\u00edlio ecum\u00eanico, contra a heresia monofisista de Eutiques que estava se propogando r\u00e1pidamente na Igreja oriental. As dioceses se encontravam divididas em partidos, que em alguns casos escolhiam bispos rivais e recusavam a comunh\u00e3o dos membros do partido contr\u00e1rio. A maioria dos monjes [&hellip;]","og_url":"https:\/\/www.oarcanjo.net\/site\/sao-severiano\/","og_site_name":"O Arcanjo no ar","article_publisher":"https:\/\/www.facebook.com\/OArcanjoNoAr\/","article_published_time":"2019-02-21T03:01:14+00:00","article_modified_time":"2019-02-18T16:29:11+00:00","og_image":[{"url":"http:\/\/lh5.ggpht.com\/_jTpss3bYcl4\/Sbc6Zfb402I\/AAAAAAAAT8w\/_AdRzBcIKM8\/21%20DE%20FEVEREIRO%20DIA%20DE%20S%C3%83O%20SEVERIANO.jpg"}],"author":"danilo","twitter_card":"summary_large_image","twitter_misc":{"Escrito por":"danilo","Est. tempo de leitura":"1 minuto"},"schema":{"@context":"https:\/\/schema.org","@graph":[{"@type":"Article","@id":"https:\/\/www.oarcanjo.net\/site\/sao-severiano\/#article","isPartOf":{"@id":"https:\/\/www.oarcanjo.net\/site\/sao-severiano\/"},"author":{"name":"danilo","@id":"https:\/\/www.oarcanjo.net\/site\/#\/schema\/person\/5eb9480bedd2f3c97e430ce128c29c6c"},"headline":"S\u00e3o Severiano","datePublished":"2019-02-21T03:01:14+00:00","dateModified":"2019-02-18T16:29:11+00:00","mainEntityOfPage":{"@id":"https:\/\/www.oarcanjo.net\/site\/sao-severiano\/"},"wordCount":177,"commentCount":0,"publisher":{"@id":"https:\/\/www.oarcanjo.net\/site\/#organization"},"image":{"@id":"https:\/\/www.oarcanjo.net\/site\/sao-severiano\/#primaryimage"},"thumbnailUrl":"http:\/\/lh5.ggpht.com\/_jTpss3bYcl4\/Sbc6Zfb402I\/AAAAAAAAT8w\/_AdRzBcIKM8\/21%20DE%20FEVEREIRO%20DIA%20DE%20S%C3%83O%20SEVERIANO.jpg","articleSection":["Testemunhos"],"inLanguage":"pt-BR","potentialAction":[{"@type":"CommentAction","name":"Comment","target":["https:\/\/www.oarcanjo.net\/site\/sao-severiano\/#respond"]}]},{"@type":"WebPage","@id":"https:\/\/www.oarcanjo.net\/site\/sao-severiano\/","url":"https:\/\/www.oarcanjo.net\/site\/sao-severiano\/","name":"S\u00e3o Severiano - O Arcanjo no ar","isPartOf":{"@id":"https:\/\/www.oarcanjo.net\/site\/#website"},"primaryImageOfPage":{"@id":"https:\/\/www.oarcanjo.net\/site\/sao-severiano\/#primaryimage"},"image":{"@id":"https:\/\/www.oarcanjo.net\/site\/sao-severiano\/#primaryimage"},"thumbnailUrl":"http:\/\/lh5.ggpht.com\/_jTpss3bYcl4\/Sbc6Zfb402I\/AAAAAAAAT8w\/_AdRzBcIKM8\/21%20DE%20FEVEREIRO%20DIA%20DE%20S%C3%83O%20SEVERIANO.jpg","datePublished":"2019-02-21T03:01:14+00:00","dateModified":"2019-02-18T16:29:11+00:00","breadcrumb":{"@id":"https:\/\/www.oarcanjo.net\/site\/sao-severiano\/#breadcrumb"},"inLanguage":"pt-BR","potentialAction":[{"@type":"ReadAction","target":["https:\/\/www.oarcanjo.net\/site\/sao-severiano\/"]}]},{"@type":"ImageObject","inLanguage":"pt-BR","@id":"https:\/\/www.oarcanjo.net\/site\/sao-severiano\/#primaryimage","url":"http:\/\/lh5.ggpht.com\/_jTpss3bYcl4\/Sbc6Zfb402I\/AAAAAAAAT8w\/_AdRzBcIKM8\/21%20DE%20FEVEREIRO%20DIA%20DE%20S%C3%83O%20SEVERIANO.jpg","contentUrl":"http:\/\/lh5.ggpht.com\/_jTpss3bYcl4\/Sbc6Zfb402I\/AAAAAAAAT8w\/_AdRzBcIKM8\/21%20DE%20FEVEREIRO%20DIA%20DE%20S%C3%83O%20SEVERIANO.jpg"},{"@type":"BreadcrumbList","@id":"https:\/\/www.oarcanjo.net\/site\/sao-severiano\/#breadcrumb","itemListElement":[{"@type":"ListItem","position":1,"name":"In\u00edcio","item":"https:\/\/www.oarcanjo.net\/site\/"},{"@type":"ListItem","position":2,"name":"S\u00e3o Severiano"}]},{"@type":"WebSite","@id":"https:\/\/www.oarcanjo.net\/site\/#website","url":"https:\/\/www.oarcanjo.net\/site\/","name":"O Arcanjo no ar","description":"Site da Par\u00f3quia S\u00e3o Miguel Arcanjo (Arquidiocese de SP)","publisher":{"@id":"https:\/\/www.oarcanjo.net\/site\/#organization"},"potentialAction":[{"@type":"SearchAction","target":{"@type":"EntryPoint","urlTemplate":"https:\/\/www.oarcanjo.net\/site\/?s={search_term_string}"},"query-input":{"@type":"PropertyValueSpecification","valueRequired":true,"valueName":"search_term_string"}}],"inLanguage":"pt-BR"},{"@type":"Organization","@id":"https:\/\/www.oarcanjo.net\/site\/#organization","name":"Par\u00f3quia S\u00e3o Miguel Arcanjo","url":"https:\/\/www.oarcanjo.net\/site\/","logo":{"@type":"ImageObject","inLanguage":"pt-BR","@id":"https:\/\/www.oarcanjo.net\/site\/#\/schema\/logo\/image\/","url":"https:\/\/www.oarcanjo.net\/site\/wp-content\/uploads\/LogoOArcanjo.png","contentUrl":"https:\/\/www.oarcanjo.net\/site\/wp-content\/uploads\/LogoOArcanjo.png","width":319,"height":99,"caption":"Par\u00f3quia S\u00e3o Miguel Arcanjo"},"image":{"@id":"https:\/\/www.oarcanjo.net\/site\/#\/schema\/logo\/image\/"},"sameAs":["https:\/\/www.facebook.com\/OArcanjoNoAr\/"]},{"@type":"Person","@id":"https:\/\/www.oarcanjo.net\/site\/#\/schema\/person\/5eb9480bedd2f3c97e430ce128c29c6c","name":"danilo"}]}},"publishpress_future_action":{"enabled":false,"date":"2026-05-08 01:18:40","action":"category","newStatus":"draft","terms":[],"taxonomy":"category"},"publishpress_future_workflow_manual_trigger":{"enabledWorkflows":[]},"_links":{"self":[{"href":"https:\/\/www.oarcanjo.net\/site\/wp-json\/wp\/v2\/posts\/7954"}],"collection":[{"href":"https:\/\/www.oarcanjo.net\/site\/wp-json\/wp\/v2\/posts"}],"about":[{"href":"https:\/\/www.oarcanjo.net\/site\/wp-json\/wp\/v2\/types\/post"}],"author":[{"embeddable":true,"href":"https:\/\/www.oarcanjo.net\/site\/wp-json\/wp\/v2\/users\/14"}],"replies":[{"embeddable":true,"href":"https:\/\/www.oarcanjo.net\/site\/wp-json\/wp\/v2\/comments?post=7954"}],"version-history":[{"count":1,"href":"https:\/\/www.oarcanjo.net\/site\/wp-json\/wp\/v2\/posts\/7954\/revisions"}],"predecessor-version":[{"id":92861,"href":"https:\/\/www.oarcanjo.net\/site\/wp-json\/wp\/v2\/posts\/7954\/revisions\/92861"}],"wp:attachment":[{"href":"https:\/\/www.oarcanjo.net\/site\/wp-json\/wp\/v2\/media?parent=7954"}],"wp:term":[{"taxonomy":"category","embeddable":true,"href":"https:\/\/www.oarcanjo.net\/site\/wp-json\/wp\/v2\/categories?post=7954"},{"taxonomy":"post_tag","embeddable":true,"href":"https:\/\/www.oarcanjo.net\/site\/wp-json\/wp\/v2\/tags?post=7954"}],"curies":[{"name":"wp","href":"https:\/\/api.w.org\/{rel}","templated":true}]}}