
{"id":7960,"date":"2019-02-22T00:12:24","date_gmt":"2019-02-22T03:12:24","guid":{"rendered":"http:\/\/www.oarcanjo.net\/site\/?p=7960"},"modified":"2019-02-18T13:29:22","modified_gmt":"2019-02-18T16:29:22","slug":"catedra-de-sao-pedro","status":"publish","type":"post","link":"https:\/\/www.oarcanjo.net\/site\/catedra-de-sao-pedro\/","title":{"rendered":"C\u00e1tedra de S\u00e3o Pedro"},"content":{"rendered":"<p><img decoding=\"async\" src=\"http:\/\/coracaofiel.com.br\/blog\/wp-content\/uploads\/2008\/02\/br-cathedra.jpg\" alt=\"\" \/><\/p>\n<p>22 de Fevereiro<\/p>\n<p>\u00a0C\u00e1tedra de S\u00e3o Pedro era comemorada em duas datas, que marcaram as mais importantes etapas da miss\u00e3o deixada ao ap\u00f3stolo pelo pr\u00f3prio Jesus. A primeira, em 18 de janeiro se comemorava a sua posse em Roma, a segunda, em 22 de fevereiro, marca o aparecimento do Cristianismo na Antioquia, onde Pedro foi o primeiro bispo.<\/p>\n<p>Por se tratar de uma das mais expressivas datas da Igreja o martirol\u00f3gio decidiu unificar os dois dias e festejar apenas o dia 22 de fevereiro, que \u00e9 a mesma data do livro &#8220;Dispositio Martyrum&#8221;, \u00fanico motivo da escolha para a celebra\u00e7\u00e3o.<\/p>\n<p>C\u00e1tedra significa s\u00edmbolo da autoridade e do magist\u00e9rio do bispo. \u00c9 da\u00ed que se origina a palavra catedral, a igreja-m\u00e3e da diocese. Estabeleceu-se ent\u00e3o, a C\u00e1tedra de S\u00e3o Pedro para marcar sua autoridade sobre toda a Igreja, inclusive sobre os outros ap\u00f3stolos.<\/p>\n<p>Sem d\u00favida alguma foi o mais importante dos escolhidos por Jesus Cristo. Recebendo a incumb\u00eancia de se tornar a pedra sobre a qual seria edificada Sua Igreja, Pedro assumiu seu lugar de l\u00edder, atendendo a vontade expl\u00edcita de Jesus, que lhe assinalou a tarefa de &#8220;pascere&#8221; em grego, isto \u00e9 guiar o novo povo de Deus, a Igreja.<\/p>\n<p>Veremos de fato que Pedro desempenhando, depois da Ascens\u00e3o, o papel de guia. Presidiu a elei\u00e7\u00e3o de Matias e foi o orador do dia de Pentecostes. Mais tarde enfrentou a persegui\u00e7\u00e3o de Herodes Agripa, que pretendia mat\u00e1-lo para aplicar um duro golpe no cristianismo. Implantou as fortes ra\u00edzes do catolicismo em Antioquia, e ent\u00e3o partiu para Roma, onde reinava o imperador Cl\u00e1udio.<\/p>\n<p>A Igreja ganhou grande for\u00e7a com a sua determina\u00e7\u00e3o. Alguns fatos hist\u00f3ricos podem ser comprovados atrav\u00e9s da ep\u00edstola de S\u00e3o Paulo aos Romanos, do ano 57. Nela, este ap\u00f3stolo descreve o crescimento da f\u00e9 crist\u00e3, em todos os territ\u00f3rios dos dom\u00ednios deste Imp\u00e9rio, como obra de Pedro.<\/p>\n<p>Mas foi na capital, Roma, que Pedro deu impulso gigantesco \u00e0 expans\u00e3o do Evangelho, at\u00e9 o seu mart\u00edrio e a morte, que aconteceram na cidade-sede de toda a Igreja. Conforme constata\u00e7\u00e3o extra\u00edda dos registros das tradi\u00e7\u00f5es narradas na \u00e9poca e aceita por unanimidade pelos estudiosos, inclusive os n\u00e3o crist\u00e3os. Posteriormente atestadas, de modo hist\u00f3rico irrefut\u00e1vel, pelas escava\u00e7\u00f5es feitas em 1939, por ordem do Papa Pio XII, nas Grutas Vaticanas, embaixo da Bas\u00edlica de S\u00e3o Pedro, e cujos resultados foram acolhidos favoravelmente tamb\u00e9m pelos estudiosos n\u00e3o cat\u00f3licos.<\/p>\n<p><img decoding=\"async\" src=\"http:\/\/3.bp.blogspot.com\/_wya_Y27oLsA\/SV6Xtua0PnI\/AAAAAAAAMa4\/nJx_N9Imnvc\/s400\/80.S.Pedro1.jpg\" alt=\"\" \/><\/p>\n<div id=\"themify_builder_content-7960\" data-postid=\"7960\" class=\"themify_builder_content themify_builder_content-7960 themify_builder themify_builder_front\">\n\t<\/div>\n<!-- \/themify_builder_content -->","protected":false},"excerpt":{"rendered":"<p>22 de Fevereiro \u00a0C\u00e1tedra de S\u00e3o Pedro era comemorada em duas datas, que marcaram as mais importantes etapas da miss\u00e3o deixada ao ap\u00f3stolo pelo pr\u00f3prio Jesus. A primeira, em 18 de janeiro se comemorava a sua posse em Roma, a segunda, em 22 de fevereiro, marca o aparecimento do Cristianismo na Antioquia, onde Pedro foi [&hellip;]<\/p>\n","protected":false},"author":14,"featured_media":0,"comment_status":"open","ping_status":"open","sticky":false,"template":"","format":"standard","meta":{"ngg_post_thumbnail":0,"footnotes":""},"categories":[186],"tags":[],"yoast_head":"<!-- This site is optimized with the Yoast SEO plugin v23.5 - https:\/\/yoast.com\/wordpress\/plugins\/seo\/ -->\n<title>C\u00e1tedra de S\u00e3o Pedro - O Arcanjo no ar<\/title>\n<meta name=\"robots\" content=\"index, follow, max-snippet:-1, max-image-preview:large, max-video-preview:-1\" \/>\n<link rel=\"canonical\" href=\"https:\/\/www.oarcanjo.net\/site\/catedra-de-sao-pedro\/\" \/>\n<meta property=\"og:locale\" content=\"pt_BR\" \/>\n<meta property=\"og:type\" content=\"article\" \/>\n<meta property=\"og:title\" content=\"C\u00e1tedra de S\u00e3o Pedro - O Arcanjo no ar\" \/>\n<meta property=\"og:description\" content=\"22 de Fevereiro \u00a0C\u00e1tedra de S\u00e3o Pedro era comemorada em duas datas, que marcaram as mais importantes etapas da miss\u00e3o deixada ao ap\u00f3stolo pelo pr\u00f3prio Jesus. A primeira, em 18 de janeiro se comemorava a sua posse em Roma, a segunda, em 22 de fevereiro, marca o aparecimento do Cristianismo na Antioquia, onde Pedro foi [&hellip;]\" \/>\n<meta property=\"og:url\" content=\"https:\/\/www.oarcanjo.net\/site\/catedra-de-sao-pedro\/\" \/>\n<meta property=\"og:site_name\" content=\"O Arcanjo no ar\" \/>\n<meta property=\"article:publisher\" content=\"https:\/\/www.facebook.com\/OArcanjoNoAr\/\" \/>\n<meta property=\"article:published_time\" content=\"2019-02-22T03:12:24+00:00\" \/>\n<meta property=\"article:modified_time\" content=\"2019-02-18T16:29:22+00:00\" \/>\n<meta property=\"og:image\" content=\"http:\/\/coracaofiel.com.br\/blog\/wp-content\/uploads\/2008\/02\/br-cathedra.jpg\" \/>\n<meta name=\"author\" content=\"danilo\" \/>\n<meta name=\"twitter:card\" content=\"summary_large_image\" \/>\n<meta name=\"twitter:label1\" content=\"Escrito por\" \/>\n\t<meta name=\"twitter:data1\" content=\"danilo\" \/>\n\t<meta name=\"twitter:label2\" content=\"Est. tempo de leitura\" \/>\n\t<meta name=\"twitter:data2\" content=\"2 minutos\" \/>\n<script type=\"application\/ld+json\" class=\"yoast-schema-graph\">{\"@context\":\"https:\/\/schema.org\",\"@graph\":[{\"@type\":\"Article\",\"@id\":\"https:\/\/www.oarcanjo.net\/site\/catedra-de-sao-pedro\/#article\",\"isPartOf\":{\"@id\":\"https:\/\/www.oarcanjo.net\/site\/catedra-de-sao-pedro\/\"},\"author\":{\"name\":\"danilo\",\"@id\":\"https:\/\/www.oarcanjo.net\/site\/#\/schema\/person\/5eb9480bedd2f3c97e430ce128c29c6c\"},\"headline\":\"C\u00e1tedra de S\u00e3o Pedro\",\"datePublished\":\"2019-02-22T03:12:24+00:00\",\"dateModified\":\"2019-02-18T16:29:22+00:00\",\"mainEntityOfPage\":{\"@id\":\"https:\/\/www.oarcanjo.net\/site\/catedra-de-sao-pedro\/\"},\"wordCount\":442,\"commentCount\":0,\"publisher\":{\"@id\":\"https:\/\/www.oarcanjo.net\/site\/#organization\"},\"image\":{\"@id\":\"https:\/\/www.oarcanjo.net\/site\/catedra-de-sao-pedro\/#primaryimage\"},\"thumbnailUrl\":\"http:\/\/coracaofiel.com.br\/blog\/wp-content\/uploads\/2008\/02\/br-cathedra.jpg\",\"articleSection\":[\"Testemunhos\"],\"inLanguage\":\"pt-BR\",\"potentialAction\":[{\"@type\":\"CommentAction\",\"name\":\"Comment\",\"target\":[\"https:\/\/www.oarcanjo.net\/site\/catedra-de-sao-pedro\/#respond\"]}]},{\"@type\":\"WebPage\",\"@id\":\"https:\/\/www.oarcanjo.net\/site\/catedra-de-sao-pedro\/\",\"url\":\"https:\/\/www.oarcanjo.net\/site\/catedra-de-sao-pedro\/\",\"name\":\"C\u00e1tedra de S\u00e3o Pedro - O Arcanjo no ar\",\"isPartOf\":{\"@id\":\"https:\/\/www.oarcanjo.net\/site\/#website\"},\"primaryImageOfPage\":{\"@id\":\"https:\/\/www.oarcanjo.net\/site\/catedra-de-sao-pedro\/#primaryimage\"},\"image\":{\"@id\":\"https:\/\/www.oarcanjo.net\/site\/catedra-de-sao-pedro\/#primaryimage\"},\"thumbnailUrl\":\"http:\/\/coracaofiel.com.br\/blog\/wp-content\/uploads\/2008\/02\/br-cathedra.jpg\",\"datePublished\":\"2019-02-22T03:12:24+00:00\",\"dateModified\":\"2019-02-18T16:29:22+00:00\",\"breadcrumb\":{\"@id\":\"https:\/\/www.oarcanjo.net\/site\/catedra-de-sao-pedro\/#breadcrumb\"},\"inLanguage\":\"pt-BR\",\"potentialAction\":[{\"@type\":\"ReadAction\",\"target\":[\"https:\/\/www.oarcanjo.net\/site\/catedra-de-sao-pedro\/\"]}]},{\"@type\":\"ImageObject\",\"inLanguage\":\"pt-BR\",\"@id\":\"https:\/\/www.oarcanjo.net\/site\/catedra-de-sao-pedro\/#primaryimage\",\"url\":\"http:\/\/coracaofiel.com.br\/blog\/wp-content\/uploads\/2008\/02\/br-cathedra.jpg\",\"contentUrl\":\"http:\/\/coracaofiel.com.br\/blog\/wp-content\/uploads\/2008\/02\/br-cathedra.jpg\"},{\"@type\":\"BreadcrumbList\",\"@id\":\"https:\/\/www.oarcanjo.net\/site\/catedra-de-sao-pedro\/#breadcrumb\",\"itemListElement\":[{\"@type\":\"ListItem\",\"position\":1,\"name\":\"In\u00edcio\",\"item\":\"https:\/\/www.oarcanjo.net\/site\/\"},{\"@type\":\"ListItem\",\"position\":2,\"name\":\"C\u00e1tedra de S\u00e3o Pedro\"}]},{\"@type\":\"WebSite\",\"@id\":\"https:\/\/www.oarcanjo.net\/site\/#website\",\"url\":\"https:\/\/www.oarcanjo.net\/site\/\",\"name\":\"O Arcanjo no ar\",\"description\":\"Site da Par\u00f3quia S\u00e3o Miguel Arcanjo (Arquidiocese de SP)\",\"publisher\":{\"@id\":\"https:\/\/www.oarcanjo.net\/site\/#organization\"},\"potentialAction\":[{\"@type\":\"SearchAction\",\"target\":{\"@type\":\"EntryPoint\",\"urlTemplate\":\"https:\/\/www.oarcanjo.net\/site\/?s={search_term_string}\"},\"query-input\":{\"@type\":\"PropertyValueSpecification\",\"valueRequired\":true,\"valueName\":\"search_term_string\"}}],\"inLanguage\":\"pt-BR\"},{\"@type\":\"Organization\",\"@id\":\"https:\/\/www.oarcanjo.net\/site\/#organization\",\"name\":\"Par\u00f3quia S\u00e3o Miguel Arcanjo\",\"url\":\"https:\/\/www.oarcanjo.net\/site\/\",\"logo\":{\"@type\":\"ImageObject\",\"inLanguage\":\"pt-BR\",\"@id\":\"https:\/\/www.oarcanjo.net\/site\/#\/schema\/logo\/image\/\",\"url\":\"https:\/\/www.oarcanjo.net\/site\/wp-content\/uploads\/LogoOArcanjo.png\",\"contentUrl\":\"https:\/\/www.oarcanjo.net\/site\/wp-content\/uploads\/LogoOArcanjo.png\",\"width\":319,\"height\":99,\"caption\":\"Par\u00f3quia S\u00e3o Miguel Arcanjo\"},\"image\":{\"@id\":\"https:\/\/www.oarcanjo.net\/site\/#\/schema\/logo\/image\/\"},\"sameAs\":[\"https:\/\/www.facebook.com\/OArcanjoNoAr\/\"]},{\"@type\":\"Person\",\"@id\":\"https:\/\/www.oarcanjo.net\/site\/#\/schema\/person\/5eb9480bedd2f3c97e430ce128c29c6c\",\"name\":\"danilo\"}]}<\/script>\n<!-- \/ Yoast SEO plugin. -->","yoast_head_json":{"title":"C\u00e1tedra de S\u00e3o Pedro - O Arcanjo no ar","robots":{"index":"index","follow":"follow","max-snippet":"max-snippet:-1","max-image-preview":"max-image-preview:large","max-video-preview":"max-video-preview:-1"},"canonical":"https:\/\/www.oarcanjo.net\/site\/catedra-de-sao-pedro\/","og_locale":"pt_BR","og_type":"article","og_title":"C\u00e1tedra de S\u00e3o Pedro - O Arcanjo no ar","og_description":"22 de Fevereiro \u00a0C\u00e1tedra de S\u00e3o Pedro era comemorada em duas datas, que marcaram as mais importantes etapas da miss\u00e3o deixada ao ap\u00f3stolo pelo pr\u00f3prio Jesus. A primeira, em 18 de janeiro se comemorava a sua posse em Roma, a segunda, em 22 de fevereiro, marca o aparecimento do Cristianismo na Antioquia, onde Pedro foi [&hellip;]","og_url":"https:\/\/www.oarcanjo.net\/site\/catedra-de-sao-pedro\/","og_site_name":"O Arcanjo no ar","article_publisher":"https:\/\/www.facebook.com\/OArcanjoNoAr\/","article_published_time":"2019-02-22T03:12:24+00:00","article_modified_time":"2019-02-18T16:29:22+00:00","og_image":[{"url":"http:\/\/coracaofiel.com.br\/blog\/wp-content\/uploads\/2008\/02\/br-cathedra.jpg"}],"author":"danilo","twitter_card":"summary_large_image","twitter_misc":{"Escrito por":"danilo","Est. tempo de leitura":"2 minutos"},"schema":{"@context":"https:\/\/schema.org","@graph":[{"@type":"Article","@id":"https:\/\/www.oarcanjo.net\/site\/catedra-de-sao-pedro\/#article","isPartOf":{"@id":"https:\/\/www.oarcanjo.net\/site\/catedra-de-sao-pedro\/"},"author":{"name":"danilo","@id":"https:\/\/www.oarcanjo.net\/site\/#\/schema\/person\/5eb9480bedd2f3c97e430ce128c29c6c"},"headline":"C\u00e1tedra de S\u00e3o Pedro","datePublished":"2019-02-22T03:12:24+00:00","dateModified":"2019-02-18T16:29:22+00:00","mainEntityOfPage":{"@id":"https:\/\/www.oarcanjo.net\/site\/catedra-de-sao-pedro\/"},"wordCount":442,"commentCount":0,"publisher":{"@id":"https:\/\/www.oarcanjo.net\/site\/#organization"},"image":{"@id":"https:\/\/www.oarcanjo.net\/site\/catedra-de-sao-pedro\/#primaryimage"},"thumbnailUrl":"http:\/\/coracaofiel.com.br\/blog\/wp-content\/uploads\/2008\/02\/br-cathedra.jpg","articleSection":["Testemunhos"],"inLanguage":"pt-BR","potentialAction":[{"@type":"CommentAction","name":"Comment","target":["https:\/\/www.oarcanjo.net\/site\/catedra-de-sao-pedro\/#respond"]}]},{"@type":"WebPage","@id":"https:\/\/www.oarcanjo.net\/site\/catedra-de-sao-pedro\/","url":"https:\/\/www.oarcanjo.net\/site\/catedra-de-sao-pedro\/","name":"C\u00e1tedra de S\u00e3o Pedro - O Arcanjo no ar","isPartOf":{"@id":"https:\/\/www.oarcanjo.net\/site\/#website"},"primaryImageOfPage":{"@id":"https:\/\/www.oarcanjo.net\/site\/catedra-de-sao-pedro\/#primaryimage"},"image":{"@id":"https:\/\/www.oarcanjo.net\/site\/catedra-de-sao-pedro\/#primaryimage"},"thumbnailUrl":"http:\/\/coracaofiel.com.br\/blog\/wp-content\/uploads\/2008\/02\/br-cathedra.jpg","datePublished":"2019-02-22T03:12:24+00:00","dateModified":"2019-02-18T16:29:22+00:00","breadcrumb":{"@id":"https:\/\/www.oarcanjo.net\/site\/catedra-de-sao-pedro\/#breadcrumb"},"inLanguage":"pt-BR","potentialAction":[{"@type":"ReadAction","target":["https:\/\/www.oarcanjo.net\/site\/catedra-de-sao-pedro\/"]}]},{"@type":"ImageObject","inLanguage":"pt-BR","@id":"https:\/\/www.oarcanjo.net\/site\/catedra-de-sao-pedro\/#primaryimage","url":"http:\/\/coracaofiel.com.br\/blog\/wp-content\/uploads\/2008\/02\/br-cathedra.jpg","contentUrl":"http:\/\/coracaofiel.com.br\/blog\/wp-content\/uploads\/2008\/02\/br-cathedra.jpg"},{"@type":"BreadcrumbList","@id":"https:\/\/www.oarcanjo.net\/site\/catedra-de-sao-pedro\/#breadcrumb","itemListElement":[{"@type":"ListItem","position":1,"name":"In\u00edcio","item":"https:\/\/www.oarcanjo.net\/site\/"},{"@type":"ListItem","position":2,"name":"C\u00e1tedra de S\u00e3o Pedro"}]},{"@type":"WebSite","@id":"https:\/\/www.oarcanjo.net\/site\/#website","url":"https:\/\/www.oarcanjo.net\/site\/","name":"O Arcanjo no ar","description":"Site da Par\u00f3quia S\u00e3o Miguel Arcanjo (Arquidiocese de SP)","publisher":{"@id":"https:\/\/www.oarcanjo.net\/site\/#organization"},"potentialAction":[{"@type":"SearchAction","target":{"@type":"EntryPoint","urlTemplate":"https:\/\/www.oarcanjo.net\/site\/?s={search_term_string}"},"query-input":{"@type":"PropertyValueSpecification","valueRequired":true,"valueName":"search_term_string"}}],"inLanguage":"pt-BR"},{"@type":"Organization","@id":"https:\/\/www.oarcanjo.net\/site\/#organization","name":"Par\u00f3quia S\u00e3o Miguel Arcanjo","url":"https:\/\/www.oarcanjo.net\/site\/","logo":{"@type":"ImageObject","inLanguage":"pt-BR","@id":"https:\/\/www.oarcanjo.net\/site\/#\/schema\/logo\/image\/","url":"https:\/\/www.oarcanjo.net\/site\/wp-content\/uploads\/LogoOArcanjo.png","contentUrl":"https:\/\/www.oarcanjo.net\/site\/wp-content\/uploads\/LogoOArcanjo.png","width":319,"height":99,"caption":"Par\u00f3quia S\u00e3o Miguel Arcanjo"},"image":{"@id":"https:\/\/www.oarcanjo.net\/site\/#\/schema\/logo\/image\/"},"sameAs":["https:\/\/www.facebook.com\/OArcanjoNoAr\/"]},{"@type":"Person","@id":"https:\/\/www.oarcanjo.net\/site\/#\/schema\/person\/5eb9480bedd2f3c97e430ce128c29c6c","name":"danilo"}]}},"publishpress_future_action":{"enabled":false,"date":"2026-05-08 01:18:19","action":"category","newStatus":"draft","terms":[],"taxonomy":"category"},"publishpress_future_workflow_manual_trigger":{"enabledWorkflows":[]},"_links":{"self":[{"href":"https:\/\/www.oarcanjo.net\/site\/wp-json\/wp\/v2\/posts\/7960"}],"collection":[{"href":"https:\/\/www.oarcanjo.net\/site\/wp-json\/wp\/v2\/posts"}],"about":[{"href":"https:\/\/www.oarcanjo.net\/site\/wp-json\/wp\/v2\/types\/post"}],"author":[{"embeddable":true,"href":"https:\/\/www.oarcanjo.net\/site\/wp-json\/wp\/v2\/users\/14"}],"replies":[{"embeddable":true,"href":"https:\/\/www.oarcanjo.net\/site\/wp-json\/wp\/v2\/comments?post=7960"}],"version-history":[{"count":1,"href":"https:\/\/www.oarcanjo.net\/site\/wp-json\/wp\/v2\/posts\/7960\/revisions"}],"predecessor-version":[{"id":92863,"href":"https:\/\/www.oarcanjo.net\/site\/wp-json\/wp\/v2\/posts\/7960\/revisions\/92863"}],"wp:attachment":[{"href":"https:\/\/www.oarcanjo.net\/site\/wp-json\/wp\/v2\/media?parent=7960"}],"wp:term":[{"taxonomy":"category","embeddable":true,"href":"https:\/\/www.oarcanjo.net\/site\/wp-json\/wp\/v2\/categories?post=7960"},{"taxonomy":"post_tag","embeddable":true,"href":"https:\/\/www.oarcanjo.net\/site\/wp-json\/wp\/v2\/tags?post=7960"}],"curies":[{"name":"wp","href":"https:\/\/api.w.org\/{rel}","templated":true}]}}