
{"id":79630,"date":"2017-02-19T23:39:39","date_gmt":"2017-02-20T02:39:39","guid":{"rendered":"http:\/\/www.oarcanjo.net\/site\/?p=79630"},"modified":"2017-02-26T13:56:47","modified_gmt":"2017-02-26T16:56:47","slug":"batizados-de-fevereiro-de-2017","status":"publish","type":"post","link":"https:\/\/www.oarcanjo.net\/site\/batizados-de-fevereiro-de-2017\/","title":{"rendered":"Batizados de fevereiro de 2017"},"content":{"rendered":"<p>No domingo, 19\/02\/17 na capela da Universidade S\u00e3o Judas Tadeu, mais 14 crian\u00e7as foram batizadas na Comunidade S\u00e3o Miguel Arcanjo. O batizado come\u00e7a \u00e0s 9h30, seguindo depois a celebra\u00e7\u00e3o eucar\u00edstica.<\/p>\n<p>Receberam o sacramento do batismo a Ana Luiza Polotto de Felice, Beatriz Milozi Quaglio, Bernardo de Souza Scarazatto, Davi Pimentel Alves, Gael Barbosa Anchieta Rodrigues Matos, Guilherme Albino Delgado, Guilherme Gentil Reche, Izabela Casartelli Neto, Julia Diniz de Souza, Julia Martins Gomes, Laura Sangermano Rodrigues, Lavinia da N\u00f3brega Fontana, Levi Barbosa Anchieta Lameirinha Alves e Miguel Soeiro Perico.<\/p>\n<p>A batizanda Ana Luiza viu a legitima\u00e7\u00e3o do casamento dos seus papais Ana Carolina e Andr\u00e9 de Felice. Tivemos bodas de prata do casal muito feliz. Tamb\u00e9m a celebra\u00e7\u00e3o dos 8 anos de casamento da Isis e do Nat\u00e9rcio.<\/p>\n<p>No Evangelho deste domingo: (Mt 5,38-48) \u201cNaquele tempo, disse Jesus a seus disc\u00edpulos: 38\u201dV\u00f3s ouvistes o que foi dito: \u2018Olho por olho e dente por dente!\u2019 39Eu, por\u00e9m, vos digo: N\u00e3o enfrenteis quem \u00e9 malvado! Pelo contr\u00e1rio, se algu\u00e9m te d\u00e1 um tapa na face direita, oferece-lhe tamb\u00e9m \u00e0 esquerda! 40Se algu\u00e9m quiser abrir um processo para tomar a tua t\u00fanica, d\u00e1-lhe tamb\u00e9m o manto! 41Se algu\u00e9m te for\u00e7ar a andar um quil\u00f4metro, caminha dois com ele! 42D\u00e1 a quem te pedir e n\u00e3o vires as costas a quem te pede emprestado. 43V\u00f3s ouvistes o que foi dito: \u2018Amar\u00e1s o teu pr\u00f3ximo e odiar\u00e1s o teu inimigo!\u2019 44Eu, por\u00e9m, vos digo: Amai os vossos inimigos e rezai por aqueles que vos perseguem! 45Assim, vos tornareis filhos do vosso Pai que est\u00e1 nos c\u00e9us, porque ele faz nascer o sol sobre maus e bons, e faz cair a chuva sobre justos e injustos. 46Porque, se amais somente aqueles que vos amam, que recompensa tereis? Os cobradores de impostos n\u00e3o fazem a mesma coisa? 47E se saudais somente os vossos irm\u00e3os, o que fazeis de extraordin\u00e1rio? Os pag\u00e3os n\u00e3o fazem a mesma coisa? 48Portanto, sede perfeitos como o vosso Pai celeste \u00e9 perfeito\u201d.<\/p>\n<p>No final da celebra\u00e7\u00e3o, um presente em forma de musica. A Sonia cantou a can\u00e7\u00e3o Ora\u00e7\u00e3o pela Fam\u00edlia, do Pe Zezinho.<\/p>\n<p>Vejam as fotos ngg_shortcode_0_placeholder<\/p>\n<div id=\"themify_builder_content-79630\" data-postid=\"79630\" class=\"themify_builder_content themify_builder_content-79630 themify_builder themify_builder_front\">\n\t<\/div>\n<!-- \/themify_builder_content -->","protected":false},"excerpt":{"rendered":"<p>No domingo, 19\/02\/17 na capela da Universidade S\u00e3o Judas Tadeu, mais 14 crian\u00e7as foram batizadas na Comunidade S\u00e3o Miguel Arcanjo<\/p>\n","protected":false},"author":10,"featured_media":0,"comment_status":"open","ping_status":"open","sticky":false,"template":"","format":"standard","meta":{"ngg_post_thumbnail":0,"footnotes":""},"categories":[8,7],"tags":[],"yoast_head":"<!-- This site is optimized with the Yoast SEO plugin v23.5 - https:\/\/yoast.com\/wordpress\/plugins\/seo\/ -->\n<title>Batizados de fevereiro de 2017 - O Arcanjo no ar<\/title>\n<meta name=\"robots\" content=\"index, follow, max-snippet:-1, max-image-preview:large, max-video-preview:-1\" \/>\n<link rel=\"canonical\" href=\"https:\/\/www.oarcanjo.net\/site\/batizados-de-fevereiro-de-2017\/\" \/>\n<meta property=\"og:locale\" content=\"pt_BR\" \/>\n<meta property=\"og:type\" content=\"article\" \/>\n<meta property=\"og:title\" content=\"Batizados de fevereiro de 2017 - O Arcanjo no ar\" \/>\n<meta property=\"og:description\" content=\"No domingo, 19\/02\/17 na capela da Universidade S\u00e3o Judas Tadeu, mais 14 crian\u00e7as foram batizadas na Comunidade S\u00e3o Miguel Arcanjo\" \/>\n<meta property=\"og:url\" content=\"https:\/\/www.oarcanjo.net\/site\/batizados-de-fevereiro-de-2017\/\" \/>\n<meta property=\"og:site_name\" content=\"O Arcanjo no ar\" \/>\n<meta property=\"article:publisher\" content=\"https:\/\/www.facebook.com\/OArcanjoNoAr\/\" \/>\n<meta property=\"article:published_time\" content=\"2017-02-20T02:39:39+00:00\" \/>\n<meta property=\"article:modified_time\" content=\"2017-02-26T16:56:47+00:00\" \/>\n<meta property=\"og:image\" content=\"https:\/\/www.oarcanjo.net\/site\/wp-content\/uploads\/logo-o-arcanjo-no-ar-facebook.png\" \/>\n\t<meta property=\"og:image:width\" content=\"300\" \/>\n\t<meta property=\"og:image:height\" content=\"300\" \/>\n\t<meta property=\"og:image:type\" content=\"image\/png\" \/>\n<meta name=\"author\" content=\"carlos\" \/>\n<meta name=\"twitter:card\" content=\"summary_large_image\" \/>\n<meta name=\"twitter:label1\" content=\"Escrito por\" \/>\n\t<meta name=\"twitter:data1\" content=\"carlos\" \/>\n\t<meta name=\"twitter:label2\" content=\"Est. tempo de leitura\" \/>\n\t<meta name=\"twitter:data2\" content=\"2 minutos\" \/>\n<script type=\"application\/ld+json\" class=\"yoast-schema-graph\">{\"@context\":\"https:\/\/schema.org\",\"@graph\":[{\"@type\":\"Article\",\"@id\":\"https:\/\/www.oarcanjo.net\/site\/batizados-de-fevereiro-de-2017\/#article\",\"isPartOf\":{\"@id\":\"https:\/\/www.oarcanjo.net\/site\/batizados-de-fevereiro-de-2017\/\"},\"author\":{\"name\":\"carlos\",\"@id\":\"https:\/\/www.oarcanjo.net\/site\/#\/schema\/person\/f7870e710d8c8c30673de3a0ac2e451d\"},\"headline\":\"Batizados de fevereiro de 2017\",\"datePublished\":\"2017-02-20T02:39:39+00:00\",\"dateModified\":\"2017-02-26T16:56:47+00:00\",\"mainEntityOfPage\":{\"@id\":\"https:\/\/www.oarcanjo.net\/site\/batizados-de-fevereiro-de-2017\/\"},\"wordCount\":393,\"commentCount\":1,\"publisher\":{\"@id\":\"https:\/\/www.oarcanjo.net\/site\/#organization\"},\"articleSection\":[\"Not\u00edcias\",\"Rosto da comunidade\"],\"inLanguage\":\"pt-BR\",\"potentialAction\":[{\"@type\":\"CommentAction\",\"name\":\"Comment\",\"target\":[\"https:\/\/www.oarcanjo.net\/site\/batizados-de-fevereiro-de-2017\/#respond\"]}]},{\"@type\":\"WebPage\",\"@id\":\"https:\/\/www.oarcanjo.net\/site\/batizados-de-fevereiro-de-2017\/\",\"url\":\"https:\/\/www.oarcanjo.net\/site\/batizados-de-fevereiro-de-2017\/\",\"name\":\"Batizados de fevereiro de 2017 - O Arcanjo no ar\",\"isPartOf\":{\"@id\":\"https:\/\/www.oarcanjo.net\/site\/#website\"},\"datePublished\":\"2017-02-20T02:39:39+00:00\",\"dateModified\":\"2017-02-26T16:56:47+00:00\",\"breadcrumb\":{\"@id\":\"https:\/\/www.oarcanjo.net\/site\/batizados-de-fevereiro-de-2017\/#breadcrumb\"},\"inLanguage\":\"pt-BR\",\"potentialAction\":[{\"@type\":\"ReadAction\",\"target\":[\"https:\/\/www.oarcanjo.net\/site\/batizados-de-fevereiro-de-2017\/\"]}]},{\"@type\":\"BreadcrumbList\",\"@id\":\"https:\/\/www.oarcanjo.net\/site\/batizados-de-fevereiro-de-2017\/#breadcrumb\",\"itemListElement\":[{\"@type\":\"ListItem\",\"position\":1,\"name\":\"In\u00edcio\",\"item\":\"https:\/\/www.oarcanjo.net\/site\/\"},{\"@type\":\"ListItem\",\"position\":2,\"name\":\"Batizados de fevereiro de 2017\"}]},{\"@type\":\"WebSite\",\"@id\":\"https:\/\/www.oarcanjo.net\/site\/#website\",\"url\":\"https:\/\/www.oarcanjo.net\/site\/\",\"name\":\"O Arcanjo no ar\",\"description\":\"Site da Par\u00f3quia S\u00e3o Miguel Arcanjo (Arquidiocese de SP)\",\"publisher\":{\"@id\":\"https:\/\/www.oarcanjo.net\/site\/#organization\"},\"potentialAction\":[{\"@type\":\"SearchAction\",\"target\":{\"@type\":\"EntryPoint\",\"urlTemplate\":\"https:\/\/www.oarcanjo.net\/site\/?s={search_term_string}\"},\"query-input\":{\"@type\":\"PropertyValueSpecification\",\"valueRequired\":true,\"valueName\":\"search_term_string\"}}],\"inLanguage\":\"pt-BR\"},{\"@type\":\"Organization\",\"@id\":\"https:\/\/www.oarcanjo.net\/site\/#organization\",\"name\":\"Par\u00f3quia S\u00e3o Miguel Arcanjo\",\"url\":\"https:\/\/www.oarcanjo.net\/site\/\",\"logo\":{\"@type\":\"ImageObject\",\"inLanguage\":\"pt-BR\",\"@id\":\"https:\/\/www.oarcanjo.net\/site\/#\/schema\/logo\/image\/\",\"url\":\"https:\/\/www.oarcanjo.net\/site\/wp-content\/uploads\/LogoOArcanjo.png\",\"contentUrl\":\"https:\/\/www.oarcanjo.net\/site\/wp-content\/uploads\/LogoOArcanjo.png\",\"width\":319,\"height\":99,\"caption\":\"Par\u00f3quia S\u00e3o Miguel Arcanjo\"},\"image\":{\"@id\":\"https:\/\/www.oarcanjo.net\/site\/#\/schema\/logo\/image\/\"},\"sameAs\":[\"https:\/\/www.facebook.com\/OArcanjoNoAr\/\"]},{\"@type\":\"Person\",\"@id\":\"https:\/\/www.oarcanjo.net\/site\/#\/schema\/person\/f7870e710d8c8c30673de3a0ac2e451d\",\"name\":\"carlos\"}]}<\/script>\n<!-- \/ Yoast SEO plugin. -->","yoast_head_json":{"title":"Batizados de fevereiro de 2017 - O Arcanjo no ar","robots":{"index":"index","follow":"follow","max-snippet":"max-snippet:-1","max-image-preview":"max-image-preview:large","max-video-preview":"max-video-preview:-1"},"canonical":"https:\/\/www.oarcanjo.net\/site\/batizados-de-fevereiro-de-2017\/","og_locale":"pt_BR","og_type":"article","og_title":"Batizados de fevereiro de 2017 - O Arcanjo no ar","og_description":"No domingo, 19\/02\/17 na capela da Universidade S\u00e3o Judas Tadeu, mais 14 crian\u00e7as foram batizadas na Comunidade S\u00e3o Miguel Arcanjo","og_url":"https:\/\/www.oarcanjo.net\/site\/batizados-de-fevereiro-de-2017\/","og_site_name":"O Arcanjo no ar","article_publisher":"https:\/\/www.facebook.com\/OArcanjoNoAr\/","article_published_time":"2017-02-20T02:39:39+00:00","article_modified_time":"2017-02-26T16:56:47+00:00","og_image":[{"width":300,"height":300,"url":"https:\/\/www.oarcanjo.net\/site\/wp-content\/uploads\/logo-o-arcanjo-no-ar-facebook.png","type":"image\/png"}],"author":"carlos","twitter_card":"summary_large_image","twitter_misc":{"Escrito por":"carlos","Est. tempo de leitura":"2 minutos"},"schema":{"@context":"https:\/\/schema.org","@graph":[{"@type":"Article","@id":"https:\/\/www.oarcanjo.net\/site\/batizados-de-fevereiro-de-2017\/#article","isPartOf":{"@id":"https:\/\/www.oarcanjo.net\/site\/batizados-de-fevereiro-de-2017\/"},"author":{"name":"carlos","@id":"https:\/\/www.oarcanjo.net\/site\/#\/schema\/person\/f7870e710d8c8c30673de3a0ac2e451d"},"headline":"Batizados de fevereiro de 2017","datePublished":"2017-02-20T02:39:39+00:00","dateModified":"2017-02-26T16:56:47+00:00","mainEntityOfPage":{"@id":"https:\/\/www.oarcanjo.net\/site\/batizados-de-fevereiro-de-2017\/"},"wordCount":393,"commentCount":1,"publisher":{"@id":"https:\/\/www.oarcanjo.net\/site\/#organization"},"articleSection":["Not\u00edcias","Rosto da comunidade"],"inLanguage":"pt-BR","potentialAction":[{"@type":"CommentAction","name":"Comment","target":["https:\/\/www.oarcanjo.net\/site\/batizados-de-fevereiro-de-2017\/#respond"]}]},{"@type":"WebPage","@id":"https:\/\/www.oarcanjo.net\/site\/batizados-de-fevereiro-de-2017\/","url":"https:\/\/www.oarcanjo.net\/site\/batizados-de-fevereiro-de-2017\/","name":"Batizados de fevereiro de 2017 - O Arcanjo no ar","isPartOf":{"@id":"https:\/\/www.oarcanjo.net\/site\/#website"},"datePublished":"2017-02-20T02:39:39+00:00","dateModified":"2017-02-26T16:56:47+00:00","breadcrumb":{"@id":"https:\/\/www.oarcanjo.net\/site\/batizados-de-fevereiro-de-2017\/#breadcrumb"},"inLanguage":"pt-BR","potentialAction":[{"@type":"ReadAction","target":["https:\/\/www.oarcanjo.net\/site\/batizados-de-fevereiro-de-2017\/"]}]},{"@type":"BreadcrumbList","@id":"https:\/\/www.oarcanjo.net\/site\/batizados-de-fevereiro-de-2017\/#breadcrumb","itemListElement":[{"@type":"ListItem","position":1,"name":"In\u00edcio","item":"https:\/\/www.oarcanjo.net\/site\/"},{"@type":"ListItem","position":2,"name":"Batizados de fevereiro de 2017"}]},{"@type":"WebSite","@id":"https:\/\/www.oarcanjo.net\/site\/#website","url":"https:\/\/www.oarcanjo.net\/site\/","name":"O Arcanjo no ar","description":"Site da Par\u00f3quia S\u00e3o Miguel Arcanjo (Arquidiocese de SP)","publisher":{"@id":"https:\/\/www.oarcanjo.net\/site\/#organization"},"potentialAction":[{"@type":"SearchAction","target":{"@type":"EntryPoint","urlTemplate":"https:\/\/www.oarcanjo.net\/site\/?s={search_term_string}"},"query-input":{"@type":"PropertyValueSpecification","valueRequired":true,"valueName":"search_term_string"}}],"inLanguage":"pt-BR"},{"@type":"Organization","@id":"https:\/\/www.oarcanjo.net\/site\/#organization","name":"Par\u00f3quia S\u00e3o Miguel Arcanjo","url":"https:\/\/www.oarcanjo.net\/site\/","logo":{"@type":"ImageObject","inLanguage":"pt-BR","@id":"https:\/\/www.oarcanjo.net\/site\/#\/schema\/logo\/image\/","url":"https:\/\/www.oarcanjo.net\/site\/wp-content\/uploads\/LogoOArcanjo.png","contentUrl":"https:\/\/www.oarcanjo.net\/site\/wp-content\/uploads\/LogoOArcanjo.png","width":319,"height":99,"caption":"Par\u00f3quia S\u00e3o Miguel Arcanjo"},"image":{"@id":"https:\/\/www.oarcanjo.net\/site\/#\/schema\/logo\/image\/"},"sameAs":["https:\/\/www.facebook.com\/OArcanjoNoAr\/"]},{"@type":"Person","@id":"https:\/\/www.oarcanjo.net\/site\/#\/schema\/person\/f7870e710d8c8c30673de3a0ac2e451d","name":"carlos"}]}},"publishpress_future_action":{"enabled":false,"date":"2026-05-09 09:31:30","action":"category","newStatus":"draft","terms":[],"taxonomy":"category"},"publishpress_future_workflow_manual_trigger":{"enabledWorkflows":[]},"_links":{"self":[{"href":"https:\/\/www.oarcanjo.net\/site\/wp-json\/wp\/v2\/posts\/79630"}],"collection":[{"href":"https:\/\/www.oarcanjo.net\/site\/wp-json\/wp\/v2\/posts"}],"about":[{"href":"https:\/\/www.oarcanjo.net\/site\/wp-json\/wp\/v2\/types\/post"}],"author":[{"embeddable":true,"href":"https:\/\/www.oarcanjo.net\/site\/wp-json\/wp\/v2\/users\/10"}],"replies":[{"embeddable":true,"href":"https:\/\/www.oarcanjo.net\/site\/wp-json\/wp\/v2\/comments?post=79630"}],"version-history":[{"count":0,"href":"https:\/\/www.oarcanjo.net\/site\/wp-json\/wp\/v2\/posts\/79630\/revisions"}],"wp:attachment":[{"href":"https:\/\/www.oarcanjo.net\/site\/wp-json\/wp\/v2\/media?parent=79630"}],"wp:term":[{"taxonomy":"category","embeddable":true,"href":"https:\/\/www.oarcanjo.net\/site\/wp-json\/wp\/v2\/categories?post=79630"},{"taxonomy":"post_tag","embeddable":true,"href":"https:\/\/www.oarcanjo.net\/site\/wp-json\/wp\/v2\/tags?post=79630"}],"curies":[{"name":"wp","href":"https:\/\/api.w.org\/{rel}","templated":true}]}}