
{"id":79657,"date":"2017-03-01T11:47:34","date_gmt":"2017-03-01T14:47:34","guid":{"rendered":"http:\/\/www.oarcanjo.net\/site\/?p=79657"},"modified":"2017-03-01T11:59:48","modified_gmt":"2017-03-01T14:59:48","slug":"mensagem-do-papa-francisco-para-a-cf-2017","status":"publish","type":"post","link":"https:\/\/www.oarcanjo.net\/site\/mensagem-do-papa-francisco-para-a-cf-2017\/","title":{"rendered":"Mensagem do Papa Francisco para a CF 2017"},"content":{"rendered":"<p>Queridos irm\u00e3os e irm\u00e3s do Brasil!<\/p>\n<p>Desejo me unir a voc\u00eas na Campanha da Fraternidade que, neste ano de 2017, tem como tema \u201cFraternidade: biomas brasileiros e defesa da vida\u201d, lhes animando a ampliar a consci\u00eancia de que o desafio global, pelo qual toda a humanidade passa, exige o envolvimento de cada pessoa juntamente com a atua\u00e7\u00e3o de cada comunidade local, como ali\u00e1s enfatizei em diversos pontos na Enc\u00edclica Laudato Si\u2019, sobre o cuidado de nossa casa comum.<\/p>\n<p>O criador foi pr\u00f3digo com o Brasil. Concedeu-lhe uma diversidade de biomas que lhe confere extraordin\u00e1ria beleza. Mas, infelizmente, os sinais da agress\u00e3o \u00e0 cria\u00e7\u00e3o e da degrada\u00e7\u00e3o da natureza tamb\u00e9m est\u00e3o presentes. Entre voc\u00eas, a Igreja tem sido uma voz prof\u00e9tica no respeito e no cuidado com o meio ambiente e com os pobres. N\u00e3o apenas tem chamado a aten\u00e7\u00e3o para os desafios e problemas ecol\u00f3gicos, como tem apontado suas causas e, principalmente, tem apontado caminhos para a sua supera\u00e7\u00e3o. Entre tantas iniciativas e a\u00e7\u00f5es, me apraz recordar que j\u00e1 em 1979, a Campanha da Fraternidade que teve por tema \u201cPor um mundo mais humano\u201d assumiu o lema: \u201cPreserve o que \u00e9 de todos\u201d. Assim, j\u00e1 naquele ano a CNBB apresentava \u00e0 sociedade brasileira sua preocupa\u00e7\u00e3o com as quest\u00f5es ambientais e com o comportamento humano com rela\u00e7\u00e3o aos dons da cria\u00e7\u00e3o.<\/p>\n<p>O objetivo da Campanha da Fraternidade deste ano, inspirado na passagem do Livro do G\u00eanesis (cf. Gn 2,15), \u00e9 cuidar da cria\u00e7\u00e3o, de modo especial dos biomas brasileiros, dons de Deus, e promover rela\u00e7\u00f5es fraternas com a vida e a cultura dos povos, \u00e0 luz do Evangelho. Como \u201cn\u00e3o podemos deixar de considerar os efeitos da degrada\u00e7\u00e3o ambiental, do modelo atual de desenvolvimento e da cultura do descarte sobre a vida das pessoas\u201d (LS, 43), esta Campanha convida a contemplar, admirar, agradecer e respeitar a diversidade natural que se manifesta nos diversos biomas do Brasil \u2013 um verdadeiro dom de Deus &#8211; atrav\u00e9s da promo\u00e7\u00e3o de rela\u00e7\u00f5es respeitosas com a vida e a cultura dos povos que neles vivem. Este \u00e9, precisamente, um dos maiores desafios em todas as partes da terra, at\u00e9 porque as degrada\u00e7\u00f5es do ambiente s\u00e3o sempre acompanhadas pelas injusti\u00e7as sociais.<\/p>\n<p>Os povos origin\u00e1rios de cada bioma ou que tradicionalmente neles vivem nos oferecem um exemplo claro de como a conviv\u00eancia com a cria\u00e7\u00e3o pode ser respeitosa, portadora de plenitude e misericordiosa. Por isso, \u00e9 necess\u00e1rio conhecer e aprender com esses povos e suas rela\u00e7\u00f5es com a natureza. Assim, ser\u00e1 poss\u00edvel encontrar um modelo de sustentabilidade que possa ser uma alternativa ao af\u00e3 desenfreado pelo lucro que exaure os recursos naturais e agride a dignidade dos pobres.<\/p>\n<p>Todos os anos, a Campanha da Fraternidade acontece no tempo forte da Quaresma. Trata-se de um convite a viver com mais consci\u00eancia e determina\u00e7\u00e3o a espiritualidade pascal. A comunh\u00e3o na P\u00e1scoa de Jesus Cristo \u00e9 capaz de suscitar a convers\u00e3o permanente e integral, que \u00e9, ao mesmo tempo, pessoal, comunit\u00e1ria, social e ecol\u00f3gica. Reafirmo, assim, o que recordei por ocasi\u00e3o do Ano santo Extraordin\u00e1rio: a miseric\u00f3rdia exige \u201crestituir dignidade \u00e0queles que dela se viram privados\u201d (Misericordia vultus, 16). Uma pessoa de f\u00e9 que celebra na P\u00e1scoa a vit\u00f3ria da vida sobre a morte, ao tomar consci\u00eancia da situa\u00e7\u00e3o de agress\u00e3o \u00e0 cria\u00e7\u00e3o de Deus em cada um dos biomas brasileiros, n\u00e3o poder\u00e1 ficar indiferente.<\/p>\n<p>Desejo a todos uma fecunda caminhada quaresmal e pe\u00e7o a Deus que a Campanha da Fraternidade 2017 atinja seus objetivos. Invocando a companhia e a prote\u00e7\u00e3o de Nossa Senhora Aparecida sobre todo o povo brasileiro, particularmente neste Ano mariano, concedo uma especial B\u00ean\u00e7\u00e3o Apost\u00f3lica e pe\u00e7o que n\u00e3o deixem de rezar por mim.<\/p>\n<div id=\"themify_builder_content-79657\" data-postid=\"79657\" class=\"themify_builder_content themify_builder_content-79657 themify_builder themify_builder_front\">\n\t<\/div>\n<!-- \/themify_builder_content -->","protected":false},"excerpt":{"rendered":"<p>Leia a \u00edntegra da mensagem enviada pelo Papa Francisco por ocasi\u00e3o da abertura da Campanha da Fraternidade 2017<\/p>\n","protected":false},"author":5,"featured_media":79671,"comment_status":"open","ping_status":"open","sticky":false,"template":"","format":"standard","meta":{"ngg_post_thumbnail":0,"footnotes":""},"categories":[3258,241],"tags":[],"yoast_head":"<!-- This site is optimized with the Yoast SEO plugin v23.5 - https:\/\/yoast.com\/wordpress\/plugins\/seo\/ -->\n<title>Mensagem do Papa Francisco para a CF 2017 - O Arcanjo no ar<\/title>\n<meta name=\"robots\" content=\"index, follow, max-snippet:-1, max-image-preview:large, max-video-preview:-1\" \/>\n<link rel=\"canonical\" href=\"https:\/\/www.oarcanjo.net\/site\/mensagem-do-papa-francisco-para-a-cf-2017\/\" \/>\n<meta property=\"og:locale\" content=\"pt_BR\" \/>\n<meta property=\"og:type\" content=\"article\" \/>\n<meta property=\"og:title\" content=\"Mensagem do Papa Francisco para a CF 2017 - O Arcanjo no ar\" \/>\n<meta property=\"og:description\" content=\"Leia a \u00edntegra da mensagem enviada pelo Papa Francisco por ocasi\u00e3o da abertura da Campanha da Fraternidade 2017\" \/>\n<meta property=\"og:url\" content=\"https:\/\/www.oarcanjo.net\/site\/mensagem-do-papa-francisco-para-a-cf-2017\/\" \/>\n<meta property=\"og:site_name\" content=\"O Arcanjo no ar\" \/>\n<meta property=\"article:publisher\" content=\"https:\/\/www.facebook.com\/OArcanjoNoAr\/\" \/>\n<meta property=\"article:published_time\" content=\"2017-03-01T14:47:34+00:00\" \/>\n<meta property=\"article:modified_time\" content=\"2017-03-01T14:59:48+00:00\" \/>\n<meta property=\"og:image\" content=\"https:\/\/www.oarcanjo.net\/site\/wp-content\/uploads\/CF2017-1280x720-1.jpg\" \/>\n\t<meta property=\"og:image:width\" content=\"1280\" \/>\n\t<meta property=\"og:image:height\" content=\"720\" \/>\n\t<meta property=\"og:image:type\" content=\"image\/jpeg\" \/>\n<meta name=\"author\" content=\"editor\" \/>\n<meta name=\"twitter:card\" content=\"summary_large_image\" \/>\n<meta name=\"twitter:label1\" content=\"Escrito por\" \/>\n\t<meta name=\"twitter:data1\" content=\"editor\" \/>\n\t<meta name=\"twitter:label2\" content=\"Est. tempo de leitura\" \/>\n\t<meta name=\"twitter:data2\" content=\"3 minutos\" \/>\n<script type=\"application\/ld+json\" class=\"yoast-schema-graph\">{\"@context\":\"https:\/\/schema.org\",\"@graph\":[{\"@type\":\"Article\",\"@id\":\"https:\/\/www.oarcanjo.net\/site\/mensagem-do-papa-francisco-para-a-cf-2017\/#article\",\"isPartOf\":{\"@id\":\"https:\/\/www.oarcanjo.net\/site\/mensagem-do-papa-francisco-para-a-cf-2017\/\"},\"author\":{\"name\":\"editor\",\"@id\":\"https:\/\/www.oarcanjo.net\/site\/#\/schema\/person\/f7024d007863202483a31326673a0838\"},\"headline\":\"Mensagem do Papa Francisco para a CF 2017\",\"datePublished\":\"2017-03-01T14:47:34+00:00\",\"dateModified\":\"2017-03-01T14:59:48+00:00\",\"mainEntityOfPage\":{\"@id\":\"https:\/\/www.oarcanjo.net\/site\/mensagem-do-papa-francisco-para-a-cf-2017\/\"},\"wordCount\":663,\"commentCount\":0,\"publisher\":{\"@id\":\"https:\/\/www.oarcanjo.net\/site\/#organization\"},\"image\":{\"@id\":\"https:\/\/www.oarcanjo.net\/site\/mensagem-do-papa-francisco-para-a-cf-2017\/#primaryimage\"},\"thumbnailUrl\":\"https:\/\/www.oarcanjo.net\/site\/wp-content\/uploads\/CF2017-1280x720-1.jpg\",\"articleSection\":[\"Campanha da Fraternidade 2017\",\"CF\"],\"inLanguage\":\"pt-BR\",\"potentialAction\":[{\"@type\":\"CommentAction\",\"name\":\"Comment\",\"target\":[\"https:\/\/www.oarcanjo.net\/site\/mensagem-do-papa-francisco-para-a-cf-2017\/#respond\"]}]},{\"@type\":\"WebPage\",\"@id\":\"https:\/\/www.oarcanjo.net\/site\/mensagem-do-papa-francisco-para-a-cf-2017\/\",\"url\":\"https:\/\/www.oarcanjo.net\/site\/mensagem-do-papa-francisco-para-a-cf-2017\/\",\"name\":\"Mensagem do Papa Francisco para a CF 2017 - O Arcanjo no ar\",\"isPartOf\":{\"@id\":\"https:\/\/www.oarcanjo.net\/site\/#website\"},\"primaryImageOfPage\":{\"@id\":\"https:\/\/www.oarcanjo.net\/site\/mensagem-do-papa-francisco-para-a-cf-2017\/#primaryimage\"},\"image\":{\"@id\":\"https:\/\/www.oarcanjo.net\/site\/mensagem-do-papa-francisco-para-a-cf-2017\/#primaryimage\"},\"thumbnailUrl\":\"https:\/\/www.oarcanjo.net\/site\/wp-content\/uploads\/CF2017-1280x720-1.jpg\",\"datePublished\":\"2017-03-01T14:47:34+00:00\",\"dateModified\":\"2017-03-01T14:59:48+00:00\",\"breadcrumb\":{\"@id\":\"https:\/\/www.oarcanjo.net\/site\/mensagem-do-papa-francisco-para-a-cf-2017\/#breadcrumb\"},\"inLanguage\":\"pt-BR\",\"potentialAction\":[{\"@type\":\"ReadAction\",\"target\":[\"https:\/\/www.oarcanjo.net\/site\/mensagem-do-papa-francisco-para-a-cf-2017\/\"]}]},{\"@type\":\"ImageObject\",\"inLanguage\":\"pt-BR\",\"@id\":\"https:\/\/www.oarcanjo.net\/site\/mensagem-do-papa-francisco-para-a-cf-2017\/#primaryimage\",\"url\":\"https:\/\/www.oarcanjo.net\/site\/wp-content\/uploads\/CF2017-1280x720-1.jpg\",\"contentUrl\":\"https:\/\/www.oarcanjo.net\/site\/wp-content\/uploads\/CF2017-1280x720-1.jpg\",\"width\":1280,\"height\":720},{\"@type\":\"BreadcrumbList\",\"@id\":\"https:\/\/www.oarcanjo.net\/site\/mensagem-do-papa-francisco-para-a-cf-2017\/#breadcrumb\",\"itemListElement\":[{\"@type\":\"ListItem\",\"position\":1,\"name\":\"In\u00edcio\",\"item\":\"https:\/\/www.oarcanjo.net\/site\/\"},{\"@type\":\"ListItem\",\"position\":2,\"name\":\"Mensagem do Papa Francisco para a CF 2017\"}]},{\"@type\":\"WebSite\",\"@id\":\"https:\/\/www.oarcanjo.net\/site\/#website\",\"url\":\"https:\/\/www.oarcanjo.net\/site\/\",\"name\":\"O Arcanjo no ar\",\"description\":\"Site da Par\u00f3quia S\u00e3o Miguel Arcanjo (Arquidiocese de SP)\",\"publisher\":{\"@id\":\"https:\/\/www.oarcanjo.net\/site\/#organization\"},\"potentialAction\":[{\"@type\":\"SearchAction\",\"target\":{\"@type\":\"EntryPoint\",\"urlTemplate\":\"https:\/\/www.oarcanjo.net\/site\/?s={search_term_string}\"},\"query-input\":{\"@type\":\"PropertyValueSpecification\",\"valueRequired\":true,\"valueName\":\"search_term_string\"}}],\"inLanguage\":\"pt-BR\"},{\"@type\":\"Organization\",\"@id\":\"https:\/\/www.oarcanjo.net\/site\/#organization\",\"name\":\"Par\u00f3quia S\u00e3o Miguel Arcanjo\",\"url\":\"https:\/\/www.oarcanjo.net\/site\/\",\"logo\":{\"@type\":\"ImageObject\",\"inLanguage\":\"pt-BR\",\"@id\":\"https:\/\/www.oarcanjo.net\/site\/#\/schema\/logo\/image\/\",\"url\":\"https:\/\/www.oarcanjo.net\/site\/wp-content\/uploads\/LogoOArcanjo.png\",\"contentUrl\":\"https:\/\/www.oarcanjo.net\/site\/wp-content\/uploads\/LogoOArcanjo.png\",\"width\":319,\"height\":99,\"caption\":\"Par\u00f3quia S\u00e3o Miguel Arcanjo\"},\"image\":{\"@id\":\"https:\/\/www.oarcanjo.net\/site\/#\/schema\/logo\/image\/\"},\"sameAs\":[\"https:\/\/www.facebook.com\/OArcanjoNoAr\/\"]},{\"@type\":\"Person\",\"@id\":\"https:\/\/www.oarcanjo.net\/site\/#\/schema\/person\/f7024d007863202483a31326673a0838\",\"name\":\"editor\",\"sameAs\":[\"http:\/\/www.oarcanjo.net\"]}]}<\/script>\n<!-- \/ Yoast SEO plugin. -->","yoast_head_json":{"title":"Mensagem do Papa Francisco para a CF 2017 - O Arcanjo no ar","robots":{"index":"index","follow":"follow","max-snippet":"max-snippet:-1","max-image-preview":"max-image-preview:large","max-video-preview":"max-video-preview:-1"},"canonical":"https:\/\/www.oarcanjo.net\/site\/mensagem-do-papa-francisco-para-a-cf-2017\/","og_locale":"pt_BR","og_type":"article","og_title":"Mensagem do Papa Francisco para a CF 2017 - O Arcanjo no ar","og_description":"Leia a \u00edntegra da mensagem enviada pelo Papa Francisco por ocasi\u00e3o da abertura da Campanha da Fraternidade 2017","og_url":"https:\/\/www.oarcanjo.net\/site\/mensagem-do-papa-francisco-para-a-cf-2017\/","og_site_name":"O Arcanjo no ar","article_publisher":"https:\/\/www.facebook.com\/OArcanjoNoAr\/","article_published_time":"2017-03-01T14:47:34+00:00","article_modified_time":"2017-03-01T14:59:48+00:00","og_image":[{"width":1280,"height":720,"url":"https:\/\/www.oarcanjo.net\/site\/wp-content\/uploads\/CF2017-1280x720-1.jpg","type":"image\/jpeg"}],"author":"editor","twitter_card":"summary_large_image","twitter_misc":{"Escrito por":"editor","Est. tempo de leitura":"3 minutos"},"schema":{"@context":"https:\/\/schema.org","@graph":[{"@type":"Article","@id":"https:\/\/www.oarcanjo.net\/site\/mensagem-do-papa-francisco-para-a-cf-2017\/#article","isPartOf":{"@id":"https:\/\/www.oarcanjo.net\/site\/mensagem-do-papa-francisco-para-a-cf-2017\/"},"author":{"name":"editor","@id":"https:\/\/www.oarcanjo.net\/site\/#\/schema\/person\/f7024d007863202483a31326673a0838"},"headline":"Mensagem do Papa Francisco para a CF 2017","datePublished":"2017-03-01T14:47:34+00:00","dateModified":"2017-03-01T14:59:48+00:00","mainEntityOfPage":{"@id":"https:\/\/www.oarcanjo.net\/site\/mensagem-do-papa-francisco-para-a-cf-2017\/"},"wordCount":663,"commentCount":0,"publisher":{"@id":"https:\/\/www.oarcanjo.net\/site\/#organization"},"image":{"@id":"https:\/\/www.oarcanjo.net\/site\/mensagem-do-papa-francisco-para-a-cf-2017\/#primaryimage"},"thumbnailUrl":"https:\/\/www.oarcanjo.net\/site\/wp-content\/uploads\/CF2017-1280x720-1.jpg","articleSection":["Campanha da Fraternidade 2017","CF"],"inLanguage":"pt-BR","potentialAction":[{"@type":"CommentAction","name":"Comment","target":["https:\/\/www.oarcanjo.net\/site\/mensagem-do-papa-francisco-para-a-cf-2017\/#respond"]}]},{"@type":"WebPage","@id":"https:\/\/www.oarcanjo.net\/site\/mensagem-do-papa-francisco-para-a-cf-2017\/","url":"https:\/\/www.oarcanjo.net\/site\/mensagem-do-papa-francisco-para-a-cf-2017\/","name":"Mensagem do Papa Francisco para a CF 2017 - O Arcanjo no ar","isPartOf":{"@id":"https:\/\/www.oarcanjo.net\/site\/#website"},"primaryImageOfPage":{"@id":"https:\/\/www.oarcanjo.net\/site\/mensagem-do-papa-francisco-para-a-cf-2017\/#primaryimage"},"image":{"@id":"https:\/\/www.oarcanjo.net\/site\/mensagem-do-papa-francisco-para-a-cf-2017\/#primaryimage"},"thumbnailUrl":"https:\/\/www.oarcanjo.net\/site\/wp-content\/uploads\/CF2017-1280x720-1.jpg","datePublished":"2017-03-01T14:47:34+00:00","dateModified":"2017-03-01T14:59:48+00:00","breadcrumb":{"@id":"https:\/\/www.oarcanjo.net\/site\/mensagem-do-papa-francisco-para-a-cf-2017\/#breadcrumb"},"inLanguage":"pt-BR","potentialAction":[{"@type":"ReadAction","target":["https:\/\/www.oarcanjo.net\/site\/mensagem-do-papa-francisco-para-a-cf-2017\/"]}]},{"@type":"ImageObject","inLanguage":"pt-BR","@id":"https:\/\/www.oarcanjo.net\/site\/mensagem-do-papa-francisco-para-a-cf-2017\/#primaryimage","url":"https:\/\/www.oarcanjo.net\/site\/wp-content\/uploads\/CF2017-1280x720-1.jpg","contentUrl":"https:\/\/www.oarcanjo.net\/site\/wp-content\/uploads\/CF2017-1280x720-1.jpg","width":1280,"height":720},{"@type":"BreadcrumbList","@id":"https:\/\/www.oarcanjo.net\/site\/mensagem-do-papa-francisco-para-a-cf-2017\/#breadcrumb","itemListElement":[{"@type":"ListItem","position":1,"name":"In\u00edcio","item":"https:\/\/www.oarcanjo.net\/site\/"},{"@type":"ListItem","position":2,"name":"Mensagem do Papa Francisco para a CF 2017"}]},{"@type":"WebSite","@id":"https:\/\/www.oarcanjo.net\/site\/#website","url":"https:\/\/www.oarcanjo.net\/site\/","name":"O Arcanjo no ar","description":"Site da Par\u00f3quia S\u00e3o Miguel Arcanjo (Arquidiocese de SP)","publisher":{"@id":"https:\/\/www.oarcanjo.net\/site\/#organization"},"potentialAction":[{"@type":"SearchAction","target":{"@type":"EntryPoint","urlTemplate":"https:\/\/www.oarcanjo.net\/site\/?s={search_term_string}"},"query-input":{"@type":"PropertyValueSpecification","valueRequired":true,"valueName":"search_term_string"}}],"inLanguage":"pt-BR"},{"@type":"Organization","@id":"https:\/\/www.oarcanjo.net\/site\/#organization","name":"Par\u00f3quia S\u00e3o Miguel Arcanjo","url":"https:\/\/www.oarcanjo.net\/site\/","logo":{"@type":"ImageObject","inLanguage":"pt-BR","@id":"https:\/\/www.oarcanjo.net\/site\/#\/schema\/logo\/image\/","url":"https:\/\/www.oarcanjo.net\/site\/wp-content\/uploads\/LogoOArcanjo.png","contentUrl":"https:\/\/www.oarcanjo.net\/site\/wp-content\/uploads\/LogoOArcanjo.png","width":319,"height":99,"caption":"Par\u00f3quia S\u00e3o Miguel Arcanjo"},"image":{"@id":"https:\/\/www.oarcanjo.net\/site\/#\/schema\/logo\/image\/"},"sameAs":["https:\/\/www.facebook.com\/OArcanjoNoAr\/"]},{"@type":"Person","@id":"https:\/\/www.oarcanjo.net\/site\/#\/schema\/person\/f7024d007863202483a31326673a0838","name":"editor","sameAs":["http:\/\/www.oarcanjo.net"]}]}},"publishpress_future_action":{"enabled":false,"date":"2026-05-09 09:27:42","action":"category","newStatus":"draft","terms":[],"taxonomy":"category"},"publishpress_future_workflow_manual_trigger":{"enabledWorkflows":[]},"_links":{"self":[{"href":"https:\/\/www.oarcanjo.net\/site\/wp-json\/wp\/v2\/posts\/79657"}],"collection":[{"href":"https:\/\/www.oarcanjo.net\/site\/wp-json\/wp\/v2\/posts"}],"about":[{"href":"https:\/\/www.oarcanjo.net\/site\/wp-json\/wp\/v2\/types\/post"}],"author":[{"embeddable":true,"href":"https:\/\/www.oarcanjo.net\/site\/wp-json\/wp\/v2\/users\/5"}],"replies":[{"embeddable":true,"href":"https:\/\/www.oarcanjo.net\/site\/wp-json\/wp\/v2\/comments?post=79657"}],"version-history":[{"count":0,"href":"https:\/\/www.oarcanjo.net\/site\/wp-json\/wp\/v2\/posts\/79657\/revisions"}],"wp:featuredmedia":[{"embeddable":true,"href":"https:\/\/www.oarcanjo.net\/site\/wp-json\/wp\/v2\/media\/79671"}],"wp:attachment":[{"href":"https:\/\/www.oarcanjo.net\/site\/wp-json\/wp\/v2\/media?parent=79657"}],"wp:term":[{"taxonomy":"category","embeddable":true,"href":"https:\/\/www.oarcanjo.net\/site\/wp-json\/wp\/v2\/categories?post=79657"},{"taxonomy":"post_tag","embeddable":true,"href":"https:\/\/www.oarcanjo.net\/site\/wp-json\/wp\/v2\/tags?post=79657"}],"curies":[{"name":"wp","href":"https:\/\/api.w.org\/{rel}","templated":true}]}}