
{"id":79702,"date":"2017-03-02T22:41:03","date_gmt":"2017-03-03T01:41:03","guid":{"rendered":"http:\/\/www.oarcanjo.net\/site\/?p=79702"},"modified":"2017-03-02T22:41:03","modified_gmt":"2017-03-03T01:41:03","slug":"mensagem-do-papa-francisco-para-a-quaresma-de-2017","status":"publish","type":"post","link":"https:\/\/www.oarcanjo.net\/site\/mensagem-do-papa-francisco-para-a-quaresma-de-2017\/","title":{"rendered":"Mensagem do Papa Francisco para a Quaresma de 2017"},"content":{"rendered":"<h3>A Palavra \u00e9 um dom. O outro \u00e9 um dom<\/h3>\n<p>Amados irm\u00e3os e irm\u00e3s!<\/p>\n<p>A Quaresma \u00e9 um novo come\u00e7o, uma estrada que leva a um destino seguro: a P\u00e1scoa de Ressurrei\u00e7\u00e3o, a vit\u00f3ria de Cristo sobre a morte. E este tempo n\u00e3o cessa de nos dirigir um forte convite \u00e0 convers\u00e3o: o crist\u00e3o \u00e9 chamado a voltar para Deus &#8220;de todo o cora\u00e7\u00e3o&#8221; (Jl 2, 12), n\u00e3o se contentando com uma vida med\u00edocre, mas crescendo na amizade do Senhor. Jesus \u00e9 o amigo fiel que nunca nos abandona, pois, mesmo quando pecamos, espera pacientemente pelo nosso regresso a Ele e, com esta espera, manifesta a sua vontade de perd\u00e3o (cf. Homilia na Santa Missa, 8 de janeiro de 2016).<\/p>\n<p>A Quaresma \u00e9 o momento favor\u00e1vel para intensificarmos a vida espiritual atrav\u00e9s dos meios santos que a Igreja nos prop\u00f5e: o jejum, a ora\u00e7\u00e3o e a esmola. Na base de tudo isto, por\u00e9m, est\u00e1 a Palavra de Deus, que somos convidados a ouvir e meditar com maior assiduidade neste tempo. Aqui queria deter-me, em particular, na par\u00e1bola do homem rico e do pobre L\u00e1zaro (cf. Lc 16, 19-31). Deixemo-nos inspirar por esta p\u00e1gina t\u00e3o significativa, que nos d\u00e1 a chave para compreender como temos de agir para alcan\u00e7armos a verdadeira felicidade e a vida eterna, incitando-nos a uma sincera convers\u00e3o.<\/p>\n<p><strong>1. O outro \u00e9 um dom<\/strong><\/p>\n<p>A par\u00e1bola inicia com a apresenta\u00e7\u00e3o dos dois personagens principais, mas quem aparece descrito de forma mais detalhada \u00e9 o pobre: encontra-se numa condi\u00e7\u00e3o desesperada e sem for\u00e7as para se solevar, jaz \u00e0 porta do rico na esperan\u00e7a de comer as migalhas que caem da mesa dele, tem o corpo coberto de chagas, que os c\u00e3es v\u00eam lamber (cf. vv. 20-21). Enfim, o quadro \u00e9 sombrio, com o homem degradado e humilhado.<\/p>\n<p>A cena revela-se ainda mais dram\u00e1tica, quando se considera que o pobre se chama L\u00e1zaro, um nome muito promissor pois significa, literalmente, \u00abDeus ajuda\u00bb. N\u00e3o se trata duma pessoa an\u00f3nima; antes, tem tra\u00e7os muito concretos e aparece como um indiv\u00edduo a quem podemos atribuir uma hist\u00f3ria pessoal. Enquanto L\u00e1zaro \u00e9 como que invis\u00edvel para o rico, a nossos olhos aparece como um ser conhecido e quase de fam\u00edlia, torna-se um rosto; e, como tal, \u00e9 um dom, uma riqueza inestim\u00e1vel, um ser querido, amado, recordado por Deus, apesar da sua condi\u00e7\u00e3o concreta ser a duma esc\u00f3ria humana (cf. Homilia na Santa Missa, 8 de janeiro de 2016).<\/p>\n<p>L\u00e1zaro ensina-nos que o outro \u00e9 um dom. A justa rela\u00e7\u00e3o com as pessoas consiste em reconhecer, com gratid\u00e3o, o seu valor. O pr\u00f3prio pobre \u00e0 porta do rico n\u00e3o \u00e9 um empecilho fastidioso, mas um apelo a converter-se e mudar de vida. O primeiro convite que nos faz esta par\u00e1bola \u00e9 o de abrir a porta do nosso cora\u00e7\u00e3o ao outro, porque cada pessoa \u00e9 um dom, seja ela o nosso vizinho ou o pobre desconhecido. A Quaresma \u00e9 um tempo prop\u00edcio para abrir a porta a cada necessitado e nele reconhecer o rosto de Cristo. Cada um de n\u00f3s encontra-o no pr\u00f3prio caminho. Cada vida que se cruza conosco \u00e9 um dom e merece aceita\u00e7\u00e3o, respeito, amor. A Palavra de Deus ajuda-nos a abrir os olhos para acolher a vida e am\u00e1-la, sobretudo quando \u00e9 fr\u00e1gil. Mas, para se poder fazer isto, \u00e9 necess\u00e1rio tomar a s\u00e9rio tamb\u00e9m aquilo que o Evangelho nos revela a prop\u00f3sito do homem rico.<\/p>\n<p><strong>2. O pecado cega-nos<\/strong><\/p>\n<p>A par\u00e1bola p\u00f5e em evid\u00eancia, sem piedade, as contradi\u00e7\u00f5es em que vive o rico (cf. v. 19). Este personagem, ao contr\u00e1rio do pobre L\u00e1zaro, n\u00e3o tem um nome, \u00e9 qualificado apenas como \u00abrico\u00bb. A sua opul\u00eancia manifesta-se nas roupas, de um luxo exagerado, que usa. De facto, a p\u00farpura era muito apreciada, mais do que a prata e o ouro, e por isso se reservava para os deuses (cf. Jr 10, 9) e os reis (cf. Jz 8, 26). O linho fino era um linho especial que ajudava a conferir \u00e0 posi\u00e7\u00e3o da pessoa um car\u00e1ter quase sagrado. Assim, a riqueza deste homem \u00e9 excessiva, inclusive porque exibida habitualmente: &#8220;Fazia todos os dias espl\u00eandidos banquetes&#8221; (v. 19). Entrev\u00ea-se nele, dramaticamente, a corrup\u00e7\u00e3o do pecado, que se realiza em tr\u00eas momentos sucessivos: o amor ao dinheiro, a vaidade e a soberba (cf. Homilia na Santa Missa, 20 de setembro de 2013).<\/p>\n<p>O ap\u00f3stolo Paulo diz que &#8220;a raiz de todos os males \u00e9 a gan\u00e2ncia do dinheiro&#8221; (1 Tm 6, 10). Esta \u00e9 o motivo principal da corrup\u00e7\u00e3o e uma fonte de invejas, contendas e suspeitas. O dinheiro pode chegar a dominar-nos at\u00e9 ao ponto de se tornar um \u00eddolo tir\u00e2nico (cf. Exort. ap. Evangelii gaudium, 55). Em vez de instrumento ao nosso dispor para fazer o bem e exercer a solidariedade com os outros, o dinheiro pode-nos subjugar, a n\u00f3s e ao mundo inteiro, numa l\u00f3gica ego\u00edsta que n\u00e3o deixa espa\u00e7o ao amor e dificulta a paz.<\/p>\n<p>Depois, a par\u00e1bola mostra-nos que a gan\u00e2ncia do rico f\u00e1-lo vaidoso. A sua personalidade vive de apar\u00eancias, fazendo ver aos outros aquilo que se pode permitir. Mas a apar\u00eancia serve de m\u00e1scara para o seu vazio interior. A sua vida est\u00e1 prisioneira da exterioridade, da dimens\u00e3o mais superficial e ef\u00e9mera da exist\u00eancia (cf. ibid., 62).<\/p>\n<p>O degrau mais baixo desta deteriora\u00e7\u00e3o moral \u00e9 a soberba. O homem veste-se como se fosse um rei, simula a posi\u00e7\u00e3o dum deus, esquecendo-se que \u00e9 um simples mortal. Para o homem corrompido pelo amor das riquezas, nada mais existe al\u00e9m do pr\u00f3prio eu e, por isso, as pessoas que o rodeiam n\u00e3o caiem sob a al\u00e7ada do seu olhar. Assim o fruto do apego ao dinheiro \u00e9 uma esp\u00e9cie de cegueira: o rico n\u00e3o v\u00ea o pobre esfomeado, chagado e prostrado na sua humilha\u00e7\u00e3o.<\/p>\n<p>Olhando para esta figura, compreende-se por que motivo o Evangelho \u00e9 t\u00e3o claro ao condenar o amor ao dinheiro: &#8220;Ningu\u00e9m pode servir a dois senhores: ou n\u00e3o gostar\u00e1 de um deles e estimar\u00e1 o outro, ou se dedicar\u00e1 a um e desprezar\u00e1 o outro. N\u00e3o podeis servir a Deus e ao dinheiro&#8221; (Mt 6, 24).<\/p>\n<p><strong>3. A Palavra \u00e9 um dom<\/strong><\/p>\n<p>O Evangelho do homem rico e do pobre L\u00e1zaro ajuda a prepararmo-nos bem para a P\u00e1scoa que se aproxima. A liturgia de Quarta-Feira de Cinzas convida-nos a viver uma experi\u00eancia semelhante \u00e0 que faz de forma t\u00e3o dram\u00e1tica o rico. Quando imp\u00f5e as cinzas sobre a cabe\u00e7a, o sacerdote repete estas palavras: &#8220;Lembra-te, homem, que \u00e9s p\u00f3 da terra e \u00e0 terra h\u00e1s de voltar\u00bb. De facto, tanto o rico como o pobre morrem, e a parte principal da par\u00e1bola desenrola-se no Al\u00e9m. Dum momento para o outro, os dois personagens descobrem que n\u00f3s \u00abnada trouxemos ao mundo e nada podemos levar dele&#8221; (1 Tm 6, 7).<\/p>\n<p>Tamb\u00e9m o nosso olhar se abre para o Al\u00e9m, onde o rico tece um longo di\u00e1logo com Abra\u00e3o, a quem trata por &#8220;pai&#8221; (Lc 16, 24.27), dando mostras de fazer parte do povo de Deus. Este detalhe torna ainda mais contradit\u00f3ria a sua vida, porque at\u00e9 agora nada se disse da sua rela\u00e7\u00e3o com Deus. Com efeito, na sua vida, n\u00e3o havia lugar para Deus, sendo ele mesmo o seu \u00fanico deus.<\/p>\n<p>S\u00f3 no meio dos tormentos do Al\u00e9m \u00e9 que o rico reconhece L\u00e1zaro e queria que o pobre aliviasse os seus sofrimentos com um pouco de \u00e1gua. Os gestos solicitados a L\u00e1zaro s\u00e3o semelhantes aos que o rico poderia ter feito, mas nunca fez. Abra\u00e3o, por\u00e9m, explica-lhe: &#8220;Recebeste os teus bens na vida, enquanto L\u00e1zaro recebeu somente males. Agora, ele \u00e9 consolado, enquanto tu \u00e9s atormentado&#8221; (v. 25). No Al\u00e9m, restabelece-se uma certa equidade, e os males da vida s\u00e3o contrabalan\u00e7ados pelo bem.<\/p>\n<p>Mas a par\u00e1bola continua, apresentando uma mensagem para todos os crist\u00e3os. De facto o rico, que ainda tem irm\u00e3os vivos, pede a Abra\u00e3o que mande L\u00e1zaro avis\u00e1-los; mas Abra\u00e3o respondeu: &#8220;T\u00eam Mois\u00e9s e os Profetas; que os oi\u00e7am&#8221; (v. 29). E, \u00e0 sucessiva obje\u00e7\u00e3o do rico, acrescenta: &#8220;Se n\u00e3o d\u00e3o ouvidos a Mois\u00e9s e aos Profetas, t\u00e3o-pouco se deixar\u00e3o convencer, se algu\u00e9m ressuscitar dentre os mortos&#8221; (v. 31).<\/p>\n<p>Deste modo se patenteia o verdadeiro problema do rico: a raiz dos seus males \u00e9 n\u00e3o dar ouvidos \u00e0 Palavra de Deus; isto levou-o a deixar de amar a Deus e, consequentemente, a desprezar o pr\u00f3ximo. A Palavra de Deus \u00e9 uma for\u00e7a viva, capaz de suscitar a convers\u00e3o no cora\u00e7\u00e3o dos homens e orientar de novo a pessoa para Deus. Fechar o cora\u00e7\u00e3o ao dom de Deus que fala, tem como consequ\u00eancia fechar o cora\u00e7\u00e3o ao dom do irm\u00e3o.<\/p>\n<p>Amados irm\u00e3os e irm\u00e3s, a Quaresma \u00e9 o tempo favor\u00e1vel para nos renovarmos, encontrando Cristo vivo na sua Palavra, nos Sacramentos e no pr\u00f3ximo. O Senhor \u2013 que, nos quarenta dias passados no deserto, venceu as ciladas do Tentador \u2013 indica-nos o caminho a seguir. Que o Esp\u00edrito Santo nos guie na realiza\u00e7\u00e3o dum verdadeiro caminho de convers\u00e3o, para redescobrirmos o dom da Palavra de Deus, sermos purificados do pecado que nos cega e servirmos Cristo presente nos irm\u00e3os necessitados. Encorajo todos os fi\u00e9is a expressar esta renova\u00e7\u00e3o espiritual, inclusive participando nas Campanhas de Quaresma que muitos organismos eclesiais, em v\u00e1rias partes do mundo, promovem para fazer crescer a cultura do encontro na \u00fanica fam\u00edlia humana. Rezemos uns pelos outros para que, participando na vit\u00f3ria de Cristo, saibamos abrir as nossas portas ao fr\u00e1gil e ao pobre. Ent\u00e3o poderemos viver e testemunhar em plenitude a alegria da P\u00e1scoa.<\/p>\n<div id=\"themify_builder_content-79702\" data-postid=\"79702\" class=\"themify_builder_content themify_builder_content-79702 themify_builder themify_builder_front\">\n\t<\/div>\n<!-- \/themify_builder_content -->","protected":false},"excerpt":{"rendered":"<p>A Palavra \u00e9 um dom. O outro \u00e9 um dom Amados irm\u00e3os e irm\u00e3s! A Quaresma \u00e9 um novo come\u00e7o, uma estrada que leva a um destino seguro: a P\u00e1scoa de Ressurrei\u00e7\u00e3o, a vit\u00f3ria de Cristo sobre a morte. E este tempo n\u00e3o cessa de nos dirigir um forte convite \u00e0 convers\u00e3o: o crist\u00e3o \u00e9 [&hellip;]<\/p>\n","protected":false},"author":5,"featured_media":0,"comment_status":"open","ping_status":"open","sticky":false,"template":"","format":"standard","meta":{"ngg_post_thumbnail":0,"footnotes":""},"categories":[9],"tags":[],"yoast_head":"<!-- This site is optimized with the Yoast SEO plugin v23.5 - https:\/\/yoast.com\/wordpress\/plugins\/seo\/ -->\n<title>Mensagem do Papa Francisco para a Quaresma de 2017 - O Arcanjo no ar<\/title>\n<meta name=\"robots\" content=\"index, follow, max-snippet:-1, max-image-preview:large, max-video-preview:-1\" \/>\n<link rel=\"canonical\" href=\"https:\/\/www.oarcanjo.net\/site\/mensagem-do-papa-francisco-para-a-quaresma-de-2017\/\" \/>\n<meta property=\"og:locale\" content=\"pt_BR\" \/>\n<meta property=\"og:type\" content=\"article\" \/>\n<meta property=\"og:title\" content=\"Mensagem do Papa Francisco para a Quaresma de 2017 - O Arcanjo no ar\" \/>\n<meta property=\"og:description\" content=\"A Palavra \u00e9 um dom. O outro \u00e9 um dom Amados irm\u00e3os e irm\u00e3s! A Quaresma \u00e9 um novo come\u00e7o, uma estrada que leva a um destino seguro: a P\u00e1scoa de Ressurrei\u00e7\u00e3o, a vit\u00f3ria de Cristo sobre a morte. E este tempo n\u00e3o cessa de nos dirigir um forte convite \u00e0 convers\u00e3o: o crist\u00e3o \u00e9 [&hellip;]\" \/>\n<meta property=\"og:url\" content=\"https:\/\/www.oarcanjo.net\/site\/mensagem-do-papa-francisco-para-a-quaresma-de-2017\/\" \/>\n<meta property=\"og:site_name\" content=\"O Arcanjo no ar\" \/>\n<meta property=\"article:publisher\" content=\"https:\/\/www.facebook.com\/OArcanjoNoAr\/\" \/>\n<meta property=\"article:published_time\" content=\"2017-03-03T01:41:03+00:00\" \/>\n<meta property=\"og:image\" content=\"https:\/\/www.oarcanjo.net\/site\/wp-content\/uploads\/logo-o-arcanjo-no-ar-facebook.png\" \/>\n\t<meta property=\"og:image:width\" content=\"300\" \/>\n\t<meta property=\"og:image:height\" content=\"300\" \/>\n\t<meta property=\"og:image:type\" content=\"image\/png\" \/>\n<meta name=\"author\" content=\"editor\" \/>\n<meta name=\"twitter:card\" content=\"summary_large_image\" \/>\n<meta name=\"twitter:label1\" content=\"Escrito por\" \/>\n\t<meta name=\"twitter:data1\" content=\"editor\" \/>\n\t<meta name=\"twitter:label2\" content=\"Est. tempo de leitura\" \/>\n\t<meta name=\"twitter:data2\" content=\"8 minutos\" \/>\n<script type=\"application\/ld+json\" class=\"yoast-schema-graph\">{\"@context\":\"https:\/\/schema.org\",\"@graph\":[{\"@type\":\"Article\",\"@id\":\"https:\/\/www.oarcanjo.net\/site\/mensagem-do-papa-francisco-para-a-quaresma-de-2017\/#article\",\"isPartOf\":{\"@id\":\"https:\/\/www.oarcanjo.net\/site\/mensagem-do-papa-francisco-para-a-quaresma-de-2017\/\"},\"author\":{\"name\":\"editor\",\"@id\":\"https:\/\/www.oarcanjo.net\/site\/#\/schema\/person\/f7024d007863202483a31326673a0838\"},\"headline\":\"Mensagem do Papa Francisco para a Quaresma de 2017\",\"datePublished\":\"2017-03-03T01:41:03+00:00\",\"dateModified\":\"2017-03-03T01:41:03+00:00\",\"mainEntityOfPage\":{\"@id\":\"https:\/\/www.oarcanjo.net\/site\/mensagem-do-papa-francisco-para-a-quaresma-de-2017\/\"},\"wordCount\":1685,\"commentCount\":0,\"publisher\":{\"@id\":\"https:\/\/www.oarcanjo.net\/site\/#organization\"},\"articleSection\":[\"Reflex\u00f5es\"],\"inLanguage\":\"pt-BR\",\"potentialAction\":[{\"@type\":\"CommentAction\",\"name\":\"Comment\",\"target\":[\"https:\/\/www.oarcanjo.net\/site\/mensagem-do-papa-francisco-para-a-quaresma-de-2017\/#respond\"]}]},{\"@type\":\"WebPage\",\"@id\":\"https:\/\/www.oarcanjo.net\/site\/mensagem-do-papa-francisco-para-a-quaresma-de-2017\/\",\"url\":\"https:\/\/www.oarcanjo.net\/site\/mensagem-do-papa-francisco-para-a-quaresma-de-2017\/\",\"name\":\"Mensagem do Papa Francisco para a Quaresma de 2017 - O Arcanjo no ar\",\"isPartOf\":{\"@id\":\"https:\/\/www.oarcanjo.net\/site\/#website\"},\"datePublished\":\"2017-03-03T01:41:03+00:00\",\"dateModified\":\"2017-03-03T01:41:03+00:00\",\"breadcrumb\":{\"@id\":\"https:\/\/www.oarcanjo.net\/site\/mensagem-do-papa-francisco-para-a-quaresma-de-2017\/#breadcrumb\"},\"inLanguage\":\"pt-BR\",\"potentialAction\":[{\"@type\":\"ReadAction\",\"target\":[\"https:\/\/www.oarcanjo.net\/site\/mensagem-do-papa-francisco-para-a-quaresma-de-2017\/\"]}]},{\"@type\":\"BreadcrumbList\",\"@id\":\"https:\/\/www.oarcanjo.net\/site\/mensagem-do-papa-francisco-para-a-quaresma-de-2017\/#breadcrumb\",\"itemListElement\":[{\"@type\":\"ListItem\",\"position\":1,\"name\":\"In\u00edcio\",\"item\":\"https:\/\/www.oarcanjo.net\/site\/\"},{\"@type\":\"ListItem\",\"position\":2,\"name\":\"Mensagem do Papa Francisco para a Quaresma de 2017\"}]},{\"@type\":\"WebSite\",\"@id\":\"https:\/\/www.oarcanjo.net\/site\/#website\",\"url\":\"https:\/\/www.oarcanjo.net\/site\/\",\"name\":\"O Arcanjo no ar\",\"description\":\"Site da Par\u00f3quia S\u00e3o Miguel Arcanjo (Arquidiocese de SP)\",\"publisher\":{\"@id\":\"https:\/\/www.oarcanjo.net\/site\/#organization\"},\"potentialAction\":[{\"@type\":\"SearchAction\",\"target\":{\"@type\":\"EntryPoint\",\"urlTemplate\":\"https:\/\/www.oarcanjo.net\/site\/?s={search_term_string}\"},\"query-input\":{\"@type\":\"PropertyValueSpecification\",\"valueRequired\":true,\"valueName\":\"search_term_string\"}}],\"inLanguage\":\"pt-BR\"},{\"@type\":\"Organization\",\"@id\":\"https:\/\/www.oarcanjo.net\/site\/#organization\",\"name\":\"Par\u00f3quia S\u00e3o Miguel Arcanjo\",\"url\":\"https:\/\/www.oarcanjo.net\/site\/\",\"logo\":{\"@type\":\"ImageObject\",\"inLanguage\":\"pt-BR\",\"@id\":\"https:\/\/www.oarcanjo.net\/site\/#\/schema\/logo\/image\/\",\"url\":\"https:\/\/www.oarcanjo.net\/site\/wp-content\/uploads\/LogoOArcanjo.png\",\"contentUrl\":\"https:\/\/www.oarcanjo.net\/site\/wp-content\/uploads\/LogoOArcanjo.png\",\"width\":319,\"height\":99,\"caption\":\"Par\u00f3quia S\u00e3o Miguel Arcanjo\"},\"image\":{\"@id\":\"https:\/\/www.oarcanjo.net\/site\/#\/schema\/logo\/image\/\"},\"sameAs\":[\"https:\/\/www.facebook.com\/OArcanjoNoAr\/\"]},{\"@type\":\"Person\",\"@id\":\"https:\/\/www.oarcanjo.net\/site\/#\/schema\/person\/f7024d007863202483a31326673a0838\",\"name\":\"editor\",\"sameAs\":[\"http:\/\/www.oarcanjo.net\"]}]}<\/script>\n<!-- \/ Yoast SEO plugin. -->","yoast_head_json":{"title":"Mensagem do Papa Francisco para a Quaresma de 2017 - O Arcanjo no ar","robots":{"index":"index","follow":"follow","max-snippet":"max-snippet:-1","max-image-preview":"max-image-preview:large","max-video-preview":"max-video-preview:-1"},"canonical":"https:\/\/www.oarcanjo.net\/site\/mensagem-do-papa-francisco-para-a-quaresma-de-2017\/","og_locale":"pt_BR","og_type":"article","og_title":"Mensagem do Papa Francisco para a Quaresma de 2017 - O Arcanjo no ar","og_description":"A Palavra \u00e9 um dom. O outro \u00e9 um dom Amados irm\u00e3os e irm\u00e3s! A Quaresma \u00e9 um novo come\u00e7o, uma estrada que leva a um destino seguro: a P\u00e1scoa de Ressurrei\u00e7\u00e3o, a vit\u00f3ria de Cristo sobre a morte. E este tempo n\u00e3o cessa de nos dirigir um forte convite \u00e0 convers\u00e3o: o crist\u00e3o \u00e9 [&hellip;]","og_url":"https:\/\/www.oarcanjo.net\/site\/mensagem-do-papa-francisco-para-a-quaresma-de-2017\/","og_site_name":"O Arcanjo no ar","article_publisher":"https:\/\/www.facebook.com\/OArcanjoNoAr\/","article_published_time":"2017-03-03T01:41:03+00:00","og_image":[{"width":300,"height":300,"url":"https:\/\/www.oarcanjo.net\/site\/wp-content\/uploads\/logo-o-arcanjo-no-ar-facebook.png","type":"image\/png"}],"author":"editor","twitter_card":"summary_large_image","twitter_misc":{"Escrito por":"editor","Est. tempo de leitura":"8 minutos"},"schema":{"@context":"https:\/\/schema.org","@graph":[{"@type":"Article","@id":"https:\/\/www.oarcanjo.net\/site\/mensagem-do-papa-francisco-para-a-quaresma-de-2017\/#article","isPartOf":{"@id":"https:\/\/www.oarcanjo.net\/site\/mensagem-do-papa-francisco-para-a-quaresma-de-2017\/"},"author":{"name":"editor","@id":"https:\/\/www.oarcanjo.net\/site\/#\/schema\/person\/f7024d007863202483a31326673a0838"},"headline":"Mensagem do Papa Francisco para a Quaresma de 2017","datePublished":"2017-03-03T01:41:03+00:00","dateModified":"2017-03-03T01:41:03+00:00","mainEntityOfPage":{"@id":"https:\/\/www.oarcanjo.net\/site\/mensagem-do-papa-francisco-para-a-quaresma-de-2017\/"},"wordCount":1685,"commentCount":0,"publisher":{"@id":"https:\/\/www.oarcanjo.net\/site\/#organization"},"articleSection":["Reflex\u00f5es"],"inLanguage":"pt-BR","potentialAction":[{"@type":"CommentAction","name":"Comment","target":["https:\/\/www.oarcanjo.net\/site\/mensagem-do-papa-francisco-para-a-quaresma-de-2017\/#respond"]}]},{"@type":"WebPage","@id":"https:\/\/www.oarcanjo.net\/site\/mensagem-do-papa-francisco-para-a-quaresma-de-2017\/","url":"https:\/\/www.oarcanjo.net\/site\/mensagem-do-papa-francisco-para-a-quaresma-de-2017\/","name":"Mensagem do Papa Francisco para a Quaresma de 2017 - O Arcanjo no ar","isPartOf":{"@id":"https:\/\/www.oarcanjo.net\/site\/#website"},"datePublished":"2017-03-03T01:41:03+00:00","dateModified":"2017-03-03T01:41:03+00:00","breadcrumb":{"@id":"https:\/\/www.oarcanjo.net\/site\/mensagem-do-papa-francisco-para-a-quaresma-de-2017\/#breadcrumb"},"inLanguage":"pt-BR","potentialAction":[{"@type":"ReadAction","target":["https:\/\/www.oarcanjo.net\/site\/mensagem-do-papa-francisco-para-a-quaresma-de-2017\/"]}]},{"@type":"BreadcrumbList","@id":"https:\/\/www.oarcanjo.net\/site\/mensagem-do-papa-francisco-para-a-quaresma-de-2017\/#breadcrumb","itemListElement":[{"@type":"ListItem","position":1,"name":"In\u00edcio","item":"https:\/\/www.oarcanjo.net\/site\/"},{"@type":"ListItem","position":2,"name":"Mensagem do Papa Francisco para a Quaresma de 2017"}]},{"@type":"WebSite","@id":"https:\/\/www.oarcanjo.net\/site\/#website","url":"https:\/\/www.oarcanjo.net\/site\/","name":"O Arcanjo no ar","description":"Site da Par\u00f3quia S\u00e3o Miguel Arcanjo (Arquidiocese de SP)","publisher":{"@id":"https:\/\/www.oarcanjo.net\/site\/#organization"},"potentialAction":[{"@type":"SearchAction","target":{"@type":"EntryPoint","urlTemplate":"https:\/\/www.oarcanjo.net\/site\/?s={search_term_string}"},"query-input":{"@type":"PropertyValueSpecification","valueRequired":true,"valueName":"search_term_string"}}],"inLanguage":"pt-BR"},{"@type":"Organization","@id":"https:\/\/www.oarcanjo.net\/site\/#organization","name":"Par\u00f3quia S\u00e3o Miguel Arcanjo","url":"https:\/\/www.oarcanjo.net\/site\/","logo":{"@type":"ImageObject","inLanguage":"pt-BR","@id":"https:\/\/www.oarcanjo.net\/site\/#\/schema\/logo\/image\/","url":"https:\/\/www.oarcanjo.net\/site\/wp-content\/uploads\/LogoOArcanjo.png","contentUrl":"https:\/\/www.oarcanjo.net\/site\/wp-content\/uploads\/LogoOArcanjo.png","width":319,"height":99,"caption":"Par\u00f3quia S\u00e3o Miguel Arcanjo"},"image":{"@id":"https:\/\/www.oarcanjo.net\/site\/#\/schema\/logo\/image\/"},"sameAs":["https:\/\/www.facebook.com\/OArcanjoNoAr\/"]},{"@type":"Person","@id":"https:\/\/www.oarcanjo.net\/site\/#\/schema\/person\/f7024d007863202483a31326673a0838","name":"editor","sameAs":["http:\/\/www.oarcanjo.net"]}]}},"publishpress_future_action":{"enabled":false,"date":"2026-05-08 22:52:20","action":"category","newStatus":"draft","terms":[],"taxonomy":"category"},"publishpress_future_workflow_manual_trigger":{"enabledWorkflows":[]},"_links":{"self":[{"href":"https:\/\/www.oarcanjo.net\/site\/wp-json\/wp\/v2\/posts\/79702"}],"collection":[{"href":"https:\/\/www.oarcanjo.net\/site\/wp-json\/wp\/v2\/posts"}],"about":[{"href":"https:\/\/www.oarcanjo.net\/site\/wp-json\/wp\/v2\/types\/post"}],"author":[{"embeddable":true,"href":"https:\/\/www.oarcanjo.net\/site\/wp-json\/wp\/v2\/users\/5"}],"replies":[{"embeddable":true,"href":"https:\/\/www.oarcanjo.net\/site\/wp-json\/wp\/v2\/comments?post=79702"}],"version-history":[{"count":0,"href":"https:\/\/www.oarcanjo.net\/site\/wp-json\/wp\/v2\/posts\/79702\/revisions"}],"wp:attachment":[{"href":"https:\/\/www.oarcanjo.net\/site\/wp-json\/wp\/v2\/media?parent=79702"}],"wp:term":[{"taxonomy":"category","embeddable":true,"href":"https:\/\/www.oarcanjo.net\/site\/wp-json\/wp\/v2\/categories?post=79702"},{"taxonomy":"post_tag","embeddable":true,"href":"https:\/\/www.oarcanjo.net\/site\/wp-json\/wp\/v2\/tags?post=79702"}],"curies":[{"name":"wp","href":"https:\/\/api.w.org\/{rel}","templated":true}]}}