
{"id":79737,"date":"2017-03-05T13:39:29","date_gmt":"2017-03-05T16:39:29","guid":{"rendered":"http:\/\/www.oarcanjo.net\/site\/?p=79737"},"modified":"2017-03-18T13:40:24","modified_gmt":"2017-03-18T16:40:24","slug":"tempo-de-exercitar-a-liberdade","status":"publish","type":"post","link":"https:\/\/www.oarcanjo.net\/site\/tempo-de-exercitar-a-liberdade\/","title":{"rendered":"Tempo de exercitar a liberdade"},"content":{"rendered":"<p>Maria Clara Bingemer<\/p>\n<p>Talvez uma das palavras mais importantes nos dias que vivemos seja liberdade. Todos a usam, todos a desejam, todos pensam viv\u00ea-la. E, no entanto, \u00e9 talvez uma das palavras que mais se presta a equ\u00edvocos.<\/p>\n<p>Iniciamos o tempo da Quaresma. Tempo de convers\u00e3o, de voltar \u00e0s ra\u00edzes da op\u00e7\u00e3o fundamental. Tempo de apalpar de novo com paix\u00e3o o sentido da vida escolhido e, \u00e0s vezes, desgastado, esquecido, negligenciado. Tempo de, mais que nada, exercitar a liberdade e torn\u00e1-la op\u00e7\u00e3o vital e vivida, superando a cada passo ambiguidades e distor\u00e7\u00f5es.<\/p>\n<p>Diante de uma multiplicidade de op\u00e7\u00f5es, somos livres para escolher. Livres de uma liberdade que se testa na clivagem e no laborat\u00f3rio da vida individual de cada um. Trata-se de uma liberdade que depende da multiplicidade de possibilidades. E que vive e se multiplica quanto mais essa multiplicidade de possibilidades \u00e9 mantida. Por isso, paradoxalmente, pode tornar-se uma liberdade vazia e enganosa, uma vez que n\u00e3o se tem a coragem de colocar uma possibilidade acima das outras: escolher uma significa rejeitar outras e isso n\u00e3o entra na din\u00e2mica do jogo do consumo e da volatilidade de nossa sociedade. Em outras palavras, selecionar, rejeitar, cancelar, nada disso est\u00e1 previsto como parte do processo. Como diz lapidarmente Bauman, \u201ccomo no caso dos signos, que t\u00eam chances de comunicar-se na medida em que permane\u00e7am livres de significados, a ess\u00eancia da escolha livre \u00e9 o esfor\u00e7o para abolir a escolha.\u201d<\/p>\n<p>O \u00edmpeto de um desejo de consumo estimulado por um raio de oferta sempre maior torna ent\u00e3o a autogratifica\u00e7\u00e3o, a satisfa\u00e7\u00e3o, imposs\u00edveis. Decidir come\u00e7a a se tornar algo extremamente dif\u00edcil e quase imposs\u00edvel porque significa renunciar a outras possibilidades para escolher uma; ou escolher uma para ser colocada acima das outras. Vivemos escravizados sob uma \u201ctirania de possibilidades\u201d que nos acossa constantemente, multiplicando as ofertas diante de n\u00f3s, sem deixar-nos espa\u00e7o de liberdade para escolher, dizer que sim ou que n\u00e3o.<\/p>\n<p>Muitas vezes queremos dizer sim sem dizer n\u00e3o, deixando todas as op\u00e7\u00f5es em aberto. Isso acontece no ato de consumir bens perec\u00edveis ou vol\u00e1teis, mas tamb\u00e9m nas escolhas afetivas e nas op\u00e7\u00f5es de vida. Em um momento diz-se sim ao casamento, ou \u00e0 entrada em um estado de vida, ou a uma profiss\u00e3o, a uma voca\u00e7\u00e3o. Ou \u00e0 maternidade ou \u00e0 paternidade. Mas deixa-se interiormente a porta aberta para outras op\u00e7\u00f5es que vir\u00e3o mais tarde. Todos os relacionamentos, empregos, casas, carreiras, voca\u00e7\u00f5es, parecem ter datas de validade e prazos de vencimento.<\/p>\n<p>N\u00e3o \u00e9 \u00e0 toa que a etimologia das palavras \u201cdecidir\u201d e \u201c decis\u00e3o\u201d fala de corte, separa\u00e7\u00e3o. Toda escolha que implica uma decis\u00e3o tem que apreciar uma pluralidade de possibilidades e caminhos e \u201ccindir\u201d, cortar as restantes para permanecer com uma. H\u00e1 que separar cortando, ainda que a duros golpes para que haja realmente escolha e decis\u00e3o. Talvez seja preciso cortar na carne. Pois que seja, se assim o pede a fidelidade a uma liberdade que abre sempre mais para um horizonte sempre mais amplo.<\/p>\n<p>\u00c0s vezes acreditamos que decidimos bem, mas devido a uma s\u00e9rie de correntes que se movem dentro de n\u00f3s e nos arrastam, nossos caminhos podem ser desviados para portos que n\u00e3o hav\u00edamos escolhido. E aqui est\u00e3o em jogo n\u00e3o apenas as grandes op\u00e7\u00f5es, mas a qualidade de nossas vidas cotidianas, que podem inadvertidamente ser desvalorizadas pela din\u00e2mica da cultura que se instalou em n\u00f3s.<\/p>\n<p>Como diz K. Gergen, \u201cnossa pessoa, nosso \u201ceu\u201d saturado de informa\u00e7\u00f5es, de propostas de consumo, de possibilidades diferentes de organizar a vida, de rela\u00e7\u00f5es reais ou virtuais, de ofertas de todos os estilos, vai se convertendo em um \u201ceu \u201ccolonizado. Quando se nos apresenta uma situa\u00e7\u00e3o nova, j\u00e1 temos uma infinidade de respostas poss\u00edveis arquivadas dentro de n\u00f3s\u201d. E o resultado \u00e9 que n\u00e3o conseguimos exercitar plenamente a nossa liberdade.<\/p>\n<p>A Quaresma deseja chamar-nos a isso, facilitar-nos esse tempo qualitativo de exerc\u00edcio da liberdade. Enquanto caminhamos em dire\u00e7\u00e3o \u00e0 P\u00e1scoa do Senhor, somos chamados a olhar nossos h\u00e1bitos, nossas escolhas, nossas decis\u00f5es. E a rev\u00ea-las em um exerc\u00edcio de honestidade, iluminado pela f\u00e9 e pelo amor.<\/p>\n<p>Que esse tempo nos fa\u00e7a mais livres. E mais dispostos a exercitar essa liberdade. Santa Quaresma para todos e todas.<\/p>\n<div id=\"themify_builder_content-79737\" data-postid=\"79737\" class=\"themify_builder_content themify_builder_content-79737 themify_builder themify_builder_front\">\n\t<\/div>\n<!-- \/themify_builder_content -->","protected":false},"excerpt":{"rendered":"<p>Maria Clara Bingemer Talvez uma das palavras mais importantes nos dias que vivemos seja liberdade. Todos a usam, todos a desejam, todos pensam viv\u00ea-la. E, no entanto, \u00e9 talvez uma das palavras que mais se presta a equ\u00edvocos. Iniciamos o tempo da Quaresma. Tempo de convers\u00e3o, de voltar \u00e0s ra\u00edzes da op\u00e7\u00e3o fundamental. Tempo de [&hellip;]<\/p>\n","protected":false},"author":5,"featured_media":0,"comment_status":"open","ping_status":"open","sticky":false,"template":"","format":"standard","meta":{"ngg_post_thumbnail":0,"footnotes":""},"categories":[9],"tags":[],"yoast_head":"<!-- This site is optimized with the Yoast SEO plugin v23.5 - https:\/\/yoast.com\/wordpress\/plugins\/seo\/ -->\n<title>Tempo de exercitar a liberdade - O Arcanjo no ar<\/title>\n<meta name=\"robots\" content=\"index, follow, max-snippet:-1, max-image-preview:large, max-video-preview:-1\" \/>\n<link rel=\"canonical\" href=\"https:\/\/www.oarcanjo.net\/site\/tempo-de-exercitar-a-liberdade\/\" \/>\n<meta property=\"og:locale\" content=\"pt_BR\" \/>\n<meta property=\"og:type\" content=\"article\" \/>\n<meta property=\"og:title\" content=\"Tempo de exercitar a liberdade - O Arcanjo no ar\" \/>\n<meta property=\"og:description\" content=\"Maria Clara Bingemer Talvez uma das palavras mais importantes nos dias que vivemos seja liberdade. Todos a usam, todos a desejam, todos pensam viv\u00ea-la. E, no entanto, \u00e9 talvez uma das palavras que mais se presta a equ\u00edvocos. Iniciamos o tempo da Quaresma. Tempo de convers\u00e3o, de voltar \u00e0s ra\u00edzes da op\u00e7\u00e3o fundamental. Tempo de [&hellip;]\" \/>\n<meta property=\"og:url\" content=\"https:\/\/www.oarcanjo.net\/site\/tempo-de-exercitar-a-liberdade\/\" \/>\n<meta property=\"og:site_name\" content=\"O Arcanjo no ar\" \/>\n<meta property=\"article:publisher\" content=\"https:\/\/www.facebook.com\/OArcanjoNoAr\/\" \/>\n<meta property=\"article:published_time\" content=\"2017-03-05T16:39:29+00:00\" \/>\n<meta property=\"article:modified_time\" content=\"2017-03-18T16:40:24+00:00\" \/>\n<meta property=\"og:image\" content=\"https:\/\/www.oarcanjo.net\/site\/wp-content\/uploads\/logo-o-arcanjo-no-ar-facebook.png\" \/>\n\t<meta property=\"og:image:width\" content=\"300\" \/>\n\t<meta property=\"og:image:height\" content=\"300\" \/>\n\t<meta property=\"og:image:type\" content=\"image\/png\" \/>\n<meta name=\"author\" content=\"editor\" \/>\n<meta name=\"twitter:card\" content=\"summary_large_image\" \/>\n<meta name=\"twitter:label1\" content=\"Escrito por\" \/>\n\t<meta name=\"twitter:data1\" content=\"editor\" \/>\n\t<meta name=\"twitter:label2\" content=\"Est. tempo de leitura\" \/>\n\t<meta name=\"twitter:data2\" content=\"4 minutos\" \/>\n<script type=\"application\/ld+json\" class=\"yoast-schema-graph\">{\"@context\":\"https:\/\/schema.org\",\"@graph\":[{\"@type\":\"Article\",\"@id\":\"https:\/\/www.oarcanjo.net\/site\/tempo-de-exercitar-a-liberdade\/#article\",\"isPartOf\":{\"@id\":\"https:\/\/www.oarcanjo.net\/site\/tempo-de-exercitar-a-liberdade\/\"},\"author\":{\"name\":\"editor\",\"@id\":\"https:\/\/www.oarcanjo.net\/site\/#\/schema\/person\/f7024d007863202483a31326673a0838\"},\"headline\":\"Tempo de exercitar a liberdade\",\"datePublished\":\"2017-03-05T16:39:29+00:00\",\"dateModified\":\"2017-03-18T16:40:24+00:00\",\"mainEntityOfPage\":{\"@id\":\"https:\/\/www.oarcanjo.net\/site\/tempo-de-exercitar-a-liberdade\/\"},\"wordCount\":756,\"commentCount\":1,\"publisher\":{\"@id\":\"https:\/\/www.oarcanjo.net\/site\/#organization\"},\"articleSection\":[\"Reflex\u00f5es\"],\"inLanguage\":\"pt-BR\",\"potentialAction\":[{\"@type\":\"CommentAction\",\"name\":\"Comment\",\"target\":[\"https:\/\/www.oarcanjo.net\/site\/tempo-de-exercitar-a-liberdade\/#respond\"]}]},{\"@type\":\"WebPage\",\"@id\":\"https:\/\/www.oarcanjo.net\/site\/tempo-de-exercitar-a-liberdade\/\",\"url\":\"https:\/\/www.oarcanjo.net\/site\/tempo-de-exercitar-a-liberdade\/\",\"name\":\"Tempo de exercitar a liberdade - O Arcanjo no ar\",\"isPartOf\":{\"@id\":\"https:\/\/www.oarcanjo.net\/site\/#website\"},\"datePublished\":\"2017-03-05T16:39:29+00:00\",\"dateModified\":\"2017-03-18T16:40:24+00:00\",\"breadcrumb\":{\"@id\":\"https:\/\/www.oarcanjo.net\/site\/tempo-de-exercitar-a-liberdade\/#breadcrumb\"},\"inLanguage\":\"pt-BR\",\"potentialAction\":[{\"@type\":\"ReadAction\",\"target\":[\"https:\/\/www.oarcanjo.net\/site\/tempo-de-exercitar-a-liberdade\/\"]}]},{\"@type\":\"BreadcrumbList\",\"@id\":\"https:\/\/www.oarcanjo.net\/site\/tempo-de-exercitar-a-liberdade\/#breadcrumb\",\"itemListElement\":[{\"@type\":\"ListItem\",\"position\":1,\"name\":\"In\u00edcio\",\"item\":\"https:\/\/www.oarcanjo.net\/site\/\"},{\"@type\":\"ListItem\",\"position\":2,\"name\":\"Tempo de exercitar a liberdade\"}]},{\"@type\":\"WebSite\",\"@id\":\"https:\/\/www.oarcanjo.net\/site\/#website\",\"url\":\"https:\/\/www.oarcanjo.net\/site\/\",\"name\":\"O Arcanjo no ar\",\"description\":\"Site da Par\u00f3quia S\u00e3o Miguel Arcanjo (Arquidiocese de SP)\",\"publisher\":{\"@id\":\"https:\/\/www.oarcanjo.net\/site\/#organization\"},\"potentialAction\":[{\"@type\":\"SearchAction\",\"target\":{\"@type\":\"EntryPoint\",\"urlTemplate\":\"https:\/\/www.oarcanjo.net\/site\/?s={search_term_string}\"},\"query-input\":{\"@type\":\"PropertyValueSpecification\",\"valueRequired\":true,\"valueName\":\"search_term_string\"}}],\"inLanguage\":\"pt-BR\"},{\"@type\":\"Organization\",\"@id\":\"https:\/\/www.oarcanjo.net\/site\/#organization\",\"name\":\"Par\u00f3quia S\u00e3o Miguel Arcanjo\",\"url\":\"https:\/\/www.oarcanjo.net\/site\/\",\"logo\":{\"@type\":\"ImageObject\",\"inLanguage\":\"pt-BR\",\"@id\":\"https:\/\/www.oarcanjo.net\/site\/#\/schema\/logo\/image\/\",\"url\":\"https:\/\/www.oarcanjo.net\/site\/wp-content\/uploads\/LogoOArcanjo.png\",\"contentUrl\":\"https:\/\/www.oarcanjo.net\/site\/wp-content\/uploads\/LogoOArcanjo.png\",\"width\":319,\"height\":99,\"caption\":\"Par\u00f3quia S\u00e3o Miguel Arcanjo\"},\"image\":{\"@id\":\"https:\/\/www.oarcanjo.net\/site\/#\/schema\/logo\/image\/\"},\"sameAs\":[\"https:\/\/www.facebook.com\/OArcanjoNoAr\/\"]},{\"@type\":\"Person\",\"@id\":\"https:\/\/www.oarcanjo.net\/site\/#\/schema\/person\/f7024d007863202483a31326673a0838\",\"name\":\"editor\",\"sameAs\":[\"http:\/\/www.oarcanjo.net\"]}]}<\/script>\n<!-- \/ Yoast SEO plugin. -->","yoast_head_json":{"title":"Tempo de exercitar a liberdade - O Arcanjo no ar","robots":{"index":"index","follow":"follow","max-snippet":"max-snippet:-1","max-image-preview":"max-image-preview:large","max-video-preview":"max-video-preview:-1"},"canonical":"https:\/\/www.oarcanjo.net\/site\/tempo-de-exercitar-a-liberdade\/","og_locale":"pt_BR","og_type":"article","og_title":"Tempo de exercitar a liberdade - O Arcanjo no ar","og_description":"Maria Clara Bingemer Talvez uma das palavras mais importantes nos dias que vivemos seja liberdade. Todos a usam, todos a desejam, todos pensam viv\u00ea-la. E, no entanto, \u00e9 talvez uma das palavras que mais se presta a equ\u00edvocos. Iniciamos o tempo da Quaresma. Tempo de convers\u00e3o, de voltar \u00e0s ra\u00edzes da op\u00e7\u00e3o fundamental. Tempo de [&hellip;]","og_url":"https:\/\/www.oarcanjo.net\/site\/tempo-de-exercitar-a-liberdade\/","og_site_name":"O Arcanjo no ar","article_publisher":"https:\/\/www.facebook.com\/OArcanjoNoAr\/","article_published_time":"2017-03-05T16:39:29+00:00","article_modified_time":"2017-03-18T16:40:24+00:00","og_image":[{"width":300,"height":300,"url":"https:\/\/www.oarcanjo.net\/site\/wp-content\/uploads\/logo-o-arcanjo-no-ar-facebook.png","type":"image\/png"}],"author":"editor","twitter_card":"summary_large_image","twitter_misc":{"Escrito por":"editor","Est. tempo de leitura":"4 minutos"},"schema":{"@context":"https:\/\/schema.org","@graph":[{"@type":"Article","@id":"https:\/\/www.oarcanjo.net\/site\/tempo-de-exercitar-a-liberdade\/#article","isPartOf":{"@id":"https:\/\/www.oarcanjo.net\/site\/tempo-de-exercitar-a-liberdade\/"},"author":{"name":"editor","@id":"https:\/\/www.oarcanjo.net\/site\/#\/schema\/person\/f7024d007863202483a31326673a0838"},"headline":"Tempo de exercitar a liberdade","datePublished":"2017-03-05T16:39:29+00:00","dateModified":"2017-03-18T16:40:24+00:00","mainEntityOfPage":{"@id":"https:\/\/www.oarcanjo.net\/site\/tempo-de-exercitar-a-liberdade\/"},"wordCount":756,"commentCount":1,"publisher":{"@id":"https:\/\/www.oarcanjo.net\/site\/#organization"},"articleSection":["Reflex\u00f5es"],"inLanguage":"pt-BR","potentialAction":[{"@type":"CommentAction","name":"Comment","target":["https:\/\/www.oarcanjo.net\/site\/tempo-de-exercitar-a-liberdade\/#respond"]}]},{"@type":"WebPage","@id":"https:\/\/www.oarcanjo.net\/site\/tempo-de-exercitar-a-liberdade\/","url":"https:\/\/www.oarcanjo.net\/site\/tempo-de-exercitar-a-liberdade\/","name":"Tempo de exercitar a liberdade - O Arcanjo no ar","isPartOf":{"@id":"https:\/\/www.oarcanjo.net\/site\/#website"},"datePublished":"2017-03-05T16:39:29+00:00","dateModified":"2017-03-18T16:40:24+00:00","breadcrumb":{"@id":"https:\/\/www.oarcanjo.net\/site\/tempo-de-exercitar-a-liberdade\/#breadcrumb"},"inLanguage":"pt-BR","potentialAction":[{"@type":"ReadAction","target":["https:\/\/www.oarcanjo.net\/site\/tempo-de-exercitar-a-liberdade\/"]}]},{"@type":"BreadcrumbList","@id":"https:\/\/www.oarcanjo.net\/site\/tempo-de-exercitar-a-liberdade\/#breadcrumb","itemListElement":[{"@type":"ListItem","position":1,"name":"In\u00edcio","item":"https:\/\/www.oarcanjo.net\/site\/"},{"@type":"ListItem","position":2,"name":"Tempo de exercitar a liberdade"}]},{"@type":"WebSite","@id":"https:\/\/www.oarcanjo.net\/site\/#website","url":"https:\/\/www.oarcanjo.net\/site\/","name":"O Arcanjo no ar","description":"Site da Par\u00f3quia S\u00e3o Miguel Arcanjo (Arquidiocese de SP)","publisher":{"@id":"https:\/\/www.oarcanjo.net\/site\/#organization"},"potentialAction":[{"@type":"SearchAction","target":{"@type":"EntryPoint","urlTemplate":"https:\/\/www.oarcanjo.net\/site\/?s={search_term_string}"},"query-input":{"@type":"PropertyValueSpecification","valueRequired":true,"valueName":"search_term_string"}}],"inLanguage":"pt-BR"},{"@type":"Organization","@id":"https:\/\/www.oarcanjo.net\/site\/#organization","name":"Par\u00f3quia S\u00e3o Miguel Arcanjo","url":"https:\/\/www.oarcanjo.net\/site\/","logo":{"@type":"ImageObject","inLanguage":"pt-BR","@id":"https:\/\/www.oarcanjo.net\/site\/#\/schema\/logo\/image\/","url":"https:\/\/www.oarcanjo.net\/site\/wp-content\/uploads\/LogoOArcanjo.png","contentUrl":"https:\/\/www.oarcanjo.net\/site\/wp-content\/uploads\/LogoOArcanjo.png","width":319,"height":99,"caption":"Par\u00f3quia S\u00e3o Miguel Arcanjo"},"image":{"@id":"https:\/\/www.oarcanjo.net\/site\/#\/schema\/logo\/image\/"},"sameAs":["https:\/\/www.facebook.com\/OArcanjoNoAr\/"]},{"@type":"Person","@id":"https:\/\/www.oarcanjo.net\/site\/#\/schema\/person\/f7024d007863202483a31326673a0838","name":"editor","sameAs":["http:\/\/www.oarcanjo.net"]}]}},"publishpress_future_action":{"enabled":false,"date":"2026-05-08 22:53:38","action":"category","newStatus":"draft","terms":[],"taxonomy":"category"},"publishpress_future_workflow_manual_trigger":{"enabledWorkflows":[]},"_links":{"self":[{"href":"https:\/\/www.oarcanjo.net\/site\/wp-json\/wp\/v2\/posts\/79737"}],"collection":[{"href":"https:\/\/www.oarcanjo.net\/site\/wp-json\/wp\/v2\/posts"}],"about":[{"href":"https:\/\/www.oarcanjo.net\/site\/wp-json\/wp\/v2\/types\/post"}],"author":[{"embeddable":true,"href":"https:\/\/www.oarcanjo.net\/site\/wp-json\/wp\/v2\/users\/5"}],"replies":[{"embeddable":true,"href":"https:\/\/www.oarcanjo.net\/site\/wp-json\/wp\/v2\/comments?post=79737"}],"version-history":[{"count":0,"href":"https:\/\/www.oarcanjo.net\/site\/wp-json\/wp\/v2\/posts\/79737\/revisions"}],"wp:attachment":[{"href":"https:\/\/www.oarcanjo.net\/site\/wp-json\/wp\/v2\/media?parent=79737"}],"wp:term":[{"taxonomy":"category","embeddable":true,"href":"https:\/\/www.oarcanjo.net\/site\/wp-json\/wp\/v2\/categories?post=79737"},{"taxonomy":"post_tag","embeddable":true,"href":"https:\/\/www.oarcanjo.net\/site\/wp-json\/wp\/v2\/tags?post=79737"}],"curies":[{"name":"wp","href":"https:\/\/api.w.org\/{rel}","templated":true}]}}