
{"id":7974,"date":"2019-02-23T00:49:36","date_gmt":"2019-02-23T03:49:36","guid":{"rendered":"http:\/\/www.oarcanjo.net\/site\/?p=7974"},"modified":"2019-02-20T08:04:18","modified_gmt":"2019-02-20T11:04:18","slug":"sao-policarpo-de-esmirna","status":"publish","type":"post","link":"https:\/\/www.oarcanjo.net\/site\/sao-policarpo-de-esmirna\/","title":{"rendered":"S\u00e3o Policarpo de Esmirna"},"content":{"rendered":"<p><img decoding=\"async\" src=\"http:\/\/ipaodavida.net\/images\/Policarpo.JPG\" alt=\"\" \/><\/p>\n<p>23 de Fevereiro<\/p>\n<p>Nascido em uma fam\u00edlia crist\u00e3 da alta burguesia no ano 69, em Esmirna, \u00c1sia Menor, atual Turquia. Os registros sobre sua vida nos foram transmitidos pelo seu bi\u00f3grafo e disc\u00edpulo predileto, Irineu, venerado como o &#8220;Ap\u00f3stolo da Fran\u00e7a&#8221; e sucessor de Tim\u00f3teo em Lion. Policarpo foi disc\u00edpulo do ap\u00f3stolo Jo\u00e3o, e teve a oportunidade de conhecer outros ap\u00f3stolos que conviveram com o Mestre. Ele se tornou um exemplo \u00edntegro de f\u00e9 e vida, sendo respeitado inclusive pelos advers\u00e1rios. Dezesseis anos depois, Policarpo foi escolhido e consagrado para ser o bispo de Esmirna para a \u00c1sia Menor, pelo pr\u00f3prio ap\u00f3stolo Jo\u00e3o, o Evangelista.<\/p>\n<p>Foi amigo de f\u00e9 e pessoal de In\u00e1cio Antioquia, que esteve em sua casa durante seu trajeto para o mart\u00edrio romano em 107. Este escreveu cartas para Policarpo e para a Igreja de Esmirna, antes de morrer, enaltecendo as qualidades do zeloso bispo. No governo do papa Aniceto, Policarpo visitou Roma, representando as igrejas da \u00c1sia para discutirem sobre a mudan\u00e7a da festa da P\u00e1scoa, comemorada em dias diferentes no Oriente e Ocidente. Apesar de n\u00e3o chegarem a um ac\u00f4rdo, se despediram celebrando juntos a liturgia, demonstrando uni\u00e3o na f\u00e9, que n\u00e3o se abalou pela diverg\u00eancia nas quest\u00f5es disciplinares.<\/p>\n<p>Ao contr\u00e1rio de In\u00e1cio, Policarpo n\u00e3o estava interessado em administra\u00e7\u00e3o eclesi\u00e1stica, mas em fortalecer a f\u00e9 do seu rebanho. Ele escreveu v\u00e1rias cartas, por\u00e9m a \u00fanica que se preservou at\u00e9 hoje foi a endere\u00e7ada aos filipenses no ano 110. Nela, Policarpo exaltou a f\u00e9 em Cristo, a ser confirmada no trabalho di\u00e1rio e na vida dos crist\u00e3os. Tamb\u00e9m citou a Carta de Paulo aos filipenses, o Evangelho, e repetiu as muitas informa\u00e7\u00f5es que recebera dos ap\u00f3stolos, especialmente de Jo\u00e3o. Por isto, a Igreja o considera &#8220;Padre Apost\u00f3lico&#8221;, como foram classificados os primeiros disc\u00edpulos dos ap\u00f3stolos.<\/p>\n<p>Durante a persegui\u00e7\u00e3o de Marco Aur\u00e9lio, Policarpo teve uma vis\u00e3o do mart\u00edrio que o esperava, tr\u00eas dias antes de ser preso. Avisou aos amigos que seria morto pelo fogo. Estava em ora\u00e7\u00e3o quando foi preso e levado ao tribunal. Diante da insist\u00eancia do pro c\u00f4nsul Est\u00e1cio Quadrado para que renegasse a Cristo, Policarpo disse: &#8220;Eu tenho servido Cristo por 86 anos e ele nunca me fez nada de mal. Como posso blasfemar contra meu Redentor? Ou\u00e7a bem claro: eu sou crist\u00e3o&#8221;! Foi condenado e ele mesmo subiu na fogueira e testemunhou para o povo: &#8220;Sede bendito para sempre, \u00f3 Senhor; que o vosso nome ador\u00e1vel seja glorificado por todos os s\u00e9culos&#8221;. Mas a profecia de Policarpo n\u00e3o se cumpriu: contam os escritos que, mesmo com a fogueira queimando sob ele e \u00e0 sua volta, o fogo n\u00e3o o atingiu.<\/p>\n<p><img decoding=\"async\" src=\"http:\/\/3.bp.blogspot.com\/_fOF21_klJnM\/SwDW21FZHMI\/AAAAAAAABK8\/ahJ27cMGW9U\/s1600\/martirio.jpg\" alt=\"\" \/><img decoding=\"async\" src=\"http:\/\/www.oremosjuntos.com\/Santoral\/San_Policarpo__obispo_y_martir_270x428.jpg\" alt=\"\" \/><\/p>\n<p>O mart\u00edrio de Policarpo<br \/>\nO dia estava quente. As autoridades de Esmirna procuravam Policarpo, o respeitado bispo da cidade. Elas j\u00e1 haviam levado outros crist\u00e3os \u00e0 morte na arena. Agora, uma multid\u00e3o exigia a morte do l\u00edder.<br \/>\nPolicarpo sa\u00edra da cidade e se escondera na propriedade de alguns amigos, no interior. Quando os soldados entraram, ele fugiu para outra propriedade. Embora o idoso bispo n\u00e3o tivesse medo da morte e quisesse permanecer na cidade, seus amigos insistiram em que se escondesse, talvez com temor de que sua morte pudesse desmoralizar a igreja. Se esse era o caso, estavam completamente equivocados.<br \/>\nQuando os soldados alcan\u00e7aram a primeira fazenda, torturaram um menino escravo para que revelasse o paradeiro de Policarpo. Assim, apressaram-se, bem armados, para prender o bispo. Embora tivesse tempo para escapar, Policarpo se recusou a agir assim. &#8220;Que a vontade de Deus seja feita&#8221;, decidiu. Em vez de fugir, deu as boas-vindas aos seus captores, ofereceu-lhes comida e pediu permiss\u00e3o para passar um momento sozinho em ora\u00e7\u00e3o. Policarpo orou durante duas horas.<br \/>\nAlguns dos que ali estavam com a finalidade de prend\u00ea-lo pareciam arrependidos por prender um homem t\u00e3o simp\u00e1tico. No caminho de volta a Esmirna, o chefe da guarda tentou argumentar com Policarpo: &#8220;Que problema h\u00e1 em dizer &#8216;C\u00e9sar \u00e9 senhor&#8217; e acender incenso?&#8221;.<br \/>\nPolicarpo calmamente disse que n\u00e3o faria isso.<br \/>\nAs autoridades romanas desenvolveram a id\u00e9ia de que o esp\u00edrito (ou o &#8220;g\u00eanio&#8221;) do imperador (C\u00e9sar) era divino. A maioria dos romanos, por causa de seu pante\u00e3o, n\u00e3o tinha problema em prestar culto ao imperador, pois entendia a situa\u00e7\u00e3o como quest\u00e3o de lealdade nacional. Por\u00e9m, os crist\u00e3os sabiam que isso era idolatria.<br \/>\nPelo fato de os crist\u00e3os se recusarem a adorar o imperador ou os outros deuses de Roma e adorar Cristo de maneira silenciosa e secreta em seus lares, a maioria das pessoas achava que eles n\u00e3o tinham f\u00e9. &#8220;Fora com os ateus!&#8221;, gritavam os habitantes de Esmirna, enquanto buscavam os crist\u00e3os para prend\u00ea-los. Como sabiam apenas que os crist\u00e3os n\u00e3o participavam dos muitos festivais pagaos e n\u00e3o ofereciam os sacrif\u00edcios comuns, a multid\u00e3o atacava o grupo considerado \u00edmpio e sem p\u00e1tria.<br \/>\nEnt\u00e3o, Policarpo entrou em uma arena cheia de pessoas enfurecidas. O proc\u00f3nsul romano parecia respeitar a idade do bispo. Como Pilatos, queria evitar uma cena horr\u00edvel, se fosse poss\u00edvel. Se Policarpo apenas oferecesse um sacrif\u00edcio, todos poderiam ir para casa.<br \/>\n\u2014 Respeito sua idade, velho homem \u2014 implorou o proc\u00f3nsul.<br \/>\n\u2014 Jure pela felicidade de C\u00e9sar. Mude de id\u00e9ia. Diga &#8220;Fora com os ateus!&#8221;.<br \/>\nO proc\u00f3nsul obviamente queria que Policarpo salvasse a vida ao separar-se daqueles &#8220;ateus&#8221;, os crist\u00e3os. Ele, por\u00e9m, simplesmente olhou para a multid\u00e3o zombadora, levantou a m\u00e3o na dire\u00e7\u00e3o deles e disse:<br \/>\n\u2014 Fora com os ateus!<br \/>\nO proc\u00f3nsul tentou outra vez:<br \/>\n\u2014 Fa\u00e7a o juramento e eu o libertarei. Amaldi\u00e7oe Cristo!<br \/>\nO bispo se manteve firme.<br \/>\n\u2014 Por 86 anos servi a Cristo, e ele nunca me fez qualquer mal. Como poderia blasfemar contra meu Rei, que me salvou?<br \/>\nA tradi\u00e7\u00e3o diz que Policarpo estudou com o ap\u00f3stolo Jo\u00e3o. Se isso foi realmente verdade, ele era, provavelmente, o \u00faltimo elo vivo com a igreja apost\u00f3lica. Cerca de quarenta anos antes, quando Policarpo come\u00e7ou seu minist\u00e9rio como bispo, In\u00e1cio, um dos pais da igreja, escreveu a ele uma carta especial. Policarpo escreveu, de pr\u00f3prio punho, uma carta aos filipenses. Embora n\u00e3o seja especialmente brilhante e original, essa carta fala sobre as verdades que ele aprendeu com seus mestres. Policarpo n\u00e3o fazia exegese de textos do Antigo Testamento, como os estudiosos crist\u00e3os posteriores, mas citava os ap\u00f3stolos e os outros l\u00edderes da igreja para exortar os filipenses.<br \/>\nCerca de um ano antes do mart\u00edrio, Policarpo foi a Roma para acertar algumas diferen\u00e7as quanto \u00e0 data da P\u00e1scoa com o bispo daquela cidade. Uma hist\u00f3ria diz que, nessa cidade, ele debateu com o herege Mar-ci\u00e3o, a quem chamava &#8220;o primog\u00eanito de Satan\u00e1s&#8221;. Diz-se que diversos seguidores de Marci\u00e3o se converteram com sua exposi\u00e7\u00e3o dos ensinamentos apost\u00f3licos.<br \/>\nEste era o papel de Policarpo: ser uma testemunha fiel. L\u00edderes posteriores apresentariam sa\u00eddas criativas diante de situa\u00e7\u00f5es em constante muta\u00e7\u00e3o, mas a era de Policarpo requeria apenas fidelidade. ? ele foi fiel at\u00e9 a morte.<br \/>\nNa arena, a argumenta\u00e7\u00e3o continuava entre o bispo e o proc\u00f3nsul. Em certo momento, Policarpo admoestou seu inquisidor: &#8220;Se voc\u00ea [&#8230;] finge que n\u00e3o sabe quem sou, ou\u00e7a bem: sou um crist\u00e3o. Se voc\u00ea quer aprender sobre o cristianismo, separe um dia e me conceda uma audi\u00eancia&#8221;. O proc\u00f3nsul amea\u00e7ou jog\u00e1-lo \u00e0s feras.<br \/>\nPolicarpo disse: &#8220;Pois chame-as. Se isto fosse uma mudan\u00e7a do mal para o bem, eu a consideraria, mas n\u00e3o posso admitir uma mudan\u00e7a do melhor para o pior&#8221;.<br \/>\nAmea\u00e7ado pelo fogo, Policarpo reagiu: &#8220;Seu fogo poder\u00e1 queimar por uma hora, mas depois se extinguir\u00e1; mas o fogo do julgamento por vir \u00e9 eterno&#8221;.<br \/>\nPor fim, anunciou-se que Policarpo n\u00e3o se retrataria. O povo de Es-mirna gritou: &#8220;Este \u00e9 o mestre da \u00c1sia, o pai dos crist\u00e3os, o destruidor de nossos deuses, que ensina o povo a n\u00e3o sacrificar e a n\u00e3o adorar!&#8221;.<br \/>\nO proc\u00f3nsul ordenou que o bispo fosse queimado.<br \/>\nPolicarpo foi amarrado a uma estaca, e o fogo foi ateado. Contudo, de acordo com testemunhas oculares, seu corpo n\u00e3o se consumia. Conforme o relato dessas testemunhas, ele &#8220;estava l\u00e1 no meio, n\u00e3o como carne em chamas, mas como um p\u00e3o sendo assado ou como o ouro e a prata sendo refinados em uma fornalha. Sentimos o suave aroma, semelhante ao de incenso, ou ao de outra especiaria preciosa&#8221;.<br \/>\nQuando um dos executores o perfurou com uma lan\u00e7a, o sangue que jorrou apagou o fogo.<br \/>\nEste relato foi repassado \u00e0s congrega\u00e7\u00f5es por todo o imp\u00e9rio. A igreja valorizou esses relatos e come\u00e7ou a celebrar a vida e a morte de seus m\u00e1rtires, chegando a coletar seus ossos e outras rel\u00edquias. Em 23 de fevereiro, todos os anos, comemoravam o &#8220;dia do nascimento&#8221; de Policarpo no Reino celestial.<br \/>\nNos 150 anos seguintes, \u00e0 medida que centenas de outros m\u00e1rtires caminharam fielmente para a morte, muitos foram fortalecidos pelos relatos do testemunho fiel do bispo de Esmirna.<\/p>\n<div id=\"themify_builder_content-7974\" data-postid=\"7974\" class=\"themify_builder_content themify_builder_content-7974 themify_builder themify_builder_front\">\n\t<\/div>\n<!-- \/themify_builder_content -->","protected":false},"excerpt":{"rendered":"<p>23 de Fevereiro Nascido em uma fam\u00edlia crist\u00e3 da alta burguesia no ano 69, em Esmirna, \u00c1sia Menor, atual Turquia. Os registros sobre sua vida nos foram transmitidos pelo seu bi\u00f3grafo e disc\u00edpulo predileto, Irineu, venerado como o &#8220;Ap\u00f3stolo da Fran\u00e7a&#8221; e sucessor de Tim\u00f3teo em Lion. Policarpo foi disc\u00edpulo do ap\u00f3stolo Jo\u00e3o, e teve [&hellip;]<\/p>\n","protected":false},"author":14,"featured_media":0,"comment_status":"open","ping_status":"open","sticky":false,"template":"","format":"standard","meta":{"ngg_post_thumbnail":0,"footnotes":""},"categories":[186],"tags":[],"yoast_head":"<!-- This site is optimized with the Yoast SEO plugin v23.5 - https:\/\/yoast.com\/wordpress\/plugins\/seo\/ -->\n<title>S\u00e3o Policarpo de Esmirna - O Arcanjo no ar<\/title>\n<meta name=\"robots\" content=\"index, follow, max-snippet:-1, max-image-preview:large, max-video-preview:-1\" \/>\n<link rel=\"canonical\" href=\"https:\/\/www.oarcanjo.net\/site\/sao-policarpo-de-esmirna\/\" \/>\n<meta property=\"og:locale\" content=\"pt_BR\" \/>\n<meta property=\"og:type\" content=\"article\" \/>\n<meta property=\"og:title\" content=\"S\u00e3o Policarpo de Esmirna - O Arcanjo no ar\" \/>\n<meta property=\"og:description\" content=\"23 de Fevereiro Nascido em uma fam\u00edlia crist\u00e3 da alta burguesia no ano 69, em Esmirna, \u00c1sia Menor, atual Turquia. Os registros sobre sua vida nos foram transmitidos pelo seu bi\u00f3grafo e disc\u00edpulo predileto, Irineu, venerado como o &#8220;Ap\u00f3stolo da Fran\u00e7a&#8221; e sucessor de Tim\u00f3teo em Lion. Policarpo foi disc\u00edpulo do ap\u00f3stolo Jo\u00e3o, e teve [&hellip;]\" \/>\n<meta property=\"og:url\" content=\"https:\/\/www.oarcanjo.net\/site\/sao-policarpo-de-esmirna\/\" \/>\n<meta property=\"og:site_name\" content=\"O Arcanjo no ar\" \/>\n<meta property=\"article:publisher\" content=\"https:\/\/www.facebook.com\/OArcanjoNoAr\/\" \/>\n<meta property=\"article:published_time\" content=\"2019-02-23T03:49:36+00:00\" \/>\n<meta property=\"article:modified_time\" content=\"2019-02-20T11:04:18+00:00\" \/>\n<meta property=\"og:image\" content=\"http:\/\/ipaodavida.net\/images\/Policarpo.JPG\" \/>\n<meta name=\"author\" content=\"danilo\" \/>\n<meta name=\"twitter:card\" content=\"summary_large_image\" \/>\n<meta name=\"twitter:label1\" content=\"Escrito por\" \/>\n\t<meta name=\"twitter:data1\" content=\"danilo\" \/>\n\t<meta name=\"twitter:label2\" content=\"Est. tempo de leitura\" \/>\n\t<meta name=\"twitter:data2\" content=\"8 minutos\" \/>\n<script type=\"application\/ld+json\" class=\"yoast-schema-graph\">{\"@context\":\"https:\/\/schema.org\",\"@graph\":[{\"@type\":\"Article\",\"@id\":\"https:\/\/www.oarcanjo.net\/site\/sao-policarpo-de-esmirna\/#article\",\"isPartOf\":{\"@id\":\"https:\/\/www.oarcanjo.net\/site\/sao-policarpo-de-esmirna\/\"},\"author\":{\"name\":\"danilo\",\"@id\":\"https:\/\/www.oarcanjo.net\/site\/#\/schema\/person\/5eb9480bedd2f3c97e430ce128c29c6c\"},\"headline\":\"S\u00e3o Policarpo de Esmirna\",\"datePublished\":\"2019-02-23T03:49:36+00:00\",\"dateModified\":\"2019-02-20T11:04:18+00:00\",\"mainEntityOfPage\":{\"@id\":\"https:\/\/www.oarcanjo.net\/site\/sao-policarpo-de-esmirna\/\"},\"wordCount\":1597,\"commentCount\":4,\"publisher\":{\"@id\":\"https:\/\/www.oarcanjo.net\/site\/#organization\"},\"image\":{\"@id\":\"https:\/\/www.oarcanjo.net\/site\/sao-policarpo-de-esmirna\/#primaryimage\"},\"thumbnailUrl\":\"http:\/\/ipaodavida.net\/images\/Policarpo.JPG\",\"articleSection\":[\"Testemunhos\"],\"inLanguage\":\"pt-BR\",\"potentialAction\":[{\"@type\":\"CommentAction\",\"name\":\"Comment\",\"target\":[\"https:\/\/www.oarcanjo.net\/site\/sao-policarpo-de-esmirna\/#respond\"]}]},{\"@type\":\"WebPage\",\"@id\":\"https:\/\/www.oarcanjo.net\/site\/sao-policarpo-de-esmirna\/\",\"url\":\"https:\/\/www.oarcanjo.net\/site\/sao-policarpo-de-esmirna\/\",\"name\":\"S\u00e3o Policarpo de Esmirna - O Arcanjo no ar\",\"isPartOf\":{\"@id\":\"https:\/\/www.oarcanjo.net\/site\/#website\"},\"primaryImageOfPage\":{\"@id\":\"https:\/\/www.oarcanjo.net\/site\/sao-policarpo-de-esmirna\/#primaryimage\"},\"image\":{\"@id\":\"https:\/\/www.oarcanjo.net\/site\/sao-policarpo-de-esmirna\/#primaryimage\"},\"thumbnailUrl\":\"http:\/\/ipaodavida.net\/images\/Policarpo.JPG\",\"datePublished\":\"2019-02-23T03:49:36+00:00\",\"dateModified\":\"2019-02-20T11:04:18+00:00\",\"breadcrumb\":{\"@id\":\"https:\/\/www.oarcanjo.net\/site\/sao-policarpo-de-esmirna\/#breadcrumb\"},\"inLanguage\":\"pt-BR\",\"potentialAction\":[{\"@type\":\"ReadAction\",\"target\":[\"https:\/\/www.oarcanjo.net\/site\/sao-policarpo-de-esmirna\/\"]}]},{\"@type\":\"ImageObject\",\"inLanguage\":\"pt-BR\",\"@id\":\"https:\/\/www.oarcanjo.net\/site\/sao-policarpo-de-esmirna\/#primaryimage\",\"url\":\"http:\/\/ipaodavida.net\/images\/Policarpo.JPG\",\"contentUrl\":\"http:\/\/ipaodavida.net\/images\/Policarpo.JPG\"},{\"@type\":\"BreadcrumbList\",\"@id\":\"https:\/\/www.oarcanjo.net\/site\/sao-policarpo-de-esmirna\/#breadcrumb\",\"itemListElement\":[{\"@type\":\"ListItem\",\"position\":1,\"name\":\"In\u00edcio\",\"item\":\"https:\/\/www.oarcanjo.net\/site\/\"},{\"@type\":\"ListItem\",\"position\":2,\"name\":\"S\u00e3o Policarpo de Esmirna\"}]},{\"@type\":\"WebSite\",\"@id\":\"https:\/\/www.oarcanjo.net\/site\/#website\",\"url\":\"https:\/\/www.oarcanjo.net\/site\/\",\"name\":\"O Arcanjo no ar\",\"description\":\"Site da Par\u00f3quia S\u00e3o Miguel Arcanjo (Arquidiocese de SP)\",\"publisher\":{\"@id\":\"https:\/\/www.oarcanjo.net\/site\/#organization\"},\"potentialAction\":[{\"@type\":\"SearchAction\",\"target\":{\"@type\":\"EntryPoint\",\"urlTemplate\":\"https:\/\/www.oarcanjo.net\/site\/?s={search_term_string}\"},\"query-input\":{\"@type\":\"PropertyValueSpecification\",\"valueRequired\":true,\"valueName\":\"search_term_string\"}}],\"inLanguage\":\"pt-BR\"},{\"@type\":\"Organization\",\"@id\":\"https:\/\/www.oarcanjo.net\/site\/#organization\",\"name\":\"Par\u00f3quia S\u00e3o Miguel Arcanjo\",\"url\":\"https:\/\/www.oarcanjo.net\/site\/\",\"logo\":{\"@type\":\"ImageObject\",\"inLanguage\":\"pt-BR\",\"@id\":\"https:\/\/www.oarcanjo.net\/site\/#\/schema\/logo\/image\/\",\"url\":\"https:\/\/www.oarcanjo.net\/site\/wp-content\/uploads\/LogoOArcanjo.png\",\"contentUrl\":\"https:\/\/www.oarcanjo.net\/site\/wp-content\/uploads\/LogoOArcanjo.png\",\"width\":319,\"height\":99,\"caption\":\"Par\u00f3quia S\u00e3o Miguel Arcanjo\"},\"image\":{\"@id\":\"https:\/\/www.oarcanjo.net\/site\/#\/schema\/logo\/image\/\"},\"sameAs\":[\"https:\/\/www.facebook.com\/OArcanjoNoAr\/\"]},{\"@type\":\"Person\",\"@id\":\"https:\/\/www.oarcanjo.net\/site\/#\/schema\/person\/5eb9480bedd2f3c97e430ce128c29c6c\",\"name\":\"danilo\"}]}<\/script>\n<!-- \/ Yoast SEO plugin. -->","yoast_head_json":{"title":"S\u00e3o Policarpo de Esmirna - O Arcanjo no ar","robots":{"index":"index","follow":"follow","max-snippet":"max-snippet:-1","max-image-preview":"max-image-preview:large","max-video-preview":"max-video-preview:-1"},"canonical":"https:\/\/www.oarcanjo.net\/site\/sao-policarpo-de-esmirna\/","og_locale":"pt_BR","og_type":"article","og_title":"S\u00e3o Policarpo de Esmirna - O Arcanjo no ar","og_description":"23 de Fevereiro Nascido em uma fam\u00edlia crist\u00e3 da alta burguesia no ano 69, em Esmirna, \u00c1sia Menor, atual Turquia. Os registros sobre sua vida nos foram transmitidos pelo seu bi\u00f3grafo e disc\u00edpulo predileto, Irineu, venerado como o &#8220;Ap\u00f3stolo da Fran\u00e7a&#8221; e sucessor de Tim\u00f3teo em Lion. Policarpo foi disc\u00edpulo do ap\u00f3stolo Jo\u00e3o, e teve [&hellip;]","og_url":"https:\/\/www.oarcanjo.net\/site\/sao-policarpo-de-esmirna\/","og_site_name":"O Arcanjo no ar","article_publisher":"https:\/\/www.facebook.com\/OArcanjoNoAr\/","article_published_time":"2019-02-23T03:49:36+00:00","article_modified_time":"2019-02-20T11:04:18+00:00","og_image":[{"url":"http:\/\/ipaodavida.net\/images\/Policarpo.JPG"}],"author":"danilo","twitter_card":"summary_large_image","twitter_misc":{"Escrito por":"danilo","Est. tempo de leitura":"8 minutos"},"schema":{"@context":"https:\/\/schema.org","@graph":[{"@type":"Article","@id":"https:\/\/www.oarcanjo.net\/site\/sao-policarpo-de-esmirna\/#article","isPartOf":{"@id":"https:\/\/www.oarcanjo.net\/site\/sao-policarpo-de-esmirna\/"},"author":{"name":"danilo","@id":"https:\/\/www.oarcanjo.net\/site\/#\/schema\/person\/5eb9480bedd2f3c97e430ce128c29c6c"},"headline":"S\u00e3o Policarpo de Esmirna","datePublished":"2019-02-23T03:49:36+00:00","dateModified":"2019-02-20T11:04:18+00:00","mainEntityOfPage":{"@id":"https:\/\/www.oarcanjo.net\/site\/sao-policarpo-de-esmirna\/"},"wordCount":1597,"commentCount":4,"publisher":{"@id":"https:\/\/www.oarcanjo.net\/site\/#organization"},"image":{"@id":"https:\/\/www.oarcanjo.net\/site\/sao-policarpo-de-esmirna\/#primaryimage"},"thumbnailUrl":"http:\/\/ipaodavida.net\/images\/Policarpo.JPG","articleSection":["Testemunhos"],"inLanguage":"pt-BR","potentialAction":[{"@type":"CommentAction","name":"Comment","target":["https:\/\/www.oarcanjo.net\/site\/sao-policarpo-de-esmirna\/#respond"]}]},{"@type":"WebPage","@id":"https:\/\/www.oarcanjo.net\/site\/sao-policarpo-de-esmirna\/","url":"https:\/\/www.oarcanjo.net\/site\/sao-policarpo-de-esmirna\/","name":"S\u00e3o Policarpo de Esmirna - O Arcanjo no ar","isPartOf":{"@id":"https:\/\/www.oarcanjo.net\/site\/#website"},"primaryImageOfPage":{"@id":"https:\/\/www.oarcanjo.net\/site\/sao-policarpo-de-esmirna\/#primaryimage"},"image":{"@id":"https:\/\/www.oarcanjo.net\/site\/sao-policarpo-de-esmirna\/#primaryimage"},"thumbnailUrl":"http:\/\/ipaodavida.net\/images\/Policarpo.JPG","datePublished":"2019-02-23T03:49:36+00:00","dateModified":"2019-02-20T11:04:18+00:00","breadcrumb":{"@id":"https:\/\/www.oarcanjo.net\/site\/sao-policarpo-de-esmirna\/#breadcrumb"},"inLanguage":"pt-BR","potentialAction":[{"@type":"ReadAction","target":["https:\/\/www.oarcanjo.net\/site\/sao-policarpo-de-esmirna\/"]}]},{"@type":"ImageObject","inLanguage":"pt-BR","@id":"https:\/\/www.oarcanjo.net\/site\/sao-policarpo-de-esmirna\/#primaryimage","url":"http:\/\/ipaodavida.net\/images\/Policarpo.JPG","contentUrl":"http:\/\/ipaodavida.net\/images\/Policarpo.JPG"},{"@type":"BreadcrumbList","@id":"https:\/\/www.oarcanjo.net\/site\/sao-policarpo-de-esmirna\/#breadcrumb","itemListElement":[{"@type":"ListItem","position":1,"name":"In\u00edcio","item":"https:\/\/www.oarcanjo.net\/site\/"},{"@type":"ListItem","position":2,"name":"S\u00e3o Policarpo de Esmirna"}]},{"@type":"WebSite","@id":"https:\/\/www.oarcanjo.net\/site\/#website","url":"https:\/\/www.oarcanjo.net\/site\/","name":"O Arcanjo no ar","description":"Site da Par\u00f3quia S\u00e3o Miguel Arcanjo (Arquidiocese de SP)","publisher":{"@id":"https:\/\/www.oarcanjo.net\/site\/#organization"},"potentialAction":[{"@type":"SearchAction","target":{"@type":"EntryPoint","urlTemplate":"https:\/\/www.oarcanjo.net\/site\/?s={search_term_string}"},"query-input":{"@type":"PropertyValueSpecification","valueRequired":true,"valueName":"search_term_string"}}],"inLanguage":"pt-BR"},{"@type":"Organization","@id":"https:\/\/www.oarcanjo.net\/site\/#organization","name":"Par\u00f3quia S\u00e3o Miguel Arcanjo","url":"https:\/\/www.oarcanjo.net\/site\/","logo":{"@type":"ImageObject","inLanguage":"pt-BR","@id":"https:\/\/www.oarcanjo.net\/site\/#\/schema\/logo\/image\/","url":"https:\/\/www.oarcanjo.net\/site\/wp-content\/uploads\/LogoOArcanjo.png","contentUrl":"https:\/\/www.oarcanjo.net\/site\/wp-content\/uploads\/LogoOArcanjo.png","width":319,"height":99,"caption":"Par\u00f3quia S\u00e3o Miguel Arcanjo"},"image":{"@id":"https:\/\/www.oarcanjo.net\/site\/#\/schema\/logo\/image\/"},"sameAs":["https:\/\/www.facebook.com\/OArcanjoNoAr\/"]},{"@type":"Person","@id":"https:\/\/www.oarcanjo.net\/site\/#\/schema\/person\/5eb9480bedd2f3c97e430ce128c29c6c","name":"danilo"}]}},"publishpress_future_action":{"enabled":false,"date":"2026-05-08 01:18:19","action":"category","newStatus":"draft","terms":[],"taxonomy":"category"},"publishpress_future_workflow_manual_trigger":{"enabledWorkflows":[]},"_links":{"self":[{"href":"https:\/\/www.oarcanjo.net\/site\/wp-json\/wp\/v2\/posts\/7974"}],"collection":[{"href":"https:\/\/www.oarcanjo.net\/site\/wp-json\/wp\/v2\/posts"}],"about":[{"href":"https:\/\/www.oarcanjo.net\/site\/wp-json\/wp\/v2\/types\/post"}],"author":[{"embeddable":true,"href":"https:\/\/www.oarcanjo.net\/site\/wp-json\/wp\/v2\/users\/14"}],"replies":[{"embeddable":true,"href":"https:\/\/www.oarcanjo.net\/site\/wp-json\/wp\/v2\/comments?post=7974"}],"version-history":[{"count":1,"href":"https:\/\/www.oarcanjo.net\/site\/wp-json\/wp\/v2\/posts\/7974\/revisions"}],"predecessor-version":[{"id":92949,"href":"https:\/\/www.oarcanjo.net\/site\/wp-json\/wp\/v2\/posts\/7974\/revisions\/92949"}],"wp:attachment":[{"href":"https:\/\/www.oarcanjo.net\/site\/wp-json\/wp\/v2\/media?parent=7974"}],"wp:term":[{"taxonomy":"category","embeddable":true,"href":"https:\/\/www.oarcanjo.net\/site\/wp-json\/wp\/v2\/categories?post=7974"},{"taxonomy":"post_tag","embeddable":true,"href":"https:\/\/www.oarcanjo.net\/site\/wp-json\/wp\/v2\/tags?post=7974"}],"curies":[{"name":"wp","href":"https:\/\/api.w.org\/{rel}","templated":true}]}}