
{"id":79777,"date":"2017-04-02T20:03:06","date_gmt":"2017-04-02T23:03:06","guid":{"rendered":"http:\/\/www.oarcanjo.net\/site\/?p=79777"},"modified":"2017-04-09T22:05:12","modified_gmt":"2017-04-10T01:05:12","slug":"domingo-de-ramos-e-semana-santa","status":"publish","type":"post","link":"https:\/\/www.oarcanjo.net\/site\/domingo-de-ramos-e-semana-santa\/","title":{"rendered":"Domingo de Ramos e Semana Santa"},"content":{"rendered":"<p>No Domingo de Ramos, haver\u00e1 missas nos hor\u00e1rios normais, \u00e0s 7h30 e \u00e0s 18h na igreja S\u00e3o Miguel Arcanjo. \u00c0s 9h30, a b\u00ean\u00e7\u00e3o solene dos ramos tamb\u00e9m na igreja S\u00e3o Miguel, seguida de prociss\u00e3o at\u00e9 a capela da Universidade S\u00e3o Judas Tadeu, para a missa das 10h.<\/p>\n<p>As demais celebra\u00e7\u00f5es da Semana Santa ser\u00e3o:<br \/>\n* Quinta-feira, 13\/04, 20h, Lava-p\u00e9s<br \/>\n* Sexta-feira, 14\/04, 15h, Of\u00edcio da Paix\u00e3o e \u00e0s 19h, prociss\u00e3o<br \/>\n* S\u00e1bado, 15\/04, 20h, Vig\u00edlia Pascal<br \/>\n* Domingo, 16\/04, missas nos hor\u00e1rios normais.<\/p>\n<p>Mais detalhes nos avisos paroquiais da semana:<\/p>\n<p><iframe loading=\"lazy\" width=\"700\" height=\"394\" src=\"https:\/\/www.youtube.com\/embed\/Y_HolTzovMM?rel=0\" frameborder=\"0\" allowfullscreen><\/iframe><\/p>\n<p>Grava\u00e7\u00e3o realizada no final da missa das 10h de 02\/04\/2017, na capela da Universidade S\u00e3o Judas Tadeu.<\/p>\n<div id=\"themify_builder_content-79777\" data-postid=\"79777\" class=\"themify_builder_content themify_builder_content-79777 themify_builder themify_builder_front\">\n\t<\/div>\n<!-- \/themify_builder_content -->","protected":false},"excerpt":{"rendered":"<p>No Domingo de Ramos, haver\u00e1 missas nos hor\u00e1rios normais: 7h30 e 18h na igreja S\u00e3o Miguel; \u00e0s 9h30, b\u00ean\u00e7\u00e3o dos ramos e prociss\u00e3o para a missa das 10 ha capela da Universidade S\u00e3o Judas<\/p>\n","protected":false},"author":5,"featured_media":79780,"comment_status":"open","ping_status":"open","sticky":false,"template":"","format":"standard","meta":{"ngg_post_thumbnail":0,"footnotes":""},"categories":[476,8],"tags":[],"yoast_head":"<!-- This site is optimized with the Yoast SEO plugin v23.5 - https:\/\/yoast.com\/wordpress\/plugins\/seo\/ -->\n<title>Domingo de Ramos e Semana Santa - O Arcanjo no ar<\/title>\n<meta name=\"robots\" content=\"index, follow, max-snippet:-1, max-image-preview:large, max-video-preview:-1\" \/>\n<link rel=\"canonical\" href=\"https:\/\/www.oarcanjo.net\/site\/domingo-de-ramos-e-semana-santa\/\" \/>\n<meta property=\"og:locale\" content=\"pt_BR\" \/>\n<meta property=\"og:type\" content=\"article\" \/>\n<meta property=\"og:title\" content=\"Domingo de Ramos e Semana Santa - O Arcanjo no ar\" \/>\n<meta property=\"og:description\" content=\"No Domingo de Ramos, haver\u00e1 missas nos hor\u00e1rios normais: 7h30 e 18h na igreja S\u00e3o Miguel; \u00e0s 9h30, b\u00ean\u00e7\u00e3o dos ramos e prociss\u00e3o para a missa das 10 ha capela da Universidade S\u00e3o Judas\" \/>\n<meta property=\"og:url\" content=\"https:\/\/www.oarcanjo.net\/site\/domingo-de-ramos-e-semana-santa\/\" \/>\n<meta property=\"og:site_name\" content=\"O Arcanjo no ar\" \/>\n<meta property=\"article:publisher\" content=\"https:\/\/www.facebook.com\/OArcanjoNoAr\/\" \/>\n<meta property=\"article:published_time\" content=\"2017-04-02T23:03:06+00:00\" \/>\n<meta property=\"article:modified_time\" content=\"2017-04-10T01:05:12+00:00\" \/>\n<meta property=\"og:image\" content=\"https:\/\/www.oarcanjo.net\/site\/wp-content\/uploads\/20170402Avisos02.png\" \/>\n\t<meta property=\"og:image:width\" content=\"1099\" \/>\n\t<meta property=\"og:image:height\" content=\"615\" \/>\n\t<meta property=\"og:image:type\" content=\"image\/png\" \/>\n<meta name=\"author\" content=\"editor\" \/>\n<meta name=\"twitter:card\" content=\"summary_large_image\" \/>\n<meta name=\"twitter:label1\" content=\"Escrito por\" \/>\n\t<meta name=\"twitter:data1\" content=\"editor\" \/>\n\t<meta name=\"twitter:label2\" content=\"Est. tempo de leitura\" \/>\n\t<meta name=\"twitter:data2\" content=\"1 minuto\" \/>\n<script type=\"application\/ld+json\" class=\"yoast-schema-graph\">{\"@context\":\"https:\/\/schema.org\",\"@graph\":[{\"@type\":\"Article\",\"@id\":\"https:\/\/www.oarcanjo.net\/site\/domingo-de-ramos-e-semana-santa\/#article\",\"isPartOf\":{\"@id\":\"https:\/\/www.oarcanjo.net\/site\/domingo-de-ramos-e-semana-santa\/\"},\"author\":{\"name\":\"editor\",\"@id\":\"https:\/\/www.oarcanjo.net\/site\/#\/schema\/person\/f7024d007863202483a31326673a0838\"},\"headline\":\"Domingo de Ramos e Semana Santa\",\"datePublished\":\"2017-04-02T23:03:06+00:00\",\"dateModified\":\"2017-04-10T01:05:12+00:00\",\"mainEntityOfPage\":{\"@id\":\"https:\/\/www.oarcanjo.net\/site\/domingo-de-ramos-e-semana-santa\/\"},\"wordCount\":123,\"commentCount\":0,\"publisher\":{\"@id\":\"https:\/\/www.oarcanjo.net\/site\/#organization\"},\"image\":{\"@id\":\"https:\/\/www.oarcanjo.net\/site\/domingo-de-ramos-e-semana-santa\/#primaryimage\"},\"thumbnailUrl\":\"https:\/\/www.oarcanjo.net\/site\/wp-content\/uploads\/20170402Avisos02.png\",\"articleSection\":[\"Avisos\",\"Not\u00edcias\"],\"inLanguage\":\"pt-BR\",\"potentialAction\":[{\"@type\":\"CommentAction\",\"name\":\"Comment\",\"target\":[\"https:\/\/www.oarcanjo.net\/site\/domingo-de-ramos-e-semana-santa\/#respond\"]}]},{\"@type\":\"WebPage\",\"@id\":\"https:\/\/www.oarcanjo.net\/site\/domingo-de-ramos-e-semana-santa\/\",\"url\":\"https:\/\/www.oarcanjo.net\/site\/domingo-de-ramos-e-semana-santa\/\",\"name\":\"Domingo de Ramos e Semana Santa - O Arcanjo no ar\",\"isPartOf\":{\"@id\":\"https:\/\/www.oarcanjo.net\/site\/#website\"},\"primaryImageOfPage\":{\"@id\":\"https:\/\/www.oarcanjo.net\/site\/domingo-de-ramos-e-semana-santa\/#primaryimage\"},\"image\":{\"@id\":\"https:\/\/www.oarcanjo.net\/site\/domingo-de-ramos-e-semana-santa\/#primaryimage\"},\"thumbnailUrl\":\"https:\/\/www.oarcanjo.net\/site\/wp-content\/uploads\/20170402Avisos02.png\",\"datePublished\":\"2017-04-02T23:03:06+00:00\",\"dateModified\":\"2017-04-10T01:05:12+00:00\",\"breadcrumb\":{\"@id\":\"https:\/\/www.oarcanjo.net\/site\/domingo-de-ramos-e-semana-santa\/#breadcrumb\"},\"inLanguage\":\"pt-BR\",\"potentialAction\":[{\"@type\":\"ReadAction\",\"target\":[\"https:\/\/www.oarcanjo.net\/site\/domingo-de-ramos-e-semana-santa\/\"]}]},{\"@type\":\"ImageObject\",\"inLanguage\":\"pt-BR\",\"@id\":\"https:\/\/www.oarcanjo.net\/site\/domingo-de-ramos-e-semana-santa\/#primaryimage\",\"url\":\"https:\/\/www.oarcanjo.net\/site\/wp-content\/uploads\/20170402Avisos02.png\",\"contentUrl\":\"https:\/\/www.oarcanjo.net\/site\/wp-content\/uploads\/20170402Avisos02.png\",\"width\":1099,\"height\":615},{\"@type\":\"BreadcrumbList\",\"@id\":\"https:\/\/www.oarcanjo.net\/site\/domingo-de-ramos-e-semana-santa\/#breadcrumb\",\"itemListElement\":[{\"@type\":\"ListItem\",\"position\":1,\"name\":\"In\u00edcio\",\"item\":\"https:\/\/www.oarcanjo.net\/site\/\"},{\"@type\":\"ListItem\",\"position\":2,\"name\":\"Domingo de Ramos e Semana Santa\"}]},{\"@type\":\"WebSite\",\"@id\":\"https:\/\/www.oarcanjo.net\/site\/#website\",\"url\":\"https:\/\/www.oarcanjo.net\/site\/\",\"name\":\"O Arcanjo no ar\",\"description\":\"Site da Par\u00f3quia S\u00e3o Miguel Arcanjo (Arquidiocese de SP)\",\"publisher\":{\"@id\":\"https:\/\/www.oarcanjo.net\/site\/#organization\"},\"potentialAction\":[{\"@type\":\"SearchAction\",\"target\":{\"@type\":\"EntryPoint\",\"urlTemplate\":\"https:\/\/www.oarcanjo.net\/site\/?s={search_term_string}\"},\"query-input\":{\"@type\":\"PropertyValueSpecification\",\"valueRequired\":true,\"valueName\":\"search_term_string\"}}],\"inLanguage\":\"pt-BR\"},{\"@type\":\"Organization\",\"@id\":\"https:\/\/www.oarcanjo.net\/site\/#organization\",\"name\":\"Par\u00f3quia S\u00e3o Miguel Arcanjo\",\"url\":\"https:\/\/www.oarcanjo.net\/site\/\",\"logo\":{\"@type\":\"ImageObject\",\"inLanguage\":\"pt-BR\",\"@id\":\"https:\/\/www.oarcanjo.net\/site\/#\/schema\/logo\/image\/\",\"url\":\"https:\/\/www.oarcanjo.net\/site\/wp-content\/uploads\/LogoOArcanjo.png\",\"contentUrl\":\"https:\/\/www.oarcanjo.net\/site\/wp-content\/uploads\/LogoOArcanjo.png\",\"width\":319,\"height\":99,\"caption\":\"Par\u00f3quia S\u00e3o Miguel Arcanjo\"},\"image\":{\"@id\":\"https:\/\/www.oarcanjo.net\/site\/#\/schema\/logo\/image\/\"},\"sameAs\":[\"https:\/\/www.facebook.com\/OArcanjoNoAr\/\"]},{\"@type\":\"Person\",\"@id\":\"https:\/\/www.oarcanjo.net\/site\/#\/schema\/person\/f7024d007863202483a31326673a0838\",\"name\":\"editor\",\"sameAs\":[\"http:\/\/www.oarcanjo.net\"]}]}<\/script>\n<!-- \/ Yoast SEO plugin. -->","yoast_head_json":{"title":"Domingo de Ramos e Semana Santa - O Arcanjo no ar","robots":{"index":"index","follow":"follow","max-snippet":"max-snippet:-1","max-image-preview":"max-image-preview:large","max-video-preview":"max-video-preview:-1"},"canonical":"https:\/\/www.oarcanjo.net\/site\/domingo-de-ramos-e-semana-santa\/","og_locale":"pt_BR","og_type":"article","og_title":"Domingo de Ramos e Semana Santa - O Arcanjo no ar","og_description":"No Domingo de Ramos, haver\u00e1 missas nos hor\u00e1rios normais: 7h30 e 18h na igreja S\u00e3o Miguel; \u00e0s 9h30, b\u00ean\u00e7\u00e3o dos ramos e prociss\u00e3o para a missa das 10 ha capela da Universidade S\u00e3o Judas","og_url":"https:\/\/www.oarcanjo.net\/site\/domingo-de-ramos-e-semana-santa\/","og_site_name":"O Arcanjo no ar","article_publisher":"https:\/\/www.facebook.com\/OArcanjoNoAr\/","article_published_time":"2017-04-02T23:03:06+00:00","article_modified_time":"2017-04-10T01:05:12+00:00","og_image":[{"width":1099,"height":615,"url":"https:\/\/www.oarcanjo.net\/site\/wp-content\/uploads\/20170402Avisos02.png","type":"image\/png"}],"author":"editor","twitter_card":"summary_large_image","twitter_misc":{"Escrito por":"editor","Est. tempo de leitura":"1 minuto"},"schema":{"@context":"https:\/\/schema.org","@graph":[{"@type":"Article","@id":"https:\/\/www.oarcanjo.net\/site\/domingo-de-ramos-e-semana-santa\/#article","isPartOf":{"@id":"https:\/\/www.oarcanjo.net\/site\/domingo-de-ramos-e-semana-santa\/"},"author":{"name":"editor","@id":"https:\/\/www.oarcanjo.net\/site\/#\/schema\/person\/f7024d007863202483a31326673a0838"},"headline":"Domingo de Ramos e Semana Santa","datePublished":"2017-04-02T23:03:06+00:00","dateModified":"2017-04-10T01:05:12+00:00","mainEntityOfPage":{"@id":"https:\/\/www.oarcanjo.net\/site\/domingo-de-ramos-e-semana-santa\/"},"wordCount":123,"commentCount":0,"publisher":{"@id":"https:\/\/www.oarcanjo.net\/site\/#organization"},"image":{"@id":"https:\/\/www.oarcanjo.net\/site\/domingo-de-ramos-e-semana-santa\/#primaryimage"},"thumbnailUrl":"https:\/\/www.oarcanjo.net\/site\/wp-content\/uploads\/20170402Avisos02.png","articleSection":["Avisos","Not\u00edcias"],"inLanguage":"pt-BR","potentialAction":[{"@type":"CommentAction","name":"Comment","target":["https:\/\/www.oarcanjo.net\/site\/domingo-de-ramos-e-semana-santa\/#respond"]}]},{"@type":"WebPage","@id":"https:\/\/www.oarcanjo.net\/site\/domingo-de-ramos-e-semana-santa\/","url":"https:\/\/www.oarcanjo.net\/site\/domingo-de-ramos-e-semana-santa\/","name":"Domingo de Ramos e Semana Santa - O Arcanjo no ar","isPartOf":{"@id":"https:\/\/www.oarcanjo.net\/site\/#website"},"primaryImageOfPage":{"@id":"https:\/\/www.oarcanjo.net\/site\/domingo-de-ramos-e-semana-santa\/#primaryimage"},"image":{"@id":"https:\/\/www.oarcanjo.net\/site\/domingo-de-ramos-e-semana-santa\/#primaryimage"},"thumbnailUrl":"https:\/\/www.oarcanjo.net\/site\/wp-content\/uploads\/20170402Avisos02.png","datePublished":"2017-04-02T23:03:06+00:00","dateModified":"2017-04-10T01:05:12+00:00","breadcrumb":{"@id":"https:\/\/www.oarcanjo.net\/site\/domingo-de-ramos-e-semana-santa\/#breadcrumb"},"inLanguage":"pt-BR","potentialAction":[{"@type":"ReadAction","target":["https:\/\/www.oarcanjo.net\/site\/domingo-de-ramos-e-semana-santa\/"]}]},{"@type":"ImageObject","inLanguage":"pt-BR","@id":"https:\/\/www.oarcanjo.net\/site\/domingo-de-ramos-e-semana-santa\/#primaryimage","url":"https:\/\/www.oarcanjo.net\/site\/wp-content\/uploads\/20170402Avisos02.png","contentUrl":"https:\/\/www.oarcanjo.net\/site\/wp-content\/uploads\/20170402Avisos02.png","width":1099,"height":615},{"@type":"BreadcrumbList","@id":"https:\/\/www.oarcanjo.net\/site\/domingo-de-ramos-e-semana-santa\/#breadcrumb","itemListElement":[{"@type":"ListItem","position":1,"name":"In\u00edcio","item":"https:\/\/www.oarcanjo.net\/site\/"},{"@type":"ListItem","position":2,"name":"Domingo de Ramos e Semana Santa"}]},{"@type":"WebSite","@id":"https:\/\/www.oarcanjo.net\/site\/#website","url":"https:\/\/www.oarcanjo.net\/site\/","name":"O Arcanjo no ar","description":"Site da Par\u00f3quia S\u00e3o Miguel Arcanjo (Arquidiocese de SP)","publisher":{"@id":"https:\/\/www.oarcanjo.net\/site\/#organization"},"potentialAction":[{"@type":"SearchAction","target":{"@type":"EntryPoint","urlTemplate":"https:\/\/www.oarcanjo.net\/site\/?s={search_term_string}"},"query-input":{"@type":"PropertyValueSpecification","valueRequired":true,"valueName":"search_term_string"}}],"inLanguage":"pt-BR"},{"@type":"Organization","@id":"https:\/\/www.oarcanjo.net\/site\/#organization","name":"Par\u00f3quia S\u00e3o Miguel Arcanjo","url":"https:\/\/www.oarcanjo.net\/site\/","logo":{"@type":"ImageObject","inLanguage":"pt-BR","@id":"https:\/\/www.oarcanjo.net\/site\/#\/schema\/logo\/image\/","url":"https:\/\/www.oarcanjo.net\/site\/wp-content\/uploads\/LogoOArcanjo.png","contentUrl":"https:\/\/www.oarcanjo.net\/site\/wp-content\/uploads\/LogoOArcanjo.png","width":319,"height":99,"caption":"Par\u00f3quia S\u00e3o Miguel Arcanjo"},"image":{"@id":"https:\/\/www.oarcanjo.net\/site\/#\/schema\/logo\/image\/"},"sameAs":["https:\/\/www.facebook.com\/OArcanjoNoAr\/"]},{"@type":"Person","@id":"https:\/\/www.oarcanjo.net\/site\/#\/schema\/person\/f7024d007863202483a31326673a0838","name":"editor","sameAs":["http:\/\/www.oarcanjo.net"]}]}},"publishpress_future_action":{"enabled":false,"date":"2026-05-09 09:32:00","action":"category","newStatus":"draft","terms":[],"taxonomy":"category"},"publishpress_future_workflow_manual_trigger":{"enabledWorkflows":[]},"_links":{"self":[{"href":"https:\/\/www.oarcanjo.net\/site\/wp-json\/wp\/v2\/posts\/79777"}],"collection":[{"href":"https:\/\/www.oarcanjo.net\/site\/wp-json\/wp\/v2\/posts"}],"about":[{"href":"https:\/\/www.oarcanjo.net\/site\/wp-json\/wp\/v2\/types\/post"}],"author":[{"embeddable":true,"href":"https:\/\/www.oarcanjo.net\/site\/wp-json\/wp\/v2\/users\/5"}],"replies":[{"embeddable":true,"href":"https:\/\/www.oarcanjo.net\/site\/wp-json\/wp\/v2\/comments?post=79777"}],"version-history":[{"count":0,"href":"https:\/\/www.oarcanjo.net\/site\/wp-json\/wp\/v2\/posts\/79777\/revisions"}],"wp:featuredmedia":[{"embeddable":true,"href":"https:\/\/www.oarcanjo.net\/site\/wp-json\/wp\/v2\/media\/79780"}],"wp:attachment":[{"href":"https:\/\/www.oarcanjo.net\/site\/wp-json\/wp\/v2\/media?parent=79777"}],"wp:term":[{"taxonomy":"category","embeddable":true,"href":"https:\/\/www.oarcanjo.net\/site\/wp-json\/wp\/v2\/categories?post=79777"},{"taxonomy":"post_tag","embeddable":true,"href":"https:\/\/www.oarcanjo.net\/site\/wp-json\/wp\/v2\/tags?post=79777"}],"curies":[{"name":"wp","href":"https:\/\/api.w.org\/{rel}","templated":true}]}}