
{"id":7982,"date":"2019-02-23T00:08:12","date_gmt":"2019-02-23T03:08:12","guid":{"rendered":"http:\/\/www.oarcanjo.net\/site\/?p=7982"},"modified":"2019-02-20T08:04:14","modified_gmt":"2019-02-20T11:04:14","slug":"bem-aventurada-rafaela-ybarra-2","status":"publish","type":"post","link":"https:\/\/www.oarcanjo.net\/site\/bem-aventurada-rafaela-ybarra-2\/","title":{"rendered":"Bem Aventurada Rafaela Ybarra"},"content":{"rendered":"<p><img decoding=\"async\" src=\"http:\/\/www3.planalfa.es\/rmibilbao\/historia\/imagenes\/beatarafaela.jpg\" alt=\"\" \/><\/p>\n<p>23 de Fevereiro<\/p>\n<p>Fundou a Congrega\u00e7\u00e3o das irm\u00e3s dos Santos Anjos<\/p>\n<p>Rafaela nasceu no dia 16 de janeiro de 1843, em Bilbao, Espanha, no seio da tradicional fam\u00edlia crist\u00e3 Ybarra, da alta burguesia local. De personalidade serena e af\u00e1vel teve a inf\u00e2ncia e adolesc\u00eancia felizes, recebendo uma s\u00f3lida forma\u00e7\u00e3o humana e religiosa, de acordo com os costumes da \u00e9poca.<\/p>\n<p>Aos dezoito anos se casou com o engenheiro Jo\u00e3o Vilallonga, com quem teve sete filhos. Mas, a morte tr\u00e1gica da sua irm\u00e3 e do cunhado, fez o casal assumir os cinco sobrinhos como seus pr\u00f3prios filhos. Rafaela soube conciliar sua obriga\u00e7\u00e3o familiar com uma vida cheia de caridade e riqueza espiritual.<\/p>\n<p>Em pleno s\u00e9culo XIX, a Espanha vivia um per\u00edodo conturbado, com o povo sofrendo severas priva\u00e7\u00f5es provocadas pela Revolu\u00e7\u00e3o Industrial, que se desencadeara no mundo. A grande popula\u00e7\u00e3o rural, principalmente a de jovens, se sentia acuada e era seduzida pelos novos p\u00f3los industriais que surgiam. Bilbao n\u00e3o foi uma exce\u00e7\u00e3o, atraindo uma legi\u00e3o deles, que buscavam uma melhor condi\u00e7\u00e3o de vida. A este fato, Rafaela se manteve alerta. Sua situa\u00e7\u00e3o social n\u00e3o foi um obst\u00e1culo para esta sensibilidade, ao contr\u00e1rio, tinha consci\u00eancia dos perigos que a capital produzia, como a priva\u00e7\u00e3o, explora\u00e7\u00e3o e marginaliza\u00e7\u00e3o.<\/p>\n<p>Com esta preocupa\u00e7\u00e3o e neste campo realizou seu apostolado, de modo t\u00e3o amplo, que nem mesmo depois de sua morte se sabia exatamente at\u00e9 onde poderia ter chegado. Colocou \u00e0 distribui\u00e7\u00e3o das obras assistenciais todo o seu dinheiro e suas energias: recolhia as jovens que buscavam trabalho e depois de arranjar-lhes as coloca\u00e7\u00f5es, as mantinham abrigadas sob seus cuidados at\u00e9 que tivessem uma profiss\u00e3o, com emprego e moradia dignos.<\/p>\n<p>Cultivando o contato com Deus, atrav\u00e9s da ora\u00e7\u00e3o, no amor ao pr\u00f3ximo e na caridade para com todos; despertou e alicer\u00e7ou as bases para a funda\u00e7\u00e3o de um novo instituto religioso. Ao mesmo tempo em que n\u00e3o descuidou da sua vida familiar, se dedicou a uma vida intensa de apostolado, atuando em todas as obras assistenciais que eram criadas em Bilbao. Entretanto, nunca abandonou seu sonho, ao contr\u00e1rio, solidificou muito bem o fundamento e elaborou as Regras, sob a orienta\u00e7\u00e3o do bispo de sua diocese.<\/p>\n<p>No final de1894, junto com tr\u00eas jovens religiosas, assumiram o trabalho de &#8220;m\u00e3es e educadoras&#8221; das meninas e jovens que necessitavam de ajuda naqueles anos t\u00e3o dif\u00edceis. A miss\u00e3o se assemelhou a dos &#8220;Anjos da Guarda&#8221;, cujo nome tomou para sua funda\u00e7\u00e3o e cujas atitudes foram imitadas. Em 1897, a Congrega\u00e7\u00e3o dos Santos Anjos da Guarda estava criada e dois anos depois aprovada pelo Vaticano, sendo a Casa M\u00e3e em Bilbao, o modelo. Nesta ocasi\u00e3o, tentou se tornar uma religiosa, mas graves problemas a impediram.<\/p>\n<p>Depois de padecer uma longa enfermidade, morreu em 23 de fevereiro de 1900, aos cinq\u00fcenta e sete anos. A santidade de sua vida foi reconhecida pela Igreja. O Papa Jo\u00e3o Paulo II, a beatificou em 1984, nesta ocasi\u00e3o as Irm\u00e3s se encontravam em toda a Espanha, It\u00e1lia e Am\u00e9rica Latina. A fundadora recebe as homenagens no dia de sua morte.<\/p>\n<p><img loading=\"lazy\" decoding=\"async\" src=\"http:\/\/www.fundacionbeatarafaelaybarra.org\/imagenes\/beata.gif\" alt=\"\" width=\"282\" height=\"300\" \/><\/p>\n<table border=\"0\" cellspacing=\"0\" cellpadding=\"0\" width=\"90%\" align=\"center\">\n<tbody>\n<tr>\n<td align=\"left\" valign=\"top\" bgcolor=\"#ebebeb\">\n<table border=\"0\" cellspacing=\"0\" cellpadding=\"3\" width=\"100%\" bgcolor=\"#999999\">\n<tbody>\n<tr>\n<td align=\"center\" bgcolor=\"#ebebeb\">\u00a0<\/td>\n<\/tr>\n<\/tbody>\n<\/table>\n<\/td>\n<td width=\"9\"><img loading=\"lazy\" decoding=\"async\" src=\"http:\/\/www.paulinas.org.br\/diafeliz\/img\/espaco.gif\" alt=\"\" width=\"9\" height=\"9\" \/><\/td>\n<\/tr>\n<\/tbody>\n<\/table>\n<div id=\"themify_builder_content-7982\" data-postid=\"7982\" class=\"themify_builder_content themify_builder_content-7982 themify_builder themify_builder_front\">\n\t<\/div>\n<!-- \/themify_builder_content -->","protected":false},"excerpt":{"rendered":"<p>23 de Fevereiro Fundou a Congrega\u00e7\u00e3o das irm\u00e3s dos Santos Anjos Rafaela nasceu no dia 16 de janeiro de 1843, em Bilbao, Espanha, no seio da tradicional fam\u00edlia crist\u00e3 Ybarra, da alta burguesia local. De personalidade serena e af\u00e1vel teve a inf\u00e2ncia e adolesc\u00eancia felizes, recebendo uma s\u00f3lida forma\u00e7\u00e3o humana e religiosa, de acordo com [&hellip;]<\/p>\n","protected":false},"author":14,"featured_media":0,"comment_status":"open","ping_status":"open","sticky":false,"template":"","format":"standard","meta":{"ngg_post_thumbnail":0,"footnotes":""},"categories":[186],"tags":[],"yoast_head":"<!-- This site is optimized with the Yoast SEO plugin v23.5 - https:\/\/yoast.com\/wordpress\/plugins\/seo\/ -->\n<title>Bem Aventurada Rafaela Ybarra - O Arcanjo no ar<\/title>\n<meta name=\"robots\" content=\"index, follow, max-snippet:-1, max-image-preview:large, max-video-preview:-1\" \/>\n<link rel=\"canonical\" href=\"https:\/\/www.oarcanjo.net\/site\/bem-aventurada-rafaela-ybarra-2\/\" \/>\n<meta property=\"og:locale\" content=\"pt_BR\" \/>\n<meta property=\"og:type\" content=\"article\" \/>\n<meta property=\"og:title\" content=\"Bem Aventurada Rafaela Ybarra - O Arcanjo no ar\" \/>\n<meta property=\"og:description\" content=\"23 de Fevereiro Fundou a Congrega\u00e7\u00e3o das irm\u00e3s dos Santos Anjos Rafaela nasceu no dia 16 de janeiro de 1843, em Bilbao, Espanha, no seio da tradicional fam\u00edlia crist\u00e3 Ybarra, da alta burguesia local. De personalidade serena e af\u00e1vel teve a inf\u00e2ncia e adolesc\u00eancia felizes, recebendo uma s\u00f3lida forma\u00e7\u00e3o humana e religiosa, de acordo com [&hellip;]\" \/>\n<meta property=\"og:url\" content=\"https:\/\/www.oarcanjo.net\/site\/bem-aventurada-rafaela-ybarra-2\/\" \/>\n<meta property=\"og:site_name\" content=\"O Arcanjo no ar\" \/>\n<meta property=\"article:publisher\" content=\"https:\/\/www.facebook.com\/OArcanjoNoAr\/\" \/>\n<meta property=\"article:published_time\" content=\"2019-02-23T03:08:12+00:00\" \/>\n<meta property=\"article:modified_time\" content=\"2019-02-20T11:04:14+00:00\" \/>\n<meta property=\"og:image\" content=\"http:\/\/www3.planalfa.es\/rmibilbao\/historia\/imagenes\/beatarafaela.jpg\" \/>\n<meta name=\"author\" content=\"danilo\" \/>\n<meta name=\"twitter:card\" content=\"summary_large_image\" \/>\n<meta name=\"twitter:label1\" content=\"Escrito por\" \/>\n\t<meta name=\"twitter:data1\" content=\"danilo\" \/>\n\t<meta name=\"twitter:label2\" content=\"Est. tempo de leitura\" \/>\n\t<meta name=\"twitter:data2\" content=\"3 minutos\" \/>\n<script type=\"application\/ld+json\" class=\"yoast-schema-graph\">{\"@context\":\"https:\/\/schema.org\",\"@graph\":[{\"@type\":\"Article\",\"@id\":\"https:\/\/www.oarcanjo.net\/site\/bem-aventurada-rafaela-ybarra-2\/#article\",\"isPartOf\":{\"@id\":\"https:\/\/www.oarcanjo.net\/site\/bem-aventurada-rafaela-ybarra-2\/\"},\"author\":{\"name\":\"danilo\",\"@id\":\"https:\/\/www.oarcanjo.net\/site\/#\/schema\/person\/5eb9480bedd2f3c97e430ce128c29c6c\"},\"headline\":\"Bem Aventurada Rafaela Ybarra\",\"datePublished\":\"2019-02-23T03:08:12+00:00\",\"dateModified\":\"2019-02-20T11:04:14+00:00\",\"mainEntityOfPage\":{\"@id\":\"https:\/\/www.oarcanjo.net\/site\/bem-aventurada-rafaela-ybarra-2\/\"},\"wordCount\":557,\"commentCount\":1,\"publisher\":{\"@id\":\"https:\/\/www.oarcanjo.net\/site\/#organization\"},\"image\":{\"@id\":\"https:\/\/www.oarcanjo.net\/site\/bem-aventurada-rafaela-ybarra-2\/#primaryimage\"},\"thumbnailUrl\":\"http:\/\/www3.planalfa.es\/rmibilbao\/historia\/imagenes\/beatarafaela.jpg\",\"articleSection\":[\"Testemunhos\"],\"inLanguage\":\"pt-BR\",\"potentialAction\":[{\"@type\":\"CommentAction\",\"name\":\"Comment\",\"target\":[\"https:\/\/www.oarcanjo.net\/site\/bem-aventurada-rafaela-ybarra-2\/#respond\"]}]},{\"@type\":\"WebPage\",\"@id\":\"https:\/\/www.oarcanjo.net\/site\/bem-aventurada-rafaela-ybarra-2\/\",\"url\":\"https:\/\/www.oarcanjo.net\/site\/bem-aventurada-rafaela-ybarra-2\/\",\"name\":\"Bem Aventurada Rafaela Ybarra - O Arcanjo no ar\",\"isPartOf\":{\"@id\":\"https:\/\/www.oarcanjo.net\/site\/#website\"},\"primaryImageOfPage\":{\"@id\":\"https:\/\/www.oarcanjo.net\/site\/bem-aventurada-rafaela-ybarra-2\/#primaryimage\"},\"image\":{\"@id\":\"https:\/\/www.oarcanjo.net\/site\/bem-aventurada-rafaela-ybarra-2\/#primaryimage\"},\"thumbnailUrl\":\"http:\/\/www3.planalfa.es\/rmibilbao\/historia\/imagenes\/beatarafaela.jpg\",\"datePublished\":\"2019-02-23T03:08:12+00:00\",\"dateModified\":\"2019-02-20T11:04:14+00:00\",\"breadcrumb\":{\"@id\":\"https:\/\/www.oarcanjo.net\/site\/bem-aventurada-rafaela-ybarra-2\/#breadcrumb\"},\"inLanguage\":\"pt-BR\",\"potentialAction\":[{\"@type\":\"ReadAction\",\"target\":[\"https:\/\/www.oarcanjo.net\/site\/bem-aventurada-rafaela-ybarra-2\/\"]}]},{\"@type\":\"ImageObject\",\"inLanguage\":\"pt-BR\",\"@id\":\"https:\/\/www.oarcanjo.net\/site\/bem-aventurada-rafaela-ybarra-2\/#primaryimage\",\"url\":\"http:\/\/www3.planalfa.es\/rmibilbao\/historia\/imagenes\/beatarafaela.jpg\",\"contentUrl\":\"http:\/\/www3.planalfa.es\/rmibilbao\/historia\/imagenes\/beatarafaela.jpg\"},{\"@type\":\"BreadcrumbList\",\"@id\":\"https:\/\/www.oarcanjo.net\/site\/bem-aventurada-rafaela-ybarra-2\/#breadcrumb\",\"itemListElement\":[{\"@type\":\"ListItem\",\"position\":1,\"name\":\"In\u00edcio\",\"item\":\"https:\/\/www.oarcanjo.net\/site\/\"},{\"@type\":\"ListItem\",\"position\":2,\"name\":\"Bem Aventurada Rafaela Ybarra\"}]},{\"@type\":\"WebSite\",\"@id\":\"https:\/\/www.oarcanjo.net\/site\/#website\",\"url\":\"https:\/\/www.oarcanjo.net\/site\/\",\"name\":\"O Arcanjo no ar\",\"description\":\"Site da Par\u00f3quia S\u00e3o Miguel Arcanjo (Arquidiocese de SP)\",\"publisher\":{\"@id\":\"https:\/\/www.oarcanjo.net\/site\/#organization\"},\"potentialAction\":[{\"@type\":\"SearchAction\",\"target\":{\"@type\":\"EntryPoint\",\"urlTemplate\":\"https:\/\/www.oarcanjo.net\/site\/?s={search_term_string}\"},\"query-input\":{\"@type\":\"PropertyValueSpecification\",\"valueRequired\":true,\"valueName\":\"search_term_string\"}}],\"inLanguage\":\"pt-BR\"},{\"@type\":\"Organization\",\"@id\":\"https:\/\/www.oarcanjo.net\/site\/#organization\",\"name\":\"Par\u00f3quia S\u00e3o Miguel Arcanjo\",\"url\":\"https:\/\/www.oarcanjo.net\/site\/\",\"logo\":{\"@type\":\"ImageObject\",\"inLanguage\":\"pt-BR\",\"@id\":\"https:\/\/www.oarcanjo.net\/site\/#\/schema\/logo\/image\/\",\"url\":\"https:\/\/www.oarcanjo.net\/site\/wp-content\/uploads\/LogoOArcanjo.png\",\"contentUrl\":\"https:\/\/www.oarcanjo.net\/site\/wp-content\/uploads\/LogoOArcanjo.png\",\"width\":319,\"height\":99,\"caption\":\"Par\u00f3quia S\u00e3o Miguel Arcanjo\"},\"image\":{\"@id\":\"https:\/\/www.oarcanjo.net\/site\/#\/schema\/logo\/image\/\"},\"sameAs\":[\"https:\/\/www.facebook.com\/OArcanjoNoAr\/\"]},{\"@type\":\"Person\",\"@id\":\"https:\/\/www.oarcanjo.net\/site\/#\/schema\/person\/5eb9480bedd2f3c97e430ce128c29c6c\",\"name\":\"danilo\"}]}<\/script>\n<!-- \/ Yoast SEO plugin. -->","yoast_head_json":{"title":"Bem Aventurada Rafaela Ybarra - O Arcanjo no ar","robots":{"index":"index","follow":"follow","max-snippet":"max-snippet:-1","max-image-preview":"max-image-preview:large","max-video-preview":"max-video-preview:-1"},"canonical":"https:\/\/www.oarcanjo.net\/site\/bem-aventurada-rafaela-ybarra-2\/","og_locale":"pt_BR","og_type":"article","og_title":"Bem Aventurada Rafaela Ybarra - O Arcanjo no ar","og_description":"23 de Fevereiro Fundou a Congrega\u00e7\u00e3o das irm\u00e3s dos Santos Anjos Rafaela nasceu no dia 16 de janeiro de 1843, em Bilbao, Espanha, no seio da tradicional fam\u00edlia crist\u00e3 Ybarra, da alta burguesia local. De personalidade serena e af\u00e1vel teve a inf\u00e2ncia e adolesc\u00eancia felizes, recebendo uma s\u00f3lida forma\u00e7\u00e3o humana e religiosa, de acordo com [&hellip;]","og_url":"https:\/\/www.oarcanjo.net\/site\/bem-aventurada-rafaela-ybarra-2\/","og_site_name":"O Arcanjo no ar","article_publisher":"https:\/\/www.facebook.com\/OArcanjoNoAr\/","article_published_time":"2019-02-23T03:08:12+00:00","article_modified_time":"2019-02-20T11:04:14+00:00","og_image":[{"url":"http:\/\/www3.planalfa.es\/rmibilbao\/historia\/imagenes\/beatarafaela.jpg"}],"author":"danilo","twitter_card":"summary_large_image","twitter_misc":{"Escrito por":"danilo","Est. tempo de leitura":"3 minutos"},"schema":{"@context":"https:\/\/schema.org","@graph":[{"@type":"Article","@id":"https:\/\/www.oarcanjo.net\/site\/bem-aventurada-rafaela-ybarra-2\/#article","isPartOf":{"@id":"https:\/\/www.oarcanjo.net\/site\/bem-aventurada-rafaela-ybarra-2\/"},"author":{"name":"danilo","@id":"https:\/\/www.oarcanjo.net\/site\/#\/schema\/person\/5eb9480bedd2f3c97e430ce128c29c6c"},"headline":"Bem Aventurada Rafaela Ybarra","datePublished":"2019-02-23T03:08:12+00:00","dateModified":"2019-02-20T11:04:14+00:00","mainEntityOfPage":{"@id":"https:\/\/www.oarcanjo.net\/site\/bem-aventurada-rafaela-ybarra-2\/"},"wordCount":557,"commentCount":1,"publisher":{"@id":"https:\/\/www.oarcanjo.net\/site\/#organization"},"image":{"@id":"https:\/\/www.oarcanjo.net\/site\/bem-aventurada-rafaela-ybarra-2\/#primaryimage"},"thumbnailUrl":"http:\/\/www3.planalfa.es\/rmibilbao\/historia\/imagenes\/beatarafaela.jpg","articleSection":["Testemunhos"],"inLanguage":"pt-BR","potentialAction":[{"@type":"CommentAction","name":"Comment","target":["https:\/\/www.oarcanjo.net\/site\/bem-aventurada-rafaela-ybarra-2\/#respond"]}]},{"@type":"WebPage","@id":"https:\/\/www.oarcanjo.net\/site\/bem-aventurada-rafaela-ybarra-2\/","url":"https:\/\/www.oarcanjo.net\/site\/bem-aventurada-rafaela-ybarra-2\/","name":"Bem Aventurada Rafaela Ybarra - O Arcanjo no ar","isPartOf":{"@id":"https:\/\/www.oarcanjo.net\/site\/#website"},"primaryImageOfPage":{"@id":"https:\/\/www.oarcanjo.net\/site\/bem-aventurada-rafaela-ybarra-2\/#primaryimage"},"image":{"@id":"https:\/\/www.oarcanjo.net\/site\/bem-aventurada-rafaela-ybarra-2\/#primaryimage"},"thumbnailUrl":"http:\/\/www3.planalfa.es\/rmibilbao\/historia\/imagenes\/beatarafaela.jpg","datePublished":"2019-02-23T03:08:12+00:00","dateModified":"2019-02-20T11:04:14+00:00","breadcrumb":{"@id":"https:\/\/www.oarcanjo.net\/site\/bem-aventurada-rafaela-ybarra-2\/#breadcrumb"},"inLanguage":"pt-BR","potentialAction":[{"@type":"ReadAction","target":["https:\/\/www.oarcanjo.net\/site\/bem-aventurada-rafaela-ybarra-2\/"]}]},{"@type":"ImageObject","inLanguage":"pt-BR","@id":"https:\/\/www.oarcanjo.net\/site\/bem-aventurada-rafaela-ybarra-2\/#primaryimage","url":"http:\/\/www3.planalfa.es\/rmibilbao\/historia\/imagenes\/beatarafaela.jpg","contentUrl":"http:\/\/www3.planalfa.es\/rmibilbao\/historia\/imagenes\/beatarafaela.jpg"},{"@type":"BreadcrumbList","@id":"https:\/\/www.oarcanjo.net\/site\/bem-aventurada-rafaela-ybarra-2\/#breadcrumb","itemListElement":[{"@type":"ListItem","position":1,"name":"In\u00edcio","item":"https:\/\/www.oarcanjo.net\/site\/"},{"@type":"ListItem","position":2,"name":"Bem Aventurada Rafaela Ybarra"}]},{"@type":"WebSite","@id":"https:\/\/www.oarcanjo.net\/site\/#website","url":"https:\/\/www.oarcanjo.net\/site\/","name":"O Arcanjo no ar","description":"Site da Par\u00f3quia S\u00e3o Miguel Arcanjo (Arquidiocese de SP)","publisher":{"@id":"https:\/\/www.oarcanjo.net\/site\/#organization"},"potentialAction":[{"@type":"SearchAction","target":{"@type":"EntryPoint","urlTemplate":"https:\/\/www.oarcanjo.net\/site\/?s={search_term_string}"},"query-input":{"@type":"PropertyValueSpecification","valueRequired":true,"valueName":"search_term_string"}}],"inLanguage":"pt-BR"},{"@type":"Organization","@id":"https:\/\/www.oarcanjo.net\/site\/#organization","name":"Par\u00f3quia S\u00e3o Miguel Arcanjo","url":"https:\/\/www.oarcanjo.net\/site\/","logo":{"@type":"ImageObject","inLanguage":"pt-BR","@id":"https:\/\/www.oarcanjo.net\/site\/#\/schema\/logo\/image\/","url":"https:\/\/www.oarcanjo.net\/site\/wp-content\/uploads\/LogoOArcanjo.png","contentUrl":"https:\/\/www.oarcanjo.net\/site\/wp-content\/uploads\/LogoOArcanjo.png","width":319,"height":99,"caption":"Par\u00f3quia S\u00e3o Miguel Arcanjo"},"image":{"@id":"https:\/\/www.oarcanjo.net\/site\/#\/schema\/logo\/image\/"},"sameAs":["https:\/\/www.facebook.com\/OArcanjoNoAr\/"]},{"@type":"Person","@id":"https:\/\/www.oarcanjo.net\/site\/#\/schema\/person\/5eb9480bedd2f3c97e430ce128c29c6c","name":"danilo"}]}},"publishpress_future_action":{"enabled":false,"date":"2026-05-08 01:18:18","action":"category","newStatus":"draft","terms":[],"taxonomy":"category"},"publishpress_future_workflow_manual_trigger":{"enabledWorkflows":[]},"_links":{"self":[{"href":"https:\/\/www.oarcanjo.net\/site\/wp-json\/wp\/v2\/posts\/7982"}],"collection":[{"href":"https:\/\/www.oarcanjo.net\/site\/wp-json\/wp\/v2\/posts"}],"about":[{"href":"https:\/\/www.oarcanjo.net\/site\/wp-json\/wp\/v2\/types\/post"}],"author":[{"embeddable":true,"href":"https:\/\/www.oarcanjo.net\/site\/wp-json\/wp\/v2\/users\/14"}],"replies":[{"embeddable":true,"href":"https:\/\/www.oarcanjo.net\/site\/wp-json\/wp\/v2\/comments?post=7982"}],"version-history":[{"count":1,"href":"https:\/\/www.oarcanjo.net\/site\/wp-json\/wp\/v2\/posts\/7982\/revisions"}],"predecessor-version":[{"id":92948,"href":"https:\/\/www.oarcanjo.net\/site\/wp-json\/wp\/v2\/posts\/7982\/revisions\/92948"}],"wp:attachment":[{"href":"https:\/\/www.oarcanjo.net\/site\/wp-json\/wp\/v2\/media?parent=7982"}],"wp:term":[{"taxonomy":"category","embeddable":true,"href":"https:\/\/www.oarcanjo.net\/site\/wp-json\/wp\/v2\/categories?post=7982"},{"taxonomy":"post_tag","embeddable":true,"href":"https:\/\/www.oarcanjo.net\/site\/wp-json\/wp\/v2\/tags?post=7982"}],"curies":[{"name":"wp","href":"https:\/\/api.w.org\/{rel}","templated":true}]}}