
{"id":8020,"date":"2019-02-24T00:37:47","date_gmt":"2019-02-24T03:37:47","guid":{"rendered":"http:\/\/www.oarcanjo.net\/site\/?p=8020"},"modified":"2019-02-20T08:04:25","modified_gmt":"2019-02-20T11:04:25","slug":"sao-sergio","status":"publish","type":"post","link":"https:\/\/www.oarcanjo.net\/site\/sao-sergio\/","title":{"rendered":"S\u00e3o S\u00e9rgio"},"content":{"rendered":"<p><img decoding=\"async\" src=\"http:\/\/www.portalangels.com\/santo_do_dia\/S2402A.gif\" alt=\"\" \/><\/p>\n<p>24 de Fevereiro<\/p>\n<p>S\u00e9rgio, m\u00e1rtir da Cesarea, na Capad\u00f3cia, por muito pouco n\u00e3o se manteve totalmente ignorado na hist\u00f3ria do cristianismo. Nada foi escrito sobre ele nos registros gregos e bizantinos da Igreja dos primeiros tempos. Entretanto, ele passou a ter popularidade no Ocidente, gra\u00e7as a uma p\u00e1gina latina, datada da \u00e9poca do imperador romano Diocleciano, onde se descreve todo seu mart\u00edrio e o lugar onde foi sepultado.<\/p>\n<p>O texto diz que no ano 304, vigorava a mais violenta persegui\u00e7\u00e3o j\u00e1 decretada contra os crist\u00e3os, ordenada pelo imperador Diocleciano. Todos os governadores dos dom\u00ednios romanos, sob pena do confisco dos bens da fam\u00edlia e de morte, tinham de execut\u00e1-la. Entretanto alguns, j\u00e1 simpatizantes dos crist\u00e3os, tentavam em algum momento amenizar as investidas. N\u00e3o era assim que agia Sapricio, um homem bajulador, oportunista e cruel que administrava a Arm\u00eania e a Capad\u00f3cia, atual Turquia.<\/p>\n<p>A narrativa seguiu dizendo que durante as celebra\u00e7\u00f5es anuais em honra do deus J\u00fapiter, Sapricio, estava na cidade de Cesarea da Capad\u00f3cia, junto com um importante senador romano. Num gesto de extrema lealdade, ordenou que todos os crist\u00e3os da cidade fossem levados para diante do templo pag\u00e3o, onde seriam prestadas as homenagens \u00e0quele deus, considerado o mais poderoso de todos, pelos pag\u00e3os. Caso n\u00e3o comparecessem e fossem denunciados seriam presos e condenados \u00e0 morte.<\/p>\n<p>Poucos conseguiram fugir, a maioria foi ao local indicado, que ficou tomado pela multid\u00e3o de crist\u00e3os, \u00e0 qual se juntou S\u00e9rgio. Ele era um velho magistrado, que h\u00e1 muito tempo havia abandonado a lucrativa profiss\u00e3o para se retirar \u00e0 vida mon\u00e1stica, no deserto. Foi para Cesarea, seguindo um forte impulso interior, pois ningu\u00e9m o havia denunciado, o povo da cidade n\u00e3o se lembrava mais dele, podia continuar na sua vida de reclus\u00e3o consagrada, rezando pelos irm\u00e3os expostos aos mart\u00edrios. A sua chegada causou grande surpresa e euforia, os crist\u00e3os desviaram toda a aten\u00e7\u00e3o para o respeitado monge, gerando confus\u00e3o. O sacerdote pag\u00e3o que preparava o culto ficou irado. Precisava fazer com que todos participassem do culto \u00e0 J\u00fapiter, o qual, segundo ele, estava insatisfeito e n\u00e3o atendia as necessidades do povo. Desta forma, o imperador seria informado pelo seu senador e o cargo de governador continuaria com Sapricio. Mas, a presen\u00e7a do monge produziu o efeito surpreendente de apagar os fogos preparados para os sacrif\u00edcios. Os pag\u00e3os atribu\u00edram imediatamente a causa do estranho fen\u00f4meno aos crist\u00e3os, que com suas recusas haviam irritado ainda mais o seu deus.<\/p>\n<p>S\u00e9rgio, ent\u00e3o se colocou \u00e0 frente e explicou que a raz\u00e3o da impot\u00eancia dos deuses pag\u00e3os era que estavam ocupando um lugar indevido e que s\u00f3 existia um \u00fanico e verdadeiro Deus onipotente, o venerado pelos crist\u00e3os. Imediatamente foi preso, conduzido diante do governador, que o obrigou a prestar o culto \u00e0 J\u00fapiter. S\u00e9rgio n\u00e3o renegou a F\u00e9, por isto morreu decapitado naquele mesmo instante. Era o dia 24 de fevereiro. O corpo do m\u00e1rtir, recolhido pelos crist\u00e3os, foi sepultado na casa de uma senhora muito religiosa. De l\u00e1 as rel\u00edquias foram transportadas para a cidade andaluza de Ubeda, na Espanha.<\/p>\n<div id=\"themify_builder_content-8020\" data-postid=\"8020\" class=\"themify_builder_content themify_builder_content-8020 themify_builder themify_builder_front\">\n\t<\/div>\n<!-- \/themify_builder_content -->","protected":false},"excerpt":{"rendered":"<p>24 de Fevereiro S\u00e9rgio, m\u00e1rtir da Cesarea, na Capad\u00f3cia, por muito pouco n\u00e3o se manteve totalmente ignorado na hist\u00f3ria do cristianismo. Nada foi escrito sobre ele nos registros gregos e bizantinos da Igreja dos primeiros tempos. Entretanto, ele passou a ter popularidade no Ocidente, gra\u00e7as a uma p\u00e1gina latina, datada da \u00e9poca do imperador romano [&hellip;]<\/p>\n","protected":false},"author":14,"featured_media":0,"comment_status":"open","ping_status":"open","sticky":false,"template":"","format":"standard","meta":{"ngg_post_thumbnail":0,"footnotes":""},"categories":[186],"tags":[1486],"yoast_head":"<!-- This site is optimized with the Yoast SEO plugin v23.5 - https:\/\/yoast.com\/wordpress\/plugins\/seo\/ -->\n<title>S\u00e3o S\u00e9rgio - O Arcanjo no ar<\/title>\n<meta name=\"robots\" content=\"index, follow, max-snippet:-1, max-image-preview:large, max-video-preview:-1\" \/>\n<link rel=\"canonical\" href=\"https:\/\/www.oarcanjo.net\/site\/sao-sergio\/\" \/>\n<meta property=\"og:locale\" content=\"pt_BR\" \/>\n<meta property=\"og:type\" content=\"article\" \/>\n<meta property=\"og:title\" content=\"S\u00e3o S\u00e9rgio - O Arcanjo no ar\" \/>\n<meta property=\"og:description\" content=\"24 de Fevereiro S\u00e9rgio, m\u00e1rtir da Cesarea, na Capad\u00f3cia, por muito pouco n\u00e3o se manteve totalmente ignorado na hist\u00f3ria do cristianismo. Nada foi escrito sobre ele nos registros gregos e bizantinos da Igreja dos primeiros tempos. Entretanto, ele passou a ter popularidade no Ocidente, gra\u00e7as a uma p\u00e1gina latina, datada da \u00e9poca do imperador romano [&hellip;]\" \/>\n<meta property=\"og:url\" content=\"https:\/\/www.oarcanjo.net\/site\/sao-sergio\/\" \/>\n<meta property=\"og:site_name\" content=\"O Arcanjo no ar\" \/>\n<meta property=\"article:publisher\" content=\"https:\/\/www.facebook.com\/OArcanjoNoAr\/\" \/>\n<meta property=\"article:published_time\" content=\"2019-02-24T03:37:47+00:00\" \/>\n<meta property=\"article:modified_time\" content=\"2019-02-20T11:04:25+00:00\" \/>\n<meta property=\"og:image\" content=\"http:\/\/www.portalangels.com\/santo_do_dia\/S2402A.gif\" \/>\n<meta name=\"author\" content=\"danilo\" \/>\n<meta name=\"twitter:card\" content=\"summary_large_image\" \/>\n<meta name=\"twitter:label1\" content=\"Escrito por\" \/>\n\t<meta name=\"twitter:data1\" content=\"danilo\" \/>\n\t<meta name=\"twitter:label2\" content=\"Est. tempo de leitura\" \/>\n\t<meta name=\"twitter:data2\" content=\"3 minutos\" \/>\n<script type=\"application\/ld+json\" class=\"yoast-schema-graph\">{\"@context\":\"https:\/\/schema.org\",\"@graph\":[{\"@type\":\"Article\",\"@id\":\"https:\/\/www.oarcanjo.net\/site\/sao-sergio\/#article\",\"isPartOf\":{\"@id\":\"https:\/\/www.oarcanjo.net\/site\/sao-sergio\/\"},\"author\":{\"name\":\"danilo\",\"@id\":\"https:\/\/www.oarcanjo.net\/site\/#\/schema\/person\/5eb9480bedd2f3c97e430ce128c29c6c\"},\"headline\":\"S\u00e3o S\u00e9rgio\",\"datePublished\":\"2019-02-24T03:37:47+00:00\",\"dateModified\":\"2019-02-20T11:04:25+00:00\",\"mainEntityOfPage\":{\"@id\":\"https:\/\/www.oarcanjo.net\/site\/sao-sergio\/\"},\"wordCount\":558,\"commentCount\":0,\"publisher\":{\"@id\":\"https:\/\/www.oarcanjo.net\/site\/#organization\"},\"image\":{\"@id\":\"https:\/\/www.oarcanjo.net\/site\/sao-sergio\/#primaryimage\"},\"thumbnailUrl\":\"http:\/\/www.portalangels.com\/santo_do_dia\/S2402A.gif\",\"keywords\":[\"S\u00e3o S\u00e9rgio\"],\"articleSection\":[\"Testemunhos\"],\"inLanguage\":\"pt-BR\",\"potentialAction\":[{\"@type\":\"CommentAction\",\"name\":\"Comment\",\"target\":[\"https:\/\/www.oarcanjo.net\/site\/sao-sergio\/#respond\"]}]},{\"@type\":\"WebPage\",\"@id\":\"https:\/\/www.oarcanjo.net\/site\/sao-sergio\/\",\"url\":\"https:\/\/www.oarcanjo.net\/site\/sao-sergio\/\",\"name\":\"S\u00e3o S\u00e9rgio - O Arcanjo no ar\",\"isPartOf\":{\"@id\":\"https:\/\/www.oarcanjo.net\/site\/#website\"},\"primaryImageOfPage\":{\"@id\":\"https:\/\/www.oarcanjo.net\/site\/sao-sergio\/#primaryimage\"},\"image\":{\"@id\":\"https:\/\/www.oarcanjo.net\/site\/sao-sergio\/#primaryimage\"},\"thumbnailUrl\":\"http:\/\/www.portalangels.com\/santo_do_dia\/S2402A.gif\",\"datePublished\":\"2019-02-24T03:37:47+00:00\",\"dateModified\":\"2019-02-20T11:04:25+00:00\",\"breadcrumb\":{\"@id\":\"https:\/\/www.oarcanjo.net\/site\/sao-sergio\/#breadcrumb\"},\"inLanguage\":\"pt-BR\",\"potentialAction\":[{\"@type\":\"ReadAction\",\"target\":[\"https:\/\/www.oarcanjo.net\/site\/sao-sergio\/\"]}]},{\"@type\":\"ImageObject\",\"inLanguage\":\"pt-BR\",\"@id\":\"https:\/\/www.oarcanjo.net\/site\/sao-sergio\/#primaryimage\",\"url\":\"http:\/\/www.portalangels.com\/santo_do_dia\/S2402A.gif\",\"contentUrl\":\"http:\/\/www.portalangels.com\/santo_do_dia\/S2402A.gif\"},{\"@type\":\"BreadcrumbList\",\"@id\":\"https:\/\/www.oarcanjo.net\/site\/sao-sergio\/#breadcrumb\",\"itemListElement\":[{\"@type\":\"ListItem\",\"position\":1,\"name\":\"In\u00edcio\",\"item\":\"https:\/\/www.oarcanjo.net\/site\/\"},{\"@type\":\"ListItem\",\"position\":2,\"name\":\"S\u00e3o S\u00e9rgio\"}]},{\"@type\":\"WebSite\",\"@id\":\"https:\/\/www.oarcanjo.net\/site\/#website\",\"url\":\"https:\/\/www.oarcanjo.net\/site\/\",\"name\":\"O Arcanjo no ar\",\"description\":\"Site da Par\u00f3quia S\u00e3o Miguel Arcanjo (Arquidiocese de SP)\",\"publisher\":{\"@id\":\"https:\/\/www.oarcanjo.net\/site\/#organization\"},\"potentialAction\":[{\"@type\":\"SearchAction\",\"target\":{\"@type\":\"EntryPoint\",\"urlTemplate\":\"https:\/\/www.oarcanjo.net\/site\/?s={search_term_string}\"},\"query-input\":{\"@type\":\"PropertyValueSpecification\",\"valueRequired\":true,\"valueName\":\"search_term_string\"}}],\"inLanguage\":\"pt-BR\"},{\"@type\":\"Organization\",\"@id\":\"https:\/\/www.oarcanjo.net\/site\/#organization\",\"name\":\"Par\u00f3quia S\u00e3o Miguel Arcanjo\",\"url\":\"https:\/\/www.oarcanjo.net\/site\/\",\"logo\":{\"@type\":\"ImageObject\",\"inLanguage\":\"pt-BR\",\"@id\":\"https:\/\/www.oarcanjo.net\/site\/#\/schema\/logo\/image\/\",\"url\":\"https:\/\/www.oarcanjo.net\/site\/wp-content\/uploads\/LogoOArcanjo.png\",\"contentUrl\":\"https:\/\/www.oarcanjo.net\/site\/wp-content\/uploads\/LogoOArcanjo.png\",\"width\":319,\"height\":99,\"caption\":\"Par\u00f3quia S\u00e3o Miguel Arcanjo\"},\"image\":{\"@id\":\"https:\/\/www.oarcanjo.net\/site\/#\/schema\/logo\/image\/\"},\"sameAs\":[\"https:\/\/www.facebook.com\/OArcanjoNoAr\/\"]},{\"@type\":\"Person\",\"@id\":\"https:\/\/www.oarcanjo.net\/site\/#\/schema\/person\/5eb9480bedd2f3c97e430ce128c29c6c\",\"name\":\"danilo\"}]}<\/script>\n<!-- \/ Yoast SEO plugin. -->","yoast_head_json":{"title":"S\u00e3o S\u00e9rgio - O Arcanjo no ar","robots":{"index":"index","follow":"follow","max-snippet":"max-snippet:-1","max-image-preview":"max-image-preview:large","max-video-preview":"max-video-preview:-1"},"canonical":"https:\/\/www.oarcanjo.net\/site\/sao-sergio\/","og_locale":"pt_BR","og_type":"article","og_title":"S\u00e3o S\u00e9rgio - O Arcanjo no ar","og_description":"24 de Fevereiro S\u00e9rgio, m\u00e1rtir da Cesarea, na Capad\u00f3cia, por muito pouco n\u00e3o se manteve totalmente ignorado na hist\u00f3ria do cristianismo. Nada foi escrito sobre ele nos registros gregos e bizantinos da Igreja dos primeiros tempos. Entretanto, ele passou a ter popularidade no Ocidente, gra\u00e7as a uma p\u00e1gina latina, datada da \u00e9poca do imperador romano [&hellip;]","og_url":"https:\/\/www.oarcanjo.net\/site\/sao-sergio\/","og_site_name":"O Arcanjo no ar","article_publisher":"https:\/\/www.facebook.com\/OArcanjoNoAr\/","article_published_time":"2019-02-24T03:37:47+00:00","article_modified_time":"2019-02-20T11:04:25+00:00","og_image":[{"url":"http:\/\/www.portalangels.com\/santo_do_dia\/S2402A.gif"}],"author":"danilo","twitter_card":"summary_large_image","twitter_misc":{"Escrito por":"danilo","Est. tempo de leitura":"3 minutos"},"schema":{"@context":"https:\/\/schema.org","@graph":[{"@type":"Article","@id":"https:\/\/www.oarcanjo.net\/site\/sao-sergio\/#article","isPartOf":{"@id":"https:\/\/www.oarcanjo.net\/site\/sao-sergio\/"},"author":{"name":"danilo","@id":"https:\/\/www.oarcanjo.net\/site\/#\/schema\/person\/5eb9480bedd2f3c97e430ce128c29c6c"},"headline":"S\u00e3o S\u00e9rgio","datePublished":"2019-02-24T03:37:47+00:00","dateModified":"2019-02-20T11:04:25+00:00","mainEntityOfPage":{"@id":"https:\/\/www.oarcanjo.net\/site\/sao-sergio\/"},"wordCount":558,"commentCount":0,"publisher":{"@id":"https:\/\/www.oarcanjo.net\/site\/#organization"},"image":{"@id":"https:\/\/www.oarcanjo.net\/site\/sao-sergio\/#primaryimage"},"thumbnailUrl":"http:\/\/www.portalangels.com\/santo_do_dia\/S2402A.gif","keywords":["S\u00e3o S\u00e9rgio"],"articleSection":["Testemunhos"],"inLanguage":"pt-BR","potentialAction":[{"@type":"CommentAction","name":"Comment","target":["https:\/\/www.oarcanjo.net\/site\/sao-sergio\/#respond"]}]},{"@type":"WebPage","@id":"https:\/\/www.oarcanjo.net\/site\/sao-sergio\/","url":"https:\/\/www.oarcanjo.net\/site\/sao-sergio\/","name":"S\u00e3o S\u00e9rgio - O Arcanjo no ar","isPartOf":{"@id":"https:\/\/www.oarcanjo.net\/site\/#website"},"primaryImageOfPage":{"@id":"https:\/\/www.oarcanjo.net\/site\/sao-sergio\/#primaryimage"},"image":{"@id":"https:\/\/www.oarcanjo.net\/site\/sao-sergio\/#primaryimage"},"thumbnailUrl":"http:\/\/www.portalangels.com\/santo_do_dia\/S2402A.gif","datePublished":"2019-02-24T03:37:47+00:00","dateModified":"2019-02-20T11:04:25+00:00","breadcrumb":{"@id":"https:\/\/www.oarcanjo.net\/site\/sao-sergio\/#breadcrumb"},"inLanguage":"pt-BR","potentialAction":[{"@type":"ReadAction","target":["https:\/\/www.oarcanjo.net\/site\/sao-sergio\/"]}]},{"@type":"ImageObject","inLanguage":"pt-BR","@id":"https:\/\/www.oarcanjo.net\/site\/sao-sergio\/#primaryimage","url":"http:\/\/www.portalangels.com\/santo_do_dia\/S2402A.gif","contentUrl":"http:\/\/www.portalangels.com\/santo_do_dia\/S2402A.gif"},{"@type":"BreadcrumbList","@id":"https:\/\/www.oarcanjo.net\/site\/sao-sergio\/#breadcrumb","itemListElement":[{"@type":"ListItem","position":1,"name":"In\u00edcio","item":"https:\/\/www.oarcanjo.net\/site\/"},{"@type":"ListItem","position":2,"name":"S\u00e3o S\u00e9rgio"}]},{"@type":"WebSite","@id":"https:\/\/www.oarcanjo.net\/site\/#website","url":"https:\/\/www.oarcanjo.net\/site\/","name":"O Arcanjo no ar","description":"Site da Par\u00f3quia S\u00e3o Miguel Arcanjo (Arquidiocese de SP)","publisher":{"@id":"https:\/\/www.oarcanjo.net\/site\/#organization"},"potentialAction":[{"@type":"SearchAction","target":{"@type":"EntryPoint","urlTemplate":"https:\/\/www.oarcanjo.net\/site\/?s={search_term_string}"},"query-input":{"@type":"PropertyValueSpecification","valueRequired":true,"valueName":"search_term_string"}}],"inLanguage":"pt-BR"},{"@type":"Organization","@id":"https:\/\/www.oarcanjo.net\/site\/#organization","name":"Par\u00f3quia S\u00e3o Miguel Arcanjo","url":"https:\/\/www.oarcanjo.net\/site\/","logo":{"@type":"ImageObject","inLanguage":"pt-BR","@id":"https:\/\/www.oarcanjo.net\/site\/#\/schema\/logo\/image\/","url":"https:\/\/www.oarcanjo.net\/site\/wp-content\/uploads\/LogoOArcanjo.png","contentUrl":"https:\/\/www.oarcanjo.net\/site\/wp-content\/uploads\/LogoOArcanjo.png","width":319,"height":99,"caption":"Par\u00f3quia S\u00e3o Miguel Arcanjo"},"image":{"@id":"https:\/\/www.oarcanjo.net\/site\/#\/schema\/logo\/image\/"},"sameAs":["https:\/\/www.facebook.com\/OArcanjoNoAr\/"]},{"@type":"Person","@id":"https:\/\/www.oarcanjo.net\/site\/#\/schema\/person\/5eb9480bedd2f3c97e430ce128c29c6c","name":"danilo"}]}},"publishpress_future_action":{"enabled":false,"date":"2026-05-08 01:18:02","action":"category","newStatus":"draft","terms":[],"taxonomy":"category"},"publishpress_future_workflow_manual_trigger":{"enabledWorkflows":[]},"_links":{"self":[{"href":"https:\/\/www.oarcanjo.net\/site\/wp-json\/wp\/v2\/posts\/8020"}],"collection":[{"href":"https:\/\/www.oarcanjo.net\/site\/wp-json\/wp\/v2\/posts"}],"about":[{"href":"https:\/\/www.oarcanjo.net\/site\/wp-json\/wp\/v2\/types\/post"}],"author":[{"embeddable":true,"href":"https:\/\/www.oarcanjo.net\/site\/wp-json\/wp\/v2\/users\/14"}],"replies":[{"embeddable":true,"href":"https:\/\/www.oarcanjo.net\/site\/wp-json\/wp\/v2\/comments?post=8020"}],"version-history":[{"count":1,"href":"https:\/\/www.oarcanjo.net\/site\/wp-json\/wp\/v2\/posts\/8020\/revisions"}],"predecessor-version":[{"id":92951,"href":"https:\/\/www.oarcanjo.net\/site\/wp-json\/wp\/v2\/posts\/8020\/revisions\/92951"}],"wp:attachment":[{"href":"https:\/\/www.oarcanjo.net\/site\/wp-json\/wp\/v2\/media?parent=8020"}],"wp:term":[{"taxonomy":"category","embeddable":true,"href":"https:\/\/www.oarcanjo.net\/site\/wp-json\/wp\/v2\/categories?post=8020"},{"taxonomy":"post_tag","embeddable":true,"href":"https:\/\/www.oarcanjo.net\/site\/wp-json\/wp\/v2\/tags?post=8020"}],"curies":[{"name":"wp","href":"https:\/\/api.w.org\/{rel}","templated":true}]}}