
{"id":8024,"date":"2019-02-24T00:02:06","date_gmt":"2019-02-24T03:02:06","guid":{"rendered":"http:\/\/www.oarcanjo.net\/site\/?p=8024"},"modified":"2019-02-20T08:04:21","modified_gmt":"2019-02-20T11:04:21","slug":"bem-aventurado-tomas-maria-fusco","status":"publish","type":"post","link":"https:\/\/www.oarcanjo.net\/site\/bem-aventurado-tomas-maria-fusco\/","title":{"rendered":"Bem Aventurado Tom\u00e1s Maria Fusco"},"content":{"rendered":"<p><img loading=\"lazy\" decoding=\"async\" src=\"http:\/\/www.paroquiameninojesus.org.br\/imagensSantos\/tomas(2).jpg\" border=\"0\" alt=\"\" width=\"150\" height=\"190\" align=\"absMiddle\" \/><\/p>\n<p>24 de Fevereiro<\/p>\n<p>Fundou a Congrega\u00e7\u00e3o das Filhas da Caridade do Precios\u00edssimo Sangue<\/p>\n<p>Tom\u00e1s Maria Fusco nasceu em Pagani, uma pequena cidade italiana do Vale do Sarno, no dia 1 de dezembro de 1831. Seus pais, \u00edntegros na conduta moral e religiosa, formaram uma fam\u00edlia de oito filhos educados na piedade crist\u00e3. Aos oito anos ficou \u00f3rf\u00e3o, encontrando o amparo do tio e do irm\u00e3o, ambos sacerdotes, que cuidaram de sua forma\u00e7\u00e3o e educa\u00e7\u00e3o, direcionadas para a vida religiosa, conforme seu pr\u00f3prio desejo.<\/p>\n<p>Em 1847, entrou no semin\u00e1rio diocesano de Nocera, situado naquele mesmo Vale, onde completou os estudos teol\u00f3gicos e foi ordenado sacerdote. Desde o in\u00edcio do seu minist\u00e9rio abriu espa\u00e7os e se dedicou \u00e0 forma\u00e7\u00e3o e aos cuidados das crian\u00e7as, para as quais abriu em sua casa uma escola matinal. Com elas, padre Tom\u00e1s Maria costumava passar em santa alegria os dias de festa. Na igreja da par\u00f3quia, restabeleceu a capela noturna para os jovens e adultos, a fim de promover sua forma\u00e7\u00e3o humana e crist\u00e3.<\/p>\n<p>Foi admitido na congrega\u00e7\u00e3o dos mission\u00e1rios de S\u00e3o Vicente de Paulo, em 1857, tendo percorrido um longo itiner\u00e1rio mission\u00e1rio, especialmente nas regi\u00f5es da It\u00e1lia meridional. Tr\u00eas anos depois, quando foi nomeado capel\u00e3o do santu\u00e1rio de Nossa Senhora do Carmo, em Pagani, desenvolveu as associa\u00e7\u00f5es cat\u00f3licas masculinas e femininas, ergueu um altar para o culto ao Crucificado e criou a Pia Uni\u00e3o ao Precios\u00edssimo Sangue de Jesus.<\/p>\n<p>Ele fundou, tamb\u00e9m na sua casa, em 1862, uma Escola de Teologia Moral para os sacerdotes destinada \u00e0 sua habilita\u00e7\u00e3o para o minist\u00e9rio do confession\u00e1rio, onde eram inflamados no amor ao Sangue de Cristo. Nesse mesmo ano, instituiu a &#8220;Companhia do Apostolado Cat\u00f3lico&#8221; para as miss\u00f5es populares.<\/p>\n<p>O amor a Deus e amor ao pr\u00f3ximo despertavam nele outra urg\u00eancia: criar uma nova fam\u00edlia religiosa destinada a cuidar das crian\u00e7as abandonadas, particularmente dos \u00f3rf\u00e3os, a quem ele privilegiava com sua ternura paterna. Ap\u00f3s uma longa prepara\u00e7\u00e3o na ora\u00e7\u00e3o e inspirado pela Virgem Sant\u00edssima, em 1873, ele fundou a congrega\u00e7\u00e3o das &#8220;Filhas da Caridade do Precios\u00edssimo Sangue&#8221;. A obra iniciou com seu bispo, Dom Amirante, entregando o h\u00e1bito para tr\u00eas religiosas e aben\u00e7oando o orfanato, inaugurado com sete \u00f3rf\u00e3s pobres. Neste momento da funda\u00e7\u00e3o, ele tamb\u00e9m foi advertido pelo seu bispo, que disse: &#8220;Voc\u00ea escolheu o t\u00edtulo do Precios\u00edssimo Sangue? Pois bem, prepare-se para beber o c\u00e1lice amargo&#8221;.<\/p>\n<p>De fato, o seu minist\u00e9rio bem realizado, sua vida de sacerdote exemplar, foi alvo de inveja e cal\u00fania, lan\u00e7ada em 1880. Ele padeceu em sil\u00eancio com humilha\u00e7\u00f5es e persegui\u00e7\u00f5es, mas, foi com amor e sustentado pelo Senhor que carregou sua \u00e1rdua cruz. Morreu no dia 24 de fevereiro de 1891, debilitado pela doen\u00e7a cr\u00f4nica no f\u00edgado, aos cinq\u00fcenta e nove anos.<\/p>\n<p>Padre Tom\u00e1s Maria Fusco foi Ap\u00f3stolo da Caridade do Precios\u00edssimo Sangue, viveu amando os pobres e morreu perdoando os inimigos. Gozava da fama de santidade no meio do clero, do povo em geral e das suas filhas espirituais, hoje encontradas em v\u00e1rias regi\u00f5es do mundo. O papa Jo\u00e3o Paulo II o beatificou em 2001 e o dia de sua morte determinado para a festa lit\u00fargica.<\/p>\n<div id=\"themify_builder_content-8024\" data-postid=\"8024\" class=\"themify_builder_content themify_builder_content-8024 themify_builder themify_builder_front\">\n\t<\/div>\n<!-- \/themify_builder_content -->","protected":false},"excerpt":{"rendered":"<p>24 de Fevereiro Fundou a Congrega\u00e7\u00e3o das Filhas da Caridade do Precios\u00edssimo Sangue Tom\u00e1s Maria Fusco nasceu em Pagani, uma pequena cidade italiana do Vale do Sarno, no dia 1 de dezembro de 1831. Seus pais, \u00edntegros na conduta moral e religiosa, formaram uma fam\u00edlia de oito filhos educados na piedade crist\u00e3. Aos oito anos [&hellip;]<\/p>\n","protected":false},"author":14,"featured_media":0,"comment_status":"open","ping_status":"open","sticky":false,"template":"","format":"standard","meta":{"ngg_post_thumbnail":0,"footnotes":""},"categories":[186],"tags":[],"yoast_head":"<!-- This site is optimized with the Yoast SEO plugin v23.5 - https:\/\/yoast.com\/wordpress\/plugins\/seo\/ -->\n<title>Bem Aventurado Tom\u00e1s Maria Fusco - O Arcanjo no ar<\/title>\n<meta name=\"robots\" content=\"index, follow, max-snippet:-1, max-image-preview:large, max-video-preview:-1\" \/>\n<link rel=\"canonical\" href=\"https:\/\/www.oarcanjo.net\/site\/bem-aventurado-tomas-maria-fusco\/\" \/>\n<meta property=\"og:locale\" content=\"pt_BR\" \/>\n<meta property=\"og:type\" content=\"article\" \/>\n<meta property=\"og:title\" content=\"Bem Aventurado Tom\u00e1s Maria Fusco - O Arcanjo no ar\" \/>\n<meta property=\"og:description\" content=\"24 de Fevereiro Fundou a Congrega\u00e7\u00e3o das Filhas da Caridade do Precios\u00edssimo Sangue Tom\u00e1s Maria Fusco nasceu em Pagani, uma pequena cidade italiana do Vale do Sarno, no dia 1 de dezembro de 1831. Seus pais, \u00edntegros na conduta moral e religiosa, formaram uma fam\u00edlia de oito filhos educados na piedade crist\u00e3. Aos oito anos [&hellip;]\" \/>\n<meta property=\"og:url\" content=\"https:\/\/www.oarcanjo.net\/site\/bem-aventurado-tomas-maria-fusco\/\" \/>\n<meta property=\"og:site_name\" content=\"O Arcanjo no ar\" \/>\n<meta property=\"article:publisher\" content=\"https:\/\/www.facebook.com\/OArcanjoNoAr\/\" \/>\n<meta property=\"article:published_time\" content=\"2019-02-24T03:02:06+00:00\" \/>\n<meta property=\"article:modified_time\" content=\"2019-02-20T11:04:21+00:00\" \/>\n<meta property=\"og:image\" content=\"http:\/\/www.paroquiameninojesus.org.br\/imagensSantos\/tomas(2).jpg\" \/>\n<meta name=\"author\" content=\"danilo\" \/>\n<meta name=\"twitter:card\" content=\"summary_large_image\" \/>\n<meta name=\"twitter:label1\" content=\"Escrito por\" \/>\n\t<meta name=\"twitter:data1\" content=\"danilo\" \/>\n\t<meta name=\"twitter:label2\" content=\"Est. tempo de leitura\" \/>\n\t<meta name=\"twitter:data2\" content=\"3 minutos\" \/>\n<script type=\"application\/ld+json\" class=\"yoast-schema-graph\">{\"@context\":\"https:\/\/schema.org\",\"@graph\":[{\"@type\":\"Article\",\"@id\":\"https:\/\/www.oarcanjo.net\/site\/bem-aventurado-tomas-maria-fusco\/#article\",\"isPartOf\":{\"@id\":\"https:\/\/www.oarcanjo.net\/site\/bem-aventurado-tomas-maria-fusco\/\"},\"author\":{\"name\":\"danilo\",\"@id\":\"https:\/\/www.oarcanjo.net\/site\/#\/schema\/person\/5eb9480bedd2f3c97e430ce128c29c6c\"},\"headline\":\"Bem Aventurado Tom\u00e1s Maria Fusco\",\"datePublished\":\"2019-02-24T03:02:06+00:00\",\"dateModified\":\"2019-02-20T11:04:21+00:00\",\"mainEntityOfPage\":{\"@id\":\"https:\/\/www.oarcanjo.net\/site\/bem-aventurado-tomas-maria-fusco\/\"},\"wordCount\":585,\"commentCount\":0,\"publisher\":{\"@id\":\"https:\/\/www.oarcanjo.net\/site\/#organization\"},\"image\":{\"@id\":\"https:\/\/www.oarcanjo.net\/site\/bem-aventurado-tomas-maria-fusco\/#primaryimage\"},\"thumbnailUrl\":\"http:\/\/www.paroquiameninojesus.org.br\/imagensSantos\/tomas(2).jpg\",\"articleSection\":[\"Testemunhos\"],\"inLanguage\":\"pt-BR\",\"potentialAction\":[{\"@type\":\"CommentAction\",\"name\":\"Comment\",\"target\":[\"https:\/\/www.oarcanjo.net\/site\/bem-aventurado-tomas-maria-fusco\/#respond\"]}]},{\"@type\":\"WebPage\",\"@id\":\"https:\/\/www.oarcanjo.net\/site\/bem-aventurado-tomas-maria-fusco\/\",\"url\":\"https:\/\/www.oarcanjo.net\/site\/bem-aventurado-tomas-maria-fusco\/\",\"name\":\"Bem Aventurado Tom\u00e1s Maria Fusco - O Arcanjo no ar\",\"isPartOf\":{\"@id\":\"https:\/\/www.oarcanjo.net\/site\/#website\"},\"primaryImageOfPage\":{\"@id\":\"https:\/\/www.oarcanjo.net\/site\/bem-aventurado-tomas-maria-fusco\/#primaryimage\"},\"image\":{\"@id\":\"https:\/\/www.oarcanjo.net\/site\/bem-aventurado-tomas-maria-fusco\/#primaryimage\"},\"thumbnailUrl\":\"http:\/\/www.paroquiameninojesus.org.br\/imagensSantos\/tomas(2).jpg\",\"datePublished\":\"2019-02-24T03:02:06+00:00\",\"dateModified\":\"2019-02-20T11:04:21+00:00\",\"breadcrumb\":{\"@id\":\"https:\/\/www.oarcanjo.net\/site\/bem-aventurado-tomas-maria-fusco\/#breadcrumb\"},\"inLanguage\":\"pt-BR\",\"potentialAction\":[{\"@type\":\"ReadAction\",\"target\":[\"https:\/\/www.oarcanjo.net\/site\/bem-aventurado-tomas-maria-fusco\/\"]}]},{\"@type\":\"ImageObject\",\"inLanguage\":\"pt-BR\",\"@id\":\"https:\/\/www.oarcanjo.net\/site\/bem-aventurado-tomas-maria-fusco\/#primaryimage\",\"url\":\"http:\/\/www.paroquiameninojesus.org.br\/imagensSantos\/tomas(2).jpg\",\"contentUrl\":\"http:\/\/www.paroquiameninojesus.org.br\/imagensSantos\/tomas(2).jpg\"},{\"@type\":\"BreadcrumbList\",\"@id\":\"https:\/\/www.oarcanjo.net\/site\/bem-aventurado-tomas-maria-fusco\/#breadcrumb\",\"itemListElement\":[{\"@type\":\"ListItem\",\"position\":1,\"name\":\"In\u00edcio\",\"item\":\"https:\/\/www.oarcanjo.net\/site\/\"},{\"@type\":\"ListItem\",\"position\":2,\"name\":\"Bem Aventurado Tom\u00e1s Maria Fusco\"}]},{\"@type\":\"WebSite\",\"@id\":\"https:\/\/www.oarcanjo.net\/site\/#website\",\"url\":\"https:\/\/www.oarcanjo.net\/site\/\",\"name\":\"O Arcanjo no ar\",\"description\":\"Site da Par\u00f3quia S\u00e3o Miguel Arcanjo (Arquidiocese de SP)\",\"publisher\":{\"@id\":\"https:\/\/www.oarcanjo.net\/site\/#organization\"},\"potentialAction\":[{\"@type\":\"SearchAction\",\"target\":{\"@type\":\"EntryPoint\",\"urlTemplate\":\"https:\/\/www.oarcanjo.net\/site\/?s={search_term_string}\"},\"query-input\":{\"@type\":\"PropertyValueSpecification\",\"valueRequired\":true,\"valueName\":\"search_term_string\"}}],\"inLanguage\":\"pt-BR\"},{\"@type\":\"Organization\",\"@id\":\"https:\/\/www.oarcanjo.net\/site\/#organization\",\"name\":\"Par\u00f3quia S\u00e3o Miguel Arcanjo\",\"url\":\"https:\/\/www.oarcanjo.net\/site\/\",\"logo\":{\"@type\":\"ImageObject\",\"inLanguage\":\"pt-BR\",\"@id\":\"https:\/\/www.oarcanjo.net\/site\/#\/schema\/logo\/image\/\",\"url\":\"https:\/\/www.oarcanjo.net\/site\/wp-content\/uploads\/LogoOArcanjo.png\",\"contentUrl\":\"https:\/\/www.oarcanjo.net\/site\/wp-content\/uploads\/LogoOArcanjo.png\",\"width\":319,\"height\":99,\"caption\":\"Par\u00f3quia S\u00e3o Miguel Arcanjo\"},\"image\":{\"@id\":\"https:\/\/www.oarcanjo.net\/site\/#\/schema\/logo\/image\/\"},\"sameAs\":[\"https:\/\/www.facebook.com\/OArcanjoNoAr\/\"]},{\"@type\":\"Person\",\"@id\":\"https:\/\/www.oarcanjo.net\/site\/#\/schema\/person\/5eb9480bedd2f3c97e430ce128c29c6c\",\"name\":\"danilo\"}]}<\/script>\n<!-- \/ Yoast SEO plugin. -->","yoast_head_json":{"title":"Bem Aventurado Tom\u00e1s Maria Fusco - O Arcanjo no ar","robots":{"index":"index","follow":"follow","max-snippet":"max-snippet:-1","max-image-preview":"max-image-preview:large","max-video-preview":"max-video-preview:-1"},"canonical":"https:\/\/www.oarcanjo.net\/site\/bem-aventurado-tomas-maria-fusco\/","og_locale":"pt_BR","og_type":"article","og_title":"Bem Aventurado Tom\u00e1s Maria Fusco - O Arcanjo no ar","og_description":"24 de Fevereiro Fundou a Congrega\u00e7\u00e3o das Filhas da Caridade do Precios\u00edssimo Sangue Tom\u00e1s Maria Fusco nasceu em Pagani, uma pequena cidade italiana do Vale do Sarno, no dia 1 de dezembro de 1831. Seus pais, \u00edntegros na conduta moral e religiosa, formaram uma fam\u00edlia de oito filhos educados na piedade crist\u00e3. Aos oito anos [&hellip;]","og_url":"https:\/\/www.oarcanjo.net\/site\/bem-aventurado-tomas-maria-fusco\/","og_site_name":"O Arcanjo no ar","article_publisher":"https:\/\/www.facebook.com\/OArcanjoNoAr\/","article_published_time":"2019-02-24T03:02:06+00:00","article_modified_time":"2019-02-20T11:04:21+00:00","og_image":[{"url":"http:\/\/www.paroquiameninojesus.org.br\/imagensSantos\/tomas(2).jpg"}],"author":"danilo","twitter_card":"summary_large_image","twitter_misc":{"Escrito por":"danilo","Est. tempo de leitura":"3 minutos"},"schema":{"@context":"https:\/\/schema.org","@graph":[{"@type":"Article","@id":"https:\/\/www.oarcanjo.net\/site\/bem-aventurado-tomas-maria-fusco\/#article","isPartOf":{"@id":"https:\/\/www.oarcanjo.net\/site\/bem-aventurado-tomas-maria-fusco\/"},"author":{"name":"danilo","@id":"https:\/\/www.oarcanjo.net\/site\/#\/schema\/person\/5eb9480bedd2f3c97e430ce128c29c6c"},"headline":"Bem Aventurado Tom\u00e1s Maria Fusco","datePublished":"2019-02-24T03:02:06+00:00","dateModified":"2019-02-20T11:04:21+00:00","mainEntityOfPage":{"@id":"https:\/\/www.oarcanjo.net\/site\/bem-aventurado-tomas-maria-fusco\/"},"wordCount":585,"commentCount":0,"publisher":{"@id":"https:\/\/www.oarcanjo.net\/site\/#organization"},"image":{"@id":"https:\/\/www.oarcanjo.net\/site\/bem-aventurado-tomas-maria-fusco\/#primaryimage"},"thumbnailUrl":"http:\/\/www.paroquiameninojesus.org.br\/imagensSantos\/tomas(2).jpg","articleSection":["Testemunhos"],"inLanguage":"pt-BR","potentialAction":[{"@type":"CommentAction","name":"Comment","target":["https:\/\/www.oarcanjo.net\/site\/bem-aventurado-tomas-maria-fusco\/#respond"]}]},{"@type":"WebPage","@id":"https:\/\/www.oarcanjo.net\/site\/bem-aventurado-tomas-maria-fusco\/","url":"https:\/\/www.oarcanjo.net\/site\/bem-aventurado-tomas-maria-fusco\/","name":"Bem Aventurado Tom\u00e1s Maria Fusco - O Arcanjo no ar","isPartOf":{"@id":"https:\/\/www.oarcanjo.net\/site\/#website"},"primaryImageOfPage":{"@id":"https:\/\/www.oarcanjo.net\/site\/bem-aventurado-tomas-maria-fusco\/#primaryimage"},"image":{"@id":"https:\/\/www.oarcanjo.net\/site\/bem-aventurado-tomas-maria-fusco\/#primaryimage"},"thumbnailUrl":"http:\/\/www.paroquiameninojesus.org.br\/imagensSantos\/tomas(2).jpg","datePublished":"2019-02-24T03:02:06+00:00","dateModified":"2019-02-20T11:04:21+00:00","breadcrumb":{"@id":"https:\/\/www.oarcanjo.net\/site\/bem-aventurado-tomas-maria-fusco\/#breadcrumb"},"inLanguage":"pt-BR","potentialAction":[{"@type":"ReadAction","target":["https:\/\/www.oarcanjo.net\/site\/bem-aventurado-tomas-maria-fusco\/"]}]},{"@type":"ImageObject","inLanguage":"pt-BR","@id":"https:\/\/www.oarcanjo.net\/site\/bem-aventurado-tomas-maria-fusco\/#primaryimage","url":"http:\/\/www.paroquiameninojesus.org.br\/imagensSantos\/tomas(2).jpg","contentUrl":"http:\/\/www.paroquiameninojesus.org.br\/imagensSantos\/tomas(2).jpg"},{"@type":"BreadcrumbList","@id":"https:\/\/www.oarcanjo.net\/site\/bem-aventurado-tomas-maria-fusco\/#breadcrumb","itemListElement":[{"@type":"ListItem","position":1,"name":"In\u00edcio","item":"https:\/\/www.oarcanjo.net\/site\/"},{"@type":"ListItem","position":2,"name":"Bem Aventurado Tom\u00e1s Maria Fusco"}]},{"@type":"WebSite","@id":"https:\/\/www.oarcanjo.net\/site\/#website","url":"https:\/\/www.oarcanjo.net\/site\/","name":"O Arcanjo no ar","description":"Site da Par\u00f3quia S\u00e3o Miguel Arcanjo (Arquidiocese de SP)","publisher":{"@id":"https:\/\/www.oarcanjo.net\/site\/#organization"},"potentialAction":[{"@type":"SearchAction","target":{"@type":"EntryPoint","urlTemplate":"https:\/\/www.oarcanjo.net\/site\/?s={search_term_string}"},"query-input":{"@type":"PropertyValueSpecification","valueRequired":true,"valueName":"search_term_string"}}],"inLanguage":"pt-BR"},{"@type":"Organization","@id":"https:\/\/www.oarcanjo.net\/site\/#organization","name":"Par\u00f3quia S\u00e3o Miguel Arcanjo","url":"https:\/\/www.oarcanjo.net\/site\/","logo":{"@type":"ImageObject","inLanguage":"pt-BR","@id":"https:\/\/www.oarcanjo.net\/site\/#\/schema\/logo\/image\/","url":"https:\/\/www.oarcanjo.net\/site\/wp-content\/uploads\/LogoOArcanjo.png","contentUrl":"https:\/\/www.oarcanjo.net\/site\/wp-content\/uploads\/LogoOArcanjo.png","width":319,"height":99,"caption":"Par\u00f3quia S\u00e3o Miguel Arcanjo"},"image":{"@id":"https:\/\/www.oarcanjo.net\/site\/#\/schema\/logo\/image\/"},"sameAs":["https:\/\/www.facebook.com\/OArcanjoNoAr\/"]},{"@type":"Person","@id":"https:\/\/www.oarcanjo.net\/site\/#\/schema\/person\/5eb9480bedd2f3c97e430ce128c29c6c","name":"danilo"}]}},"publishpress_future_action":{"enabled":false,"date":"2026-05-08 01:16:32","action":"category","newStatus":"draft","terms":[],"taxonomy":"category"},"publishpress_future_workflow_manual_trigger":{"enabledWorkflows":[]},"_links":{"self":[{"href":"https:\/\/www.oarcanjo.net\/site\/wp-json\/wp\/v2\/posts\/8024"}],"collection":[{"href":"https:\/\/www.oarcanjo.net\/site\/wp-json\/wp\/v2\/posts"}],"about":[{"href":"https:\/\/www.oarcanjo.net\/site\/wp-json\/wp\/v2\/types\/post"}],"author":[{"embeddable":true,"href":"https:\/\/www.oarcanjo.net\/site\/wp-json\/wp\/v2\/users\/14"}],"replies":[{"embeddable":true,"href":"https:\/\/www.oarcanjo.net\/site\/wp-json\/wp\/v2\/comments?post=8024"}],"version-history":[{"count":1,"href":"https:\/\/www.oarcanjo.net\/site\/wp-json\/wp\/v2\/posts\/8024\/revisions"}],"predecessor-version":[{"id":92950,"href":"https:\/\/www.oarcanjo.net\/site\/wp-json\/wp\/v2\/posts\/8024\/revisions\/92950"}],"wp:attachment":[{"href":"https:\/\/www.oarcanjo.net\/site\/wp-json\/wp\/v2\/media?parent=8024"}],"wp:term":[{"taxonomy":"category","embeddable":true,"href":"https:\/\/www.oarcanjo.net\/site\/wp-json\/wp\/v2\/categories?post=8024"},{"taxonomy":"post_tag","embeddable":true,"href":"https:\/\/www.oarcanjo.net\/site\/wp-json\/wp\/v2\/tags?post=8024"}],"curies":[{"name":"wp","href":"https:\/\/api.w.org\/{rel}","templated":true}]}}