
{"id":8028,"date":"2019-02-25T00:48:58","date_gmt":"2019-02-25T03:48:58","guid":{"rendered":"http:\/\/www.oarcanjo.net\/site\/?p=8028"},"modified":"2019-02-20T08:04:32","modified_gmt":"2019-02-20T11:04:32","slug":"santa-valburga","status":"publish","type":"post","link":"https:\/\/www.oarcanjo.net\/site\/santa-valburga\/","title":{"rendered":"Santa Valburga"},"content":{"rendered":"<p><img decoding=\"async\" src=\"http:\/\/3.bp.blogspot.com\/_Vha-vgrqOWg\/R8LEAeONT9I\/AAAAAAAAAcM\/8alK72l1bpI\/s1600\/42775D%5B1%5D.jpg\" border=\"0\" alt=\"[42775D[1].jpg]\" \/><\/p>\n<p>25 de Fevereiro<\/p>\n<div>Valburga nasceu em Devonshire,<\/div>\n<div>na Inglaterra meridional em 710.<\/div>\n<div>Era uma princesa dos Kents, crist\u00e3os<\/div>\n<div>que desde o s\u00e9culo III se sucediam no trono.<\/div>\n<div>Ela viveu cercada de nobreza e santidade.<\/div>\n<div>Seus parentes eram reverenciados<\/div>\n<div>nos tronos reais, mas muitos preferiram<\/div>\n<div>trilhar o caminho da santidade<\/div>\n<div>e foram elevados ao altar pela Igreja,<\/div>\n<div>como seu pai, S\u00e3o Ricardo e os irm\u00e3os<\/div>\n<div>S\u00e3o Vilibaldo e S\u00e3o Vunibaldo.<\/div>\n<p>\u00a0<\/p>\n<div>Valburga tinha completado dez anos quando<\/div>\n<div>seu pai entregou o trono ao sobrinho,<\/div>\n<div>que tinha atingido a maioridade<\/div>\n<div>e levou a fam\u00edlia para viver num mosteiro.<\/div>\n<div>Poucos meses depois, o rei e os dois filhos<\/div>\n<div>partiram em peregrina\u00e7\u00e3o para Jerusal\u00e9m,<\/div>\n<div>enquanto ela foi confiada \u00e0 abadessa<\/div>\n<div>de Wimburn. Dois anos depois seu pai morreu<\/div>\n<div>em Luca, It\u00e1lia. Assim ela ficou<\/div>\n<div>no mosteiro onde se fez monja e se formou.<\/div>\n<div>Depois escreveu a vida de Vunibaldo<\/div>\n<div>e a narrativa das viagens de Vilibaldo<\/div>\n<div>pela Palestina, pois ambos j\u00e1 eram sacerdotes.<\/div>\n<p>\u00a0<\/p>\n<div>Em 748, foi enviada por sua abadessa<\/div>\n<div>\u00e0 Alemanha, junto com outras religiosas,<\/div>\n<div>para fundar e implantar mosteiros<\/div>\n<div>e escolas entre popula\u00e7\u00f5es<\/div>\n<div>rec\u00e9m-convertidas. Na viagem,<\/div>\n<div>uma grande tempestade foi aplacada<\/div>\n<div>pelas preces de Valburga,<\/div>\n<div>por ela Deus j\u00e1 operava milagres.<\/div>\n<p>\u00a0<\/p>\n<div>Naquele pa\u00eds, foi recebida e apoiada<\/div>\n<div>pelo bispo Bonif\u00e1cio, seu tio, que<\/div>\n<div>consolidava um grande trabalho<\/div>\n<div>de evangeliza\u00e7\u00e3o, auxiliado pelos<\/div>\n<div>sobrinhos mission\u00e1rios.<\/div>\n<div>Designou a sobrinha para a diocese<\/div>\n<div>de Eichestat onde Vunibaldo havia<\/div>\n<div>constru\u00eddo um mosteiro em Heidenheim<\/div>\n<div>e tinha projeto para um feminino<\/div>\n<div>na mesma localidade.<\/div>\n<div>Ambos conclu\u00edram o novo mosteiro<\/div>\n<div>e Valburga foi eleita a abadessa.<\/div>\n<div>Ap\u00f3s a morte do irm\u00e3o,<\/div>\n<div>ela passou a dirigir os dois mosteiros,<\/div>\n<div>fun\u00e7\u00e3o que exerceu durante<\/div>\n<div>dezessete anos. Nessa \u00e9poca transpareceu<\/div>\n<div>a sua santidade nos exemplos de<\/div>\n<div>sua mortifica\u00e7\u00e3o, bem como no seu amor<\/div>\n<div>ao sil\u00eancio e na sua devo\u00e7\u00e3o ao Senhor.<\/div>\n<p>\u00a0<\/p>\n<div>As obras assistenciais executadas pelos<\/div>\n<div>seus religiosos fizeram destes mosteiros<\/div>\n<div>os mais famosos e procurados de toda<\/div>\n<div>a regi\u00e3o. Valburga entregou-se<\/div>\n<div>a Deus de tal forma que os prod\u00edgios<\/div>\n<div>aconteciam com freq\u00fc\u00eancia.<\/div>\n<div>Os mais citados s\u00e3o:<\/div>\n<div>o de uma luz sobrenatural que envolveu<\/div>\n<div>sua cela enquanto rezava, presenciada<\/div>\n<div>por todas as outras religiosas<\/div>\n<div>e o da cura da filha de um bar\u00e3o,<\/div>\n<div>depois de uma noite de ora\u00e7\u00f5es ao seu lado.<\/div>\n<p>\u00a0<\/p>\n<div>Morreu no dia 25 de fevereiro de 779<\/div>\n<div>e seu corpo foi enterrado no mosteiro de<\/div>\n<div>Heidenheim, onde permaneceu por oitenta anos.<\/div>\n<div>Mas, ao ser trasladado para a igreja de Eichestat,<\/div>\n<div>aquando de sua canoniza\u00e7\u00e3o, em 893,<\/div>\n<div>o seu corpo foi encontrado ainda intacto.<\/div>\n<div>Al\u00e9m disso, das pedras do sepulcro brotava<\/div>\n<div>um flu\u00eddo de aroma suave,<\/div>\n<div>como um \u00f3leo fino, fato que se repetiu sob<\/div>\n<div>o altar da igreja onde o corpo foi colocado.<\/div>\n<div>Nesta mesma cerim\u00f4nia,<\/div>\n<div>algumas rel\u00edquias da Santa<\/div>\n<div>foram enviadas para a Fran\u00e7a do Norte,<\/div>\n<div>onde o rei Carlos III, o Simples,<\/div>\n<div>havia constru\u00eddo no seu pal\u00e1cio de Atinhy,<\/div>\n<div>uma igreja dedicada a Santa Valburga.<\/div>\n<p>\u00a0<\/p>\n<div>O seu culto, em 25 de fevereiro,<\/div>\n<div>se espalhou r\u00e1pido,<\/div>\n<div>porque o \u00f3leo continuou brotando.<\/div>\n<div>Atualmente \u00e9 recolhido em concha de prata<\/div>\n<div>e guardado em garrafinhas distribu\u00eddas<\/div>\n<div>para o mundo inteiro.<\/div>\n<p>\u00a0<\/p>\n<div>Os devotos afirmam que opera milagres.<\/div>\n<div id=\"themify_builder_content-8028\" data-postid=\"8028\" class=\"themify_builder_content themify_builder_content-8028 themify_builder themify_builder_front\">\n\t<\/div>\n<!-- \/themify_builder_content -->","protected":false},"excerpt":{"rendered":"<p>25 de Fevereiro Valburga nasceu em Devonshire, na Inglaterra meridional em 710. Era uma princesa dos Kents, crist\u00e3os que desde o s\u00e9culo III se sucediam no trono. Ela viveu cercada de nobreza e santidade. Seus parentes eram reverenciados nos tronos reais, mas muitos preferiram trilhar o caminho da santidade e foram elevados ao altar pela [&hellip;]<\/p>\n","protected":false},"author":14,"featured_media":0,"comment_status":"open","ping_status":"open","sticky":false,"template":"","format":"standard","meta":{"ngg_post_thumbnail":0,"footnotes":""},"categories":[186],"tags":[],"yoast_head":"<!-- This site is optimized with the Yoast SEO plugin v23.5 - https:\/\/yoast.com\/wordpress\/plugins\/seo\/ -->\n<title>Santa Valburga - O Arcanjo no ar<\/title>\n<meta name=\"robots\" content=\"index, follow, max-snippet:-1, max-image-preview:large, max-video-preview:-1\" \/>\n<link rel=\"canonical\" href=\"https:\/\/www.oarcanjo.net\/site\/santa-valburga\/\" \/>\n<meta property=\"og:locale\" content=\"pt_BR\" \/>\n<meta property=\"og:type\" content=\"article\" \/>\n<meta property=\"og:title\" content=\"Santa Valburga - O Arcanjo no ar\" \/>\n<meta property=\"og:description\" content=\"25 de Fevereiro Valburga nasceu em Devonshire, na Inglaterra meridional em 710. Era uma princesa dos Kents, crist\u00e3os que desde o s\u00e9culo III se sucediam no trono. Ela viveu cercada de nobreza e santidade. Seus parentes eram reverenciados nos tronos reais, mas muitos preferiram trilhar o caminho da santidade e foram elevados ao altar pela [&hellip;]\" \/>\n<meta property=\"og:url\" content=\"https:\/\/www.oarcanjo.net\/site\/santa-valburga\/\" \/>\n<meta property=\"og:site_name\" content=\"O Arcanjo no ar\" \/>\n<meta property=\"article:publisher\" content=\"https:\/\/www.facebook.com\/OArcanjoNoAr\/\" \/>\n<meta property=\"article:published_time\" content=\"2019-02-25T03:48:58+00:00\" \/>\n<meta property=\"article:modified_time\" content=\"2019-02-20T11:04:32+00:00\" \/>\n<meta property=\"og:image\" content=\"http:\/\/3.bp.blogspot.com\/_Vha-vgrqOWg\/R8LEAeONT9I\/AAAAAAAAAcM\/8alK72l1bpI\/s1600\/42775D%5B1%5D.jpg\" \/>\n<meta name=\"author\" content=\"danilo\" \/>\n<meta name=\"twitter:card\" content=\"summary_large_image\" \/>\n<meta name=\"twitter:label1\" content=\"Escrito por\" \/>\n\t<meta name=\"twitter:data1\" content=\"danilo\" \/>\n\t<meta name=\"twitter:label2\" content=\"Est. tempo de leitura\" \/>\n\t<meta name=\"twitter:data2\" content=\"3 minutos\" \/>\n<script type=\"application\/ld+json\" class=\"yoast-schema-graph\">{\"@context\":\"https:\/\/schema.org\",\"@graph\":[{\"@type\":\"Article\",\"@id\":\"https:\/\/www.oarcanjo.net\/site\/santa-valburga\/#article\",\"isPartOf\":{\"@id\":\"https:\/\/www.oarcanjo.net\/site\/santa-valburga\/\"},\"author\":{\"name\":\"danilo\",\"@id\":\"https:\/\/www.oarcanjo.net\/site\/#\/schema\/person\/5eb9480bedd2f3c97e430ce128c29c6c\"},\"headline\":\"Santa Valburga\",\"datePublished\":\"2019-02-25T03:48:58+00:00\",\"dateModified\":\"2019-02-20T11:04:32+00:00\",\"mainEntityOfPage\":{\"@id\":\"https:\/\/www.oarcanjo.net\/site\/santa-valburga\/\"},\"wordCount\":546,\"commentCount\":1,\"publisher\":{\"@id\":\"https:\/\/www.oarcanjo.net\/site\/#organization\"},\"image\":{\"@id\":\"https:\/\/www.oarcanjo.net\/site\/santa-valburga\/#primaryimage\"},\"thumbnailUrl\":\"http:\/\/3.bp.blogspot.com\/_Vha-vgrqOWg\/R8LEAeONT9I\/AAAAAAAAAcM\/8alK72l1bpI\/s1600\/42775D%5B1%5D.jpg\",\"articleSection\":[\"Testemunhos\"],\"inLanguage\":\"pt-BR\",\"potentialAction\":[{\"@type\":\"CommentAction\",\"name\":\"Comment\",\"target\":[\"https:\/\/www.oarcanjo.net\/site\/santa-valburga\/#respond\"]}]},{\"@type\":\"WebPage\",\"@id\":\"https:\/\/www.oarcanjo.net\/site\/santa-valburga\/\",\"url\":\"https:\/\/www.oarcanjo.net\/site\/santa-valburga\/\",\"name\":\"Santa Valburga - O Arcanjo no ar\",\"isPartOf\":{\"@id\":\"https:\/\/www.oarcanjo.net\/site\/#website\"},\"primaryImageOfPage\":{\"@id\":\"https:\/\/www.oarcanjo.net\/site\/santa-valburga\/#primaryimage\"},\"image\":{\"@id\":\"https:\/\/www.oarcanjo.net\/site\/santa-valburga\/#primaryimage\"},\"thumbnailUrl\":\"http:\/\/3.bp.blogspot.com\/_Vha-vgrqOWg\/R8LEAeONT9I\/AAAAAAAAAcM\/8alK72l1bpI\/s1600\/42775D%5B1%5D.jpg\",\"datePublished\":\"2019-02-25T03:48:58+00:00\",\"dateModified\":\"2019-02-20T11:04:32+00:00\",\"breadcrumb\":{\"@id\":\"https:\/\/www.oarcanjo.net\/site\/santa-valburga\/#breadcrumb\"},\"inLanguage\":\"pt-BR\",\"potentialAction\":[{\"@type\":\"ReadAction\",\"target\":[\"https:\/\/www.oarcanjo.net\/site\/santa-valburga\/\"]}]},{\"@type\":\"ImageObject\",\"inLanguage\":\"pt-BR\",\"@id\":\"https:\/\/www.oarcanjo.net\/site\/santa-valburga\/#primaryimage\",\"url\":\"http:\/\/3.bp.blogspot.com\/_Vha-vgrqOWg\/R8LEAeONT9I\/AAAAAAAAAcM\/8alK72l1bpI\/s1600\/42775D%5B1%5D.jpg\",\"contentUrl\":\"http:\/\/3.bp.blogspot.com\/_Vha-vgrqOWg\/R8LEAeONT9I\/AAAAAAAAAcM\/8alK72l1bpI\/s1600\/42775D%5B1%5D.jpg\"},{\"@type\":\"BreadcrumbList\",\"@id\":\"https:\/\/www.oarcanjo.net\/site\/santa-valburga\/#breadcrumb\",\"itemListElement\":[{\"@type\":\"ListItem\",\"position\":1,\"name\":\"In\u00edcio\",\"item\":\"https:\/\/www.oarcanjo.net\/site\/\"},{\"@type\":\"ListItem\",\"position\":2,\"name\":\"Santa Valburga\"}]},{\"@type\":\"WebSite\",\"@id\":\"https:\/\/www.oarcanjo.net\/site\/#website\",\"url\":\"https:\/\/www.oarcanjo.net\/site\/\",\"name\":\"O Arcanjo no ar\",\"description\":\"Site da Par\u00f3quia S\u00e3o Miguel Arcanjo (Arquidiocese de SP)\",\"publisher\":{\"@id\":\"https:\/\/www.oarcanjo.net\/site\/#organization\"},\"potentialAction\":[{\"@type\":\"SearchAction\",\"target\":{\"@type\":\"EntryPoint\",\"urlTemplate\":\"https:\/\/www.oarcanjo.net\/site\/?s={search_term_string}\"},\"query-input\":{\"@type\":\"PropertyValueSpecification\",\"valueRequired\":true,\"valueName\":\"search_term_string\"}}],\"inLanguage\":\"pt-BR\"},{\"@type\":\"Organization\",\"@id\":\"https:\/\/www.oarcanjo.net\/site\/#organization\",\"name\":\"Par\u00f3quia S\u00e3o Miguel Arcanjo\",\"url\":\"https:\/\/www.oarcanjo.net\/site\/\",\"logo\":{\"@type\":\"ImageObject\",\"inLanguage\":\"pt-BR\",\"@id\":\"https:\/\/www.oarcanjo.net\/site\/#\/schema\/logo\/image\/\",\"url\":\"https:\/\/www.oarcanjo.net\/site\/wp-content\/uploads\/LogoOArcanjo.png\",\"contentUrl\":\"https:\/\/www.oarcanjo.net\/site\/wp-content\/uploads\/LogoOArcanjo.png\",\"width\":319,\"height\":99,\"caption\":\"Par\u00f3quia S\u00e3o Miguel Arcanjo\"},\"image\":{\"@id\":\"https:\/\/www.oarcanjo.net\/site\/#\/schema\/logo\/image\/\"},\"sameAs\":[\"https:\/\/www.facebook.com\/OArcanjoNoAr\/\"]},{\"@type\":\"Person\",\"@id\":\"https:\/\/www.oarcanjo.net\/site\/#\/schema\/person\/5eb9480bedd2f3c97e430ce128c29c6c\",\"name\":\"danilo\"}]}<\/script>\n<!-- \/ Yoast SEO plugin. -->","yoast_head_json":{"title":"Santa Valburga - O Arcanjo no ar","robots":{"index":"index","follow":"follow","max-snippet":"max-snippet:-1","max-image-preview":"max-image-preview:large","max-video-preview":"max-video-preview:-1"},"canonical":"https:\/\/www.oarcanjo.net\/site\/santa-valburga\/","og_locale":"pt_BR","og_type":"article","og_title":"Santa Valburga - O Arcanjo no ar","og_description":"25 de Fevereiro Valburga nasceu em Devonshire, na Inglaterra meridional em 710. Era uma princesa dos Kents, crist\u00e3os que desde o s\u00e9culo III se sucediam no trono. Ela viveu cercada de nobreza e santidade. Seus parentes eram reverenciados nos tronos reais, mas muitos preferiram trilhar o caminho da santidade e foram elevados ao altar pela [&hellip;]","og_url":"https:\/\/www.oarcanjo.net\/site\/santa-valburga\/","og_site_name":"O Arcanjo no ar","article_publisher":"https:\/\/www.facebook.com\/OArcanjoNoAr\/","article_published_time":"2019-02-25T03:48:58+00:00","article_modified_time":"2019-02-20T11:04:32+00:00","og_image":[{"url":"http:\/\/3.bp.blogspot.com\/_Vha-vgrqOWg\/R8LEAeONT9I\/AAAAAAAAAcM\/8alK72l1bpI\/s1600\/42775D%5B1%5D.jpg"}],"author":"danilo","twitter_card":"summary_large_image","twitter_misc":{"Escrito por":"danilo","Est. tempo de leitura":"3 minutos"},"schema":{"@context":"https:\/\/schema.org","@graph":[{"@type":"Article","@id":"https:\/\/www.oarcanjo.net\/site\/santa-valburga\/#article","isPartOf":{"@id":"https:\/\/www.oarcanjo.net\/site\/santa-valburga\/"},"author":{"name":"danilo","@id":"https:\/\/www.oarcanjo.net\/site\/#\/schema\/person\/5eb9480bedd2f3c97e430ce128c29c6c"},"headline":"Santa Valburga","datePublished":"2019-02-25T03:48:58+00:00","dateModified":"2019-02-20T11:04:32+00:00","mainEntityOfPage":{"@id":"https:\/\/www.oarcanjo.net\/site\/santa-valburga\/"},"wordCount":546,"commentCount":1,"publisher":{"@id":"https:\/\/www.oarcanjo.net\/site\/#organization"},"image":{"@id":"https:\/\/www.oarcanjo.net\/site\/santa-valburga\/#primaryimage"},"thumbnailUrl":"http:\/\/3.bp.blogspot.com\/_Vha-vgrqOWg\/R8LEAeONT9I\/AAAAAAAAAcM\/8alK72l1bpI\/s1600\/42775D%5B1%5D.jpg","articleSection":["Testemunhos"],"inLanguage":"pt-BR","potentialAction":[{"@type":"CommentAction","name":"Comment","target":["https:\/\/www.oarcanjo.net\/site\/santa-valburga\/#respond"]}]},{"@type":"WebPage","@id":"https:\/\/www.oarcanjo.net\/site\/santa-valburga\/","url":"https:\/\/www.oarcanjo.net\/site\/santa-valburga\/","name":"Santa Valburga - O Arcanjo no ar","isPartOf":{"@id":"https:\/\/www.oarcanjo.net\/site\/#website"},"primaryImageOfPage":{"@id":"https:\/\/www.oarcanjo.net\/site\/santa-valburga\/#primaryimage"},"image":{"@id":"https:\/\/www.oarcanjo.net\/site\/santa-valburga\/#primaryimage"},"thumbnailUrl":"http:\/\/3.bp.blogspot.com\/_Vha-vgrqOWg\/R8LEAeONT9I\/AAAAAAAAAcM\/8alK72l1bpI\/s1600\/42775D%5B1%5D.jpg","datePublished":"2019-02-25T03:48:58+00:00","dateModified":"2019-02-20T11:04:32+00:00","breadcrumb":{"@id":"https:\/\/www.oarcanjo.net\/site\/santa-valburga\/#breadcrumb"},"inLanguage":"pt-BR","potentialAction":[{"@type":"ReadAction","target":["https:\/\/www.oarcanjo.net\/site\/santa-valburga\/"]}]},{"@type":"ImageObject","inLanguage":"pt-BR","@id":"https:\/\/www.oarcanjo.net\/site\/santa-valburga\/#primaryimage","url":"http:\/\/3.bp.blogspot.com\/_Vha-vgrqOWg\/R8LEAeONT9I\/AAAAAAAAAcM\/8alK72l1bpI\/s1600\/42775D%5B1%5D.jpg","contentUrl":"http:\/\/3.bp.blogspot.com\/_Vha-vgrqOWg\/R8LEAeONT9I\/AAAAAAAAAcM\/8alK72l1bpI\/s1600\/42775D%5B1%5D.jpg"},{"@type":"BreadcrumbList","@id":"https:\/\/www.oarcanjo.net\/site\/santa-valburga\/#breadcrumb","itemListElement":[{"@type":"ListItem","position":1,"name":"In\u00edcio","item":"https:\/\/www.oarcanjo.net\/site\/"},{"@type":"ListItem","position":2,"name":"Santa Valburga"}]},{"@type":"WebSite","@id":"https:\/\/www.oarcanjo.net\/site\/#website","url":"https:\/\/www.oarcanjo.net\/site\/","name":"O Arcanjo no ar","description":"Site da Par\u00f3quia S\u00e3o Miguel Arcanjo (Arquidiocese de SP)","publisher":{"@id":"https:\/\/www.oarcanjo.net\/site\/#organization"},"potentialAction":[{"@type":"SearchAction","target":{"@type":"EntryPoint","urlTemplate":"https:\/\/www.oarcanjo.net\/site\/?s={search_term_string}"},"query-input":{"@type":"PropertyValueSpecification","valueRequired":true,"valueName":"search_term_string"}}],"inLanguage":"pt-BR"},{"@type":"Organization","@id":"https:\/\/www.oarcanjo.net\/site\/#organization","name":"Par\u00f3quia S\u00e3o Miguel Arcanjo","url":"https:\/\/www.oarcanjo.net\/site\/","logo":{"@type":"ImageObject","inLanguage":"pt-BR","@id":"https:\/\/www.oarcanjo.net\/site\/#\/schema\/logo\/image\/","url":"https:\/\/www.oarcanjo.net\/site\/wp-content\/uploads\/LogoOArcanjo.png","contentUrl":"https:\/\/www.oarcanjo.net\/site\/wp-content\/uploads\/LogoOArcanjo.png","width":319,"height":99,"caption":"Par\u00f3quia S\u00e3o Miguel Arcanjo"},"image":{"@id":"https:\/\/www.oarcanjo.net\/site\/#\/schema\/logo\/image\/"},"sameAs":["https:\/\/www.facebook.com\/OArcanjoNoAr\/"]},{"@type":"Person","@id":"https:\/\/www.oarcanjo.net\/site\/#\/schema\/person\/5eb9480bedd2f3c97e430ce128c29c6c","name":"danilo"}]}},"publishpress_future_action":{"enabled":false,"date":"2026-05-08 01:18:03","action":"category","newStatus":"draft","terms":[],"taxonomy":"category"},"publishpress_future_workflow_manual_trigger":{"enabledWorkflows":[]},"_links":{"self":[{"href":"https:\/\/www.oarcanjo.net\/site\/wp-json\/wp\/v2\/posts\/8028"}],"collection":[{"href":"https:\/\/www.oarcanjo.net\/site\/wp-json\/wp\/v2\/posts"}],"about":[{"href":"https:\/\/www.oarcanjo.net\/site\/wp-json\/wp\/v2\/types\/post"}],"author":[{"embeddable":true,"href":"https:\/\/www.oarcanjo.net\/site\/wp-json\/wp\/v2\/users\/14"}],"replies":[{"embeddable":true,"href":"https:\/\/www.oarcanjo.net\/site\/wp-json\/wp\/v2\/comments?post=8028"}],"version-history":[{"count":1,"href":"https:\/\/www.oarcanjo.net\/site\/wp-json\/wp\/v2\/posts\/8028\/revisions"}],"predecessor-version":[{"id":92952,"href":"https:\/\/www.oarcanjo.net\/site\/wp-json\/wp\/v2\/posts\/8028\/revisions\/92952"}],"wp:attachment":[{"href":"https:\/\/www.oarcanjo.net\/site\/wp-json\/wp\/v2\/media?parent=8028"}],"wp:term":[{"taxonomy":"category","embeddable":true,"href":"https:\/\/www.oarcanjo.net\/site\/wp-json\/wp\/v2\/categories?post=8028"},{"taxonomy":"post_tag","embeddable":true,"href":"https:\/\/www.oarcanjo.net\/site\/wp-json\/wp\/v2\/tags?post=8028"}],"curies":[{"name":"wp","href":"https:\/\/api.w.org\/{rel}","templated":true}]}}