
{"id":8031,"date":"2019-02-25T00:51:47","date_gmt":"2019-02-25T03:51:47","guid":{"rendered":"http:\/\/www.oarcanjo.net\/site\/?p=8031"},"modified":"2019-02-20T08:04:36","modified_gmt":"2019-02-20T11:04:36","slug":"sao-tarasio","status":"publish","type":"post","link":"https:\/\/www.oarcanjo.net\/site\/sao-tarasio\/","title":{"rendered":"S\u00e3o Tar\u00e1sio"},"content":{"rendered":"<p><img decoding=\"async\" src=\"http:\/\/www.paulinas.org.br\/diafeliz\/images\/santo\/Tar%C3%A1sio.gif\" alt=\"\" \/><\/p>\n<p>25 de Fevereiro<\/p>\n<p>O menino Tar\u00e1sio nasceu em 730, em Constantinopla, ent\u00e3o capital do Imp\u00e9rio Romano e era filho do prefeito dessa cidade. Cresceu recebendo educa\u00e7\u00e3o crist\u00e3, recheada por vasta cultura liter\u00e1ria. Ao se formar, foi nomeado chanceler pelo imperador Constantino VI.<\/p>\n<p>Tar\u00e1sio tinha muito prest\u00edgio na corte, tanto pelo seu saber como pelas virtudes crist\u00e3s. Apesar do luxo e da vida desregrada da nobreza, conseguia se manter ligado aos padr\u00f5es crist\u00e3os de uma exist\u00eancia voltada para a caridade e f\u00e9. Assim, por interven\u00e7\u00e3o da imperatriz Irene, que era muito devota, foi nomeado patriarca de Constantinopla. Mas, para aceitar, Tar\u00e1sio imp\u00f4s suas condi\u00e7\u00f5es. Ele queria combater firmemente a heresia iconoclasta, que j\u00e1 motivara v\u00e1rios s\u00ednodos da Igreja e fora repudiada em todos. A discuss\u00e3o girava em torno das imagens sagradas das igrejas. Os rebeldes consideravam sua exist\u00eancia como idolatria e queriam seu fim nos templos. Por\u00e9m, Tar\u00e1sio, assim como o Papa Adriano I e todos os doutores e bispos da Igreja, defendia o culto e a venera\u00e7\u00e3o nas igrejas.<\/p>\n<p>Para os cat\u00f3licos, n\u00e3o h\u00e1 adora\u00e7\u00e3o \u00e0 est\u00e1tua e sim uma rever\u00eancia \u00e0 mem\u00f3ria dos santos, suas obras e sua santidade manifestadas na vida terrena, exemplo a ser seguido pelos fi\u00e9is. Por isso, n\u00e3o se trata de idolatria.Tar\u00e1sio foi um dos que exigiu um conc\u00edlio, o de Nic\u00e9ia de 787, para esclarecer o impasse, de modo que as imagens pudessem permanecer. Com esse seu trabalho de conscientiza\u00e7\u00e3o, a heresia foi banida em definitivo das discuss\u00f5es da Igreja.<\/p>\n<p>O trabalho de Tar\u00e1sio n\u00e3o se resumiu s\u00f3 a esta grande obra. Fundou um mosteiro e abriu um hospital e v\u00e1rios abrigos para os pobres, que ele recebia \u00e0 sua mesa como convidados, servindo ele pr\u00f3prio um por um. Fazia quest\u00e3o de dar exemplo e suas atitudes di\u00e1rias eram todas condizentes com o que pregava, com rela\u00e7\u00e3o \u00e0 integridade da f\u00e9 e a pureza dos costumes. Por exemplo, quando o imperador pretendia tornar oficial uma rela\u00e7\u00e3o fora do casamento que tinha com uma cortes\u00e3, Tar\u00e1sio se op\u00f4s firmemente, sendo amea\u00e7ado de morte por Constantino VI, que pretendia conseguir da Igreja o div\u00f3rcio. Entretanto, este patriarca tinha o Papa e todos os bispos do Oriente e do Ocidente \u00e0 seu lado. O imperador acabou morrendo antes de transformar a amea\u00e7a em condena\u00e7\u00e3o real. Assim, p\u00f4de dirigir seu rebanho em paz, por muitos anos, da forma como gostava, com m\u00e3o suave, firme e segura.<\/p>\n<p>Tar\u00e1sio morreu aos setenta e seis anos, no ano 806 e foi sepultado no &#8220;Santu\u00e1rio de todos os m\u00e1rtires&#8221; do convento por ele fundado em Bosforo, estreito que separa a Europa da \u00c1sia.<\/p>\n<div id=\"themify_builder_content-8031\" data-postid=\"8031\" class=\"themify_builder_content themify_builder_content-8031 themify_builder themify_builder_front\">\n\t<\/div>\n<!-- \/themify_builder_content -->","protected":false},"excerpt":{"rendered":"<p>25 de Fevereiro O menino Tar\u00e1sio nasceu em 730, em Constantinopla, ent\u00e3o capital do Imp\u00e9rio Romano e era filho do prefeito dessa cidade. Cresceu recebendo educa\u00e7\u00e3o crist\u00e3, recheada por vasta cultura liter\u00e1ria. Ao se formar, foi nomeado chanceler pelo imperador Constantino VI. Tar\u00e1sio tinha muito prest\u00edgio na corte, tanto pelo seu saber como pelas virtudes [&hellip;]<\/p>\n","protected":false},"author":14,"featured_media":0,"comment_status":"open","ping_status":"open","sticky":false,"template":"","format":"standard","meta":{"ngg_post_thumbnail":0,"footnotes":""},"categories":[186],"tags":[],"yoast_head":"<!-- This site is optimized with the Yoast SEO plugin v23.5 - https:\/\/yoast.com\/wordpress\/plugins\/seo\/ -->\n<title>S\u00e3o Tar\u00e1sio - O Arcanjo no ar<\/title>\n<meta name=\"robots\" content=\"index, follow, max-snippet:-1, max-image-preview:large, max-video-preview:-1\" \/>\n<link rel=\"canonical\" href=\"https:\/\/www.oarcanjo.net\/site\/sao-tarasio\/\" \/>\n<meta property=\"og:locale\" content=\"pt_BR\" \/>\n<meta property=\"og:type\" content=\"article\" \/>\n<meta property=\"og:title\" content=\"S\u00e3o Tar\u00e1sio - O Arcanjo no ar\" \/>\n<meta property=\"og:description\" content=\"25 de Fevereiro O menino Tar\u00e1sio nasceu em 730, em Constantinopla, ent\u00e3o capital do Imp\u00e9rio Romano e era filho do prefeito dessa cidade. Cresceu recebendo educa\u00e7\u00e3o crist\u00e3, recheada por vasta cultura liter\u00e1ria. Ao se formar, foi nomeado chanceler pelo imperador Constantino VI. Tar\u00e1sio tinha muito prest\u00edgio na corte, tanto pelo seu saber como pelas virtudes [&hellip;]\" \/>\n<meta property=\"og:url\" content=\"https:\/\/www.oarcanjo.net\/site\/sao-tarasio\/\" \/>\n<meta property=\"og:site_name\" content=\"O Arcanjo no ar\" \/>\n<meta property=\"article:publisher\" content=\"https:\/\/www.facebook.com\/OArcanjoNoAr\/\" \/>\n<meta property=\"article:published_time\" content=\"2019-02-25T03:51:47+00:00\" \/>\n<meta property=\"article:modified_time\" content=\"2019-02-20T11:04:36+00:00\" \/>\n<meta property=\"og:image\" content=\"http:\/\/www.paulinas.org.br\/diafeliz\/images\/santo\/Tar%C3%A1sio.gif\" \/>\n<meta name=\"author\" content=\"danilo\" \/>\n<meta name=\"twitter:card\" content=\"summary_large_image\" \/>\n<meta name=\"twitter:label1\" content=\"Escrito por\" \/>\n\t<meta name=\"twitter:data1\" content=\"danilo\" \/>\n\t<meta name=\"twitter:label2\" content=\"Est. tempo de leitura\" \/>\n\t<meta name=\"twitter:data2\" content=\"2 minutos\" \/>\n<script type=\"application\/ld+json\" class=\"yoast-schema-graph\">{\"@context\":\"https:\/\/schema.org\",\"@graph\":[{\"@type\":\"Article\",\"@id\":\"https:\/\/www.oarcanjo.net\/site\/sao-tarasio\/#article\",\"isPartOf\":{\"@id\":\"https:\/\/www.oarcanjo.net\/site\/sao-tarasio\/\"},\"author\":{\"name\":\"danilo\",\"@id\":\"https:\/\/www.oarcanjo.net\/site\/#\/schema\/person\/5eb9480bedd2f3c97e430ce128c29c6c\"},\"headline\":\"S\u00e3o Tar\u00e1sio\",\"datePublished\":\"2019-02-25T03:51:47+00:00\",\"dateModified\":\"2019-02-20T11:04:36+00:00\",\"mainEntityOfPage\":{\"@id\":\"https:\/\/www.oarcanjo.net\/site\/sao-tarasio\/\"},\"wordCount\":481,\"commentCount\":0,\"publisher\":{\"@id\":\"https:\/\/www.oarcanjo.net\/site\/#organization\"},\"image\":{\"@id\":\"https:\/\/www.oarcanjo.net\/site\/sao-tarasio\/#primaryimage\"},\"thumbnailUrl\":\"http:\/\/www.paulinas.org.br\/diafeliz\/images\/santo\/Tar%C3%A1sio.gif\",\"articleSection\":[\"Testemunhos\"],\"inLanguage\":\"pt-BR\",\"potentialAction\":[{\"@type\":\"CommentAction\",\"name\":\"Comment\",\"target\":[\"https:\/\/www.oarcanjo.net\/site\/sao-tarasio\/#respond\"]}]},{\"@type\":\"WebPage\",\"@id\":\"https:\/\/www.oarcanjo.net\/site\/sao-tarasio\/\",\"url\":\"https:\/\/www.oarcanjo.net\/site\/sao-tarasio\/\",\"name\":\"S\u00e3o Tar\u00e1sio - O Arcanjo no ar\",\"isPartOf\":{\"@id\":\"https:\/\/www.oarcanjo.net\/site\/#website\"},\"primaryImageOfPage\":{\"@id\":\"https:\/\/www.oarcanjo.net\/site\/sao-tarasio\/#primaryimage\"},\"image\":{\"@id\":\"https:\/\/www.oarcanjo.net\/site\/sao-tarasio\/#primaryimage\"},\"thumbnailUrl\":\"http:\/\/www.paulinas.org.br\/diafeliz\/images\/santo\/Tar%C3%A1sio.gif\",\"datePublished\":\"2019-02-25T03:51:47+00:00\",\"dateModified\":\"2019-02-20T11:04:36+00:00\",\"breadcrumb\":{\"@id\":\"https:\/\/www.oarcanjo.net\/site\/sao-tarasio\/#breadcrumb\"},\"inLanguage\":\"pt-BR\",\"potentialAction\":[{\"@type\":\"ReadAction\",\"target\":[\"https:\/\/www.oarcanjo.net\/site\/sao-tarasio\/\"]}]},{\"@type\":\"ImageObject\",\"inLanguage\":\"pt-BR\",\"@id\":\"https:\/\/www.oarcanjo.net\/site\/sao-tarasio\/#primaryimage\",\"url\":\"http:\/\/www.paulinas.org.br\/diafeliz\/images\/santo\/Tar%C3%A1sio.gif\",\"contentUrl\":\"http:\/\/www.paulinas.org.br\/diafeliz\/images\/santo\/Tar%C3%A1sio.gif\"},{\"@type\":\"BreadcrumbList\",\"@id\":\"https:\/\/www.oarcanjo.net\/site\/sao-tarasio\/#breadcrumb\",\"itemListElement\":[{\"@type\":\"ListItem\",\"position\":1,\"name\":\"In\u00edcio\",\"item\":\"https:\/\/www.oarcanjo.net\/site\/\"},{\"@type\":\"ListItem\",\"position\":2,\"name\":\"S\u00e3o Tar\u00e1sio\"}]},{\"@type\":\"WebSite\",\"@id\":\"https:\/\/www.oarcanjo.net\/site\/#website\",\"url\":\"https:\/\/www.oarcanjo.net\/site\/\",\"name\":\"O Arcanjo no ar\",\"description\":\"Site da Par\u00f3quia S\u00e3o Miguel Arcanjo (Arquidiocese de SP)\",\"publisher\":{\"@id\":\"https:\/\/www.oarcanjo.net\/site\/#organization\"},\"potentialAction\":[{\"@type\":\"SearchAction\",\"target\":{\"@type\":\"EntryPoint\",\"urlTemplate\":\"https:\/\/www.oarcanjo.net\/site\/?s={search_term_string}\"},\"query-input\":{\"@type\":\"PropertyValueSpecification\",\"valueRequired\":true,\"valueName\":\"search_term_string\"}}],\"inLanguage\":\"pt-BR\"},{\"@type\":\"Organization\",\"@id\":\"https:\/\/www.oarcanjo.net\/site\/#organization\",\"name\":\"Par\u00f3quia S\u00e3o Miguel Arcanjo\",\"url\":\"https:\/\/www.oarcanjo.net\/site\/\",\"logo\":{\"@type\":\"ImageObject\",\"inLanguage\":\"pt-BR\",\"@id\":\"https:\/\/www.oarcanjo.net\/site\/#\/schema\/logo\/image\/\",\"url\":\"https:\/\/www.oarcanjo.net\/site\/wp-content\/uploads\/LogoOArcanjo.png\",\"contentUrl\":\"https:\/\/www.oarcanjo.net\/site\/wp-content\/uploads\/LogoOArcanjo.png\",\"width\":319,\"height\":99,\"caption\":\"Par\u00f3quia S\u00e3o Miguel Arcanjo\"},\"image\":{\"@id\":\"https:\/\/www.oarcanjo.net\/site\/#\/schema\/logo\/image\/\"},\"sameAs\":[\"https:\/\/www.facebook.com\/OArcanjoNoAr\/\"]},{\"@type\":\"Person\",\"@id\":\"https:\/\/www.oarcanjo.net\/site\/#\/schema\/person\/5eb9480bedd2f3c97e430ce128c29c6c\",\"name\":\"danilo\"}]}<\/script>\n<!-- \/ Yoast SEO plugin. -->","yoast_head_json":{"title":"S\u00e3o Tar\u00e1sio - O Arcanjo no ar","robots":{"index":"index","follow":"follow","max-snippet":"max-snippet:-1","max-image-preview":"max-image-preview:large","max-video-preview":"max-video-preview:-1"},"canonical":"https:\/\/www.oarcanjo.net\/site\/sao-tarasio\/","og_locale":"pt_BR","og_type":"article","og_title":"S\u00e3o Tar\u00e1sio - O Arcanjo no ar","og_description":"25 de Fevereiro O menino Tar\u00e1sio nasceu em 730, em Constantinopla, ent\u00e3o capital do Imp\u00e9rio Romano e era filho do prefeito dessa cidade. Cresceu recebendo educa\u00e7\u00e3o crist\u00e3, recheada por vasta cultura liter\u00e1ria. Ao se formar, foi nomeado chanceler pelo imperador Constantino VI. Tar\u00e1sio tinha muito prest\u00edgio na corte, tanto pelo seu saber como pelas virtudes [&hellip;]","og_url":"https:\/\/www.oarcanjo.net\/site\/sao-tarasio\/","og_site_name":"O Arcanjo no ar","article_publisher":"https:\/\/www.facebook.com\/OArcanjoNoAr\/","article_published_time":"2019-02-25T03:51:47+00:00","article_modified_time":"2019-02-20T11:04:36+00:00","og_image":[{"url":"http:\/\/www.paulinas.org.br\/diafeliz\/images\/santo\/Tar%C3%A1sio.gif"}],"author":"danilo","twitter_card":"summary_large_image","twitter_misc":{"Escrito por":"danilo","Est. tempo de leitura":"2 minutos"},"schema":{"@context":"https:\/\/schema.org","@graph":[{"@type":"Article","@id":"https:\/\/www.oarcanjo.net\/site\/sao-tarasio\/#article","isPartOf":{"@id":"https:\/\/www.oarcanjo.net\/site\/sao-tarasio\/"},"author":{"name":"danilo","@id":"https:\/\/www.oarcanjo.net\/site\/#\/schema\/person\/5eb9480bedd2f3c97e430ce128c29c6c"},"headline":"S\u00e3o Tar\u00e1sio","datePublished":"2019-02-25T03:51:47+00:00","dateModified":"2019-02-20T11:04:36+00:00","mainEntityOfPage":{"@id":"https:\/\/www.oarcanjo.net\/site\/sao-tarasio\/"},"wordCount":481,"commentCount":0,"publisher":{"@id":"https:\/\/www.oarcanjo.net\/site\/#organization"},"image":{"@id":"https:\/\/www.oarcanjo.net\/site\/sao-tarasio\/#primaryimage"},"thumbnailUrl":"http:\/\/www.paulinas.org.br\/diafeliz\/images\/santo\/Tar%C3%A1sio.gif","articleSection":["Testemunhos"],"inLanguage":"pt-BR","potentialAction":[{"@type":"CommentAction","name":"Comment","target":["https:\/\/www.oarcanjo.net\/site\/sao-tarasio\/#respond"]}]},{"@type":"WebPage","@id":"https:\/\/www.oarcanjo.net\/site\/sao-tarasio\/","url":"https:\/\/www.oarcanjo.net\/site\/sao-tarasio\/","name":"S\u00e3o Tar\u00e1sio - O Arcanjo no ar","isPartOf":{"@id":"https:\/\/www.oarcanjo.net\/site\/#website"},"primaryImageOfPage":{"@id":"https:\/\/www.oarcanjo.net\/site\/sao-tarasio\/#primaryimage"},"image":{"@id":"https:\/\/www.oarcanjo.net\/site\/sao-tarasio\/#primaryimage"},"thumbnailUrl":"http:\/\/www.paulinas.org.br\/diafeliz\/images\/santo\/Tar%C3%A1sio.gif","datePublished":"2019-02-25T03:51:47+00:00","dateModified":"2019-02-20T11:04:36+00:00","breadcrumb":{"@id":"https:\/\/www.oarcanjo.net\/site\/sao-tarasio\/#breadcrumb"},"inLanguage":"pt-BR","potentialAction":[{"@type":"ReadAction","target":["https:\/\/www.oarcanjo.net\/site\/sao-tarasio\/"]}]},{"@type":"ImageObject","inLanguage":"pt-BR","@id":"https:\/\/www.oarcanjo.net\/site\/sao-tarasio\/#primaryimage","url":"http:\/\/www.paulinas.org.br\/diafeliz\/images\/santo\/Tar%C3%A1sio.gif","contentUrl":"http:\/\/www.paulinas.org.br\/diafeliz\/images\/santo\/Tar%C3%A1sio.gif"},{"@type":"BreadcrumbList","@id":"https:\/\/www.oarcanjo.net\/site\/sao-tarasio\/#breadcrumb","itemListElement":[{"@type":"ListItem","position":1,"name":"In\u00edcio","item":"https:\/\/www.oarcanjo.net\/site\/"},{"@type":"ListItem","position":2,"name":"S\u00e3o Tar\u00e1sio"}]},{"@type":"WebSite","@id":"https:\/\/www.oarcanjo.net\/site\/#website","url":"https:\/\/www.oarcanjo.net\/site\/","name":"O Arcanjo no ar","description":"Site da Par\u00f3quia S\u00e3o Miguel Arcanjo (Arquidiocese de SP)","publisher":{"@id":"https:\/\/www.oarcanjo.net\/site\/#organization"},"potentialAction":[{"@type":"SearchAction","target":{"@type":"EntryPoint","urlTemplate":"https:\/\/www.oarcanjo.net\/site\/?s={search_term_string}"},"query-input":{"@type":"PropertyValueSpecification","valueRequired":true,"valueName":"search_term_string"}}],"inLanguage":"pt-BR"},{"@type":"Organization","@id":"https:\/\/www.oarcanjo.net\/site\/#organization","name":"Par\u00f3quia S\u00e3o Miguel Arcanjo","url":"https:\/\/www.oarcanjo.net\/site\/","logo":{"@type":"ImageObject","inLanguage":"pt-BR","@id":"https:\/\/www.oarcanjo.net\/site\/#\/schema\/logo\/image\/","url":"https:\/\/www.oarcanjo.net\/site\/wp-content\/uploads\/LogoOArcanjo.png","contentUrl":"https:\/\/www.oarcanjo.net\/site\/wp-content\/uploads\/LogoOArcanjo.png","width":319,"height":99,"caption":"Par\u00f3quia S\u00e3o Miguel Arcanjo"},"image":{"@id":"https:\/\/www.oarcanjo.net\/site\/#\/schema\/logo\/image\/"},"sameAs":["https:\/\/www.facebook.com\/OArcanjoNoAr\/"]},{"@type":"Person","@id":"https:\/\/www.oarcanjo.net\/site\/#\/schema\/person\/5eb9480bedd2f3c97e430ce128c29c6c","name":"danilo"}]}},"publishpress_future_action":{"enabled":false,"date":"2026-05-08 01:18:03","action":"category","newStatus":"draft","terms":[],"taxonomy":"category"},"publishpress_future_workflow_manual_trigger":{"enabledWorkflows":[]},"_links":{"self":[{"href":"https:\/\/www.oarcanjo.net\/site\/wp-json\/wp\/v2\/posts\/8031"}],"collection":[{"href":"https:\/\/www.oarcanjo.net\/site\/wp-json\/wp\/v2\/posts"}],"about":[{"href":"https:\/\/www.oarcanjo.net\/site\/wp-json\/wp\/v2\/types\/post"}],"author":[{"embeddable":true,"href":"https:\/\/www.oarcanjo.net\/site\/wp-json\/wp\/v2\/users\/14"}],"replies":[{"embeddable":true,"href":"https:\/\/www.oarcanjo.net\/site\/wp-json\/wp\/v2\/comments?post=8031"}],"version-history":[{"count":1,"href":"https:\/\/www.oarcanjo.net\/site\/wp-json\/wp\/v2\/posts\/8031\/revisions"}],"predecessor-version":[{"id":92953,"href":"https:\/\/www.oarcanjo.net\/site\/wp-json\/wp\/v2\/posts\/8031\/revisions\/92953"}],"wp:attachment":[{"href":"https:\/\/www.oarcanjo.net\/site\/wp-json\/wp\/v2\/media?parent=8031"}],"wp:term":[{"taxonomy":"category","embeddable":true,"href":"https:\/\/www.oarcanjo.net\/site\/wp-json\/wp\/v2\/categories?post=8031"},{"taxonomy":"post_tag","embeddable":true,"href":"https:\/\/www.oarcanjo.net\/site\/wp-json\/wp\/v2\/tags?post=8031"}],"curies":[{"name":"wp","href":"https:\/\/api.w.org\/{rel}","templated":true}]}}