
{"id":8036,"date":"2010-02-20T09:22:15","date_gmt":"2010-02-20T11:22:15","guid":{"rendered":"http:\/\/www.oarcanjo.net\/site\/?p=8036"},"modified":"2010-02-20T10:46:31","modified_gmt":"2010-02-20T12:46:31","slug":"primeiro-domingo-da-quaresma","status":"publish","type":"post","link":"https:\/\/www.oarcanjo.net\/site\/primeiro-domingo-da-quaresma\/","title":{"rendered":"Primeiro Domingo da QUARESMA"},"content":{"rendered":"<p>No primeiro Domingo da Quaresma refletimos sobre as tenta\u00e7\u00f5es de Jesus no deserto, n\u00e3o tanto como um epis\u00f3dio mas como um mist\u00e9rio.<\/p>\n<p>Mist\u00e9rio que nos acompanha na vida e na hist\u00f3ria, mist\u00e9rio de liberdade e escravid\u00e3o. As tenta\u00e7\u00f5es est\u00e3o presentes em nossa vida pessoal e comunit\u00e1ria, na nossa caminhada e nas solita\u00e7\u00f5es que todos os dias recebemos.<\/p>\n<p>Constantemente somos amea\u00e7ados pela tripl\u00edce tenta\u00e7\u00e3o do PODER.<\/p>\n<p>O poder do Bem Estar. Converter as pedras em p\u00e3o.<\/p>\n<p>O poder da domina\u00e7\u00e3o. Mandar e ter o mundo inteiro.<\/p>\n<p>O poder religioso. Cair do Alto do Templo, prodig\u00edos maravilhosos.<\/p>\n<p>JESUS v\u00ea claramente e nos ensina que o caminho do PODER n\u00e3o \u00e9 o caminho para a realiza\u00e7\u00e3o de sua miss\u00e3o.<\/p>\n<p>JESUS n\u00e3o veio para submeter, nem vencer, mas para HUMANIZAR principalmente aqueles que est\u00e3o submetidos \u00e0 desumaniza\u00e7\u00e3o por parte dos poderosos.<\/p>\n<p>O ideal e a pr\u00e1tica de JESUS \u00e9 que as pessoas se humanizem e n\u00e3o sejam aprisionadas por nada e por ningu\u00e9m.<\/p>\n<p>As tenta\u00e7\u00f5es na verdade s\u00e3o as propostas que o mundo de hoje nos faz e que a Campanha da Fraternidade nos chama \u00e0 aten\u00e7\u00e3o:<\/p>\n<p>Qual \u00e9 o vosso DEUS?<\/p>\n<p>N\u00e3o se pode servir a dois senhores, DEUS e o Dinheiro, Servi\u00e7o ou poder!<\/p>\n<p>JESUS n\u00e3o se manifesta nem aceita expor seu caminho de maneira espetacular, sujeitando a verdade ao espet\u00e1culo,mas ao caminho do humilda esfor\u00e7o de cada dia pela f\u00e9 e confian\u00e7a em seu AMOR.<\/p>\n<p>As tenta\u00e7\u00f5es s\u00e3o sedu\u00e7\u00f5es, muito \u00fateis e at\u00e9 necess\u00e1rias, poderiam argumentar alguns, mas n\u00e3o s\u00e3o transformadoras nem humanizadores, porque\u00a0descartam o amor e a ades\u00e3o pela f\u00e9.<\/p>\n<p>O Senhor fortalece a nossa f\u00e9 para sempre confiar no seu amor que humaniza e transforma nosso viver.<\/p>\n<div id=\"themify_builder_content-8036\" data-postid=\"8036\" class=\"themify_builder_content themify_builder_content-8036 themify_builder themify_builder_front\">\n\t<\/div>\n<!-- \/themify_builder_content -->","protected":false},"excerpt":{"rendered":"<p>No primeiro Domingo da Quaresma refletimos sobre as tenta\u00e7\u00f5es de Jesus no deserto, n\u00e3o tanto como um epis\u00f3dio mas como um mist\u00e9rio. Mist\u00e9rio que nos acompanha na vida e na hist\u00f3ria, mist\u00e9rio de liberdade e escravid\u00e3o. As tenta\u00e7\u00f5es est\u00e3o presentes em nossa vida pessoal e comunit\u00e1ria, na nossa caminhada e nas solita\u00e7\u00f5es que todos os [&hellip;]<\/p>\n","protected":false},"author":4,"featured_media":0,"comment_status":"open","ping_status":"open","sticky":false,"template":"","format":"standard","meta":{"ngg_post_thumbnail":0,"footnotes":""},"categories":[4],"tags":[229,1178,799,1484],"yoast_head":"<!-- This site is optimized with the Yoast SEO plugin v23.5 - https:\/\/yoast.com\/wordpress\/plugins\/seo\/ -->\n<title>Primeiro Domingo da QUARESMA - O Arcanjo no ar<\/title>\n<meta name=\"robots\" content=\"index, follow, max-snippet:-1, max-image-preview:large, max-video-preview:-1\" \/>\n<link rel=\"canonical\" href=\"https:\/\/www.oarcanjo.net\/site\/primeiro-domingo-da-quaresma\/\" \/>\n<meta property=\"og:locale\" content=\"pt_BR\" \/>\n<meta property=\"og:type\" content=\"article\" \/>\n<meta property=\"og:title\" content=\"Primeiro Domingo da QUARESMA - O Arcanjo no ar\" \/>\n<meta property=\"og:description\" content=\"No primeiro Domingo da Quaresma refletimos sobre as tenta\u00e7\u00f5es de Jesus no deserto, n\u00e3o tanto como um epis\u00f3dio mas como um mist\u00e9rio. Mist\u00e9rio que nos acompanha na vida e na hist\u00f3ria, mist\u00e9rio de liberdade e escravid\u00e3o. As tenta\u00e7\u00f5es est\u00e3o presentes em nossa vida pessoal e comunit\u00e1ria, na nossa caminhada e nas solita\u00e7\u00f5es que todos os [&hellip;]\" \/>\n<meta property=\"og:url\" content=\"https:\/\/www.oarcanjo.net\/site\/primeiro-domingo-da-quaresma\/\" \/>\n<meta property=\"og:site_name\" content=\"O Arcanjo no ar\" \/>\n<meta property=\"article:publisher\" content=\"https:\/\/www.facebook.com\/OArcanjoNoAr\/\" \/>\n<meta property=\"article:published_time\" content=\"2010-02-20T11:22:15+00:00\" \/>\n<meta property=\"article:modified_time\" content=\"2010-02-20T12:46:31+00:00\" \/>\n<meta property=\"og:image\" content=\"https:\/\/www.oarcanjo.net\/site\/wp-content\/uploads\/logo-o-arcanjo-no-ar-facebook.png\" \/>\n\t<meta property=\"og:image:width\" content=\"300\" \/>\n\t<meta property=\"og:image:height\" content=\"300\" \/>\n\t<meta property=\"og:image:type\" content=\"image\/png\" \/>\n<meta name=\"author\" content=\"julio\" \/>\n<meta name=\"twitter:card\" content=\"summary_large_image\" \/>\n<meta name=\"twitter:label1\" content=\"Escrito por\" \/>\n\t<meta name=\"twitter:data1\" content=\"julio\" \/>\n\t<meta name=\"twitter:label2\" content=\"Est. tempo de leitura\" \/>\n\t<meta name=\"twitter:data2\" content=\"2 minutos\" \/>\n<script type=\"application\/ld+json\" class=\"yoast-schema-graph\">{\"@context\":\"https:\/\/schema.org\",\"@graph\":[{\"@type\":\"Article\",\"@id\":\"https:\/\/www.oarcanjo.net\/site\/primeiro-domingo-da-quaresma\/#article\",\"isPartOf\":{\"@id\":\"https:\/\/www.oarcanjo.net\/site\/primeiro-domingo-da-quaresma\/\"},\"author\":{\"name\":\"julio\",\"@id\":\"https:\/\/www.oarcanjo.net\/site\/#\/schema\/person\/d78ea01c648c91e29c364b516767079e\"},\"headline\":\"Primeiro Domingo da QUARESMA\",\"datePublished\":\"2010-02-20T11:22:15+00:00\",\"dateModified\":\"2010-02-20T12:46:31+00:00\",\"mainEntityOfPage\":{\"@id\":\"https:\/\/www.oarcanjo.net\/site\/primeiro-domingo-da-quaresma\/\"},\"wordCount\":322,\"commentCount\":9,\"publisher\":{\"@id\":\"https:\/\/www.oarcanjo.net\/site\/#organization\"},\"keywords\":[\"Campanha da Fraternidade\",\"poder\",\"servi\u00e7o\",\"tenta\u00e7\u00f5es\"],\"articleSection\":[\"Blog\"],\"inLanguage\":\"pt-BR\",\"potentialAction\":[{\"@type\":\"CommentAction\",\"name\":\"Comment\",\"target\":[\"https:\/\/www.oarcanjo.net\/site\/primeiro-domingo-da-quaresma\/#respond\"]}]},{\"@type\":\"WebPage\",\"@id\":\"https:\/\/www.oarcanjo.net\/site\/primeiro-domingo-da-quaresma\/\",\"url\":\"https:\/\/www.oarcanjo.net\/site\/primeiro-domingo-da-quaresma\/\",\"name\":\"Primeiro Domingo da QUARESMA - O Arcanjo no ar\",\"isPartOf\":{\"@id\":\"https:\/\/www.oarcanjo.net\/site\/#website\"},\"datePublished\":\"2010-02-20T11:22:15+00:00\",\"dateModified\":\"2010-02-20T12:46:31+00:00\",\"breadcrumb\":{\"@id\":\"https:\/\/www.oarcanjo.net\/site\/primeiro-domingo-da-quaresma\/#breadcrumb\"},\"inLanguage\":\"pt-BR\",\"potentialAction\":[{\"@type\":\"ReadAction\",\"target\":[\"https:\/\/www.oarcanjo.net\/site\/primeiro-domingo-da-quaresma\/\"]}]},{\"@type\":\"BreadcrumbList\",\"@id\":\"https:\/\/www.oarcanjo.net\/site\/primeiro-domingo-da-quaresma\/#breadcrumb\",\"itemListElement\":[{\"@type\":\"ListItem\",\"position\":1,\"name\":\"In\u00edcio\",\"item\":\"https:\/\/www.oarcanjo.net\/site\/\"},{\"@type\":\"ListItem\",\"position\":2,\"name\":\"Primeiro Domingo da QUARESMA\"}]},{\"@type\":\"WebSite\",\"@id\":\"https:\/\/www.oarcanjo.net\/site\/#website\",\"url\":\"https:\/\/www.oarcanjo.net\/site\/\",\"name\":\"O Arcanjo no ar\",\"description\":\"Site da Par\u00f3quia S\u00e3o Miguel Arcanjo (Arquidiocese de SP)\",\"publisher\":{\"@id\":\"https:\/\/www.oarcanjo.net\/site\/#organization\"},\"potentialAction\":[{\"@type\":\"SearchAction\",\"target\":{\"@type\":\"EntryPoint\",\"urlTemplate\":\"https:\/\/www.oarcanjo.net\/site\/?s={search_term_string}\"},\"query-input\":{\"@type\":\"PropertyValueSpecification\",\"valueRequired\":true,\"valueName\":\"search_term_string\"}}],\"inLanguage\":\"pt-BR\"},{\"@type\":\"Organization\",\"@id\":\"https:\/\/www.oarcanjo.net\/site\/#organization\",\"name\":\"Par\u00f3quia S\u00e3o Miguel Arcanjo\",\"url\":\"https:\/\/www.oarcanjo.net\/site\/\",\"logo\":{\"@type\":\"ImageObject\",\"inLanguage\":\"pt-BR\",\"@id\":\"https:\/\/www.oarcanjo.net\/site\/#\/schema\/logo\/image\/\",\"url\":\"https:\/\/www.oarcanjo.net\/site\/wp-content\/uploads\/LogoOArcanjo.png\",\"contentUrl\":\"https:\/\/www.oarcanjo.net\/site\/wp-content\/uploads\/LogoOArcanjo.png\",\"width\":319,\"height\":99,\"caption\":\"Par\u00f3quia S\u00e3o Miguel Arcanjo\"},\"image\":{\"@id\":\"https:\/\/www.oarcanjo.net\/site\/#\/schema\/logo\/image\/\"},\"sameAs\":[\"https:\/\/www.facebook.com\/OArcanjoNoAr\/\"]},{\"@type\":\"Person\",\"@id\":\"https:\/\/www.oarcanjo.net\/site\/#\/schema\/person\/d78ea01c648c91e29c364b516767079e\",\"name\":\"julio\",\"sameAs\":[\"http:\/\/www.oarcanjo.net\"]}]}<\/script>\n<!-- \/ Yoast SEO plugin. -->","yoast_head_json":{"title":"Primeiro Domingo da QUARESMA - O Arcanjo no ar","robots":{"index":"index","follow":"follow","max-snippet":"max-snippet:-1","max-image-preview":"max-image-preview:large","max-video-preview":"max-video-preview:-1"},"canonical":"https:\/\/www.oarcanjo.net\/site\/primeiro-domingo-da-quaresma\/","og_locale":"pt_BR","og_type":"article","og_title":"Primeiro Domingo da QUARESMA - O Arcanjo no ar","og_description":"No primeiro Domingo da Quaresma refletimos sobre as tenta\u00e7\u00f5es de Jesus no deserto, n\u00e3o tanto como um epis\u00f3dio mas como um mist\u00e9rio. Mist\u00e9rio que nos acompanha na vida e na hist\u00f3ria, mist\u00e9rio de liberdade e escravid\u00e3o. As tenta\u00e7\u00f5es est\u00e3o presentes em nossa vida pessoal e comunit\u00e1ria, na nossa caminhada e nas solita\u00e7\u00f5es que todos os [&hellip;]","og_url":"https:\/\/www.oarcanjo.net\/site\/primeiro-domingo-da-quaresma\/","og_site_name":"O Arcanjo no ar","article_publisher":"https:\/\/www.facebook.com\/OArcanjoNoAr\/","article_published_time":"2010-02-20T11:22:15+00:00","article_modified_time":"2010-02-20T12:46:31+00:00","og_image":[{"width":300,"height":300,"url":"https:\/\/www.oarcanjo.net\/site\/wp-content\/uploads\/logo-o-arcanjo-no-ar-facebook.png","type":"image\/png"}],"author":"julio","twitter_card":"summary_large_image","twitter_misc":{"Escrito por":"julio","Est. tempo de leitura":"2 minutos"},"schema":{"@context":"https:\/\/schema.org","@graph":[{"@type":"Article","@id":"https:\/\/www.oarcanjo.net\/site\/primeiro-domingo-da-quaresma\/#article","isPartOf":{"@id":"https:\/\/www.oarcanjo.net\/site\/primeiro-domingo-da-quaresma\/"},"author":{"name":"julio","@id":"https:\/\/www.oarcanjo.net\/site\/#\/schema\/person\/d78ea01c648c91e29c364b516767079e"},"headline":"Primeiro Domingo da QUARESMA","datePublished":"2010-02-20T11:22:15+00:00","dateModified":"2010-02-20T12:46:31+00:00","mainEntityOfPage":{"@id":"https:\/\/www.oarcanjo.net\/site\/primeiro-domingo-da-quaresma\/"},"wordCount":322,"commentCount":9,"publisher":{"@id":"https:\/\/www.oarcanjo.net\/site\/#organization"},"keywords":["Campanha da Fraternidade","poder","servi\u00e7o","tenta\u00e7\u00f5es"],"articleSection":["Blog"],"inLanguage":"pt-BR","potentialAction":[{"@type":"CommentAction","name":"Comment","target":["https:\/\/www.oarcanjo.net\/site\/primeiro-domingo-da-quaresma\/#respond"]}]},{"@type":"WebPage","@id":"https:\/\/www.oarcanjo.net\/site\/primeiro-domingo-da-quaresma\/","url":"https:\/\/www.oarcanjo.net\/site\/primeiro-domingo-da-quaresma\/","name":"Primeiro Domingo da QUARESMA - O Arcanjo no ar","isPartOf":{"@id":"https:\/\/www.oarcanjo.net\/site\/#website"},"datePublished":"2010-02-20T11:22:15+00:00","dateModified":"2010-02-20T12:46:31+00:00","breadcrumb":{"@id":"https:\/\/www.oarcanjo.net\/site\/primeiro-domingo-da-quaresma\/#breadcrumb"},"inLanguage":"pt-BR","potentialAction":[{"@type":"ReadAction","target":["https:\/\/www.oarcanjo.net\/site\/primeiro-domingo-da-quaresma\/"]}]},{"@type":"BreadcrumbList","@id":"https:\/\/www.oarcanjo.net\/site\/primeiro-domingo-da-quaresma\/#breadcrumb","itemListElement":[{"@type":"ListItem","position":1,"name":"In\u00edcio","item":"https:\/\/www.oarcanjo.net\/site\/"},{"@type":"ListItem","position":2,"name":"Primeiro Domingo da QUARESMA"}]},{"@type":"WebSite","@id":"https:\/\/www.oarcanjo.net\/site\/#website","url":"https:\/\/www.oarcanjo.net\/site\/","name":"O Arcanjo no ar","description":"Site da Par\u00f3quia S\u00e3o Miguel Arcanjo (Arquidiocese de SP)","publisher":{"@id":"https:\/\/www.oarcanjo.net\/site\/#organization"},"potentialAction":[{"@type":"SearchAction","target":{"@type":"EntryPoint","urlTemplate":"https:\/\/www.oarcanjo.net\/site\/?s={search_term_string}"},"query-input":{"@type":"PropertyValueSpecification","valueRequired":true,"valueName":"search_term_string"}}],"inLanguage":"pt-BR"},{"@type":"Organization","@id":"https:\/\/www.oarcanjo.net\/site\/#organization","name":"Par\u00f3quia S\u00e3o Miguel Arcanjo","url":"https:\/\/www.oarcanjo.net\/site\/","logo":{"@type":"ImageObject","inLanguage":"pt-BR","@id":"https:\/\/www.oarcanjo.net\/site\/#\/schema\/logo\/image\/","url":"https:\/\/www.oarcanjo.net\/site\/wp-content\/uploads\/LogoOArcanjo.png","contentUrl":"https:\/\/www.oarcanjo.net\/site\/wp-content\/uploads\/LogoOArcanjo.png","width":319,"height":99,"caption":"Par\u00f3quia S\u00e3o Miguel Arcanjo"},"image":{"@id":"https:\/\/www.oarcanjo.net\/site\/#\/schema\/logo\/image\/"},"sameAs":["https:\/\/www.facebook.com\/OArcanjoNoAr\/"]},{"@type":"Person","@id":"https:\/\/www.oarcanjo.net\/site\/#\/schema\/person\/d78ea01c648c91e29c364b516767079e","name":"julio","sameAs":["http:\/\/www.oarcanjo.net"]}]}},"publishpress_future_action":{"enabled":false,"date":"2026-05-09 07:23:27","action":"category","newStatus":"draft","terms":[],"taxonomy":"category"},"publishpress_future_workflow_manual_trigger":{"enabledWorkflows":[]},"_links":{"self":[{"href":"https:\/\/www.oarcanjo.net\/site\/wp-json\/wp\/v2\/posts\/8036"}],"collection":[{"href":"https:\/\/www.oarcanjo.net\/site\/wp-json\/wp\/v2\/posts"}],"about":[{"href":"https:\/\/www.oarcanjo.net\/site\/wp-json\/wp\/v2\/types\/post"}],"author":[{"embeddable":true,"href":"https:\/\/www.oarcanjo.net\/site\/wp-json\/wp\/v2\/users\/4"}],"replies":[{"embeddable":true,"href":"https:\/\/www.oarcanjo.net\/site\/wp-json\/wp\/v2\/comments?post=8036"}],"version-history":[{"count":0,"href":"https:\/\/www.oarcanjo.net\/site\/wp-json\/wp\/v2\/posts\/8036\/revisions"}],"wp:attachment":[{"href":"https:\/\/www.oarcanjo.net\/site\/wp-json\/wp\/v2\/media?parent=8036"}],"wp:term":[{"taxonomy":"category","embeddable":true,"href":"https:\/\/www.oarcanjo.net\/site\/wp-json\/wp\/v2\/categories?post=8036"},{"taxonomy":"post_tag","embeddable":true,"href":"https:\/\/www.oarcanjo.net\/site\/wp-json\/wp\/v2\/tags?post=8036"}],"curies":[{"name":"wp","href":"https:\/\/api.w.org\/{rel}","templated":true}]}}