
{"id":80539,"date":"2017-04-19T00:31:59","date_gmt":"2017-04-19T03:31:59","guid":{"rendered":"http:\/\/www.oarcanjo.net\/site\/?p=80539"},"modified":"2017-04-19T00:36:48","modified_gmt":"2017-04-19T03:36:48","slug":"via-sacra-com-o-povo-da-rua-2017","status":"publish","type":"post","link":"https:\/\/www.oarcanjo.net\/site\/via-sacra-com-o-povo-da-rua-2017\/","title":{"rendered":"Via Sacra com o Povo da Rua 2017"},"content":{"rendered":"<p>SEXTA-FEIRA SANTA \u2013 PAIX\u00c3O E MORTE DE JESUS CRISTO&nbsp; &nbsp; &nbsp; &nbsp;<\/p>\n<p>Por &nbsp; &nbsp; &nbsp;Sarah Almeida &nbsp; &nbsp; &nbsp; &nbsp; &nbsp; &nbsp;&nbsp;<\/p>\n<p>Nesta sexta-feira Santa do ano de 2017, onde revivemos a Paix\u00e3o e Morte de Jesus, mais que recordar a sua Via Sacra, precisamos viv\u00ea-la.&nbsp;Como fazer? Podem perguntar&#8230;<\/p>\n<p>Mais do que chorar aos p\u00e9s da Cruz relembrando o Seu mart\u00edrio, temos que viver o seu mandamento: \u201cAmai-vos uns aos outros como Eu vos amei!\u201d<\/p>\n<p>\u00c9 f\u00e1cil amarmos os que nos s\u00e3o pr\u00f3ximos, os saud\u00e1veis, bonitos, cheirosos, com belas moradias, carros de \u00faltimo tipo, e at\u00e9 com algumas dificuldades.<\/p>\n<p>Mas, para amar e seguir Jesus temos que sentir o que Ele sentiu: amar os exclu\u00eddos, os que ningu\u00e9m quer, os feridos, mal cheirosos, embriagados, sem um teto para se abrigar, sem um agasalho para se cobrir, sem um prato de comida para se alimentar&#8230;<\/p>\n<p>Particularmente, neste dia tive como presente, a oportunidade de poder participar junto com nosso Padre J\u00falio Lancellotti um pouco de sua rotina, sendo, acompanhar a Via Sacra com os Moradores de Rua da Casa S\u00e3o Martinho, na Rua Cajuru &nbsp;(bairro do Bel\u00e9m), onde &nbsp;ele recebeu um afetuoso e apertado abra\u00e7o de uma irm\u00e3 em situa\u00e7\u00e3o de rua.<\/p>\n<p>Depois o encontro com os irm\u00e3os de rua na Pra\u00e7a da S\u00e9, onde o Pde.J\u00falio fez quest\u00e3o de ressaltar e nos chamar \u00e0 aten\u00e7\u00e3o que, todos os moradores de rua s\u00e3o nossos irm\u00e3os, n\u00e3o podem ser tratados como lixo, varridos para&nbsp; \u201cdebaixo do tapete\u201d como sujeira, ou expulsos de nossa cidade para n\u00e3o serem vistos.<\/p>\n<p>Devem ser respeitados como seres humanos, como nossos irm\u00e3os, pois s\u00e3o o Cristo de hoje, rejeitados, chagados, humilhados, desprezados e martirizados.<\/p>\n<p>Ainda na Pra\u00e7a da S\u00e9, D.Odilo Pedro Scherer, nosso Cardeal Arcebispo de S\u00e3o Paulo, os acolheu junto com o Pde.Julio, rezou com eles, e, os convidou a entrar na Catedral, a m\u00e3e de todas as&nbsp; igrejas de S\u00e3o Paulo, para beijarem a Cruz de Cristo, serem beijados por Ele, e todos n\u00f3s assumirmos o compromisso de partilhar o amor como Jesus partilhou.<\/p>\n<p>Em seguida seguimos em prociss\u00e3o at\u00e9 o P\u00e1tio do Col\u00e9gio, onde encontramos mais irm\u00e3os em situa\u00e7\u00e3o de rua, onde aguardavam ansiosos a distribui\u00e7\u00e3o de almo\u00e7o ofertados pela Comunidade&#8230; (completar)<\/p>\n<p>Diante deste incans\u00e1vel homem de Deus, vi o quanto sou pequena e quanto precisamos colocar em pr\u00e1tica tudo o que aprendemos com seu exemplo de vida e amor a Jesus e aos nossos irm\u00e3os.<\/p>\n<p>Abaixo algumas fotos deste dia. ngg_shortcode_0_placeholder<\/p>\n<p>&nbsp; &nbsp; &nbsp; &nbsp; &nbsp; &nbsp; &nbsp; &nbsp; &nbsp; &nbsp; &nbsp; &nbsp; &nbsp; &nbsp; &nbsp; &nbsp; &nbsp; &nbsp; &nbsp; &nbsp; &nbsp; &nbsp; &nbsp; &nbsp; &nbsp; &nbsp; &nbsp; &nbsp; &nbsp; &nbsp; &nbsp; &nbsp; &nbsp; &nbsp; &nbsp; &nbsp; &nbsp; &nbsp; &nbsp; &nbsp; &nbsp; &nbsp; &nbsp; &nbsp; &nbsp; &nbsp; &nbsp; &nbsp; &nbsp; &nbsp; &nbsp; &nbsp; &nbsp; &nbsp; &nbsp; &nbsp; &nbsp; &nbsp; &nbsp; &nbsp; &nbsp; &nbsp; &nbsp;<\/p>\n<p>&nbsp;<\/p>\n<div id=\"themify_builder_content-80539\" data-postid=\"80539\" class=\"themify_builder_content themify_builder_content-80539 themify_builder themify_builder_front\">\n\t<\/div>\n<!-- \/themify_builder_content -->","protected":false},"excerpt":{"rendered":"<p>SEXTA-FEIRA SANTA \u2013 PAIX\u00c3O E MORTE DE JESUS CRISTO&nbsp; &nbsp; &nbsp; &nbsp; Por &nbsp; &nbsp; &nbsp;Sarah Almeida &nbsp; &nbsp; &nbsp; &nbsp; &nbsp; &nbsp;&nbsp; Nesta sexta-feira Santa do ano de 2017, onde revivemos a Paix\u00e3o e Morte de Jesus, mais que recordar a sua Via Sacra, precisamos viv\u00ea-la.&nbsp;Como fazer? Podem perguntar&#8230; Mais do que chorar aos [&hellip;]<\/p>\n","protected":false},"author":10,"featured_media":0,"comment_status":"open","ping_status":"open","sticky":false,"template":"","format":"standard","meta":{"ngg_post_thumbnail":0,"footnotes":""},"categories":[7],"tags":[],"yoast_head":"<!-- This site is optimized with the Yoast SEO plugin v23.5 - https:\/\/yoast.com\/wordpress\/plugins\/seo\/ -->\n<title>Via Sacra com o Povo da Rua 2017 - O Arcanjo no ar<\/title>\n<meta name=\"robots\" content=\"index, follow, max-snippet:-1, max-image-preview:large, max-video-preview:-1\" \/>\n<link rel=\"canonical\" href=\"https:\/\/www.oarcanjo.net\/site\/via-sacra-com-o-povo-da-rua-2017\/\" \/>\n<meta property=\"og:locale\" content=\"pt_BR\" \/>\n<meta property=\"og:type\" content=\"article\" \/>\n<meta property=\"og:title\" content=\"Via Sacra com o Povo da Rua 2017 - O Arcanjo no ar\" \/>\n<meta property=\"og:description\" content=\"SEXTA-FEIRA SANTA \u2013 PAIX\u00c3O E MORTE DE JESUS CRISTO&nbsp; &nbsp; &nbsp; &nbsp; Por &nbsp; &nbsp; &nbsp;Sarah Almeida &nbsp; &nbsp; &nbsp; &nbsp; &nbsp; &nbsp;&nbsp; Nesta sexta-feira Santa do ano de 2017, onde revivemos a Paix\u00e3o e Morte de Jesus, mais que recordar a sua Via Sacra, precisamos viv\u00ea-la.&nbsp;Como fazer? Podem perguntar&#8230; Mais do que chorar aos [&hellip;]\" \/>\n<meta property=\"og:url\" content=\"https:\/\/www.oarcanjo.net\/site\/via-sacra-com-o-povo-da-rua-2017\/\" \/>\n<meta property=\"og:site_name\" content=\"O Arcanjo no ar\" \/>\n<meta property=\"article:publisher\" content=\"https:\/\/www.facebook.com\/OArcanjoNoAr\/\" \/>\n<meta property=\"article:published_time\" content=\"2017-04-19T03:31:59+00:00\" \/>\n<meta property=\"article:modified_time\" content=\"2017-04-19T03:36:48+00:00\" \/>\n<meta property=\"og:image\" content=\"https:\/\/www.oarcanjo.net\/site\/wp-content\/uploads\/logo-o-arcanjo-no-ar-facebook.png\" \/>\n\t<meta property=\"og:image:width\" content=\"300\" \/>\n\t<meta property=\"og:image:height\" content=\"300\" \/>\n\t<meta property=\"og:image:type\" content=\"image\/png\" \/>\n<meta name=\"author\" content=\"carlos\" \/>\n<meta name=\"twitter:card\" content=\"summary_large_image\" \/>\n<meta name=\"twitter:label1\" content=\"Escrito por\" \/>\n\t<meta name=\"twitter:data1\" content=\"carlos\" \/>\n\t<meta name=\"twitter:label2\" content=\"Est. tempo de leitura\" \/>\n\t<meta name=\"twitter:data2\" content=\"3 minutos\" \/>\n<script type=\"application\/ld+json\" class=\"yoast-schema-graph\">{\"@context\":\"https:\/\/schema.org\",\"@graph\":[{\"@type\":\"Article\",\"@id\":\"https:\/\/www.oarcanjo.net\/site\/via-sacra-com-o-povo-da-rua-2017\/#article\",\"isPartOf\":{\"@id\":\"https:\/\/www.oarcanjo.net\/site\/via-sacra-com-o-povo-da-rua-2017\/\"},\"author\":{\"name\":\"carlos\",\"@id\":\"https:\/\/www.oarcanjo.net\/site\/#\/schema\/person\/f7870e710d8c8c30673de3a0ac2e451d\"},\"headline\":\"Via Sacra com o Povo da Rua 2017\",\"datePublished\":\"2017-04-19T03:31:59+00:00\",\"dateModified\":\"2017-04-19T03:36:48+00:00\",\"mainEntityOfPage\":{\"@id\":\"https:\/\/www.oarcanjo.net\/site\/via-sacra-com-o-povo-da-rua-2017\/\"},\"wordCount\":531,\"commentCount\":0,\"publisher\":{\"@id\":\"https:\/\/www.oarcanjo.net\/site\/#organization\"},\"articleSection\":[\"Rosto da comunidade\"],\"inLanguage\":\"pt-BR\",\"potentialAction\":[{\"@type\":\"CommentAction\",\"name\":\"Comment\",\"target\":[\"https:\/\/www.oarcanjo.net\/site\/via-sacra-com-o-povo-da-rua-2017\/#respond\"]}]},{\"@type\":\"WebPage\",\"@id\":\"https:\/\/www.oarcanjo.net\/site\/via-sacra-com-o-povo-da-rua-2017\/\",\"url\":\"https:\/\/www.oarcanjo.net\/site\/via-sacra-com-o-povo-da-rua-2017\/\",\"name\":\"Via Sacra com o Povo da Rua 2017 - O Arcanjo no ar\",\"isPartOf\":{\"@id\":\"https:\/\/www.oarcanjo.net\/site\/#website\"},\"datePublished\":\"2017-04-19T03:31:59+00:00\",\"dateModified\":\"2017-04-19T03:36:48+00:00\",\"breadcrumb\":{\"@id\":\"https:\/\/www.oarcanjo.net\/site\/via-sacra-com-o-povo-da-rua-2017\/#breadcrumb\"},\"inLanguage\":\"pt-BR\",\"potentialAction\":[{\"@type\":\"ReadAction\",\"target\":[\"https:\/\/www.oarcanjo.net\/site\/via-sacra-com-o-povo-da-rua-2017\/\"]}]},{\"@type\":\"BreadcrumbList\",\"@id\":\"https:\/\/www.oarcanjo.net\/site\/via-sacra-com-o-povo-da-rua-2017\/#breadcrumb\",\"itemListElement\":[{\"@type\":\"ListItem\",\"position\":1,\"name\":\"In\u00edcio\",\"item\":\"https:\/\/www.oarcanjo.net\/site\/\"},{\"@type\":\"ListItem\",\"position\":2,\"name\":\"Via Sacra com o Povo da Rua 2017\"}]},{\"@type\":\"WebSite\",\"@id\":\"https:\/\/www.oarcanjo.net\/site\/#website\",\"url\":\"https:\/\/www.oarcanjo.net\/site\/\",\"name\":\"O Arcanjo no ar\",\"description\":\"Site da Par\u00f3quia S\u00e3o Miguel Arcanjo (Arquidiocese de SP)\",\"publisher\":{\"@id\":\"https:\/\/www.oarcanjo.net\/site\/#organization\"},\"potentialAction\":[{\"@type\":\"SearchAction\",\"target\":{\"@type\":\"EntryPoint\",\"urlTemplate\":\"https:\/\/www.oarcanjo.net\/site\/?s={search_term_string}\"},\"query-input\":{\"@type\":\"PropertyValueSpecification\",\"valueRequired\":true,\"valueName\":\"search_term_string\"}}],\"inLanguage\":\"pt-BR\"},{\"@type\":\"Organization\",\"@id\":\"https:\/\/www.oarcanjo.net\/site\/#organization\",\"name\":\"Par\u00f3quia S\u00e3o Miguel Arcanjo\",\"url\":\"https:\/\/www.oarcanjo.net\/site\/\",\"logo\":{\"@type\":\"ImageObject\",\"inLanguage\":\"pt-BR\",\"@id\":\"https:\/\/www.oarcanjo.net\/site\/#\/schema\/logo\/image\/\",\"url\":\"https:\/\/www.oarcanjo.net\/site\/wp-content\/uploads\/LogoOArcanjo.png\",\"contentUrl\":\"https:\/\/www.oarcanjo.net\/site\/wp-content\/uploads\/LogoOArcanjo.png\",\"width\":319,\"height\":99,\"caption\":\"Par\u00f3quia S\u00e3o Miguel Arcanjo\"},\"image\":{\"@id\":\"https:\/\/www.oarcanjo.net\/site\/#\/schema\/logo\/image\/\"},\"sameAs\":[\"https:\/\/www.facebook.com\/OArcanjoNoAr\/\"]},{\"@type\":\"Person\",\"@id\":\"https:\/\/www.oarcanjo.net\/site\/#\/schema\/person\/f7870e710d8c8c30673de3a0ac2e451d\",\"name\":\"carlos\"}]}<\/script>\n<!-- \/ Yoast SEO plugin. -->","yoast_head_json":{"title":"Via Sacra com o Povo da Rua 2017 - O Arcanjo no ar","robots":{"index":"index","follow":"follow","max-snippet":"max-snippet:-1","max-image-preview":"max-image-preview:large","max-video-preview":"max-video-preview:-1"},"canonical":"https:\/\/www.oarcanjo.net\/site\/via-sacra-com-o-povo-da-rua-2017\/","og_locale":"pt_BR","og_type":"article","og_title":"Via Sacra com o Povo da Rua 2017 - O Arcanjo no ar","og_description":"SEXTA-FEIRA SANTA \u2013 PAIX\u00c3O E MORTE DE JESUS CRISTO&nbsp; &nbsp; &nbsp; &nbsp; Por &nbsp; &nbsp; &nbsp;Sarah Almeida &nbsp; &nbsp; &nbsp; &nbsp; &nbsp; &nbsp;&nbsp; Nesta sexta-feira Santa do ano de 2017, onde revivemos a Paix\u00e3o e Morte de Jesus, mais que recordar a sua Via Sacra, precisamos viv\u00ea-la.&nbsp;Como fazer? Podem perguntar&#8230; Mais do que chorar aos [&hellip;]","og_url":"https:\/\/www.oarcanjo.net\/site\/via-sacra-com-o-povo-da-rua-2017\/","og_site_name":"O Arcanjo no ar","article_publisher":"https:\/\/www.facebook.com\/OArcanjoNoAr\/","article_published_time":"2017-04-19T03:31:59+00:00","article_modified_time":"2017-04-19T03:36:48+00:00","og_image":[{"width":300,"height":300,"url":"https:\/\/www.oarcanjo.net\/site\/wp-content\/uploads\/logo-o-arcanjo-no-ar-facebook.png","type":"image\/png"}],"author":"carlos","twitter_card":"summary_large_image","twitter_misc":{"Escrito por":"carlos","Est. tempo de leitura":"3 minutos"},"schema":{"@context":"https:\/\/schema.org","@graph":[{"@type":"Article","@id":"https:\/\/www.oarcanjo.net\/site\/via-sacra-com-o-povo-da-rua-2017\/#article","isPartOf":{"@id":"https:\/\/www.oarcanjo.net\/site\/via-sacra-com-o-povo-da-rua-2017\/"},"author":{"name":"carlos","@id":"https:\/\/www.oarcanjo.net\/site\/#\/schema\/person\/f7870e710d8c8c30673de3a0ac2e451d"},"headline":"Via Sacra com o Povo da Rua 2017","datePublished":"2017-04-19T03:31:59+00:00","dateModified":"2017-04-19T03:36:48+00:00","mainEntityOfPage":{"@id":"https:\/\/www.oarcanjo.net\/site\/via-sacra-com-o-povo-da-rua-2017\/"},"wordCount":531,"commentCount":0,"publisher":{"@id":"https:\/\/www.oarcanjo.net\/site\/#organization"},"articleSection":["Rosto da comunidade"],"inLanguage":"pt-BR","potentialAction":[{"@type":"CommentAction","name":"Comment","target":["https:\/\/www.oarcanjo.net\/site\/via-sacra-com-o-povo-da-rua-2017\/#respond"]}]},{"@type":"WebPage","@id":"https:\/\/www.oarcanjo.net\/site\/via-sacra-com-o-povo-da-rua-2017\/","url":"https:\/\/www.oarcanjo.net\/site\/via-sacra-com-o-povo-da-rua-2017\/","name":"Via Sacra com o Povo da Rua 2017 - O Arcanjo no ar","isPartOf":{"@id":"https:\/\/www.oarcanjo.net\/site\/#website"},"datePublished":"2017-04-19T03:31:59+00:00","dateModified":"2017-04-19T03:36:48+00:00","breadcrumb":{"@id":"https:\/\/www.oarcanjo.net\/site\/via-sacra-com-o-povo-da-rua-2017\/#breadcrumb"},"inLanguage":"pt-BR","potentialAction":[{"@type":"ReadAction","target":["https:\/\/www.oarcanjo.net\/site\/via-sacra-com-o-povo-da-rua-2017\/"]}]},{"@type":"BreadcrumbList","@id":"https:\/\/www.oarcanjo.net\/site\/via-sacra-com-o-povo-da-rua-2017\/#breadcrumb","itemListElement":[{"@type":"ListItem","position":1,"name":"In\u00edcio","item":"https:\/\/www.oarcanjo.net\/site\/"},{"@type":"ListItem","position":2,"name":"Via Sacra com o Povo da Rua 2017"}]},{"@type":"WebSite","@id":"https:\/\/www.oarcanjo.net\/site\/#website","url":"https:\/\/www.oarcanjo.net\/site\/","name":"O Arcanjo no ar","description":"Site da Par\u00f3quia S\u00e3o Miguel Arcanjo (Arquidiocese de SP)","publisher":{"@id":"https:\/\/www.oarcanjo.net\/site\/#organization"},"potentialAction":[{"@type":"SearchAction","target":{"@type":"EntryPoint","urlTemplate":"https:\/\/www.oarcanjo.net\/site\/?s={search_term_string}"},"query-input":{"@type":"PropertyValueSpecification","valueRequired":true,"valueName":"search_term_string"}}],"inLanguage":"pt-BR"},{"@type":"Organization","@id":"https:\/\/www.oarcanjo.net\/site\/#organization","name":"Par\u00f3quia S\u00e3o Miguel Arcanjo","url":"https:\/\/www.oarcanjo.net\/site\/","logo":{"@type":"ImageObject","inLanguage":"pt-BR","@id":"https:\/\/www.oarcanjo.net\/site\/#\/schema\/logo\/image\/","url":"https:\/\/www.oarcanjo.net\/site\/wp-content\/uploads\/LogoOArcanjo.png","contentUrl":"https:\/\/www.oarcanjo.net\/site\/wp-content\/uploads\/LogoOArcanjo.png","width":319,"height":99,"caption":"Par\u00f3quia S\u00e3o Miguel Arcanjo"},"image":{"@id":"https:\/\/www.oarcanjo.net\/site\/#\/schema\/logo\/image\/"},"sameAs":["https:\/\/www.facebook.com\/OArcanjoNoAr\/"]},{"@type":"Person","@id":"https:\/\/www.oarcanjo.net\/site\/#\/schema\/person\/f7870e710d8c8c30673de3a0ac2e451d","name":"carlos"}]}},"publishpress_future_action":{"enabled":false,"date":"2026-05-09 10:25:13","action":"category","newStatus":"draft","terms":[],"taxonomy":"category"},"publishpress_future_workflow_manual_trigger":{"enabledWorkflows":[]},"_links":{"self":[{"href":"https:\/\/www.oarcanjo.net\/site\/wp-json\/wp\/v2\/posts\/80539"}],"collection":[{"href":"https:\/\/www.oarcanjo.net\/site\/wp-json\/wp\/v2\/posts"}],"about":[{"href":"https:\/\/www.oarcanjo.net\/site\/wp-json\/wp\/v2\/types\/post"}],"author":[{"embeddable":true,"href":"https:\/\/www.oarcanjo.net\/site\/wp-json\/wp\/v2\/users\/10"}],"replies":[{"embeddable":true,"href":"https:\/\/www.oarcanjo.net\/site\/wp-json\/wp\/v2\/comments?post=80539"}],"version-history":[{"count":0,"href":"https:\/\/www.oarcanjo.net\/site\/wp-json\/wp\/v2\/posts\/80539\/revisions"}],"wp:attachment":[{"href":"https:\/\/www.oarcanjo.net\/site\/wp-json\/wp\/v2\/media?parent=80539"}],"wp:term":[{"taxonomy":"category","embeddable":true,"href":"https:\/\/www.oarcanjo.net\/site\/wp-json\/wp\/v2\/categories?post=80539"},{"taxonomy":"post_tag","embeddable":true,"href":"https:\/\/www.oarcanjo.net\/site\/wp-json\/wp\/v2\/tags?post=80539"}],"curies":[{"name":"wp","href":"https:\/\/api.w.org\/{rel}","templated":true}]}}